{"id":29315,"date":"2018-10-27T21:55:06","date_gmt":"2018-10-27T19:55:06","guid":{"rendered":"https:\/\/www.ranciliogroup.com\/rancilio-group-will-be-at-the-zurich-trade-fair-for-ifas-2018\/"},"modified":"2022-03-08T11:57:12","modified_gmt":"2022-03-08T10:57:12","slug":"rancilio-group-will-be-at-the-zurich-trade-fair-for-ifas-2018","status":"publish","type":"post","link":"https:\/\/www.ranciliogroup.com\/de\/rancilio-group-will-be-at-the-zurich-trade-fair-for-ifas-2018\/","title":{"rendered":"Rancilio Group in Z\u00fcrich, auf der Messe IFAS 2018"},"content":{"rendered":"<h2><strong>IFAS 2018<\/strong><\/h2>\n<div class=\"Page_Class_FeatureBox_White_Text\">\n<p><strong><span class=\"fs18\">Mehr als 300 Aussteller treffen sich in der Schweiz, in der Zeit vom 23. bis 26. Oktober auf der, dem Gesundheitsmarkt gewidmeten Messe <\/span><\/strong><\/p>\n<div class=\"sep20H\"><\/div>\n<p><span class=\"fs14\">Die n\u00e4chste Veranstaltung der IFAS, die auf dem Z\u00fcricher Messegel\u00e4nde in der Zeit vom 23. bis 26. Oktober vorgesehen ist, wird die neuen Tendenzen des Gesundheitsmarkts und den Besuchern eine umfangreiche \u00dcbersicht \u00fcber die neuen Technologien, die den ganzen Sektor revolutionieren, vorstellen. Instrumentierungen, die entwickelt wurden, um die t\u00e4glichen Bed\u00fcrfnisse der Patienten und Pflegestrukturen, wie Rehabilitationscenter und Altersheime, zu erf\u00fcllen. Unter den, auf der IFASS vorgestellten L\u00f6sungen f\u00fcr das Gastgewerbe ist auch Platz f\u00fcr den Kaffee und Rancilio Group wird, zusammen mit dem Team von Egro Suisse AG, auf einem dedizierten Messestand, sowohl mit den superautomatischen Maschinen Egro als auch den traditionellen Kaffeemaschinen der Marke Rancilio mit dem Telemetriesystem CONNECT anwesend sein.<br \/>\nDas Universum der superautomatischen Maschinen wird Egro Next einen besonderen Platz reservieren, die Neuheit des Jahres, die in der Schweizer Forschungs- und Entwicklungsdivision entwickelt wurde. Leicht zu benutzen, dank der bedienerfreundlichen, auf dem Betriebssystem Android basierenden Touchscreen-Schnittstelle, garantiert Egro NEXT eine hohe Qualit\u00e4t in der Tasse bei jeder Art von Getr\u00e4nk, warm oder kalt, auf Kaffee-, Milch- oder Pulverbasis.<br \/>\nDie Besucher k\u00f6nnen auch andere Produkte aus dem Egro-Katalog (Zero, Zero+, One, Byo) und die traditionellen Kaffeemaschinen des Markenzeichens Rancilio entdecken. Verschiedene Produkte, die f\u00fcr jede Art von Location, f\u00fcr ein au\u00dferordentliches Kaffeeerlebnis f\u00fcr alle Kunden, entwickelt wurden.<br \/>\nF\u00fcr die gesamte Dauer der Messe wird der Milchchampion Pietro Vannelli die Seele der Rancilio Group-Bar sein und den Besuchern Kaffee und Cappuccino anbieten, die mit der traditionellen Kaffeemaschine Rancilio Klasse 11 USB, das Flaggschiff von Rancilio, zubereitet werden.<br \/>\nRancilio Group erwartet Sie in Z\u00fcrich, zur IFAS 2018 vom 23. bis 26. Oktober.<\/span><\/p>\n<p>Rancilio Group<br \/>\nIFAS 2018<br \/>\nHall 6 \u2013 Stand 176<\/p>\n<\/div>\n<div class=\"divClear\"><\/div>\n","protected":false},"excerpt":{"rendered":"<p>IFAS 2018 Mehr als 300 Aussteller treffen sich in der Schweiz, in der Zeit vom 23. bis 26. Oktober auf&#8230;<\/p>\n","protected":false},"author":2,"featured_media":29316,"comment_status":"closed","ping_status":"closed","sticky":false,"template":"","format":"standard","meta":[],"categories":[556],"tags":[],"acf":[],"yoast_head":"<!-- This site is optimized with the Yoast SEO plugin v21.5 - https:\/\/yoast.com\/wordpress\/plugins\/seo\/ -->\n<title>IFAS 2018 - Rancilio Group<\/title>\n<meta name=\"description\" content=\"Read Rancilio Group&#039;s latest news about Rancilio Group in Z\u00fcrich, auf der Messe IFAS 2018\" \/>\n<meta name=\"robots\" content=\"index, follow, max-snippet:-1, max-image-preview:large, max-video-preview:-1\" \/>\n<link rel=\"canonical\" href=\"https:\/\/www.ranciliogroup.com\/de\/rancilio-group-will-be-at-the-zurich-trade-fair-for-ifas-2018\/\" \/>\n<meta property=\"og:locale\" content=\"de_DE\" \/>\n<meta property=\"og:type\" content=\"article\" \/>\n<meta property=\"og:title\" content=\"IFAS 2018 - Rancilio Group\" \/>\n<meta property=\"og:description\" content=\"Read Rancilio Group&#039;s latest news about Rancilio Group in Z\u00fcrich, auf der Messe IFAS 2018\" \/>\n<meta property=\"og:url\" content=\"https:\/\/www.ranciliogroup.com\/de\/rancilio-group-will-be-at-the-zurich-trade-fair-for-ifas-2018\/\" \/>\n<meta property=\"og:site_name\" content=\"Rancilio Group\" \/>\n<meta property=\"article:publisher\" content=\"https:\/\/www.facebook.com\/RancilioGroup\" \/>\n<meta property=\"article:published_time\" content=\"2018-10-27T19:55:06+00:00\" \/>\n<meta property=\"article:modified_time\" content=\"2022-03-08T10:57:12+00:00\" \/>\n<meta property=\"og:image\" content=\"https:\/\/www.ranciliogroup.com\/app\/uploads\/2019\/10\/IFAS_mit-Quellenangabe1-1270x665.jpg\" \/>\n\t<meta property=\"og:image:width\" content=\"1270\" \/>\n\t<meta property=\"og:image:height\" content=\"665\" \/>\n\t<meta property=\"og:image:type\" content=\"image\/jpeg\" \/>\n<meta name=\"author\" content=\"Leo\" \/>\n<meta name=\"twitter:card\" content=\"summary_large_image\" \/>\n<meta name=\"twitter:creator\" content=\"@ranciliogroup\" \/>\n<meta name=\"twitter:site\" content=\"@ranciliogroup\" \/>\n<meta name=\"twitter:label1\" content=\"Written by\" \/>\n\t<meta name=\"twitter:data1\" content=\"Leo\" \/>\n\t<meta name=\"twitter:label2\" content=\"Est. reading time\" \/>\n\t<meta name=\"twitter:data2\" content=\"2 minutes\" \/>\n<script type=\"application\/ld+json\" class=\"yoast-schema-graph\">{\"@context\":\"https:\/\/schema.org\",\"@graph\":[{\"@type\":\"Article\",\"@id\":\"https:\/\/www.ranciliogroup.com\/de\/rancilio-group-will-be-at-the-zurich-trade-fair-for-ifas-2018\/#article\",\"isPartOf\":{\"@id\":\"https:\/\/www.ranciliogroup.com\/de\/rancilio-group-will-be-at-the-zurich-trade-fair-for-ifas-2018\/\"},\"author\":{\"name\":\"Leo\",\"@id\":\"https:\/\/www.ranciliogroup.com\/de\/#\/schema\/person\/308c9cc609c571bfb3f04639f7c48c0e\"},\"headline\":\"Rancilio Group in Z\u00fcrich, auf der Messe IFAS 2018\",\"datePublished\":\"2018-10-27T19:55:06+00:00\",\"dateModified\":\"2022-03-08T10:57:12+00:00\",\"mainEntityOfPage\":{\"@id\":\"https:\/\/www.ranciliogroup.com\/de\/rancilio-group-will-be-at-the-zurich-trade-fair-for-ifas-2018\/\"},\"wordCount\":309,\"publisher\":{\"@id\":\"https:\/\/www.ranciliogroup.com\/de\/#organization\"},\"articleSection\":[\"VERANSTALTUNGEN\"],\"inLanguage\":\"de-DE\"},{\"@type\":\"WebPage\",\"@id\":\"https:\/\/www.ranciliogroup.com\/de\/rancilio-group-will-be-at-the-zurich-trade-fair-for-ifas-2018\/\",\"url\":\"https:\/\/www.ranciliogroup.com\/de\/rancilio-group-will-be-at-the-zurich-trade-fair-for-ifas-2018\/\",\"name\":\"IFAS 2018 - Rancilio Group\",\"isPartOf\":{\"@id\":\"https:\/\/www.ranciliogroup.com\/de\/#website\"},\"datePublished\":\"2018-10-27T19:55:06+00:00\",\"dateModified\":\"2022-03-08T10:57:12+00:00\",\"description\":\"Read Rancilio Group's latest news about Rancilio Group in Z\u00fcrich, auf der Messe IFAS 2018\",\"breadcrumb\":{\"@id\":\"https:\/\/www.ranciliogroup.com\/de\/rancilio-group-will-be-at-the-zurich-trade-fair-for-ifas-2018\/#breadcrumb\"},\"inLanguage\":\"de-DE\",\"potentialAction\":[{\"@type\":\"ReadAction\",\"target\":[\"https:\/\/www.ranciliogroup.com\/de\/rancilio-group-will-be-at-the-zurich-trade-fair-for-ifas-2018\/\"]}]},{\"@type\":\"BreadcrumbList\",\"@id\":\"https:\/\/www.ranciliogroup.com\/de\/rancilio-group-will-be-at-the-zurich-trade-fair-for-ifas-2018\/#breadcrumb\",\"itemListElement\":[{\"@type\":\"ListItem\",\"position\":1,\"name\":\"Home\",\"item\":\"https:\/\/www.ranciliogroup.com\/de\/\"},{\"@type\":\"ListItem\",\"position\":2,\"name\":\"Rancilio Group in Z\u00fcrich, auf der Messe IFAS 2018\"}]},{\"@type\":\"WebSite\",\"@id\":\"https:\/\/www.ranciliogroup.com\/de\/#website\",\"url\":\"https:\/\/www.ranciliogroup.com\/de\/\",\"name\":\"Rancilio Group\",\"description\":\"Professionelle Kaffeemaschinen Leader\",\"publisher\":{\"@id\":\"https:\/\/www.ranciliogroup.com\/de\/#organization\"},\"potentialAction\":[{\"@type\":\"SearchAction\",\"target\":{\"@type\":\"EntryPoint\",\"urlTemplate\":\"https:\/\/www.ranciliogroup.com\/de\/?s={search_term_string}\"},\"query-input\":\"required name=search_term_string\"}],\"inLanguage\":\"de-DE\"},{\"@type\":\"Organization\",\"@id\":\"https:\/\/www.ranciliogroup.com\/de\/#organization\",\"name\":\"Rancilio Group\",\"url\":\"https:\/\/www.ranciliogroup.com\/de\/\",\"logo\":{\"@type\":\"ImageObject\",\"inLanguage\":\"de-DE\",\"@id\":\"https:\/\/www.ranciliogroup.com\/de\/#\/schema\/logo\/image\/\",\"url\":\"https:\/\/www.ranciliogroup.com\/app\/uploads\/2019\/07\/rancilio_black_logo.png\",\"contentUrl\":\"https:\/\/www.ranciliogroup.com\/app\/uploads\/2019\/07\/rancilio_black_logo.png\",\"width\":447,\"height\":57,\"caption\":\"Rancilio Group\"},\"image\":{\"@id\":\"https:\/\/www.ranciliogroup.com\/de\/#\/schema\/logo\/image\/\"},\"sameAs\":[\"https:\/\/www.facebook.com\/RancilioGroup\",\"https:\/\/twitter.com\/ranciliogroup\",\"https:\/\/www.instagram.com\/rancilio_official\/\",\"https:\/\/www.linkedin.com\/company\/ranciliogroup\/\",\"https:\/\/www.youtube.com\/user\/rancilioadmin\"]},{\"@type\":\"Person\",\"@id\":\"https:\/\/www.ranciliogroup.com\/de\/#\/schema\/person\/308c9cc609c571bfb3f04639f7c48c0e\",\"name\":\"Leo\",\"image\":{\"@type\":\"ImageObject\",\"inLanguage\":\"de-DE\",\"@id\":\"https:\/\/www.ranciliogroup.com\/de\/#\/schema\/person\/image\/\",\"url\":\"https:\/\/secure.gravatar.com\/avatar\/be661210d2340629d38fdb4e71a1488b?s=96&d=mm&r=g\",\"contentUrl\":\"https:\/\/secure.gravatar.com\/avatar\/be661210d2340629d38fdb4e71a1488b?s=96&d=mm&r=g\",\"caption\":\"Leo\"}}]}<\/script>\n<!-- \/ Yoast SEO plugin. -->","yoast_head_json":{"title":"IFAS 2018 - Rancilio Group","description":"Read Rancilio Group's latest news about Rancilio Group in Z\u00fcrich, auf der Messe IFAS 2018","robots":{"index":"index","follow":"follow","max-snippet":"max-snippet:-1","max-image-preview":"max-image-preview:large","max-video-preview":"max-video-preview:-1"},"canonical":"https:\/\/www.ranciliogroup.com\/de\/rancilio-group-will-be-at-the-zurich-trade-fair-for-ifas-2018\/","og_locale":"de_DE","og_type":"article","og_title":"IFAS 2018 - Rancilio Group","og_description":"Read Rancilio Group's latest news about Rancilio Group in Z\u00fcrich, auf der Messe IFAS 2018","og_url":"https:\/\/www.ranciliogroup.com\/de\/rancilio-group-will-be-at-the-zurich-trade-fair-for-ifas-2018\/","og_site_name":"Rancilio Group","article_publisher":"https:\/\/www.facebook.com\/RancilioGroup","article_published_time":"2018-10-27T19:55:06+00:00","article_modified_time":"2022-03-08T10:57:12+00:00","og_image":[{"width":1270,"height":665,"url":"https:\/\/www.ranciliogroup.com\/app\/uploads\/2019\/10\/IFAS_mit-Quellenangabe1-1270x665.jpg","type":"image\/jpeg"}],"author":"Leo","twitter_card":"summary_large_image","twitter_creator":"@ranciliogroup","twitter_site":"@ranciliogroup","twitter_misc":{"Written by":"Leo","Est. reading time":"2 minutes"},"schema":{"@context":"https:\/\/schema.org","@graph":[{"@type":"Article","@id":"https:\/\/www.ranciliogroup.com\/de\/rancilio-group-will-be-at-the-zurich-trade-fair-for-ifas-2018\/#article","isPartOf":{"@id":"https:\/\/www.ranciliogroup.com\/de\/rancilio-group-will-be-at-the-zurich-trade-fair-for-ifas-2018\/"},"author":{"name":"Leo","@id":"https:\/\/www.ranciliogroup.com\/de\/#\/schema\/person\/308c9cc609c571bfb3f04639f7c48c0e"},"headline":"Rancilio Group in Z\u00fcrich, auf der Messe IFAS 2018","datePublished":"2018-10-27T19:55:06+00:00","dateModified":"2022-03-08T10:57:12+00:00","mainEntityOfPage":{"@id":"https:\/\/www.ranciliogroup.com\/de\/rancilio-group-will-be-at-the-zurich-trade-fair-for-ifas-2018\/"},"wordCount":309,"publisher":{"@id":"https:\/\/www.ranciliogroup.com\/de\/#organization"},"articleSection":["VERANSTALTUNGEN"],"inLanguage":"de-DE"},{"@type":"WebPage","@id":"https:\/\/www.ranciliogroup.com\/de\/rancilio-group-will-be-at-the-zurich-trade-fair-for-ifas-2018\/","url":"https:\/\/www.ranciliogroup.com\/de\/rancilio-group-will-be-at-the-zurich-trade-fair-for-ifas-2018\/","name":"IFAS 2018 - Rancilio Group","isPartOf":{"@id":"https:\/\/www.ranciliogroup.com\/de\/#website"},"datePublished":"2018-10-27T19:55:06+00:00","dateModified":"2022-03-08T10:57:12+00:00","description":"Read Rancilio Group's latest news about Rancilio Group in Z\u00fcrich, auf der Messe IFAS 2018","breadcrumb":{"@id":"https:\/\/www.ranciliogroup.com\/de\/rancilio-group-will-be-at-the-zurich-trade-fair-for-ifas-2018\/#breadcrumb"},"inLanguage":"de-DE","potentialAction":[{"@type":"ReadAction","target":["https:\/\/www.ranciliogroup.com\/de\/rancilio-group-will-be-at-the-zurich-trade-fair-for-ifas-2018\/"]}]},{"@type":"BreadcrumbList","@id":"https:\/\/www.ranciliogroup.com\/de\/rancilio-group-will-be-at-the-zurich-trade-fair-for-ifas-2018\/#breadcrumb","itemListElement":[{"@type":"ListItem","position":1,"name":"Home","item":"https:\/\/www.ranciliogroup.com\/de\/"},{"@type":"ListItem","position":2,"name":"Rancilio Group in Z\u00fcrich, auf der Messe IFAS 2018"}]},{"@type":"WebSite","@id":"https:\/\/www.ranciliogroup.com\/de\/#website","url":"https:\/\/www.ranciliogroup.com\/de\/","name":"Rancilio Group","description":"Professionelle Kaffeemaschinen Leader","publisher":{"@id":"https:\/\/www.ranciliogroup.com\/de\/#organization"},"potentialAction":[{"@type":"SearchAction","target":{"@type":"EntryPoint","urlTemplate":"https:\/\/www.ranciliogroup.com\/de\/?s={search_term_string}"},"query-input":"required name=search_term_string"}],"inLanguage":"de-DE"},{"@type":"Organization","@id":"https:\/\/www.ranciliogroup.com\/de\/#organization","name":"Rancilio Group","url":"https:\/\/www.ranciliogroup.com\/de\/","logo":{"@type":"ImageObject","inLanguage":"de-DE","@id":"https:\/\/www.ranciliogroup.com\/de\/#\/schema\/logo\/image\/","url":"https:\/\/www.ranciliogroup.com\/app\/uploads\/2019\/07\/rancilio_black_logo.png","contentUrl":"https:\/\/www.ranciliogroup.com\/app\/uploads\/2019\/07\/rancilio_black_logo.png","width":447,"height":57,"caption":"Rancilio Group"},"image":{"@id":"https:\/\/www.ranciliogroup.com\/de\/#\/schema\/logo\/image\/"},"sameAs":["https:\/\/www.facebook.com\/RancilioGroup","https:\/\/twitter.com\/ranciliogroup","https:\/\/www.instagram.com\/rancilio_official\/","https:\/\/www.linkedin.com\/company\/ranciliogroup\/","https:\/\/www.youtube.com\/user\/rancilioadmin"]},{"@type":"Person","@id":"https:\/\/www.ranciliogroup.com\/de\/#\/schema\/person\/308c9cc609c571bfb3f04639f7c48c0e","name":"Leo","image":{"@type":"ImageObject","inLanguage":"de-DE","@id":"https:\/\/www.ranciliogroup.com\/de\/#\/schema\/person\/image\/","url":"https:\/\/secure.gravatar.com\/avatar\/be661210d2340629d38fdb4e71a1488b?s=96&d=mm&r=g","contentUrl":"https:\/\/secure.gravatar.com\/avatar\/be661210d2340629d38fdb4e71a1488b?s=96&d=mm&r=g","caption":"Leo"}}]}},"_links":{"self":[{"href":"https:\/\/www.ranciliogroup.com\/de\/wp-json\/wp\/v2\/posts\/29315"}],"collection":[{"href":"https:\/\/www.ranciliogroup.com\/de\/wp-json\/wp\/v2\/posts"}],"about":[{"href":"https:\/\/www.ranciliogroup.com\/de\/wp-json\/wp\/v2\/types\/post"}],"author":[{"embeddable":true,"href":"https:\/\/www.ranciliogroup.com\/de\/wp-json\/wp\/v2\/users\/2"}],"replies":[{"embeddable":true,"href":"https:\/\/www.ranciliogroup.com\/de\/wp-json\/wp\/v2\/comments?post=29315"}],"version-history":[{"count":3,"href":"https:\/\/www.ranciliogroup.com\/de\/wp-json\/wp\/v2\/posts\/29315\/revisions"}],"predecessor-version":[{"id":29330,"href":"https:\/\/www.ranciliogroup.com\/de\/wp-json\/wp\/v2\/posts\/29315\/revisions\/29330"}],"wp:featuredmedia":[{"embeddable":true,"href":"https:\/\/www.ranciliogroup.com\/de\/wp-json\/wp\/v2\/media\/29316"}],"wp:attachment":[{"href":"https:\/\/www.ranciliogroup.com\/de\/wp-json\/wp\/v2\/media?parent=29315"}],"wp:term":[{"taxonomy":"category","embeddable":true,"href":"https:\/\/www.ranciliogroup.com\/de\/wp-json\/wp\/v2\/categories?post=29315"},{"taxonomy":"post_tag","embeddable":true,"href":"https:\/\/www.ranciliogroup.com\/de\/wp-json\/wp\/v2\/tags?post=29315"}],"curies":[{"name":"wp","href":"https:\/\/api.w.org\/{rel}","templated":true}]}}