{"id":30179,"date":"2019-08-27T22:56:34","date_gmt":"2019-08-27T20:56:34","guid":{"rendered":"https:\/\/www.ranciliogroup.com\/rancilio-group-makes-its-debut-at-the-european-coffee-tea-soft-drink-expo\/"},"modified":"2022-03-09T14:38:43","modified_gmt":"2022-03-09T13:38:43","slug":"rancilio-group-makes-its-debut-at-the-european-coffee-tea-soft-drink-expo","status":"publish","type":"post","link":"https:\/\/www.ranciliogroup.com\/de\/rancilio-group-makes-its-debut-at-the-european-coffee-tea-soft-drink-expo\/","title":{"rendered":"Rancilio Group deb\u00fctiert auf der European Coffee, Tea &#038; Soft Drink EXPO"},"content":{"rendered":"<p><strong><span class=\"fs18\">Treffpunkt im Olympia in London, vom 21. zum 22. Mai um die neue Egro Zero+ Quick-Milk PRO zu entdecken <\/span><\/strong><\/p>\n<div class=\"sep20H\"><\/div>\n<p><span class=\"fs14\">Rancilio Group wird einer der Aussteller der n\u00e4chsten Veranstaltung der European Coffee, Tea &#038; Soft Drink EXPO, die im Olympia in London in der Zeit vom 21. zum 22. Mai stattfinden wird, sein. Heute betrifft es den Kaffee, aber diese Location, ein Symbol der englischen Hauptstadt, hat \u2013 w\u00e4hrend mehr als 130 Jahren T\u00e4tigkeit \u2013 zahlreichen internationalen Messen, Konzerten von Jimi Hendrix, Pink Floyd, Cure, einer Modeschau von Vivienne Westwood und dem 1. Pfadfinder-Jamboree der Welt Gastfreundschaft gew\u00e4hrt. Sicher hat der Charme dieser Location zum Erfolg der ersten Veranstaltung der European Coffee EXPO beigetragen.  2018 konnte sie Tausende von Besuchern, darunter Key player und Buyer des Sektors, z\u00e4hlen. Es war nicht leicht eine weitere, gro\u00dfe Show des Kaffees zu organisieren und dadurch den bereits reichen Kalender der Messen zu erweitern, aber den Organisatoren ist dies gelungen. European Coffee Expo stellt sich in diesem Jahr als eine Businessplattform der ersten Klasse f\u00fcr die Professionisten des Sektors vor. Unter den Protagonisten werden auch die besten Barfrauen\/-M\u00e4nner Europas anwesend sein:  Agnieszka Rojewska, Dale Harris, Dan Fellows und viele andere. Au\u00dfer Rancilio Classe 11 Xcelsius, die Spitze der Palette der traditionellen Kaffeemaschine, wird der Messestand der Rancilio Group ein bedeutendes Schaufenster f\u00fcr die Ego-Produkte sein, die sich in verschiedenen Konfigurationen, mit personalisierten L\u00f6sungen f\u00fcr Alle, von den gro\u00dfen Ketten bis hin zum kleinen Coffee Shop, vorstellen werden. <\/p>\n<p>Es werden drei verschiedene Versionen der superautomatischen Modelle Egro \u2013 Next, Zero+, One \u2013 mit einer wichtigen Neuheit vorgestellt: Das innovative Milchsystem von Egro Zero+ Quick-Milk PRO,  das f\u00fcr alle Locations mit einem mittleren Tagesverbrauch von Getr\u00e4nken auf Milchbasis entwickelt wurde. Mit dieser L\u00f6sung k\u00f6nnen die Kunden alle Parameter der Milch einstellen und jedes Getr\u00e4nk des Men\u00fcs personalisieren. Man kann die Milchtemperatur, die Konsistenz der Creme und die verschiedenen Grade des Aufschlagens der Milch pr\u00e4zise steuern. Egro Zero+ Quick-Milk PRO kann auf hohem Niveau mit der Milch arbeiten, genauso wie dies ein Barmann mit Erfahrung machen w\u00fcrde. Dabei darf man aber nicht vergessen, dass sie einen Kaffee von Qualit\u00e4t, wie der, der mit einer traditionellen Kaffeemaschine zubereitet wird, bietet. Die Vorstellung der neuen Egro Zero+ Quick-Milk PRO auf der n\u00e4chsten European Coffee, Tea &#038; Soft Drink EXPO wird eine absolute Premiere f\u00fcr den UK-Markt sein. <\/span><\/p>\n<p>Entdecken Sie \u00a0<a href=\"https:\/\/www.ranciliogroup.com\/fr\/egro\/zero\/pure-coffee\/\" target=\"_blank\" rel=\"noopener noreferrer\">Egro Zero+<\/a><\/p>\n<p><span class=\"kb_medium\">European Coffee, Tea &amp; Soft Drink EXPO<\/span><br \/>\n<span class=\"kb_medium\">21-22 May 2019<\/span><br \/>\n<span class=\"kb_medium\">Olympia London<\/span><br \/>\n<span class=\"kb_medium\">Stand B12<\/span><\/p>\n","protected":false},"excerpt":{"rendered":"<p>Treffpunkt im Olympia in London, vom 21. zum 22. Mai um die neue Egro Zero+ Quick-Milk PRO zu entdecken Rancilio&#8230;<\/p>\n","protected":false},"author":2,"featured_media":30180,"comment_status":"closed","ping_status":"closed","sticky":false,"template":"","format":"standard","meta":[],"categories":[556],"tags":[],"acf":[],"yoast_head":"<!-- This site is optimized with the Yoast SEO plugin v21.5 - https:\/\/yoast.com\/wordpress\/plugins\/seo\/ -->\n<title>London Olympia - Rancilio Group<\/title>\n<meta name=\"description\" content=\"Read Rancilio Group&#039;s latest news about Rancilio Group deb\u00fctiert auf der European Coffee, Tea &amp; Soft Drink EXPO\" \/>\n<meta name=\"robots\" content=\"index, follow, max-snippet:-1, max-image-preview:large, max-video-preview:-1\" \/>\n<link rel=\"canonical\" href=\"https:\/\/www.ranciliogroup.com\/de\/rancilio-group-makes-its-debut-at-the-european-coffee-tea-soft-drink-expo\/\" \/>\n<meta property=\"og:locale\" content=\"de_DE\" \/>\n<meta property=\"og:type\" content=\"article\" \/>\n<meta property=\"og:title\" content=\"London Olympia - Rancilio Group\" \/>\n<meta property=\"og:description\" content=\"Read Rancilio Group&#039;s latest news about Rancilio Group deb\u00fctiert auf der European Coffee, Tea &amp; Soft Drink EXPO\" \/>\n<meta property=\"og:url\" content=\"https:\/\/www.ranciliogroup.com\/de\/rancilio-group-makes-its-debut-at-the-european-coffee-tea-soft-drink-expo\/\" \/>\n<meta property=\"og:site_name\" content=\"Rancilio Group\" \/>\n<meta property=\"article:publisher\" content=\"https:\/\/www.facebook.com\/RancilioGroup\" \/>\n<meta property=\"article:published_time\" content=\"2019-08-27T20:56:34+00:00\" \/>\n<meta property=\"article:modified_time\" content=\"2022-03-09T13:38:43+00:00\" \/>\n<meta property=\"og:image\" content=\"https:\/\/www.ranciliogroup.com\/app\/uploads\/2019\/10\/ECE-2019-Coffee-Tea-Soft-Drinks.jpg\" \/>\n\t<meta property=\"og:image:width\" content=\"760\" \/>\n\t<meta property=\"og:image:height\" content=\"1024\" \/>\n\t<meta property=\"og:image:type\" content=\"image\/jpeg\" \/>\n<meta name=\"author\" content=\"Leo\" \/>\n<meta name=\"twitter:card\" content=\"summary_large_image\" \/>\n<meta name=\"twitter:creator\" content=\"@ranciliogroup\" \/>\n<meta name=\"twitter:site\" content=\"@ranciliogroup\" \/>\n<meta name=\"twitter:label1\" content=\"Written by\" \/>\n\t<meta name=\"twitter:data1\" content=\"Leo\" \/>\n\t<meta name=\"twitter:label2\" content=\"Est. reading time\" \/>\n\t<meta name=\"twitter:data2\" content=\"2 minutes\" \/>\n<script type=\"application\/ld+json\" class=\"yoast-schema-graph\">{\"@context\":\"https:\/\/schema.org\",\"@graph\":[{\"@type\":\"Article\",\"@id\":\"https:\/\/www.ranciliogroup.com\/de\/rancilio-group-makes-its-debut-at-the-european-coffee-tea-soft-drink-expo\/#article\",\"isPartOf\":{\"@id\":\"https:\/\/www.ranciliogroup.com\/de\/rancilio-group-makes-its-debut-at-the-european-coffee-tea-soft-drink-expo\/\"},\"author\":{\"name\":\"Leo\",\"@id\":\"https:\/\/www.ranciliogroup.com\/de\/#\/schema\/person\/308c9cc609c571bfb3f04639f7c48c0e\"},\"headline\":\"Rancilio Group deb\u00fctiert auf der European Coffee, Tea &#038; Soft Drink EXPO\",\"datePublished\":\"2019-08-27T20:56:34+00:00\",\"dateModified\":\"2022-03-09T13:38:43+00:00\",\"mainEntityOfPage\":{\"@id\":\"https:\/\/www.ranciliogroup.com\/de\/rancilio-group-makes-its-debut-at-the-european-coffee-tea-soft-drink-expo\/\"},\"wordCount\":427,\"publisher\":{\"@id\":\"https:\/\/www.ranciliogroup.com\/de\/#organization\"},\"articleSection\":[\"VERANSTALTUNGEN\"],\"inLanguage\":\"de-DE\"},{\"@type\":\"WebPage\",\"@id\":\"https:\/\/www.ranciliogroup.com\/de\/rancilio-group-makes-its-debut-at-the-european-coffee-tea-soft-drink-expo\/\",\"url\":\"https:\/\/www.ranciliogroup.com\/de\/rancilio-group-makes-its-debut-at-the-european-coffee-tea-soft-drink-expo\/\",\"name\":\"London Olympia - Rancilio Group\",\"isPartOf\":{\"@id\":\"https:\/\/www.ranciliogroup.com\/de\/#website\"},\"datePublished\":\"2019-08-27T20:56:34+00:00\",\"dateModified\":\"2022-03-09T13:38:43+00:00\",\"description\":\"Read Rancilio Group's latest news about Rancilio Group deb\u00fctiert auf der European Coffee, Tea & Soft Drink EXPO\",\"breadcrumb\":{\"@id\":\"https:\/\/www.ranciliogroup.com\/de\/rancilio-group-makes-its-debut-at-the-european-coffee-tea-soft-drink-expo\/#breadcrumb\"},\"inLanguage\":\"de-DE\",\"potentialAction\":[{\"@type\":\"ReadAction\",\"target\":[\"https:\/\/www.ranciliogroup.com\/de\/rancilio-group-makes-its-debut-at-the-european-coffee-tea-soft-drink-expo\/\"]}]},{\"@type\":\"BreadcrumbList\",\"@id\":\"https:\/\/www.ranciliogroup.com\/de\/rancilio-group-makes-its-debut-at-the-european-coffee-tea-soft-drink-expo\/#breadcrumb\",\"itemListElement\":[{\"@type\":\"ListItem\",\"position\":1,\"name\":\"Home\",\"item\":\"https:\/\/www.ranciliogroup.com\/de\/\"},{\"@type\":\"ListItem\",\"position\":2,\"name\":\"Rancilio Group deb\u00fctiert auf der European Coffee, Tea &#038; Soft Drink EXPO\"}]},{\"@type\":\"WebSite\",\"@id\":\"https:\/\/www.ranciliogroup.com\/de\/#website\",\"url\":\"https:\/\/www.ranciliogroup.com\/de\/\",\"name\":\"Rancilio Group\",\"description\":\"Professionelle Kaffeemaschinen Leader\",\"publisher\":{\"@id\":\"https:\/\/www.ranciliogroup.com\/de\/#organization\"},\"potentialAction\":[{\"@type\":\"SearchAction\",\"target\":{\"@type\":\"EntryPoint\",\"urlTemplate\":\"https:\/\/www.ranciliogroup.com\/de\/?s={search_term_string}\"},\"query-input\":\"required name=search_term_string\"}],\"inLanguage\":\"de-DE\"},{\"@type\":\"Organization\",\"@id\":\"https:\/\/www.ranciliogroup.com\/de\/#organization\",\"name\":\"Rancilio Group\",\"url\":\"https:\/\/www.ranciliogroup.com\/de\/\",\"logo\":{\"@type\":\"ImageObject\",\"inLanguage\":\"de-DE\",\"@id\":\"https:\/\/www.ranciliogroup.com\/de\/#\/schema\/logo\/image\/\",\"url\":\"https:\/\/www.ranciliogroup.com\/app\/uploads\/2019\/07\/rancilio_black_logo.png\",\"contentUrl\":\"https:\/\/www.ranciliogroup.com\/app\/uploads\/2019\/07\/rancilio_black_logo.png\",\"width\":447,\"height\":57,\"caption\":\"Rancilio Group\"},\"image\":{\"@id\":\"https:\/\/www.ranciliogroup.com\/de\/#\/schema\/logo\/image\/\"},\"sameAs\":[\"https:\/\/www.facebook.com\/RancilioGroup\",\"https:\/\/twitter.com\/ranciliogroup\",\"https:\/\/www.instagram.com\/rancilio_official\/\",\"https:\/\/www.linkedin.com\/company\/ranciliogroup\/\",\"https:\/\/www.youtube.com\/user\/rancilioadmin\"]},{\"@type\":\"Person\",\"@id\":\"https:\/\/www.ranciliogroup.com\/de\/#\/schema\/person\/308c9cc609c571bfb3f04639f7c48c0e\",\"name\":\"Leo\",\"image\":{\"@type\":\"ImageObject\",\"inLanguage\":\"de-DE\",\"@id\":\"https:\/\/www.ranciliogroup.com\/de\/#\/schema\/person\/image\/\",\"url\":\"https:\/\/secure.gravatar.com\/avatar\/be661210d2340629d38fdb4e71a1488b?s=96&d=mm&r=g\",\"contentUrl\":\"https:\/\/secure.gravatar.com\/avatar\/be661210d2340629d38fdb4e71a1488b?s=96&d=mm&r=g\",\"caption\":\"Leo\"}}]}<\/script>\n<!-- \/ Yoast SEO plugin. -->","yoast_head_json":{"title":"London Olympia - Rancilio Group","description":"Read Rancilio Group's latest news about Rancilio Group deb\u00fctiert auf der European Coffee, Tea & Soft Drink EXPO","robots":{"index":"index","follow":"follow","max-snippet":"max-snippet:-1","max-image-preview":"max-image-preview:large","max-video-preview":"max-video-preview:-1"},"canonical":"https:\/\/www.ranciliogroup.com\/de\/rancilio-group-makes-its-debut-at-the-european-coffee-tea-soft-drink-expo\/","og_locale":"de_DE","og_type":"article","og_title":"London Olympia - Rancilio Group","og_description":"Read Rancilio Group's latest news about Rancilio Group deb\u00fctiert auf der European Coffee, Tea & Soft Drink EXPO","og_url":"https:\/\/www.ranciliogroup.com\/de\/rancilio-group-makes-its-debut-at-the-european-coffee-tea-soft-drink-expo\/","og_site_name":"Rancilio Group","article_publisher":"https:\/\/www.facebook.com\/RancilioGroup","article_published_time":"2019-08-27T20:56:34+00:00","article_modified_time":"2022-03-09T13:38:43+00:00","og_image":[{"width":760,"height":1024,"url":"https:\/\/www.ranciliogroup.com\/app\/uploads\/2019\/10\/ECE-2019-Coffee-Tea-Soft-Drinks.jpg","type":"image\/jpeg"}],"author":"Leo","twitter_card":"summary_large_image","twitter_creator":"@ranciliogroup","twitter_site":"@ranciliogroup","twitter_misc":{"Written by":"Leo","Est. reading time":"2 minutes"},"schema":{"@context":"https:\/\/schema.org","@graph":[{"@type":"Article","@id":"https:\/\/www.ranciliogroup.com\/de\/rancilio-group-makes-its-debut-at-the-european-coffee-tea-soft-drink-expo\/#article","isPartOf":{"@id":"https:\/\/www.ranciliogroup.com\/de\/rancilio-group-makes-its-debut-at-the-european-coffee-tea-soft-drink-expo\/"},"author":{"name":"Leo","@id":"https:\/\/www.ranciliogroup.com\/de\/#\/schema\/person\/308c9cc609c571bfb3f04639f7c48c0e"},"headline":"Rancilio Group deb\u00fctiert auf der European Coffee, Tea &#038; Soft Drink EXPO","datePublished":"2019-08-27T20:56:34+00:00","dateModified":"2022-03-09T13:38:43+00:00","mainEntityOfPage":{"@id":"https:\/\/www.ranciliogroup.com\/de\/rancilio-group-makes-its-debut-at-the-european-coffee-tea-soft-drink-expo\/"},"wordCount":427,"publisher":{"@id":"https:\/\/www.ranciliogroup.com\/de\/#organization"},"articleSection":["VERANSTALTUNGEN"],"inLanguage":"de-DE"},{"@type":"WebPage","@id":"https:\/\/www.ranciliogroup.com\/de\/rancilio-group-makes-its-debut-at-the-european-coffee-tea-soft-drink-expo\/","url":"https:\/\/www.ranciliogroup.com\/de\/rancilio-group-makes-its-debut-at-the-european-coffee-tea-soft-drink-expo\/","name":"London Olympia - Rancilio Group","isPartOf":{"@id":"https:\/\/www.ranciliogroup.com\/de\/#website"},"datePublished":"2019-08-27T20:56:34+00:00","dateModified":"2022-03-09T13:38:43+00:00","description":"Read Rancilio Group's latest news about Rancilio Group deb\u00fctiert auf der European Coffee, Tea & Soft Drink EXPO","breadcrumb":{"@id":"https:\/\/www.ranciliogroup.com\/de\/rancilio-group-makes-its-debut-at-the-european-coffee-tea-soft-drink-expo\/#breadcrumb"},"inLanguage":"de-DE","potentialAction":[{"@type":"ReadAction","target":["https:\/\/www.ranciliogroup.com\/de\/rancilio-group-makes-its-debut-at-the-european-coffee-tea-soft-drink-expo\/"]}]},{"@type":"BreadcrumbList","@id":"https:\/\/www.ranciliogroup.com\/de\/rancilio-group-makes-its-debut-at-the-european-coffee-tea-soft-drink-expo\/#breadcrumb","itemListElement":[{"@type":"ListItem","position":1,"name":"Home","item":"https:\/\/www.ranciliogroup.com\/de\/"},{"@type":"ListItem","position":2,"name":"Rancilio Group deb\u00fctiert auf der European Coffee, Tea &#038; Soft Drink EXPO"}]},{"@type":"WebSite","@id":"https:\/\/www.ranciliogroup.com\/de\/#website","url":"https:\/\/www.ranciliogroup.com\/de\/","name":"Rancilio Group","description":"Professionelle Kaffeemaschinen Leader","publisher":{"@id":"https:\/\/www.ranciliogroup.com\/de\/#organization"},"potentialAction":[{"@type":"SearchAction","target":{"@type":"EntryPoint","urlTemplate":"https:\/\/www.ranciliogroup.com\/de\/?s={search_term_string}"},"query-input":"required name=search_term_string"}],"inLanguage":"de-DE"},{"@type":"Organization","@id":"https:\/\/www.ranciliogroup.com\/de\/#organization","name":"Rancilio Group","url":"https:\/\/www.ranciliogroup.com\/de\/","logo":{"@type":"ImageObject","inLanguage":"de-DE","@id":"https:\/\/www.ranciliogroup.com\/de\/#\/schema\/logo\/image\/","url":"https:\/\/www.ranciliogroup.com\/app\/uploads\/2019\/07\/rancilio_black_logo.png","contentUrl":"https:\/\/www.ranciliogroup.com\/app\/uploads\/2019\/07\/rancilio_black_logo.png","width":447,"height":57,"caption":"Rancilio Group"},"image":{"@id":"https:\/\/www.ranciliogroup.com\/de\/#\/schema\/logo\/image\/"},"sameAs":["https:\/\/www.facebook.com\/RancilioGroup","https:\/\/twitter.com\/ranciliogroup","https:\/\/www.instagram.com\/rancilio_official\/","https:\/\/www.linkedin.com\/company\/ranciliogroup\/","https:\/\/www.youtube.com\/user\/rancilioadmin"]},{"@type":"Person","@id":"https:\/\/www.ranciliogroup.com\/de\/#\/schema\/person\/308c9cc609c571bfb3f04639f7c48c0e","name":"Leo","image":{"@type":"ImageObject","inLanguage":"de-DE","@id":"https:\/\/www.ranciliogroup.com\/de\/#\/schema\/person\/image\/","url":"https:\/\/secure.gravatar.com\/avatar\/be661210d2340629d38fdb4e71a1488b?s=96&d=mm&r=g","contentUrl":"https:\/\/secure.gravatar.com\/avatar\/be661210d2340629d38fdb4e71a1488b?s=96&d=mm&r=g","caption":"Leo"}}]}},"_links":{"self":[{"href":"https:\/\/www.ranciliogroup.com\/de\/wp-json\/wp\/v2\/posts\/30179"}],"collection":[{"href":"https:\/\/www.ranciliogroup.com\/de\/wp-json\/wp\/v2\/posts"}],"about":[{"href":"https:\/\/www.ranciliogroup.com\/de\/wp-json\/wp\/v2\/types\/post"}],"author":[{"embeddable":true,"href":"https:\/\/www.ranciliogroup.com\/de\/wp-json\/wp\/v2\/users\/2"}],"replies":[{"embeddable":true,"href":"https:\/\/www.ranciliogroup.com\/de\/wp-json\/wp\/v2\/comments?post=30179"}],"version-history":[{"count":2,"href":"https:\/\/www.ranciliogroup.com\/de\/wp-json\/wp\/v2\/posts\/30179\/revisions"}],"predecessor-version":[{"id":30192,"href":"https:\/\/www.ranciliogroup.com\/de\/wp-json\/wp\/v2\/posts\/30179\/revisions\/30192"}],"wp:featuredmedia":[{"embeddable":true,"href":"https:\/\/www.ranciliogroup.com\/de\/wp-json\/wp\/v2\/media\/30180"}],"wp:attachment":[{"href":"https:\/\/www.ranciliogroup.com\/de\/wp-json\/wp\/v2\/media?parent=30179"}],"wp:term":[{"taxonomy":"category","embeddable":true,"href":"https:\/\/www.ranciliogroup.com\/de\/wp-json\/wp\/v2\/categories?post=30179"},{"taxonomy":"post_tag","embeddable":true,"href":"https:\/\/www.ranciliogroup.com\/de\/wp-json\/wp\/v2\/tags?post=30179"}],"curies":[{"name":"wp","href":"https:\/\/api.w.org\/{rel}","templated":true}]}}