{"id":32899,"date":"2022-03-17T14:06:53","date_gmt":"2022-03-17T13:06:53","guid":{"rendered":"https:\/\/www.ranciliogroup.com\/?p=32899"},"modified":"2022-03-24T16:43:15","modified_gmt":"2022-03-24T15:43:15","slug":"rancilio-group-at-the-lisbon-coffee-fest","status":"publish","type":"post","link":"https:\/\/www.ranciliogroup.com\/de\/rancilio-group-at-the-lisbon-coffee-fest\/","title":{"rendered":"Rancilio Group beim Lisbon Coffee Fest"},"content":{"rendered":"<p><em>Das Team der Rancilio Group Portugal wird bei der n\u00e4chsten Ausgabe des Lisbon Coffee Fest anwesend sein, das vom 25. bis zum 27. M\u00e4rz 2022 in der LX Factory, dem fr\u00fcheren Industriegebiet von Alcantare, stattfindet. <\/em><\/p>\n<p>Das Ereignis, das nicht nur das Finale der SCA Barista-Meisterschaft, sondern auch einen vollen Veranstaltungskalender mit vielen Workshops, einem Wettbewerb f\u00fcr R\u00f6stereien und eine Ausstellung zur Geschichte des Kaffees einschlie\u00dft, wird mit gro\u00dfer Spannung erwartet. Das portugiesische Publikum wird auch Gelegenheit haben, die j\u00fcngsten Innovationen der Espressomaschine RS1 von Rancilio Speciality zu entdecken. Neben dem neuen Bedienfeld, das entwickelt wurde, um die Hauptfunktionen der Maschine hervorzuheben und die Arbeit des Barista zu erleichtern, ist die RS1 mit einer neuen Standardtechnologie ausgestattet, die die Steuerung der Vorbr\u00fchung und Nachbr\u00fchung erm\u00f6glicht. Dank dieser neuen Technologie k\u00f6nnen in Kombination mit dem bereits bestehenden Advanced Temperature Profiling sowohl die Temperatur als auch der Druck reguliert werden, das hei\u00dft die beiden Variablen, die das Ergebnis der Kaffee-Extraktion am meisten beeinflussen. Die RS1 wird in Edelstahl und in schwarzer Ausf\u00fchrung vorgestellt, wobei Letztere zusammen mit Wei\u00df ab diesem Jahr die Standardfarbe f\u00fcr das Produkt wird. Auch Kryo Evo OD, die neue On-Demand-Version der Kaffeem\u00fchle der Rancilio Grindtec-Linie, wird beim Lisbon Coffee Fest vertreten sein. <\/p>\n<p><strong>Lisbon Coffee Fest<\/strong><br \/>\n25. &#8211; 27. M\u00e4rz 2022<br \/>\nXL Factory &#8211; Lissabon<br \/>\nRancilio Group<br \/>\nStand G4<\/p>\n","protected":false},"excerpt":{"rendered":"<p>Das Team der Rancilio Group Portugal wird bei der n\u00e4chsten Ausgabe des Lisbon Coffee Fest anwesend sein, das vom 25&#8230;.<\/p>\n","protected":false},"author":5,"featured_media":32892,"comment_status":"closed","ping_status":"closed","sticky":false,"template":"","format":"standard","meta":[],"categories":[556],"tags":[],"acf":[],"yoast_head":"<!-- This site is optimized with the Yoast SEO plugin v21.5 - https:\/\/yoast.com\/wordpress\/plugins\/seo\/ -->\n<title>Latest update about Rancilio Group beim Lisbon Coffee Fest - Rancilio Group<\/title>\n<meta name=\"description\" content=\"Read Rancilio Group&#039;s latest news about Rancilio Group beim Lisbon Coffee Fest\" \/>\n<meta name=\"robots\" content=\"index, follow, max-snippet:-1, max-image-preview:large, max-video-preview:-1\" \/>\n<link rel=\"canonical\" href=\"https:\/\/www.ranciliogroup.com\/de\/rancilio-group-at-the-lisbon-coffee-fest\/\" \/>\n<meta property=\"og:locale\" content=\"de_DE\" \/>\n<meta property=\"og:type\" content=\"article\" \/>\n<meta property=\"og:title\" content=\"Latest update about Rancilio Group beim Lisbon Coffee Fest - Rancilio Group\" \/>\n<meta property=\"og:description\" content=\"Read Rancilio Group&#039;s latest news about Rancilio Group beim Lisbon Coffee Fest\" \/>\n<meta property=\"og:url\" content=\"https:\/\/www.ranciliogroup.com\/de\/rancilio-group-at-the-lisbon-coffee-fest\/\" \/>\n<meta property=\"og:site_name\" content=\"Rancilio Group\" \/>\n<meta property=\"article:publisher\" content=\"https:\/\/www.facebook.com\/RancilioGroup\" \/>\n<meta property=\"article:published_time\" content=\"2022-03-17T13:06:53+00:00\" \/>\n<meta property=\"article:modified_time\" content=\"2022-03-24T15:43:15+00:00\" \/>\n<meta property=\"og:image\" content=\"https:\/\/www.ranciliogroup.com\/app\/uploads\/2022\/03\/RG_LISBON-COFFEE-FEST_03-1024x682.png\" \/>\n\t<meta property=\"og:image:width\" content=\"1024\" \/>\n\t<meta property=\"og:image:height\" content=\"682\" \/>\n\t<meta property=\"og:image:type\" content=\"image\/png\" \/>\n<meta name=\"author\" content=\"temp circular\" \/>\n<meta name=\"twitter:card\" content=\"summary_large_image\" \/>\n<meta name=\"twitter:creator\" content=\"@ranciliogroup\" \/>\n<meta name=\"twitter:site\" content=\"@ranciliogroup\" \/>\n<meta name=\"twitter:label1\" content=\"Written by\" \/>\n\t<meta name=\"twitter:data1\" content=\"temp circular\" \/>\n\t<meta name=\"twitter:label2\" content=\"Est. reading time\" \/>\n\t<meta name=\"twitter:data2\" content=\"1 minute\" \/>\n<script type=\"application\/ld+json\" class=\"yoast-schema-graph\">{\"@context\":\"https:\/\/schema.org\",\"@graph\":[{\"@type\":\"Article\",\"@id\":\"https:\/\/www.ranciliogroup.com\/de\/rancilio-group-at-the-lisbon-coffee-fest\/#article\",\"isPartOf\":{\"@id\":\"https:\/\/www.ranciliogroup.com\/de\/rancilio-group-at-the-lisbon-coffee-fest\/\"},\"author\":{\"name\":\"temp circular\",\"@id\":\"https:\/\/www.ranciliogroup.com\/de\/#\/schema\/person\/d6bf0a7dfe74cded3d64da8b2c92814c\"},\"headline\":\"Rancilio Group beim Lisbon Coffee Fest\",\"datePublished\":\"2022-03-17T13:06:53+00:00\",\"dateModified\":\"2022-03-24T15:43:15+00:00\",\"mainEntityOfPage\":{\"@id\":\"https:\/\/www.ranciliogroup.com\/de\/rancilio-group-at-the-lisbon-coffee-fest\/\"},\"wordCount\":236,\"publisher\":{\"@id\":\"https:\/\/www.ranciliogroup.com\/de\/#organization\"},\"articleSection\":[\"VERANSTALTUNGEN\"],\"inLanguage\":\"de-DE\"},{\"@type\":\"WebPage\",\"@id\":\"https:\/\/www.ranciliogroup.com\/de\/rancilio-group-at-the-lisbon-coffee-fest\/\",\"url\":\"https:\/\/www.ranciliogroup.com\/de\/rancilio-group-at-the-lisbon-coffee-fest\/\",\"name\":\"Latest update about Rancilio Group beim Lisbon Coffee Fest - Rancilio Group\",\"isPartOf\":{\"@id\":\"https:\/\/www.ranciliogroup.com\/de\/#website\"},\"datePublished\":\"2022-03-17T13:06:53+00:00\",\"dateModified\":\"2022-03-24T15:43:15+00:00\",\"description\":\"Read Rancilio Group's latest news about Rancilio Group beim Lisbon Coffee Fest\",\"breadcrumb\":{\"@id\":\"https:\/\/www.ranciliogroup.com\/de\/rancilio-group-at-the-lisbon-coffee-fest\/#breadcrumb\"},\"inLanguage\":\"de-DE\",\"potentialAction\":[{\"@type\":\"ReadAction\",\"target\":[\"https:\/\/www.ranciliogroup.com\/de\/rancilio-group-at-the-lisbon-coffee-fest\/\"]}]},{\"@type\":\"BreadcrumbList\",\"@id\":\"https:\/\/www.ranciliogroup.com\/de\/rancilio-group-at-the-lisbon-coffee-fest\/#breadcrumb\",\"itemListElement\":[{\"@type\":\"ListItem\",\"position\":1,\"name\":\"Home\",\"item\":\"https:\/\/www.ranciliogroup.com\/de\/\"},{\"@type\":\"ListItem\",\"position\":2,\"name\":\"Rancilio Group beim Lisbon Coffee Fest\"}]},{\"@type\":\"WebSite\",\"@id\":\"https:\/\/www.ranciliogroup.com\/de\/#website\",\"url\":\"https:\/\/www.ranciliogroup.com\/de\/\",\"name\":\"Rancilio Group\",\"description\":\"Professionelle Kaffeemaschinen Leader\",\"publisher\":{\"@id\":\"https:\/\/www.ranciliogroup.com\/de\/#organization\"},\"potentialAction\":[{\"@type\":\"SearchAction\",\"target\":{\"@type\":\"EntryPoint\",\"urlTemplate\":\"https:\/\/www.ranciliogroup.com\/de\/?s={search_term_string}\"},\"query-input\":\"required name=search_term_string\"}],\"inLanguage\":\"de-DE\"},{\"@type\":\"Organization\",\"@id\":\"https:\/\/www.ranciliogroup.com\/de\/#organization\",\"name\":\"Rancilio Group\",\"url\":\"https:\/\/www.ranciliogroup.com\/de\/\",\"logo\":{\"@type\":\"ImageObject\",\"inLanguage\":\"de-DE\",\"@id\":\"https:\/\/www.ranciliogroup.com\/de\/#\/schema\/logo\/image\/\",\"url\":\"https:\/\/www.ranciliogroup.com\/app\/uploads\/2019\/07\/rancilio_black_logo.png\",\"contentUrl\":\"https:\/\/www.ranciliogroup.com\/app\/uploads\/2019\/07\/rancilio_black_logo.png\",\"width\":447,\"height\":57,\"caption\":\"Rancilio Group\"},\"image\":{\"@id\":\"https:\/\/www.ranciliogroup.com\/de\/#\/schema\/logo\/image\/\"},\"sameAs\":[\"https:\/\/www.facebook.com\/RancilioGroup\",\"https:\/\/twitter.com\/ranciliogroup\",\"https:\/\/www.instagram.com\/rancilio_official\/\",\"https:\/\/www.linkedin.com\/company\/ranciliogroup\/\",\"https:\/\/www.youtube.com\/user\/rancilioadmin\"]},{\"@type\":\"Person\",\"@id\":\"https:\/\/www.ranciliogroup.com\/de\/#\/schema\/person\/d6bf0a7dfe74cded3d64da8b2c92814c\",\"name\":\"temp circular\",\"image\":{\"@type\":\"ImageObject\",\"inLanguage\":\"de-DE\",\"@id\":\"https:\/\/www.ranciliogroup.com\/de\/#\/schema\/person\/image\/\",\"url\":\"https:\/\/secure.gravatar.com\/avatar\/569e71c3b97b8bcad1854d6579b35c5f?s=96&d=mm&r=g\",\"contentUrl\":\"https:\/\/secure.gravatar.com\/avatar\/569e71c3b97b8bcad1854d6579b35c5f?s=96&d=mm&r=g\",\"caption\":\"temp circular\"}}]}<\/script>\n<!-- \/ Yoast SEO plugin. -->","yoast_head_json":{"title":"Latest update about Rancilio Group beim Lisbon Coffee Fest - Rancilio Group","description":"Read Rancilio Group's latest news about Rancilio Group beim Lisbon Coffee Fest","robots":{"index":"index","follow":"follow","max-snippet":"max-snippet:-1","max-image-preview":"max-image-preview:large","max-video-preview":"max-video-preview:-1"},"canonical":"https:\/\/www.ranciliogroup.com\/de\/rancilio-group-at-the-lisbon-coffee-fest\/","og_locale":"de_DE","og_type":"article","og_title":"Latest update about Rancilio Group beim Lisbon Coffee Fest - Rancilio Group","og_description":"Read Rancilio Group's latest news about Rancilio Group beim Lisbon Coffee Fest","og_url":"https:\/\/www.ranciliogroup.com\/de\/rancilio-group-at-the-lisbon-coffee-fest\/","og_site_name":"Rancilio Group","article_publisher":"https:\/\/www.facebook.com\/RancilioGroup","article_published_time":"2022-03-17T13:06:53+00:00","article_modified_time":"2022-03-24T15:43:15+00:00","og_image":[{"width":1024,"height":682,"url":"https:\/\/www.ranciliogroup.com\/app\/uploads\/2022\/03\/RG_LISBON-COFFEE-FEST_03-1024x682.png","type":"image\/png"}],"author":"temp circular","twitter_card":"summary_large_image","twitter_creator":"@ranciliogroup","twitter_site":"@ranciliogroup","twitter_misc":{"Written by":"temp circular","Est. reading time":"1 minute"},"schema":{"@context":"https:\/\/schema.org","@graph":[{"@type":"Article","@id":"https:\/\/www.ranciliogroup.com\/de\/rancilio-group-at-the-lisbon-coffee-fest\/#article","isPartOf":{"@id":"https:\/\/www.ranciliogroup.com\/de\/rancilio-group-at-the-lisbon-coffee-fest\/"},"author":{"name":"temp circular","@id":"https:\/\/www.ranciliogroup.com\/de\/#\/schema\/person\/d6bf0a7dfe74cded3d64da8b2c92814c"},"headline":"Rancilio Group beim Lisbon Coffee Fest","datePublished":"2022-03-17T13:06:53+00:00","dateModified":"2022-03-24T15:43:15+00:00","mainEntityOfPage":{"@id":"https:\/\/www.ranciliogroup.com\/de\/rancilio-group-at-the-lisbon-coffee-fest\/"},"wordCount":236,"publisher":{"@id":"https:\/\/www.ranciliogroup.com\/de\/#organization"},"articleSection":["VERANSTALTUNGEN"],"inLanguage":"de-DE"},{"@type":"WebPage","@id":"https:\/\/www.ranciliogroup.com\/de\/rancilio-group-at-the-lisbon-coffee-fest\/","url":"https:\/\/www.ranciliogroup.com\/de\/rancilio-group-at-the-lisbon-coffee-fest\/","name":"Latest update about Rancilio Group beim Lisbon Coffee Fest - Rancilio Group","isPartOf":{"@id":"https:\/\/www.ranciliogroup.com\/de\/#website"},"datePublished":"2022-03-17T13:06:53+00:00","dateModified":"2022-03-24T15:43:15+00:00","description":"Read Rancilio Group's latest news about Rancilio Group beim Lisbon Coffee Fest","breadcrumb":{"@id":"https:\/\/www.ranciliogroup.com\/de\/rancilio-group-at-the-lisbon-coffee-fest\/#breadcrumb"},"inLanguage":"de-DE","potentialAction":[{"@type":"ReadAction","target":["https:\/\/www.ranciliogroup.com\/de\/rancilio-group-at-the-lisbon-coffee-fest\/"]}]},{"@type":"BreadcrumbList","@id":"https:\/\/www.ranciliogroup.com\/de\/rancilio-group-at-the-lisbon-coffee-fest\/#breadcrumb","itemListElement":[{"@type":"ListItem","position":1,"name":"Home","item":"https:\/\/www.ranciliogroup.com\/de\/"},{"@type":"ListItem","position":2,"name":"Rancilio Group beim Lisbon Coffee Fest"}]},{"@type":"WebSite","@id":"https:\/\/www.ranciliogroup.com\/de\/#website","url":"https:\/\/www.ranciliogroup.com\/de\/","name":"Rancilio Group","description":"Professionelle Kaffeemaschinen Leader","publisher":{"@id":"https:\/\/www.ranciliogroup.com\/de\/#organization"},"potentialAction":[{"@type":"SearchAction","target":{"@type":"EntryPoint","urlTemplate":"https:\/\/www.ranciliogroup.com\/de\/?s={search_term_string}"},"query-input":"required name=search_term_string"}],"inLanguage":"de-DE"},{"@type":"Organization","@id":"https:\/\/www.ranciliogroup.com\/de\/#organization","name":"Rancilio Group","url":"https:\/\/www.ranciliogroup.com\/de\/","logo":{"@type":"ImageObject","inLanguage":"de-DE","@id":"https:\/\/www.ranciliogroup.com\/de\/#\/schema\/logo\/image\/","url":"https:\/\/www.ranciliogroup.com\/app\/uploads\/2019\/07\/rancilio_black_logo.png","contentUrl":"https:\/\/www.ranciliogroup.com\/app\/uploads\/2019\/07\/rancilio_black_logo.png","width":447,"height":57,"caption":"Rancilio Group"},"image":{"@id":"https:\/\/www.ranciliogroup.com\/de\/#\/schema\/logo\/image\/"},"sameAs":["https:\/\/www.facebook.com\/RancilioGroup","https:\/\/twitter.com\/ranciliogroup","https:\/\/www.instagram.com\/rancilio_official\/","https:\/\/www.linkedin.com\/company\/ranciliogroup\/","https:\/\/www.youtube.com\/user\/rancilioadmin"]},{"@type":"Person","@id":"https:\/\/www.ranciliogroup.com\/de\/#\/schema\/person\/d6bf0a7dfe74cded3d64da8b2c92814c","name":"temp circular","image":{"@type":"ImageObject","inLanguage":"de-DE","@id":"https:\/\/www.ranciliogroup.com\/de\/#\/schema\/person\/image\/","url":"https:\/\/secure.gravatar.com\/avatar\/569e71c3b97b8bcad1854d6579b35c5f?s=96&d=mm&r=g","contentUrl":"https:\/\/secure.gravatar.com\/avatar\/569e71c3b97b8bcad1854d6579b35c5f?s=96&d=mm&r=g","caption":"temp circular"}}]}},"_links":{"self":[{"href":"https:\/\/www.ranciliogroup.com\/de\/wp-json\/wp\/v2\/posts\/32899"}],"collection":[{"href":"https:\/\/www.ranciliogroup.com\/de\/wp-json\/wp\/v2\/posts"}],"about":[{"href":"https:\/\/www.ranciliogroup.com\/de\/wp-json\/wp\/v2\/types\/post"}],"author":[{"embeddable":true,"href":"https:\/\/www.ranciliogroup.com\/de\/wp-json\/wp\/v2\/users\/5"}],"replies":[{"embeddable":true,"href":"https:\/\/www.ranciliogroup.com\/de\/wp-json\/wp\/v2\/comments?post=32899"}],"version-history":[{"count":3,"href":"https:\/\/www.ranciliogroup.com\/de\/wp-json\/wp\/v2\/posts\/32899\/revisions"}],"predecessor-version":[{"id":44052,"href":"https:\/\/www.ranciliogroup.com\/de\/wp-json\/wp\/v2\/posts\/32899\/revisions\/44052"}],"wp:featuredmedia":[{"embeddable":true,"href":"https:\/\/www.ranciliogroup.com\/de\/wp-json\/wp\/v2\/media\/32892"}],"wp:attachment":[{"href":"https:\/\/www.ranciliogroup.com\/de\/wp-json\/wp\/v2\/media?parent=32899"}],"wp:term":[{"taxonomy":"category","embeddable":true,"href":"https:\/\/www.ranciliogroup.com\/de\/wp-json\/wp\/v2\/categories?post=32899"},{"taxonomy":"post_tag","embeddable":true,"href":"https:\/\/www.ranciliogroup.com\/de\/wp-json\/wp\/v2\/tags?post=32899"}],"curies":[{"name":"wp","href":"https:\/\/api.w.org\/{rel}","templated":true}]}}