{"id":61288,"date":"2022-09-19T12:22:03","date_gmt":"2022-09-19T10:22:03","guid":{"rendered":"https:\/\/www.ranciliogroup.com\/?p=61288"},"modified":"2025-02-13T14:20:26","modified_gmt":"2025-02-13T13:20:26","slug":"rancilio-group-weiht-ihre-neue-niederlassung-in-barcelona-ein","status":"publish","type":"post","link":"https:\/\/www.ranciliogroup.com\/de\/rancilio-group-weiht-ihre-neue-niederlassung-in-barcelona-ein\/","title":{"rendered":"Rancilio Group weiht ihre neue Niederlassung in Barcelona ein"},"content":{"rendered":"<p>Am Donnerstag, dem 15. September, wurde der neue Niederlassung von Rancilio Group Iberia in Barcelona mit einem besonderen Tag der offenen T\u00fcr er\u00f6ffnet, an dem Partner und Kunden aus Spanien und Portugal teilnahmen. Die neue Niederlassung stellt eines der bedeutendsten Zentren f\u00fcr die Handelst\u00e4tigkeit der Rancilio Group auf der gesamten iberischen Halbinsel dar und verf\u00fcgt \u00fcber moderne und vielseitig nutzbare R\u00e4umlichkeiten. Neben dem eleganten Multibrand-Showroom beinhaltet die Niederlassung Gewerbefl\u00e4chen sowie Lagerr\u00e4ume f\u00fcr Produkte und Ersatzteile. Au\u00dferdem wurden Schulungsr\u00e4ume f\u00fcr Barkeeper und qualifizierte Techniker vorgesehen, ein Training Center, ein Kundendienstzentrum, ein Extraction Lab und ein Bereich f\u00fcr Veranstaltungen und Workshops. Der neuen Niederlassung von Rancilio Group Iberia liegt im Industriegebiet Les Grases di Sant Feliu de Llobregat vor den Toren Barcelonas. Er befindet sich in strategischer Position in der N\u00e4he des Flughafens Josep Tarradellas Barcellona-El Prat und der beiden wichtigsten Autobahnen im Nordosten Spaniens: der A2 als Verbindung nach Madrid und der AP7 in Richtung Frankreich und Mitteleuropa<\/p>\n","protected":false},"excerpt":{"rendered":"<p>Am Donnerstag, dem 15. September, wurde der neue Niederlassung von Rancilio Group Iberia in Barcelona mit einem besonderen Tag der&#8230;<\/p>\n","protected":false},"author":5,"featured_media":61318,"comment_status":"closed","ping_status":"closed","sticky":false,"template":"","format":"standard","meta":[],"categories":[851,844],"tags":[],"acf":[],"yoast_head":"<!-- This site is optimized with the Yoast SEO plugin v21.5 - https:\/\/yoast.com\/wordpress\/plugins\/seo\/ -->\n<title>Latest update about Rancilio Group weiht ihre neue Niederlassung in Barcelona ein - Rancilio Group<\/title>\n<meta name=\"description\" content=\"Read Rancilio Group&#039;s latest news about Rancilio Group weiht ihre neue Niederlassung in Barcelona ein\" \/>\n<meta name=\"robots\" content=\"index, follow, max-snippet:-1, max-image-preview:large, max-video-preview:-1\" \/>\n<link rel=\"canonical\" href=\"https:\/\/www.ranciliogroup.com\/de\/rancilio-group-weiht-ihre-neue-niederlassung-in-barcelona-ein\/\" \/>\n<meta property=\"og:locale\" content=\"de_DE\" \/>\n<meta property=\"og:type\" content=\"article\" \/>\n<meta property=\"og:title\" content=\"Latest update about Rancilio Group weiht ihre neue Niederlassung in Barcelona ein - Rancilio Group\" \/>\n<meta property=\"og:description\" content=\"Read Rancilio Group&#039;s latest news about Rancilio Group weiht ihre neue Niederlassung in Barcelona ein\" \/>\n<meta property=\"og:url\" content=\"https:\/\/www.ranciliogroup.com\/de\/rancilio-group-weiht-ihre-neue-niederlassung-in-barcelona-ein\/\" \/>\n<meta property=\"og:site_name\" content=\"Rancilio Group\" \/>\n<meta property=\"article:publisher\" content=\"https:\/\/www.facebook.com\/RancilioGroup\" \/>\n<meta property=\"article:published_time\" content=\"2022-09-19T10:22:03+00:00\" \/>\n<meta property=\"article:modified_time\" content=\"2025-02-13T13:20:26+00:00\" \/>\n<meta property=\"og:image\" content=\"https:\/\/www.ranciliogroup.com\/app\/uploads\/2022\/09\/File_066-2-scaled.jpg\" \/>\n\t<meta property=\"og:image:width\" content=\"2560\" \/>\n\t<meta property=\"og:image:height\" content=\"1051\" \/>\n\t<meta property=\"og:image:type\" content=\"image\/jpeg\" \/>\n<meta name=\"author\" content=\"temp circular\" \/>\n<meta name=\"twitter:card\" content=\"summary_large_image\" \/>\n<meta name=\"twitter:creator\" content=\"@ranciliogroup\" \/>\n<meta name=\"twitter:site\" content=\"@ranciliogroup\" \/>\n<meta name=\"twitter:label1\" content=\"Written by\" \/>\n\t<meta name=\"twitter:data1\" content=\"temp circular\" \/>\n\t<meta name=\"twitter:label2\" content=\"Est. reading time\" \/>\n\t<meta name=\"twitter:data2\" content=\"1 minute\" \/>\n<script type=\"application\/ld+json\" class=\"yoast-schema-graph\">{\"@context\":\"https:\/\/schema.org\",\"@graph\":[{\"@type\":\"Article\",\"@id\":\"https:\/\/www.ranciliogroup.com\/de\/rancilio-group-weiht-ihre-neue-niederlassung-in-barcelona-ein\/#article\",\"isPartOf\":{\"@id\":\"https:\/\/www.ranciliogroup.com\/de\/rancilio-group-weiht-ihre-neue-niederlassung-in-barcelona-ein\/\"},\"author\":{\"name\":\"temp circular\",\"@id\":\"https:\/\/www.ranciliogroup.com\/de\/#\/schema\/person\/d6bf0a7dfe74cded3d64da8b2c92814c\"},\"headline\":\"Rancilio Group weiht ihre neue Niederlassung in Barcelona ein\",\"datePublished\":\"2022-09-19T10:22:03+00:00\",\"dateModified\":\"2025-02-13T13:20:26+00:00\",\"mainEntityOfPage\":{\"@id\":\"https:\/\/www.ranciliogroup.com\/de\/rancilio-group-weiht-ihre-neue-niederlassung-in-barcelona-ein\/\"},\"wordCount\":179,\"publisher\":{\"@id\":\"https:\/\/www.ranciliogroup.com\/de\/#organization\"},\"articleSection\":[\"Presse\",\"NEUIGKEITEN\"],\"inLanguage\":\"de-DE\"},{\"@type\":\"WebPage\",\"@id\":\"https:\/\/www.ranciliogroup.com\/de\/rancilio-group-weiht-ihre-neue-niederlassung-in-barcelona-ein\/\",\"url\":\"https:\/\/www.ranciliogroup.com\/de\/rancilio-group-weiht-ihre-neue-niederlassung-in-barcelona-ein\/\",\"name\":\"Latest update about Rancilio Group weiht ihre neue Niederlassung in Barcelona ein - Rancilio Group\",\"isPartOf\":{\"@id\":\"https:\/\/www.ranciliogroup.com\/de\/#website\"},\"datePublished\":\"2022-09-19T10:22:03+00:00\",\"dateModified\":\"2025-02-13T13:20:26+00:00\",\"description\":\"Read Rancilio Group's latest news about Rancilio Group weiht ihre neue Niederlassung in Barcelona ein\",\"breadcrumb\":{\"@id\":\"https:\/\/www.ranciliogroup.com\/de\/rancilio-group-weiht-ihre-neue-niederlassung-in-barcelona-ein\/#breadcrumb\"},\"inLanguage\":\"de-DE\",\"potentialAction\":[{\"@type\":\"ReadAction\",\"target\":[\"https:\/\/www.ranciliogroup.com\/de\/rancilio-group-weiht-ihre-neue-niederlassung-in-barcelona-ein\/\"]}]},{\"@type\":\"BreadcrumbList\",\"@id\":\"https:\/\/www.ranciliogroup.com\/de\/rancilio-group-weiht-ihre-neue-niederlassung-in-barcelona-ein\/#breadcrumb\",\"itemListElement\":[{\"@type\":\"ListItem\",\"position\":1,\"name\":\"Home\",\"item\":\"https:\/\/www.ranciliogroup.com\/de\/\"},{\"@type\":\"ListItem\",\"position\":2,\"name\":\"Rancilio Group weiht ihre neue Niederlassung in Barcelona ein\"}]},{\"@type\":\"WebSite\",\"@id\":\"https:\/\/www.ranciliogroup.com\/de\/#website\",\"url\":\"https:\/\/www.ranciliogroup.com\/de\/\",\"name\":\"Rancilio Group\",\"description\":\"Professionelle Kaffeemaschinen Leader\",\"publisher\":{\"@id\":\"https:\/\/www.ranciliogroup.com\/de\/#organization\"},\"potentialAction\":[{\"@type\":\"SearchAction\",\"target\":{\"@type\":\"EntryPoint\",\"urlTemplate\":\"https:\/\/www.ranciliogroup.com\/de\/?s={search_term_string}\"},\"query-input\":\"required name=search_term_string\"}],\"inLanguage\":\"de-DE\"},{\"@type\":\"Organization\",\"@id\":\"https:\/\/www.ranciliogroup.com\/de\/#organization\",\"name\":\"Rancilio Group\",\"url\":\"https:\/\/www.ranciliogroup.com\/de\/\",\"logo\":{\"@type\":\"ImageObject\",\"inLanguage\":\"de-DE\",\"@id\":\"https:\/\/www.ranciliogroup.com\/de\/#\/schema\/logo\/image\/\",\"url\":\"https:\/\/www.ranciliogroup.com\/app\/uploads\/2019\/07\/rancilio_black_logo.png\",\"contentUrl\":\"https:\/\/www.ranciliogroup.com\/app\/uploads\/2019\/07\/rancilio_black_logo.png\",\"width\":447,\"height\":57,\"caption\":\"Rancilio Group\"},\"image\":{\"@id\":\"https:\/\/www.ranciliogroup.com\/de\/#\/schema\/logo\/image\/\"},\"sameAs\":[\"https:\/\/www.facebook.com\/RancilioGroup\",\"https:\/\/twitter.com\/ranciliogroup\",\"https:\/\/www.instagram.com\/rancilio_official\/\",\"https:\/\/www.linkedin.com\/company\/ranciliogroup\/\",\"https:\/\/www.youtube.com\/user\/rancilioadmin\"]},{\"@type\":\"Person\",\"@id\":\"https:\/\/www.ranciliogroup.com\/de\/#\/schema\/person\/d6bf0a7dfe74cded3d64da8b2c92814c\",\"name\":\"temp circular\",\"image\":{\"@type\":\"ImageObject\",\"inLanguage\":\"de-DE\",\"@id\":\"https:\/\/www.ranciliogroup.com\/de\/#\/schema\/person\/image\/\",\"url\":\"https:\/\/secure.gravatar.com\/avatar\/569e71c3b97b8bcad1854d6579b35c5f?s=96&d=mm&r=g\",\"contentUrl\":\"https:\/\/secure.gravatar.com\/avatar\/569e71c3b97b8bcad1854d6579b35c5f?s=96&d=mm&r=g\",\"caption\":\"temp circular\"}}]}<\/script>\n<!-- \/ Yoast SEO plugin. -->","yoast_head_json":{"title":"Latest update about Rancilio Group weiht ihre neue Niederlassung in Barcelona ein - Rancilio Group","description":"Read Rancilio Group's latest news about Rancilio Group weiht ihre neue Niederlassung in Barcelona ein","robots":{"index":"index","follow":"follow","max-snippet":"max-snippet:-1","max-image-preview":"max-image-preview:large","max-video-preview":"max-video-preview:-1"},"canonical":"https:\/\/www.ranciliogroup.com\/de\/rancilio-group-weiht-ihre-neue-niederlassung-in-barcelona-ein\/","og_locale":"de_DE","og_type":"article","og_title":"Latest update about Rancilio Group weiht ihre neue Niederlassung in Barcelona ein - Rancilio Group","og_description":"Read Rancilio Group's latest news about Rancilio Group weiht ihre neue Niederlassung in Barcelona ein","og_url":"https:\/\/www.ranciliogroup.com\/de\/rancilio-group-weiht-ihre-neue-niederlassung-in-barcelona-ein\/","og_site_name":"Rancilio Group","article_publisher":"https:\/\/www.facebook.com\/RancilioGroup","article_published_time":"2022-09-19T10:22:03+00:00","article_modified_time":"2025-02-13T13:20:26+00:00","og_image":[{"width":2560,"height":1051,"url":"https:\/\/www.ranciliogroup.com\/app\/uploads\/2022\/09\/File_066-2-scaled.jpg","type":"image\/jpeg"}],"author":"temp circular","twitter_card":"summary_large_image","twitter_creator":"@ranciliogroup","twitter_site":"@ranciliogroup","twitter_misc":{"Written by":"temp circular","Est. reading time":"1 minute"},"schema":{"@context":"https:\/\/schema.org","@graph":[{"@type":"Article","@id":"https:\/\/www.ranciliogroup.com\/de\/rancilio-group-weiht-ihre-neue-niederlassung-in-barcelona-ein\/#article","isPartOf":{"@id":"https:\/\/www.ranciliogroup.com\/de\/rancilio-group-weiht-ihre-neue-niederlassung-in-barcelona-ein\/"},"author":{"name":"temp circular","@id":"https:\/\/www.ranciliogroup.com\/de\/#\/schema\/person\/d6bf0a7dfe74cded3d64da8b2c92814c"},"headline":"Rancilio Group weiht ihre neue Niederlassung in Barcelona ein","datePublished":"2022-09-19T10:22:03+00:00","dateModified":"2025-02-13T13:20:26+00:00","mainEntityOfPage":{"@id":"https:\/\/www.ranciliogroup.com\/de\/rancilio-group-weiht-ihre-neue-niederlassung-in-barcelona-ein\/"},"wordCount":179,"publisher":{"@id":"https:\/\/www.ranciliogroup.com\/de\/#organization"},"articleSection":["Presse","NEUIGKEITEN"],"inLanguage":"de-DE"},{"@type":"WebPage","@id":"https:\/\/www.ranciliogroup.com\/de\/rancilio-group-weiht-ihre-neue-niederlassung-in-barcelona-ein\/","url":"https:\/\/www.ranciliogroup.com\/de\/rancilio-group-weiht-ihre-neue-niederlassung-in-barcelona-ein\/","name":"Latest update about Rancilio Group weiht ihre neue Niederlassung in Barcelona ein - Rancilio Group","isPartOf":{"@id":"https:\/\/www.ranciliogroup.com\/de\/#website"},"datePublished":"2022-09-19T10:22:03+00:00","dateModified":"2025-02-13T13:20:26+00:00","description":"Read Rancilio Group's latest news about Rancilio Group weiht ihre neue Niederlassung in Barcelona ein","breadcrumb":{"@id":"https:\/\/www.ranciliogroup.com\/de\/rancilio-group-weiht-ihre-neue-niederlassung-in-barcelona-ein\/#breadcrumb"},"inLanguage":"de-DE","potentialAction":[{"@type":"ReadAction","target":["https:\/\/www.ranciliogroup.com\/de\/rancilio-group-weiht-ihre-neue-niederlassung-in-barcelona-ein\/"]}]},{"@type":"BreadcrumbList","@id":"https:\/\/www.ranciliogroup.com\/de\/rancilio-group-weiht-ihre-neue-niederlassung-in-barcelona-ein\/#breadcrumb","itemListElement":[{"@type":"ListItem","position":1,"name":"Home","item":"https:\/\/www.ranciliogroup.com\/de\/"},{"@type":"ListItem","position":2,"name":"Rancilio Group weiht ihre neue Niederlassung in Barcelona ein"}]},{"@type":"WebSite","@id":"https:\/\/www.ranciliogroup.com\/de\/#website","url":"https:\/\/www.ranciliogroup.com\/de\/","name":"Rancilio Group","description":"Professionelle Kaffeemaschinen Leader","publisher":{"@id":"https:\/\/www.ranciliogroup.com\/de\/#organization"},"potentialAction":[{"@type":"SearchAction","target":{"@type":"EntryPoint","urlTemplate":"https:\/\/www.ranciliogroup.com\/de\/?s={search_term_string}"},"query-input":"required name=search_term_string"}],"inLanguage":"de-DE"},{"@type":"Organization","@id":"https:\/\/www.ranciliogroup.com\/de\/#organization","name":"Rancilio Group","url":"https:\/\/www.ranciliogroup.com\/de\/","logo":{"@type":"ImageObject","inLanguage":"de-DE","@id":"https:\/\/www.ranciliogroup.com\/de\/#\/schema\/logo\/image\/","url":"https:\/\/www.ranciliogroup.com\/app\/uploads\/2019\/07\/rancilio_black_logo.png","contentUrl":"https:\/\/www.ranciliogroup.com\/app\/uploads\/2019\/07\/rancilio_black_logo.png","width":447,"height":57,"caption":"Rancilio Group"},"image":{"@id":"https:\/\/www.ranciliogroup.com\/de\/#\/schema\/logo\/image\/"},"sameAs":["https:\/\/www.facebook.com\/RancilioGroup","https:\/\/twitter.com\/ranciliogroup","https:\/\/www.instagram.com\/rancilio_official\/","https:\/\/www.linkedin.com\/company\/ranciliogroup\/","https:\/\/www.youtube.com\/user\/rancilioadmin"]},{"@type":"Person","@id":"https:\/\/www.ranciliogroup.com\/de\/#\/schema\/person\/d6bf0a7dfe74cded3d64da8b2c92814c","name":"temp circular","image":{"@type":"ImageObject","inLanguage":"de-DE","@id":"https:\/\/www.ranciliogroup.com\/de\/#\/schema\/person\/image\/","url":"https:\/\/secure.gravatar.com\/avatar\/569e71c3b97b8bcad1854d6579b35c5f?s=96&d=mm&r=g","contentUrl":"https:\/\/secure.gravatar.com\/avatar\/569e71c3b97b8bcad1854d6579b35c5f?s=96&d=mm&r=g","caption":"temp circular"}}]}},"_links":{"self":[{"href":"https:\/\/www.ranciliogroup.com\/de\/wp-json\/wp\/v2\/posts\/61288"}],"collection":[{"href":"https:\/\/www.ranciliogroup.com\/de\/wp-json\/wp\/v2\/posts"}],"about":[{"href":"https:\/\/www.ranciliogroup.com\/de\/wp-json\/wp\/v2\/types\/post"}],"author":[{"embeddable":true,"href":"https:\/\/www.ranciliogroup.com\/de\/wp-json\/wp\/v2\/users\/5"}],"replies":[{"embeddable":true,"href":"https:\/\/www.ranciliogroup.com\/de\/wp-json\/wp\/v2\/comments?post=61288"}],"version-history":[{"count":1,"href":"https:\/\/www.ranciliogroup.com\/de\/wp-json\/wp\/v2\/posts\/61288\/revisions"}],"predecessor-version":[{"id":61289,"href":"https:\/\/www.ranciliogroup.com\/de\/wp-json\/wp\/v2\/posts\/61288\/revisions\/61289"}],"wp:featuredmedia":[{"embeddable":true,"href":"https:\/\/www.ranciliogroup.com\/de\/wp-json\/wp\/v2\/media\/61318"}],"wp:attachment":[{"href":"https:\/\/www.ranciliogroup.com\/de\/wp-json\/wp\/v2\/media?parent=61288"}],"wp:term":[{"taxonomy":"category","embeddable":true,"href":"https:\/\/www.ranciliogroup.com\/de\/wp-json\/wp\/v2\/categories?post=61288"},{"taxonomy":"post_tag","embeddable":true,"href":"https:\/\/www.ranciliogroup.com\/de\/wp-json\/wp\/v2\/tags?post=61288"}],"curies":[{"name":"wp","href":"https:\/\/api.w.org\/{rel}","templated":true}]}}