{"id":61454,"date":"2022-10-12T15:01:10","date_gmt":"2022-10-12T13:01:10","guid":{"rendered":"https:\/\/www.ranciliogroup.com\/?p=61454"},"modified":"2022-10-12T15:02:23","modified_gmt":"2022-10-12T13:02:23","slug":"rancilio-specialty-und-die-specialty-coffee-tribes-treffen-sich-in-barcelona-zu-einer-neuen-barista-league","status":"publish","type":"post","link":"https:\/\/www.ranciliogroup.com\/de\/rancilio-specialty-und-die-specialty-coffee-tribes-treffen-sich-in-barcelona-zu-einer-neuen-barista-league\/","title":{"rendered":"Rancilio Specialty und die Specialty Coffee Tribes treffen sich in Barcelona zu einer neuen Barista League."},"content":{"rendered":"<p>F\u00fcr die neue Etappe der Barista League, die am Samstag, den 22. Oktober ab 18 Uhr in der Zentrale von Syra Coffee stattfindet, gibt es ein gro\u00dfes Comeback in Barcelona. Die zw\u00f6lf coolsten Baristas Kataloniens werden in drei Runden hinter dem Tresen mit der Rancilio Specialty RS1, der offiziellen Espressomaschine der Veranstaltung, ihre F\u00e4higkeiten unter Beweis stellen. Das Programm ist best\u00e4tigt und wie immer ist Spa\u00df garantiert. Und zwischen den einzelnen Runden gibt es Musik, gute Laune und Kaffeespezialit\u00e4ten von den besten Kaffeer\u00f6stereien Barcelonas. Die Jury besteht aus Carmen Callizo von Slowmov, Irene Garc\u00eda von Hidden Coffee Roasters, Mar\u00eda L\u00f3pez von Bar La Camila, Dani Rojo von Harmony Roasters, Rodrigo Moreiras von Syra Coffee und Yan Oakley the Alchemist. Moderiert wird der Abend von MC Marcos Zoya. Tickets sind ab sofort bei <a href=\"https:\/\/www.tickettailor.com\/events\/thebaristaleague\/620560\/#\">tickettailor.com<\/a> erh\u00e4ltlich.<\/p>\n<p>&nbsp;<\/p>\n<p><strong>Barista League Barcelona<br \/>\n<\/strong>Samstag, 22. Oktober<br \/>\nvon 6.00 bis 10.30 Uhr<br \/>\n<a href=\"https:\/\/www.google.com\/maps\/place\/The+Syra+House\/@41.3535369,2.0990243,17z\/data=!3m1!4b1!4m5!3m4!1s0x12a499bd06017867:0xd8f9e661b1775250!8m2!3d41.3535369!4d2.0990243\">Syra Coffee<\/a><br \/>\nCarrer Femades 78<br \/>\n08907 Hospitalet de Llobregat, Barcelona, Spanien<\/p>\n<p><strong>Verfolgen Sie das Ereignis auf unserer offiziellen Instagram-Seite<br \/>\n<\/strong>@ranciliospecialty #ranciliospecialty<\/p>\n<p><a href=\"https:\/\/www.ranciliogroup.com\/de\/specialty\/rs1\/\"><strong>Erfahren Sie mehr \u00fcber die Rancilio Specialty RS1<\/strong><\/a><\/p>\n","protected":false},"excerpt":{"rendered":"<p>F\u00fcr die neue Etappe der Barista League, die am Samstag, den 22. Oktober ab 18 Uhr in der Zentrale von&#8230;<\/p>\n","protected":false},"author":5,"featured_media":61443,"comment_status":"closed","ping_status":"closed","sticky":false,"template":"","format":"standard","meta":[],"categories":[556],"tags":[2598,2599,2597,2600],"acf":[],"yoast_head":"<!-- This site is optimized with the Yoast SEO plugin v21.5 - https:\/\/yoast.com\/wordpress\/plugins\/seo\/ -->\n<title>Latest update about Rancilio Specialty und die Specialty Coffee Tribes treffen sich in Barcelona zu einer neuen Barista League. - Rancilio Group<\/title>\n<meta name=\"description\" content=\"Read Rancilio Group&#039;s latest news about Rancilio Specialty und die Specialty Coffee Tribes treffen sich in Barcelona zu einer neuen Barista League.\" \/>\n<meta name=\"robots\" content=\"index, follow, max-snippet:-1, max-image-preview:large, max-video-preview:-1\" \/>\n<link rel=\"canonical\" href=\"https:\/\/www.ranciliogroup.com\/de\/rancilio-specialty-und-die-specialty-coffee-tribes-treffen-sich-in-barcelona-zu-einer-neuen-barista-league\/\" \/>\n<meta property=\"og:locale\" content=\"de_DE\" \/>\n<meta property=\"og:type\" content=\"article\" \/>\n<meta property=\"og:title\" content=\"Latest update about Rancilio Specialty und die Specialty Coffee Tribes treffen sich in Barcelona zu einer neuen Barista League. - Rancilio Group\" \/>\n<meta property=\"og:description\" content=\"Read Rancilio Group&#039;s latest news about Rancilio Specialty und die Specialty Coffee Tribes treffen sich in Barcelona zu einer neuen Barista League.\" \/>\n<meta property=\"og:url\" content=\"https:\/\/www.ranciliogroup.com\/de\/rancilio-specialty-und-die-specialty-coffee-tribes-treffen-sich-in-barcelona-zu-einer-neuen-barista-league\/\" \/>\n<meta property=\"og:site_name\" content=\"Rancilio Group\" \/>\n<meta property=\"article:publisher\" content=\"https:\/\/www.facebook.com\/RancilioGroup\" \/>\n<meta property=\"article:published_time\" content=\"2022-10-12T13:01:10+00:00\" \/>\n<meta property=\"article:modified_time\" content=\"2022-10-12T13:02:23+00:00\" \/>\n<meta property=\"og:image\" content=\"https:\/\/www.ranciliogroup.com\/app\/uploads\/2022\/10\/Upcoming_events_Barcelona.jpg\" \/>\n\t<meta property=\"og:image:width\" content=\"500\" \/>\n\t<meta property=\"og:image:height\" content=\"501\" \/>\n\t<meta property=\"og:image:type\" content=\"image\/jpeg\" \/>\n<meta name=\"author\" content=\"temp circular\" \/>\n<meta name=\"twitter:card\" content=\"summary_large_image\" \/>\n<meta name=\"twitter:creator\" content=\"@ranciliogroup\" \/>\n<meta name=\"twitter:site\" content=\"@ranciliogroup\" \/>\n<meta name=\"twitter:label1\" content=\"Written by\" \/>\n\t<meta name=\"twitter:data1\" content=\"temp circular\" \/>\n\t<meta name=\"twitter:label2\" content=\"Est. reading time\" \/>\n\t<meta name=\"twitter:data2\" content=\"1 minute\" \/>\n<script type=\"application\/ld+json\" class=\"yoast-schema-graph\">{\"@context\":\"https:\/\/schema.org\",\"@graph\":[{\"@type\":\"Article\",\"@id\":\"https:\/\/www.ranciliogroup.com\/de\/rancilio-specialty-und-die-specialty-coffee-tribes-treffen-sich-in-barcelona-zu-einer-neuen-barista-league\/#article\",\"isPartOf\":{\"@id\":\"https:\/\/www.ranciliogroup.com\/de\/rancilio-specialty-und-die-specialty-coffee-tribes-treffen-sich-in-barcelona-zu-einer-neuen-barista-league\/\"},\"author\":{\"name\":\"temp circular\",\"@id\":\"https:\/\/www.ranciliogroup.com\/de\/#\/schema\/person\/d6bf0a7dfe74cded3d64da8b2c92814c\"},\"headline\":\"Rancilio Specialty und die Specialty Coffee Tribes treffen sich in Barcelona zu einer neuen Barista League.\",\"datePublished\":\"2022-10-12T13:01:10+00:00\",\"dateModified\":\"2022-10-12T13:02:23+00:00\",\"mainEntityOfPage\":{\"@id\":\"https:\/\/www.ranciliogroup.com\/de\/rancilio-specialty-und-die-specialty-coffee-tribes-treffen-sich-in-barcelona-zu-einer-neuen-barista-league\/\"},\"wordCount\":196,\"publisher\":{\"@id\":\"https:\/\/www.ranciliogroup.com\/de\/#organization\"},\"keywords\":[\"RS1\",\"Barcelona\",\"Rancilio Specialty\",\"Barista League\"],\"articleSection\":[\"VERANSTALTUNGEN\"],\"inLanguage\":\"de-DE\"},{\"@type\":\"WebPage\",\"@id\":\"https:\/\/www.ranciliogroup.com\/de\/rancilio-specialty-und-die-specialty-coffee-tribes-treffen-sich-in-barcelona-zu-einer-neuen-barista-league\/\",\"url\":\"https:\/\/www.ranciliogroup.com\/de\/rancilio-specialty-und-die-specialty-coffee-tribes-treffen-sich-in-barcelona-zu-einer-neuen-barista-league\/\",\"name\":\"Latest update about Rancilio Specialty und die Specialty Coffee Tribes treffen sich in Barcelona zu einer neuen Barista League. - Rancilio Group\",\"isPartOf\":{\"@id\":\"https:\/\/www.ranciliogroup.com\/de\/#website\"},\"datePublished\":\"2022-10-12T13:01:10+00:00\",\"dateModified\":\"2022-10-12T13:02:23+00:00\",\"description\":\"Read Rancilio Group's latest news about Rancilio Specialty und die Specialty Coffee Tribes treffen sich in Barcelona zu einer neuen Barista League.\",\"breadcrumb\":{\"@id\":\"https:\/\/www.ranciliogroup.com\/de\/rancilio-specialty-und-die-specialty-coffee-tribes-treffen-sich-in-barcelona-zu-einer-neuen-barista-league\/#breadcrumb\"},\"inLanguage\":\"de-DE\",\"potentialAction\":[{\"@type\":\"ReadAction\",\"target\":[\"https:\/\/www.ranciliogroup.com\/de\/rancilio-specialty-und-die-specialty-coffee-tribes-treffen-sich-in-barcelona-zu-einer-neuen-barista-league\/\"]}]},{\"@type\":\"BreadcrumbList\",\"@id\":\"https:\/\/www.ranciliogroup.com\/de\/rancilio-specialty-und-die-specialty-coffee-tribes-treffen-sich-in-barcelona-zu-einer-neuen-barista-league\/#breadcrumb\",\"itemListElement\":[{\"@type\":\"ListItem\",\"position\":1,\"name\":\"Home\",\"item\":\"https:\/\/www.ranciliogroup.com\/de\/\"},{\"@type\":\"ListItem\",\"position\":2,\"name\":\"Rancilio Specialty und die Specialty Coffee Tribes treffen sich in Barcelona zu einer neuen Barista League.\"}]},{\"@type\":\"WebSite\",\"@id\":\"https:\/\/www.ranciliogroup.com\/de\/#website\",\"url\":\"https:\/\/www.ranciliogroup.com\/de\/\",\"name\":\"Rancilio Group\",\"description\":\"Professionelle Kaffeemaschinen Leader\",\"publisher\":{\"@id\":\"https:\/\/www.ranciliogroup.com\/de\/#organization\"},\"potentialAction\":[{\"@type\":\"SearchAction\",\"target\":{\"@type\":\"EntryPoint\",\"urlTemplate\":\"https:\/\/www.ranciliogroup.com\/de\/?s={search_term_string}\"},\"query-input\":\"required name=search_term_string\"}],\"inLanguage\":\"de-DE\"},{\"@type\":\"Organization\",\"@id\":\"https:\/\/www.ranciliogroup.com\/de\/#organization\",\"name\":\"Rancilio Group\",\"url\":\"https:\/\/www.ranciliogroup.com\/de\/\",\"logo\":{\"@type\":\"ImageObject\",\"inLanguage\":\"de-DE\",\"@id\":\"https:\/\/www.ranciliogroup.com\/de\/#\/schema\/logo\/image\/\",\"url\":\"https:\/\/www.ranciliogroup.com\/app\/uploads\/2019\/07\/rancilio_black_logo.png\",\"contentUrl\":\"https:\/\/www.ranciliogroup.com\/app\/uploads\/2019\/07\/rancilio_black_logo.png\",\"width\":447,\"height\":57,\"caption\":\"Rancilio Group\"},\"image\":{\"@id\":\"https:\/\/www.ranciliogroup.com\/de\/#\/schema\/logo\/image\/\"},\"sameAs\":[\"https:\/\/www.facebook.com\/RancilioGroup\",\"https:\/\/twitter.com\/ranciliogroup\",\"https:\/\/www.instagram.com\/rancilio_official\/\",\"https:\/\/www.linkedin.com\/company\/ranciliogroup\/\",\"https:\/\/www.youtube.com\/user\/rancilioadmin\"]},{\"@type\":\"Person\",\"@id\":\"https:\/\/www.ranciliogroup.com\/de\/#\/schema\/person\/d6bf0a7dfe74cded3d64da8b2c92814c\",\"name\":\"temp circular\",\"image\":{\"@type\":\"ImageObject\",\"inLanguage\":\"de-DE\",\"@id\":\"https:\/\/www.ranciliogroup.com\/de\/#\/schema\/person\/image\/\",\"url\":\"https:\/\/secure.gravatar.com\/avatar\/569e71c3b97b8bcad1854d6579b35c5f?s=96&d=mm&r=g\",\"contentUrl\":\"https:\/\/secure.gravatar.com\/avatar\/569e71c3b97b8bcad1854d6579b35c5f?s=96&d=mm&r=g\",\"caption\":\"temp circular\"}}]}<\/script>\n<!-- \/ Yoast SEO plugin. -->","yoast_head_json":{"title":"Latest update about Rancilio Specialty und die Specialty Coffee Tribes treffen sich in Barcelona zu einer neuen Barista League. - Rancilio Group","description":"Read Rancilio Group's latest news about Rancilio Specialty und die Specialty Coffee Tribes treffen sich in Barcelona zu einer neuen Barista League.","robots":{"index":"index","follow":"follow","max-snippet":"max-snippet:-1","max-image-preview":"max-image-preview:large","max-video-preview":"max-video-preview:-1"},"canonical":"https:\/\/www.ranciliogroup.com\/de\/rancilio-specialty-und-die-specialty-coffee-tribes-treffen-sich-in-barcelona-zu-einer-neuen-barista-league\/","og_locale":"de_DE","og_type":"article","og_title":"Latest update about Rancilio Specialty und die Specialty Coffee Tribes treffen sich in Barcelona zu einer neuen Barista League. - Rancilio Group","og_description":"Read Rancilio Group's latest news about Rancilio Specialty und die Specialty Coffee Tribes treffen sich in Barcelona zu einer neuen Barista League.","og_url":"https:\/\/www.ranciliogroup.com\/de\/rancilio-specialty-und-die-specialty-coffee-tribes-treffen-sich-in-barcelona-zu-einer-neuen-barista-league\/","og_site_name":"Rancilio Group","article_publisher":"https:\/\/www.facebook.com\/RancilioGroup","article_published_time":"2022-10-12T13:01:10+00:00","article_modified_time":"2022-10-12T13:02:23+00:00","og_image":[{"width":500,"height":501,"url":"https:\/\/www.ranciliogroup.com\/app\/uploads\/2022\/10\/Upcoming_events_Barcelona.jpg","type":"image\/jpeg"}],"author":"temp circular","twitter_card":"summary_large_image","twitter_creator":"@ranciliogroup","twitter_site":"@ranciliogroup","twitter_misc":{"Written by":"temp circular","Est. reading time":"1 minute"},"schema":{"@context":"https:\/\/schema.org","@graph":[{"@type":"Article","@id":"https:\/\/www.ranciliogroup.com\/de\/rancilio-specialty-und-die-specialty-coffee-tribes-treffen-sich-in-barcelona-zu-einer-neuen-barista-league\/#article","isPartOf":{"@id":"https:\/\/www.ranciliogroup.com\/de\/rancilio-specialty-und-die-specialty-coffee-tribes-treffen-sich-in-barcelona-zu-einer-neuen-barista-league\/"},"author":{"name":"temp circular","@id":"https:\/\/www.ranciliogroup.com\/de\/#\/schema\/person\/d6bf0a7dfe74cded3d64da8b2c92814c"},"headline":"Rancilio Specialty und die Specialty Coffee Tribes treffen sich in Barcelona zu einer neuen Barista League.","datePublished":"2022-10-12T13:01:10+00:00","dateModified":"2022-10-12T13:02:23+00:00","mainEntityOfPage":{"@id":"https:\/\/www.ranciliogroup.com\/de\/rancilio-specialty-und-die-specialty-coffee-tribes-treffen-sich-in-barcelona-zu-einer-neuen-barista-league\/"},"wordCount":196,"publisher":{"@id":"https:\/\/www.ranciliogroup.com\/de\/#organization"},"keywords":["RS1","Barcelona","Rancilio Specialty","Barista League"],"articleSection":["VERANSTALTUNGEN"],"inLanguage":"de-DE"},{"@type":"WebPage","@id":"https:\/\/www.ranciliogroup.com\/de\/rancilio-specialty-und-die-specialty-coffee-tribes-treffen-sich-in-barcelona-zu-einer-neuen-barista-league\/","url":"https:\/\/www.ranciliogroup.com\/de\/rancilio-specialty-und-die-specialty-coffee-tribes-treffen-sich-in-barcelona-zu-einer-neuen-barista-league\/","name":"Latest update about Rancilio Specialty und die Specialty Coffee Tribes treffen sich in Barcelona zu einer neuen Barista League. - Rancilio Group","isPartOf":{"@id":"https:\/\/www.ranciliogroup.com\/de\/#website"},"datePublished":"2022-10-12T13:01:10+00:00","dateModified":"2022-10-12T13:02:23+00:00","description":"Read Rancilio Group's latest news about Rancilio Specialty und die Specialty Coffee Tribes treffen sich in Barcelona zu einer neuen Barista League.","breadcrumb":{"@id":"https:\/\/www.ranciliogroup.com\/de\/rancilio-specialty-und-die-specialty-coffee-tribes-treffen-sich-in-barcelona-zu-einer-neuen-barista-league\/#breadcrumb"},"inLanguage":"de-DE","potentialAction":[{"@type":"ReadAction","target":["https:\/\/www.ranciliogroup.com\/de\/rancilio-specialty-und-die-specialty-coffee-tribes-treffen-sich-in-barcelona-zu-einer-neuen-barista-league\/"]}]},{"@type":"BreadcrumbList","@id":"https:\/\/www.ranciliogroup.com\/de\/rancilio-specialty-und-die-specialty-coffee-tribes-treffen-sich-in-barcelona-zu-einer-neuen-barista-league\/#breadcrumb","itemListElement":[{"@type":"ListItem","position":1,"name":"Home","item":"https:\/\/www.ranciliogroup.com\/de\/"},{"@type":"ListItem","position":2,"name":"Rancilio Specialty und die Specialty Coffee Tribes treffen sich in Barcelona zu einer neuen Barista League."}]},{"@type":"WebSite","@id":"https:\/\/www.ranciliogroup.com\/de\/#website","url":"https:\/\/www.ranciliogroup.com\/de\/","name":"Rancilio Group","description":"Professionelle Kaffeemaschinen Leader","publisher":{"@id":"https:\/\/www.ranciliogroup.com\/de\/#organization"},"potentialAction":[{"@type":"SearchAction","target":{"@type":"EntryPoint","urlTemplate":"https:\/\/www.ranciliogroup.com\/de\/?s={search_term_string}"},"query-input":"required name=search_term_string"}],"inLanguage":"de-DE"},{"@type":"Organization","@id":"https:\/\/www.ranciliogroup.com\/de\/#organization","name":"Rancilio Group","url":"https:\/\/www.ranciliogroup.com\/de\/","logo":{"@type":"ImageObject","inLanguage":"de-DE","@id":"https:\/\/www.ranciliogroup.com\/de\/#\/schema\/logo\/image\/","url":"https:\/\/www.ranciliogroup.com\/app\/uploads\/2019\/07\/rancilio_black_logo.png","contentUrl":"https:\/\/www.ranciliogroup.com\/app\/uploads\/2019\/07\/rancilio_black_logo.png","width":447,"height":57,"caption":"Rancilio Group"},"image":{"@id":"https:\/\/www.ranciliogroup.com\/de\/#\/schema\/logo\/image\/"},"sameAs":["https:\/\/www.facebook.com\/RancilioGroup","https:\/\/twitter.com\/ranciliogroup","https:\/\/www.instagram.com\/rancilio_official\/","https:\/\/www.linkedin.com\/company\/ranciliogroup\/","https:\/\/www.youtube.com\/user\/rancilioadmin"]},{"@type":"Person","@id":"https:\/\/www.ranciliogroup.com\/de\/#\/schema\/person\/d6bf0a7dfe74cded3d64da8b2c92814c","name":"temp circular","image":{"@type":"ImageObject","inLanguage":"de-DE","@id":"https:\/\/www.ranciliogroup.com\/de\/#\/schema\/person\/image\/","url":"https:\/\/secure.gravatar.com\/avatar\/569e71c3b97b8bcad1854d6579b35c5f?s=96&d=mm&r=g","contentUrl":"https:\/\/secure.gravatar.com\/avatar\/569e71c3b97b8bcad1854d6579b35c5f?s=96&d=mm&r=g","caption":"temp circular"}}]}},"_links":{"self":[{"href":"https:\/\/www.ranciliogroup.com\/de\/wp-json\/wp\/v2\/posts\/61454"}],"collection":[{"href":"https:\/\/www.ranciliogroup.com\/de\/wp-json\/wp\/v2\/posts"}],"about":[{"href":"https:\/\/www.ranciliogroup.com\/de\/wp-json\/wp\/v2\/types\/post"}],"author":[{"embeddable":true,"href":"https:\/\/www.ranciliogroup.com\/de\/wp-json\/wp\/v2\/users\/5"}],"replies":[{"embeddable":true,"href":"https:\/\/www.ranciliogroup.com\/de\/wp-json\/wp\/v2\/comments?post=61454"}],"version-history":[{"count":2,"href":"https:\/\/www.ranciliogroup.com\/de\/wp-json\/wp\/v2\/posts\/61454\/revisions"}],"predecessor-version":[{"id":61456,"href":"https:\/\/www.ranciliogroup.com\/de\/wp-json\/wp\/v2\/posts\/61454\/revisions\/61456"}],"wp:featuredmedia":[{"embeddable":true,"href":"https:\/\/www.ranciliogroup.com\/de\/wp-json\/wp\/v2\/media\/61443"}],"wp:attachment":[{"href":"https:\/\/www.ranciliogroup.com\/de\/wp-json\/wp\/v2\/media?parent=61454"}],"wp:term":[{"taxonomy":"category","embeddable":true,"href":"https:\/\/www.ranciliogroup.com\/de\/wp-json\/wp\/v2\/categories?post=61454"},{"taxonomy":"post_tag","embeddable":true,"href":"https:\/\/www.ranciliogroup.com\/de\/wp-json\/wp\/v2\/tags?post=61454"}],"curies":[{"name":"wp","href":"https:\/\/api.w.org\/{rel}","templated":true}]}}