{"id":61729,"date":"2022-10-26T16:08:28","date_gmt":"2022-10-26T14:08:28","guid":{"rendered":"https:\/\/www.ranciliogroup.com\/?p=61729"},"modified":"2022-10-26T16:39:31","modified_gmt":"2022-10-26T14:39:31","slug":"die-rancilio-group-auf-der-2022-international-cafe-show-in-seoul-mit-enr-international","status":"publish","type":"post","link":"https:\/\/www.ranciliogroup.com\/de\/die-rancilio-group-auf-der-2022-international-cafe-show-in-seoul-mit-enr-international\/","title":{"rendered":"Die Rancilio Group auf der 2022 International Caf\u00e9 Show in Seoul mit ENR International"},"content":{"rendered":"<p style=\"text-align: justify;\">Von Mittwoch, den 23. bis Samstag, den 26. November wird in Seoul die 21. Ausgabe der International Caf\u00e9 Show Seoul stattfinden &#8211; eine der gr\u00f6\u00dften Plattformen f\u00fcr die weltweite Kaffeeindustrie und F&amp;B-Kultur in Asien. Zu der Veranstaltung werden mehr als 600 Aussteller aus 40 L\u00e4ndern und \u00fcber 100.000 Besucher aus 80 L\u00e4ndern erwartet.<\/p>\n<p style=\"text-align: justify;\">Die Rancilio Group freut sich, an der Ausstellung am Stand von ENR International, dem langj\u00e4hrigen und gesch\u00e4tzten Partner der Rancilio Group, teilnehmen zu k\u00f6nnen. Die Ausstellung bietet eine einzigartige Gelegenheit, andere Fachleute der Branche zu treffen und Erfahrungen, Wissen und Kultur im weitl\u00e4ufigen Seoul Coex Convention &amp; Exhibition Center auszutauschen.<\/p>\n<p style=\"text-align: justify;\">Die Besucher werden die Gelegenheit haben, aus erster Hand das umfangreiche Produktangebot der Rancilio Group zu entdecken, das von traditionellen Kaffeemaschinen \u00fcber Espressomaschinen f\u00fcr Spezialit\u00e4tenkaffee bis hin zu Kaffeevollautomaten reicht.<\/p>\n<p style=\"text-align: justify;\"><img decoding=\"async\" loading=\"lazy\" class=\" wp-image-61560 alignleft\" src=\"https:\/\/www.ranciliogroup.com\/app\/uploads\/2022\/10\/World-Latte-Art-Battle-300x300.jpg\" alt=\"\" width=\"200\" height=\"200\" srcset=\"https:\/\/www.ranciliogroup.com\/app\/uploads\/2022\/10\/World-Latte-Art-Battle-300x300.jpg 300w, https:\/\/www.ranciliogroup.com\/app\/uploads\/2022\/10\/World-Latte-Art-Battle-150x150.jpg 150w, https:\/\/www.ranciliogroup.com\/app\/uploads\/2022\/10\/World-Latte-Art-Battle-70x70.jpg 70w, https:\/\/www.ranciliogroup.com\/app\/uploads\/2022\/10\/World-Latte-Art-Battle.jpg 681w\" sizes=\"(max-width: 200px) 100vw, 200px\" \/>Dar\u00fcber hinaus werden die Espressomaschine Rancilio Specialty Invicta und die professionelle Kaffeem\u00fchle Rancilio Kryo Evo 65 OD als offizielle Sponsoren des Wettbewerbs zusammen mit 32 ambitionierten Baristas aus der ganzen Welt auf der B\u00fchne stehen. Die K\u00fcnstler m\u00fcssen ihre unterschiedlichen F\u00e4higkeiten und Erfahrungen nutzen, um eine professionelle Jury zu \u00fcberzeugen, die neben ihren technischen F\u00e4higkeiten auch ihre Kreativit\u00e4t und Ausf\u00fchrungsqualit\u00e4t bewertet. Neben Adrenalin, Spa\u00df und unglaublichen Preisen werden die originellsten Kreationen zum World Latte Art Champion 2022 des World Coffee Battle Wettbewerbs gek\u00fcrt.<\/p>\n<p>&nbsp;<\/p>\n<h1><strong>ENR International \/ Rancilio Group<\/strong><\/h1>\n<h1><strong>Caf\u00e9 Show Seoul<\/strong><\/h1>\n<h1>Von Mittwoch 23. bis Samstag 26. November 2022<\/h1>\n<h1>Mi &#8211; Fr von 10 bis 18 Uhr<\/h1>\n<h1>Sa von 10 bis 16 Uhr<\/h1>\n<h1><a href=\"https:\/\/www.google.com\/maps\/place\/COEX\/@37.5116828,127.059151,15z\/data=!4m5!3m4!1s0x0:0x336c7537649c9fe4!8m2!3d37.5116828!4d127.059151\"><strong>Coex Convention &amp; Exhibition Center (Coex)<\/strong><\/a><\/h1>\n<h1>Halle A-D<\/h1>\n<h1>513, Yeongdong-daero, Gangnam-gu,<\/h1>\n<h1>06164, Seoul, Republik Korea<\/h1>\n<h1><\/h1>\n<p>&nbsp;<\/p>\n<h1><\/h1>\n<h1><strong>Verfolgen Sie das Ereignis auf unserer offiziellen Instagram-Seite<br \/>\n<\/strong>@ranciliospecialty #ranciliospecialty<\/h1>\n<h1><strong>\u00a0<\/strong><\/h1>\n<h1><a href=\"https:\/\/www.ranciliogroup.com\/de\/specialty\/invicta\/\"><strong>Mehr \u00fcber die Invicta erfahren <\/strong><\/a><\/h1>\n<h1><a href=\"https:\/\/www.ranciliogroup.com\/de\/rancilio\/kryo\/\"><strong>Mehr \u00fcber die Kryo erfahren<\/strong><\/a><\/h1>\n<h1><\/h1>\n<p>&nbsp;<\/p>\n<h1><a href=\"http:\/\/www.cafeshow.com\/eng\/main.asp\"><strong>F\u00fcr weitere Informationen zur Caf\u00e9 Show Seoul<\/strong><\/a><\/h1>\n<h1><a href=\"http:\/\/worldcoffeebattle.com\/22\"><strong>F\u00fcr weitere Informationen zur World Latte Art Battle und zur World Coffee Battle<\/strong><\/a><\/h1>\n","protected":false},"excerpt":{"rendered":"<p>Von Mittwoch, den 23. bis Samstag, den 26. November wird in Seoul die 21. Ausgabe der International Caf\u00e9 Show Seoul&#8230;<\/p>\n","protected":false},"author":5,"featured_media":61567,"comment_status":"closed","ping_status":"closed","sticky":false,"template":"","format":"standard","meta":[],"categories":[556],"tags":[2629,2628,2627,2597],"acf":[],"yoast_head":"<!-- This site is optimized with the Yoast SEO plugin v21.5 - https:\/\/yoast.com\/wordpress\/plugins\/seo\/ -->\n<title>Latest update about Die Rancilio Group auf der 2022 International Caf\u00e9 Show in Seoul mit ENR International - Rancilio Group<\/title>\n<meta name=\"description\" content=\"Read Rancilio Group&#039;s latest news about Die Rancilio Group auf der 2022 International Caf\u00e9 Show in Seoul mit ENR International\" \/>\n<meta name=\"robots\" content=\"index, follow, max-snippet:-1, max-image-preview:large, max-video-preview:-1\" \/>\n<link rel=\"canonical\" href=\"https:\/\/www.ranciliogroup.com\/de\/die-rancilio-group-auf-der-2022-international-cafe-show-in-seoul-mit-enr-international\/\" \/>\n<meta property=\"og:locale\" content=\"de_DE\" \/>\n<meta property=\"og:type\" content=\"article\" \/>\n<meta property=\"og:title\" content=\"Latest update about Die Rancilio Group auf der 2022 International Caf\u00e9 Show in Seoul mit ENR International - Rancilio Group\" \/>\n<meta property=\"og:description\" content=\"Read Rancilio Group&#039;s latest news about Die Rancilio Group auf der 2022 International Caf\u00e9 Show in Seoul mit ENR International\" \/>\n<meta property=\"og:url\" content=\"https:\/\/www.ranciliogroup.com\/de\/die-rancilio-group-auf-der-2022-international-cafe-show-in-seoul-mit-enr-international\/\" \/>\n<meta property=\"og:site_name\" content=\"Rancilio Group\" \/>\n<meta property=\"article:publisher\" content=\"https:\/\/www.facebook.com\/RancilioGroup\" \/>\n<meta property=\"article:published_time\" content=\"2022-10-26T14:08:28+00:00\" \/>\n<meta property=\"article:modified_time\" content=\"2022-10-26T14:39:31+00:00\" \/>\n<meta property=\"og:image\" content=\"https:\/\/www.ranciliogroup.com\/app\/uploads\/2022\/10\/20211030162426-copia_02.png\" \/>\n\t<meta property=\"og:image:width\" content=\"680\" \/>\n\t<meta property=\"og:image:height\" content=\"352\" \/>\n\t<meta property=\"og:image:type\" content=\"image\/png\" \/>\n<meta name=\"author\" content=\"temp circular\" \/>\n<meta name=\"twitter:card\" content=\"summary_large_image\" \/>\n<meta name=\"twitter:creator\" content=\"@ranciliogroup\" \/>\n<meta name=\"twitter:site\" content=\"@ranciliogroup\" \/>\n<meta name=\"twitter:label1\" content=\"Written by\" \/>\n\t<meta name=\"twitter:data1\" content=\"temp circular\" \/>\n\t<meta name=\"twitter:label2\" content=\"Est. reading time\" \/>\n\t<meta name=\"twitter:data2\" content=\"2 minutes\" \/>\n<script type=\"application\/ld+json\" class=\"yoast-schema-graph\">{\"@context\":\"https:\/\/schema.org\",\"@graph\":[{\"@type\":\"Article\",\"@id\":\"https:\/\/www.ranciliogroup.com\/de\/die-rancilio-group-auf-der-2022-international-cafe-show-in-seoul-mit-enr-international\/#article\",\"isPartOf\":{\"@id\":\"https:\/\/www.ranciliogroup.com\/de\/die-rancilio-group-auf-der-2022-international-cafe-show-in-seoul-mit-enr-international\/\"},\"author\":{\"name\":\"temp circular\",\"@id\":\"https:\/\/www.ranciliogroup.com\/de\/#\/schema\/person\/d6bf0a7dfe74cded3d64da8b2c92814c\"},\"headline\":\"Die Rancilio Group auf der 2022 International Caf\u00e9 Show in Seoul mit ENR International\",\"datePublished\":\"2022-10-26T14:08:28+00:00\",\"dateModified\":\"2022-10-26T14:39:31+00:00\",\"mainEntityOfPage\":{\"@id\":\"https:\/\/www.ranciliogroup.com\/de\/die-rancilio-group-auf-der-2022-international-cafe-show-in-seoul-mit-enr-international\/\"},\"wordCount\":322,\"publisher\":{\"@id\":\"https:\/\/www.ranciliogroup.com\/de\/#organization\"},\"keywords\":[\"Rancilio Group\",\"Kryo\",\"Invicta\",\"Rancilio Specialty\"],\"articleSection\":[\"VERANSTALTUNGEN\"],\"inLanguage\":\"de-DE\"},{\"@type\":\"WebPage\",\"@id\":\"https:\/\/www.ranciliogroup.com\/de\/die-rancilio-group-auf-der-2022-international-cafe-show-in-seoul-mit-enr-international\/\",\"url\":\"https:\/\/www.ranciliogroup.com\/de\/die-rancilio-group-auf-der-2022-international-cafe-show-in-seoul-mit-enr-international\/\",\"name\":\"Latest update about Die Rancilio Group auf der 2022 International Caf\u00e9 Show in Seoul mit ENR International - Rancilio Group\",\"isPartOf\":{\"@id\":\"https:\/\/www.ranciliogroup.com\/de\/#website\"},\"datePublished\":\"2022-10-26T14:08:28+00:00\",\"dateModified\":\"2022-10-26T14:39:31+00:00\",\"description\":\"Read Rancilio Group's latest news about Die Rancilio Group auf der 2022 International Caf\u00e9 Show in Seoul mit ENR International\",\"breadcrumb\":{\"@id\":\"https:\/\/www.ranciliogroup.com\/de\/die-rancilio-group-auf-der-2022-international-cafe-show-in-seoul-mit-enr-international\/#breadcrumb\"},\"inLanguage\":\"de-DE\",\"potentialAction\":[{\"@type\":\"ReadAction\",\"target\":[\"https:\/\/www.ranciliogroup.com\/de\/die-rancilio-group-auf-der-2022-international-cafe-show-in-seoul-mit-enr-international\/\"]}]},{\"@type\":\"BreadcrumbList\",\"@id\":\"https:\/\/www.ranciliogroup.com\/de\/die-rancilio-group-auf-der-2022-international-cafe-show-in-seoul-mit-enr-international\/#breadcrumb\",\"itemListElement\":[{\"@type\":\"ListItem\",\"position\":1,\"name\":\"Home\",\"item\":\"https:\/\/www.ranciliogroup.com\/de\/\"},{\"@type\":\"ListItem\",\"position\":2,\"name\":\"Die Rancilio Group auf der 2022 International Caf\u00e9 Show in Seoul mit ENR International\"}]},{\"@type\":\"WebSite\",\"@id\":\"https:\/\/www.ranciliogroup.com\/de\/#website\",\"url\":\"https:\/\/www.ranciliogroup.com\/de\/\",\"name\":\"Rancilio Group\",\"description\":\"Professionelle Kaffeemaschinen Leader\",\"publisher\":{\"@id\":\"https:\/\/www.ranciliogroup.com\/de\/#organization\"},\"potentialAction\":[{\"@type\":\"SearchAction\",\"target\":{\"@type\":\"EntryPoint\",\"urlTemplate\":\"https:\/\/www.ranciliogroup.com\/de\/?s={search_term_string}\"},\"query-input\":\"required name=search_term_string\"}],\"inLanguage\":\"de-DE\"},{\"@type\":\"Organization\",\"@id\":\"https:\/\/www.ranciliogroup.com\/de\/#organization\",\"name\":\"Rancilio Group\",\"url\":\"https:\/\/www.ranciliogroup.com\/de\/\",\"logo\":{\"@type\":\"ImageObject\",\"inLanguage\":\"de-DE\",\"@id\":\"https:\/\/www.ranciliogroup.com\/de\/#\/schema\/logo\/image\/\",\"url\":\"https:\/\/www.ranciliogroup.com\/app\/uploads\/2019\/07\/rancilio_black_logo.png\",\"contentUrl\":\"https:\/\/www.ranciliogroup.com\/app\/uploads\/2019\/07\/rancilio_black_logo.png\",\"width\":447,\"height\":57,\"caption\":\"Rancilio Group\"},\"image\":{\"@id\":\"https:\/\/www.ranciliogroup.com\/de\/#\/schema\/logo\/image\/\"},\"sameAs\":[\"https:\/\/www.facebook.com\/RancilioGroup\",\"https:\/\/twitter.com\/ranciliogroup\",\"https:\/\/www.instagram.com\/rancilio_official\/\",\"https:\/\/www.linkedin.com\/company\/ranciliogroup\/\",\"https:\/\/www.youtube.com\/user\/rancilioadmin\"]},{\"@type\":\"Person\",\"@id\":\"https:\/\/www.ranciliogroup.com\/de\/#\/schema\/person\/d6bf0a7dfe74cded3d64da8b2c92814c\",\"name\":\"temp circular\",\"image\":{\"@type\":\"ImageObject\",\"inLanguage\":\"de-DE\",\"@id\":\"https:\/\/www.ranciliogroup.com\/de\/#\/schema\/person\/image\/\",\"url\":\"https:\/\/secure.gravatar.com\/avatar\/569e71c3b97b8bcad1854d6579b35c5f?s=96&d=mm&r=g\",\"contentUrl\":\"https:\/\/secure.gravatar.com\/avatar\/569e71c3b97b8bcad1854d6579b35c5f?s=96&d=mm&r=g\",\"caption\":\"temp circular\"}}]}<\/script>\n<!-- \/ Yoast SEO plugin. -->","yoast_head_json":{"title":"Latest update about Die Rancilio Group auf der 2022 International Caf\u00e9 Show in Seoul mit ENR International - Rancilio Group","description":"Read Rancilio Group's latest news about Die Rancilio Group auf der 2022 International Caf\u00e9 Show in Seoul mit ENR International","robots":{"index":"index","follow":"follow","max-snippet":"max-snippet:-1","max-image-preview":"max-image-preview:large","max-video-preview":"max-video-preview:-1"},"canonical":"https:\/\/www.ranciliogroup.com\/de\/die-rancilio-group-auf-der-2022-international-cafe-show-in-seoul-mit-enr-international\/","og_locale":"de_DE","og_type":"article","og_title":"Latest update about Die Rancilio Group auf der 2022 International Caf\u00e9 Show in Seoul mit ENR International - Rancilio Group","og_description":"Read Rancilio Group's latest news about Die Rancilio Group auf der 2022 International Caf\u00e9 Show in Seoul mit ENR International","og_url":"https:\/\/www.ranciliogroup.com\/de\/die-rancilio-group-auf-der-2022-international-cafe-show-in-seoul-mit-enr-international\/","og_site_name":"Rancilio Group","article_publisher":"https:\/\/www.facebook.com\/RancilioGroup","article_published_time":"2022-10-26T14:08:28+00:00","article_modified_time":"2022-10-26T14:39:31+00:00","og_image":[{"width":680,"height":352,"url":"https:\/\/www.ranciliogroup.com\/app\/uploads\/2022\/10\/20211030162426-copia_02.png","type":"image\/png"}],"author":"temp circular","twitter_card":"summary_large_image","twitter_creator":"@ranciliogroup","twitter_site":"@ranciliogroup","twitter_misc":{"Written by":"temp circular","Est. reading time":"2 minutes"},"schema":{"@context":"https:\/\/schema.org","@graph":[{"@type":"Article","@id":"https:\/\/www.ranciliogroup.com\/de\/die-rancilio-group-auf-der-2022-international-cafe-show-in-seoul-mit-enr-international\/#article","isPartOf":{"@id":"https:\/\/www.ranciliogroup.com\/de\/die-rancilio-group-auf-der-2022-international-cafe-show-in-seoul-mit-enr-international\/"},"author":{"name":"temp circular","@id":"https:\/\/www.ranciliogroup.com\/de\/#\/schema\/person\/d6bf0a7dfe74cded3d64da8b2c92814c"},"headline":"Die Rancilio Group auf der 2022 International Caf\u00e9 Show in Seoul mit ENR International","datePublished":"2022-10-26T14:08:28+00:00","dateModified":"2022-10-26T14:39:31+00:00","mainEntityOfPage":{"@id":"https:\/\/www.ranciliogroup.com\/de\/die-rancilio-group-auf-der-2022-international-cafe-show-in-seoul-mit-enr-international\/"},"wordCount":322,"publisher":{"@id":"https:\/\/www.ranciliogroup.com\/de\/#organization"},"keywords":["Rancilio Group","Kryo","Invicta","Rancilio Specialty"],"articleSection":["VERANSTALTUNGEN"],"inLanguage":"de-DE"},{"@type":"WebPage","@id":"https:\/\/www.ranciliogroup.com\/de\/die-rancilio-group-auf-der-2022-international-cafe-show-in-seoul-mit-enr-international\/","url":"https:\/\/www.ranciliogroup.com\/de\/die-rancilio-group-auf-der-2022-international-cafe-show-in-seoul-mit-enr-international\/","name":"Latest update about Die Rancilio Group auf der 2022 International Caf\u00e9 Show in Seoul mit ENR International - Rancilio Group","isPartOf":{"@id":"https:\/\/www.ranciliogroup.com\/de\/#website"},"datePublished":"2022-10-26T14:08:28+00:00","dateModified":"2022-10-26T14:39:31+00:00","description":"Read Rancilio Group's latest news about Die Rancilio Group auf der 2022 International Caf\u00e9 Show in Seoul mit ENR International","breadcrumb":{"@id":"https:\/\/www.ranciliogroup.com\/de\/die-rancilio-group-auf-der-2022-international-cafe-show-in-seoul-mit-enr-international\/#breadcrumb"},"inLanguage":"de-DE","potentialAction":[{"@type":"ReadAction","target":["https:\/\/www.ranciliogroup.com\/de\/die-rancilio-group-auf-der-2022-international-cafe-show-in-seoul-mit-enr-international\/"]}]},{"@type":"BreadcrumbList","@id":"https:\/\/www.ranciliogroup.com\/de\/die-rancilio-group-auf-der-2022-international-cafe-show-in-seoul-mit-enr-international\/#breadcrumb","itemListElement":[{"@type":"ListItem","position":1,"name":"Home","item":"https:\/\/www.ranciliogroup.com\/de\/"},{"@type":"ListItem","position":2,"name":"Die Rancilio Group auf der 2022 International Caf\u00e9 Show in Seoul mit ENR International"}]},{"@type":"WebSite","@id":"https:\/\/www.ranciliogroup.com\/de\/#website","url":"https:\/\/www.ranciliogroup.com\/de\/","name":"Rancilio Group","description":"Professionelle Kaffeemaschinen Leader","publisher":{"@id":"https:\/\/www.ranciliogroup.com\/de\/#organization"},"potentialAction":[{"@type":"SearchAction","target":{"@type":"EntryPoint","urlTemplate":"https:\/\/www.ranciliogroup.com\/de\/?s={search_term_string}"},"query-input":"required name=search_term_string"}],"inLanguage":"de-DE"},{"@type":"Organization","@id":"https:\/\/www.ranciliogroup.com\/de\/#organization","name":"Rancilio Group","url":"https:\/\/www.ranciliogroup.com\/de\/","logo":{"@type":"ImageObject","inLanguage":"de-DE","@id":"https:\/\/www.ranciliogroup.com\/de\/#\/schema\/logo\/image\/","url":"https:\/\/www.ranciliogroup.com\/app\/uploads\/2019\/07\/rancilio_black_logo.png","contentUrl":"https:\/\/www.ranciliogroup.com\/app\/uploads\/2019\/07\/rancilio_black_logo.png","width":447,"height":57,"caption":"Rancilio Group"},"image":{"@id":"https:\/\/www.ranciliogroup.com\/de\/#\/schema\/logo\/image\/"},"sameAs":["https:\/\/www.facebook.com\/RancilioGroup","https:\/\/twitter.com\/ranciliogroup","https:\/\/www.instagram.com\/rancilio_official\/","https:\/\/www.linkedin.com\/company\/ranciliogroup\/","https:\/\/www.youtube.com\/user\/rancilioadmin"]},{"@type":"Person","@id":"https:\/\/www.ranciliogroup.com\/de\/#\/schema\/person\/d6bf0a7dfe74cded3d64da8b2c92814c","name":"temp circular","image":{"@type":"ImageObject","inLanguage":"de-DE","@id":"https:\/\/www.ranciliogroup.com\/de\/#\/schema\/person\/image\/","url":"https:\/\/secure.gravatar.com\/avatar\/569e71c3b97b8bcad1854d6579b35c5f?s=96&d=mm&r=g","contentUrl":"https:\/\/secure.gravatar.com\/avatar\/569e71c3b97b8bcad1854d6579b35c5f?s=96&d=mm&r=g","caption":"temp circular"}}]}},"_links":{"self":[{"href":"https:\/\/www.ranciliogroup.com\/de\/wp-json\/wp\/v2\/posts\/61729"}],"collection":[{"href":"https:\/\/www.ranciliogroup.com\/de\/wp-json\/wp\/v2\/posts"}],"about":[{"href":"https:\/\/www.ranciliogroup.com\/de\/wp-json\/wp\/v2\/types\/post"}],"author":[{"embeddable":true,"href":"https:\/\/www.ranciliogroup.com\/de\/wp-json\/wp\/v2\/users\/5"}],"replies":[{"embeddable":true,"href":"https:\/\/www.ranciliogroup.com\/de\/wp-json\/wp\/v2\/comments?post=61729"}],"version-history":[{"count":6,"href":"https:\/\/www.ranciliogroup.com\/de\/wp-json\/wp\/v2\/posts\/61729\/revisions"}],"predecessor-version":[{"id":61751,"href":"https:\/\/www.ranciliogroup.com\/de\/wp-json\/wp\/v2\/posts\/61729\/revisions\/61751"}],"wp:featuredmedia":[{"embeddable":true,"href":"https:\/\/www.ranciliogroup.com\/de\/wp-json\/wp\/v2\/media\/61567"}],"wp:attachment":[{"href":"https:\/\/www.ranciliogroup.com\/de\/wp-json\/wp\/v2\/media?parent=61729"}],"wp:term":[{"taxonomy":"category","embeddable":true,"href":"https:\/\/www.ranciliogroup.com\/de\/wp-json\/wp\/v2\/categories?post=61729"},{"taxonomy":"post_tag","embeddable":true,"href":"https:\/\/www.ranciliogroup.com\/de\/wp-json\/wp\/v2\/tags?post=61729"}],"curies":[{"name":"wp","href":"https:\/\/api.w.org\/{rel}","templated":true}]}}