{"id":64165,"date":"2022-12-19T11:36:48","date_gmt":"2022-12-19T10:36:48","guid":{"rendered":"https:\/\/www.ranciliogroup.com\/?p=64165"},"modified":"2023-06-22T09:13:54","modified_gmt":"2023-06-22T07:13:54","slug":"tag-der-sicherheit-bei-der-rancilio-group-fuer-mehr-sicherheit-und-gesundheit-am-arbeitsplatz","status":"publish","type":"post","link":"https:\/\/www.ranciliogroup.com\/de\/tag-der-sicherheit-bei-der-rancilio-group-fuer-mehr-sicherheit-und-gesundheit-am-arbeitsplatz\/","title":{"rendered":"Tag der Sicherheit bei der Rancilio Group: F\u00fcr mehr Sicherheit und Gesundheit am Arbeitsplatz"},"content":{"rendered":"<p>In der Rancilio Group ist die Aufmerksamkeit f\u00fcr die Arbeitsbedingungen unserer Mitarbeiter von gr\u00f6\u00dfter Bedeutung. Unser Motto lautet <em>Sicherheit zuerst<\/em>!, weshalb wir uns verpflichtet haben, zur Gew\u00e4hrleistung von Sicherheit und Gesundheit bei der Aus\u00fcbung der t\u00e4glichen Arbeit stets Leitlinien bereitzustellen.<\/p>\n<p>Am 25. November organisierte die Rancilio Group mit Unterst\u00fctzung von Aristea di Legnano den Safety Day, einen Schulungstag zum Thema Gesundheit und Sicherheit am Arbeitsplatz.<\/p>\n<p>Die diesj\u00e4hrige Veranstaltung fand in Form eines \u201eSpeed-Dates\u201c statt, bei dem unsere Gruppe zur Teilnahme an vier verschiedenen Workshops eingeladen war, die von den Ausbildern Gloria Bevilacqua, Myriam Sabolla, Marino Ghezzi und Andrea Spadotto geleitet wurden und uns dabei halfen, verschiedene Fragen zum Wohlbefinden der Menschen in unserem Unternehmen zu er\u00f6rtern.<\/p>\n<p><img decoding=\"async\" loading=\"lazy\" class=\" wp-image-63633 aligncenter\" src=\"https:\/\/www.ranciliogroup.com\/app\/uploads\/2022\/12\/2022_SAFETY_DAY_-60-300x200.jpg\" alt=\"\" width=\"500\" height=\"333\" srcset=\"https:\/\/www.ranciliogroup.com\/app\/uploads\/2022\/12\/2022_SAFETY_DAY_-60-300x200.jpg 300w, https:\/\/www.ranciliogroup.com\/app\/uploads\/2022\/12\/2022_SAFETY_DAY_-60-1024x684.jpg 1024w, https:\/\/www.ranciliogroup.com\/app\/uploads\/2022\/12\/2022_SAFETY_DAY_-60-768x513.jpg 768w, https:\/\/www.ranciliogroup.com\/app\/uploads\/2022\/12\/2022_SAFETY_DAY_-60-70x47.jpg 70w, https:\/\/www.ranciliogroup.com\/app\/uploads\/2022\/12\/2022_SAFETY_DAY_-60.jpg 1080w\" sizes=\"(max-width: 500px) 100vw, 500px\" \/>In einer chaotischen und dynamischen Welt wie der unseren passiert es leicht, dass wir unser k\u00f6rperliches und geistiges Wohlbefinden vernachl\u00e4ssigen. Kleine Ma\u00dfnahmen f\u00fcr sich selbst und f\u00fcr andere k\u00f6nnen unseren Lebensstil sowohl im privaten als auch im beruflichen Bereich erheblich verbessern.<\/p>\n<p>Die Art und Weise, wie wir Stress und \u00e4u\u00dferen Druck verarbeiten, kann sich positiv oder negativ auf die Menschen auswirken, mit denen wir zu tun haben. Wenn wir uns w\u00e4hrend des Tages Zeit f\u00fcr uns selbst nehmen, k\u00f6nnen wir wertvolle Momente zum Auftanken finden und die Dinge aus einer anderen Perspektive betrachten.<\/p>\n<p>Die Ern\u00e4hrung ist ein weiterer wesentlicher Faktor, der uns die f\u00fcr eine gute Arbeit notwendige Energie garantiert. Kleine t\u00e4gliche gesunde Entscheidungen bei den Mahlzeiten k\u00f6nnen uns helfen, lockerer, produktiver und positiver zu sein.<\/p>\n<p><img decoding=\"async\" loading=\"lazy\" class=\" wp-image-63626 aligncenter\" src=\"https:\/\/www.ranciliogroup.com\/app\/uploads\/2022\/12\/2022_SAFETY_DAY_-232-300x200.jpg\" alt=\"\" width=\"500\" height=\"333\" srcset=\"https:\/\/www.ranciliogroup.com\/app\/uploads\/2022\/12\/2022_SAFETY_DAY_-232-300x200.jpg 300w, https:\/\/www.ranciliogroup.com\/app\/uploads\/2022\/12\/2022_SAFETY_DAY_-232-1024x684.jpg 1024w, https:\/\/www.ranciliogroup.com\/app\/uploads\/2022\/12\/2022_SAFETY_DAY_-232-768x513.jpg 768w, https:\/\/www.ranciliogroup.com\/app\/uploads\/2022\/12\/2022_SAFETY_DAY_-232-70x47.jpg 70w, https:\/\/www.ranciliogroup.com\/app\/uploads\/2022\/12\/2022_SAFETY_DAY_-232.jpg 1080w\" sizes=\"(max-width: 500px) 100vw, 500px\" \/>Unsere Mitarbeiter hatten auch die Gelegenheit herauszufinden, wie eine positive Einstellung und ein sicheres Verhalten die Qualit\u00e4t und Sicherheit ihrer eigenen Arbeit und der anderer verbessern k\u00f6nnen.<\/p>\n<p>Der erste Faktor, den es zu ber\u00fccksichtigen gilt, ist jedoch die Kommunikation. Die Einsch\u00e4tzung, wie andere Menschen unsere Gesten, Worte und Anweisungen lesen, kann unsere St\u00e4rke als Team verbessern und unsere F\u00fchrung effektiver machen.<\/p>\n<p><strong>Wir danken allen, die an der Organisation der Veranstaltung mitgewirkt haben, und den Kollegen, die mit Begeisterung und Zusammenarbeit teilgenommen haben.<\/strong><\/p>\n<p>&nbsp;<\/p>\n<p><a href=\"https:\/\/www.linkedin.com\/company\/ranciliogroup\/\"><strong>Verfolgen Sie die Veranstaltung auf Linkedin<\/strong><\/a><\/p>\n<p>&nbsp;<\/p>\n","protected":false},"excerpt":{"rendered":"<p>In der Rancilio Group ist die Aufmerksamkeit f\u00fcr die Arbeitsbedingungen unserer Mitarbeiter von gr\u00f6\u00dfter Bedeutung. Unser Motto lautet Sicherheit zuerst!,&#8230;<\/p>\n","protected":false},"author":5,"featured_media":63618,"comment_status":"closed","ping_status":"closed","sticky":false,"template":"","format":"standard","meta":[],"categories":[556,3046],"tags":[2723,2629],"acf":[],"yoast_head":"<!-- This site is optimized with the Yoast SEO plugin v21.5 - https:\/\/yoast.com\/wordpress\/plugins\/seo\/ -->\n<title>Latest update about Tag der Sicherheit bei der Rancilio Group: F\u00fcr mehr Sicherheit und Gesundheit am Arbeitsplatz - Rancilio Group<\/title>\n<meta name=\"description\" content=\"Read Rancilio Group&#039;s latest news about Tag der Sicherheit bei der Rancilio Group: F\u00fcr mehr Sicherheit und Gesundheit am Arbeitsplatz\" \/>\n<meta name=\"robots\" content=\"index, follow, max-snippet:-1, max-image-preview:large, max-video-preview:-1\" \/>\n<link rel=\"canonical\" href=\"https:\/\/www.ranciliogroup.com\/de\/tag-der-sicherheit-bei-der-rancilio-group-fuer-mehr-sicherheit-und-gesundheit-am-arbeitsplatz\/\" \/>\n<meta property=\"og:locale\" content=\"de_DE\" \/>\n<meta property=\"og:type\" content=\"article\" \/>\n<meta property=\"og:title\" content=\"Latest update about Tag der Sicherheit bei der Rancilio Group: F\u00fcr mehr Sicherheit und Gesundheit am Arbeitsplatz - Rancilio Group\" \/>\n<meta property=\"og:description\" content=\"Read Rancilio Group&#039;s latest news about Tag der Sicherheit bei der Rancilio Group: F\u00fcr mehr Sicherheit und Gesundheit am Arbeitsplatz\" \/>\n<meta property=\"og:url\" content=\"https:\/\/www.ranciliogroup.com\/de\/tag-der-sicherheit-bei-der-rancilio-group-fuer-mehr-sicherheit-und-gesundheit-am-arbeitsplatz\/\" \/>\n<meta property=\"og:site_name\" content=\"Rancilio Group\" \/>\n<meta property=\"article:publisher\" content=\"https:\/\/www.facebook.com\/RancilioGroup\" \/>\n<meta property=\"article:published_time\" content=\"2022-12-19T10:36:48+00:00\" \/>\n<meta property=\"article:modified_time\" content=\"2023-06-22T07:13:54+00:00\" \/>\n<meta property=\"og:image\" content=\"https:\/\/www.ranciliogroup.com\/app\/uploads\/2022\/12\/2022_SAFETY_DAY_-100-1.jpg\" \/>\n\t<meta property=\"og:image:width\" content=\"1080\" \/>\n\t<meta property=\"og:image:height\" content=\"721\" \/>\n\t<meta property=\"og:image:type\" content=\"image\/jpeg\" \/>\n<meta name=\"author\" content=\"temp circular\" \/>\n<meta name=\"twitter:card\" content=\"summary_large_image\" \/>\n<meta name=\"twitter:creator\" content=\"@ranciliogroup\" \/>\n<meta name=\"twitter:site\" content=\"@ranciliogroup\" \/>\n<meta name=\"twitter:label1\" content=\"Written by\" \/>\n\t<meta name=\"twitter:data1\" content=\"temp circular\" \/>\n\t<meta name=\"twitter:label2\" content=\"Est. reading time\" \/>\n\t<meta name=\"twitter:data2\" content=\"2 minutes\" \/>\n<script type=\"application\/ld+json\" class=\"yoast-schema-graph\">{\"@context\":\"https:\/\/schema.org\",\"@graph\":[{\"@type\":\"Article\",\"@id\":\"https:\/\/www.ranciliogroup.com\/de\/tag-der-sicherheit-bei-der-rancilio-group-fuer-mehr-sicherheit-und-gesundheit-am-arbeitsplatz\/#article\",\"isPartOf\":{\"@id\":\"https:\/\/www.ranciliogroup.com\/de\/tag-der-sicherheit-bei-der-rancilio-group-fuer-mehr-sicherheit-und-gesundheit-am-arbeitsplatz\/\"},\"author\":{\"name\":\"temp circular\",\"@id\":\"https:\/\/www.ranciliogroup.com\/de\/#\/schema\/person\/d6bf0a7dfe74cded3d64da8b2c92814c\"},\"headline\":\"Tag der Sicherheit bei der Rancilio Group: F\u00fcr mehr Sicherheit und Gesundheit am Arbeitsplatz\",\"datePublished\":\"2022-12-19T10:36:48+00:00\",\"dateModified\":\"2023-06-22T07:13:54+00:00\",\"mainEntityOfPage\":{\"@id\":\"https:\/\/www.ranciliogroup.com\/de\/tag-der-sicherheit-bei-der-rancilio-group-fuer-mehr-sicherheit-und-gesundheit-am-arbeitsplatz\/\"},\"wordCount\":374,\"publisher\":{\"@id\":\"https:\/\/www.ranciliogroup.com\/de\/#organization\"},\"keywords\":[\"Safety Day\",\"Rancilio Group\"],\"articleSection\":[\"VERANSTALTUNGEN\",\"Nachhaltigkeit\"],\"inLanguage\":\"de-DE\"},{\"@type\":\"WebPage\",\"@id\":\"https:\/\/www.ranciliogroup.com\/de\/tag-der-sicherheit-bei-der-rancilio-group-fuer-mehr-sicherheit-und-gesundheit-am-arbeitsplatz\/\",\"url\":\"https:\/\/www.ranciliogroup.com\/de\/tag-der-sicherheit-bei-der-rancilio-group-fuer-mehr-sicherheit-und-gesundheit-am-arbeitsplatz\/\",\"name\":\"Latest update about Tag der Sicherheit bei der Rancilio Group: F\u00fcr mehr Sicherheit und Gesundheit am Arbeitsplatz - Rancilio Group\",\"isPartOf\":{\"@id\":\"https:\/\/www.ranciliogroup.com\/de\/#website\"},\"datePublished\":\"2022-12-19T10:36:48+00:00\",\"dateModified\":\"2023-06-22T07:13:54+00:00\",\"description\":\"Read Rancilio Group's latest news about Tag der Sicherheit bei der Rancilio Group: F\u00fcr mehr Sicherheit und Gesundheit am Arbeitsplatz\",\"breadcrumb\":{\"@id\":\"https:\/\/www.ranciliogroup.com\/de\/tag-der-sicherheit-bei-der-rancilio-group-fuer-mehr-sicherheit-und-gesundheit-am-arbeitsplatz\/#breadcrumb\"},\"inLanguage\":\"de-DE\",\"potentialAction\":[{\"@type\":\"ReadAction\",\"target\":[\"https:\/\/www.ranciliogroup.com\/de\/tag-der-sicherheit-bei-der-rancilio-group-fuer-mehr-sicherheit-und-gesundheit-am-arbeitsplatz\/\"]}]},{\"@type\":\"BreadcrumbList\",\"@id\":\"https:\/\/www.ranciliogroup.com\/de\/tag-der-sicherheit-bei-der-rancilio-group-fuer-mehr-sicherheit-und-gesundheit-am-arbeitsplatz\/#breadcrumb\",\"itemListElement\":[{\"@type\":\"ListItem\",\"position\":1,\"name\":\"Home\",\"item\":\"https:\/\/www.ranciliogroup.com\/de\/\"},{\"@type\":\"ListItem\",\"position\":2,\"name\":\"Tag der Sicherheit bei der Rancilio Group: F\u00fcr mehr Sicherheit und Gesundheit am Arbeitsplatz\"}]},{\"@type\":\"WebSite\",\"@id\":\"https:\/\/www.ranciliogroup.com\/de\/#website\",\"url\":\"https:\/\/www.ranciliogroup.com\/de\/\",\"name\":\"Rancilio Group\",\"description\":\"Professionelle Kaffeemaschinen Leader\",\"publisher\":{\"@id\":\"https:\/\/www.ranciliogroup.com\/de\/#organization\"},\"potentialAction\":[{\"@type\":\"SearchAction\",\"target\":{\"@type\":\"EntryPoint\",\"urlTemplate\":\"https:\/\/www.ranciliogroup.com\/de\/?s={search_term_string}\"},\"query-input\":\"required name=search_term_string\"}],\"inLanguage\":\"de-DE\"},{\"@type\":\"Organization\",\"@id\":\"https:\/\/www.ranciliogroup.com\/de\/#organization\",\"name\":\"Rancilio Group\",\"url\":\"https:\/\/www.ranciliogroup.com\/de\/\",\"logo\":{\"@type\":\"ImageObject\",\"inLanguage\":\"de-DE\",\"@id\":\"https:\/\/www.ranciliogroup.com\/de\/#\/schema\/logo\/image\/\",\"url\":\"https:\/\/www.ranciliogroup.com\/app\/uploads\/2019\/07\/rancilio_black_logo.png\",\"contentUrl\":\"https:\/\/www.ranciliogroup.com\/app\/uploads\/2019\/07\/rancilio_black_logo.png\",\"width\":447,\"height\":57,\"caption\":\"Rancilio Group\"},\"image\":{\"@id\":\"https:\/\/www.ranciliogroup.com\/de\/#\/schema\/logo\/image\/\"},\"sameAs\":[\"https:\/\/www.facebook.com\/RancilioGroup\",\"https:\/\/twitter.com\/ranciliogroup\",\"https:\/\/www.instagram.com\/rancilio_official\/\",\"https:\/\/www.linkedin.com\/company\/ranciliogroup\/\",\"https:\/\/www.youtube.com\/user\/rancilioadmin\"]},{\"@type\":\"Person\",\"@id\":\"https:\/\/www.ranciliogroup.com\/de\/#\/schema\/person\/d6bf0a7dfe74cded3d64da8b2c92814c\",\"name\":\"temp circular\",\"image\":{\"@type\":\"ImageObject\",\"inLanguage\":\"de-DE\",\"@id\":\"https:\/\/www.ranciliogroup.com\/de\/#\/schema\/person\/image\/\",\"url\":\"https:\/\/secure.gravatar.com\/avatar\/569e71c3b97b8bcad1854d6579b35c5f?s=96&d=mm&r=g\",\"contentUrl\":\"https:\/\/secure.gravatar.com\/avatar\/569e71c3b97b8bcad1854d6579b35c5f?s=96&d=mm&r=g\",\"caption\":\"temp circular\"}}]}<\/script>\n<!-- \/ Yoast SEO plugin. -->","yoast_head_json":{"title":"Latest update about Tag der Sicherheit bei der Rancilio Group: F\u00fcr mehr Sicherheit und Gesundheit am Arbeitsplatz - Rancilio Group","description":"Read Rancilio Group's latest news about Tag der Sicherheit bei der Rancilio Group: F\u00fcr mehr Sicherheit und Gesundheit am Arbeitsplatz","robots":{"index":"index","follow":"follow","max-snippet":"max-snippet:-1","max-image-preview":"max-image-preview:large","max-video-preview":"max-video-preview:-1"},"canonical":"https:\/\/www.ranciliogroup.com\/de\/tag-der-sicherheit-bei-der-rancilio-group-fuer-mehr-sicherheit-und-gesundheit-am-arbeitsplatz\/","og_locale":"de_DE","og_type":"article","og_title":"Latest update about Tag der Sicherheit bei der Rancilio Group: F\u00fcr mehr Sicherheit und Gesundheit am Arbeitsplatz - Rancilio Group","og_description":"Read Rancilio Group's latest news about Tag der Sicherheit bei der Rancilio Group: F\u00fcr mehr Sicherheit und Gesundheit am Arbeitsplatz","og_url":"https:\/\/www.ranciliogroup.com\/de\/tag-der-sicherheit-bei-der-rancilio-group-fuer-mehr-sicherheit-und-gesundheit-am-arbeitsplatz\/","og_site_name":"Rancilio Group","article_publisher":"https:\/\/www.facebook.com\/RancilioGroup","article_published_time":"2022-12-19T10:36:48+00:00","article_modified_time":"2023-06-22T07:13:54+00:00","og_image":[{"width":1080,"height":721,"url":"https:\/\/www.ranciliogroup.com\/app\/uploads\/2022\/12\/2022_SAFETY_DAY_-100-1.jpg","type":"image\/jpeg"}],"author":"temp circular","twitter_card":"summary_large_image","twitter_creator":"@ranciliogroup","twitter_site":"@ranciliogroup","twitter_misc":{"Written by":"temp circular","Est. reading time":"2 minutes"},"schema":{"@context":"https:\/\/schema.org","@graph":[{"@type":"Article","@id":"https:\/\/www.ranciliogroup.com\/de\/tag-der-sicherheit-bei-der-rancilio-group-fuer-mehr-sicherheit-und-gesundheit-am-arbeitsplatz\/#article","isPartOf":{"@id":"https:\/\/www.ranciliogroup.com\/de\/tag-der-sicherheit-bei-der-rancilio-group-fuer-mehr-sicherheit-und-gesundheit-am-arbeitsplatz\/"},"author":{"name":"temp circular","@id":"https:\/\/www.ranciliogroup.com\/de\/#\/schema\/person\/d6bf0a7dfe74cded3d64da8b2c92814c"},"headline":"Tag der Sicherheit bei der Rancilio Group: F\u00fcr mehr Sicherheit und Gesundheit am Arbeitsplatz","datePublished":"2022-12-19T10:36:48+00:00","dateModified":"2023-06-22T07:13:54+00:00","mainEntityOfPage":{"@id":"https:\/\/www.ranciliogroup.com\/de\/tag-der-sicherheit-bei-der-rancilio-group-fuer-mehr-sicherheit-und-gesundheit-am-arbeitsplatz\/"},"wordCount":374,"publisher":{"@id":"https:\/\/www.ranciliogroup.com\/de\/#organization"},"keywords":["Safety Day","Rancilio Group"],"articleSection":["VERANSTALTUNGEN","Nachhaltigkeit"],"inLanguage":"de-DE"},{"@type":"WebPage","@id":"https:\/\/www.ranciliogroup.com\/de\/tag-der-sicherheit-bei-der-rancilio-group-fuer-mehr-sicherheit-und-gesundheit-am-arbeitsplatz\/","url":"https:\/\/www.ranciliogroup.com\/de\/tag-der-sicherheit-bei-der-rancilio-group-fuer-mehr-sicherheit-und-gesundheit-am-arbeitsplatz\/","name":"Latest update about Tag der Sicherheit bei der Rancilio Group: F\u00fcr mehr Sicherheit und Gesundheit am Arbeitsplatz - Rancilio Group","isPartOf":{"@id":"https:\/\/www.ranciliogroup.com\/de\/#website"},"datePublished":"2022-12-19T10:36:48+00:00","dateModified":"2023-06-22T07:13:54+00:00","description":"Read Rancilio Group's latest news about Tag der Sicherheit bei der Rancilio Group: F\u00fcr mehr Sicherheit und Gesundheit am Arbeitsplatz","breadcrumb":{"@id":"https:\/\/www.ranciliogroup.com\/de\/tag-der-sicherheit-bei-der-rancilio-group-fuer-mehr-sicherheit-und-gesundheit-am-arbeitsplatz\/#breadcrumb"},"inLanguage":"de-DE","potentialAction":[{"@type":"ReadAction","target":["https:\/\/www.ranciliogroup.com\/de\/tag-der-sicherheit-bei-der-rancilio-group-fuer-mehr-sicherheit-und-gesundheit-am-arbeitsplatz\/"]}]},{"@type":"BreadcrumbList","@id":"https:\/\/www.ranciliogroup.com\/de\/tag-der-sicherheit-bei-der-rancilio-group-fuer-mehr-sicherheit-und-gesundheit-am-arbeitsplatz\/#breadcrumb","itemListElement":[{"@type":"ListItem","position":1,"name":"Home","item":"https:\/\/www.ranciliogroup.com\/de\/"},{"@type":"ListItem","position":2,"name":"Tag der Sicherheit bei der Rancilio Group: F\u00fcr mehr Sicherheit und Gesundheit am Arbeitsplatz"}]},{"@type":"WebSite","@id":"https:\/\/www.ranciliogroup.com\/de\/#website","url":"https:\/\/www.ranciliogroup.com\/de\/","name":"Rancilio Group","description":"Professionelle Kaffeemaschinen Leader","publisher":{"@id":"https:\/\/www.ranciliogroup.com\/de\/#organization"},"potentialAction":[{"@type":"SearchAction","target":{"@type":"EntryPoint","urlTemplate":"https:\/\/www.ranciliogroup.com\/de\/?s={search_term_string}"},"query-input":"required name=search_term_string"}],"inLanguage":"de-DE"},{"@type":"Organization","@id":"https:\/\/www.ranciliogroup.com\/de\/#organization","name":"Rancilio Group","url":"https:\/\/www.ranciliogroup.com\/de\/","logo":{"@type":"ImageObject","inLanguage":"de-DE","@id":"https:\/\/www.ranciliogroup.com\/de\/#\/schema\/logo\/image\/","url":"https:\/\/www.ranciliogroup.com\/app\/uploads\/2019\/07\/rancilio_black_logo.png","contentUrl":"https:\/\/www.ranciliogroup.com\/app\/uploads\/2019\/07\/rancilio_black_logo.png","width":447,"height":57,"caption":"Rancilio Group"},"image":{"@id":"https:\/\/www.ranciliogroup.com\/de\/#\/schema\/logo\/image\/"},"sameAs":["https:\/\/www.facebook.com\/RancilioGroup","https:\/\/twitter.com\/ranciliogroup","https:\/\/www.instagram.com\/rancilio_official\/","https:\/\/www.linkedin.com\/company\/ranciliogroup\/","https:\/\/www.youtube.com\/user\/rancilioadmin"]},{"@type":"Person","@id":"https:\/\/www.ranciliogroup.com\/de\/#\/schema\/person\/d6bf0a7dfe74cded3d64da8b2c92814c","name":"temp circular","image":{"@type":"ImageObject","inLanguage":"de-DE","@id":"https:\/\/www.ranciliogroup.com\/de\/#\/schema\/person\/image\/","url":"https:\/\/secure.gravatar.com\/avatar\/569e71c3b97b8bcad1854d6579b35c5f?s=96&d=mm&r=g","contentUrl":"https:\/\/secure.gravatar.com\/avatar\/569e71c3b97b8bcad1854d6579b35c5f?s=96&d=mm&r=g","caption":"temp circular"}}]}},"_links":{"self":[{"href":"https:\/\/www.ranciliogroup.com\/de\/wp-json\/wp\/v2\/posts\/64165"}],"collection":[{"href":"https:\/\/www.ranciliogroup.com\/de\/wp-json\/wp\/v2\/posts"}],"about":[{"href":"https:\/\/www.ranciliogroup.com\/de\/wp-json\/wp\/v2\/types\/post"}],"author":[{"embeddable":true,"href":"https:\/\/www.ranciliogroup.com\/de\/wp-json\/wp\/v2\/users\/5"}],"replies":[{"embeddable":true,"href":"https:\/\/www.ranciliogroup.com\/de\/wp-json\/wp\/v2\/comments?post=64165"}],"version-history":[{"count":1,"href":"https:\/\/www.ranciliogroup.com\/de\/wp-json\/wp\/v2\/posts\/64165\/revisions"}],"predecessor-version":[{"id":64166,"href":"https:\/\/www.ranciliogroup.com\/de\/wp-json\/wp\/v2\/posts\/64165\/revisions\/64166"}],"wp:featuredmedia":[{"embeddable":true,"href":"https:\/\/www.ranciliogroup.com\/de\/wp-json\/wp\/v2\/media\/63618"}],"wp:attachment":[{"href":"https:\/\/www.ranciliogroup.com\/de\/wp-json\/wp\/v2\/media?parent=64165"}],"wp:term":[{"taxonomy":"category","embeddable":true,"href":"https:\/\/www.ranciliogroup.com\/de\/wp-json\/wp\/v2\/categories?post=64165"},{"taxonomy":"post_tag","embeddable":true,"href":"https:\/\/www.ranciliogroup.com\/de\/wp-json\/wp\/v2\/tags?post=64165"}],"curies":[{"name":"wp","href":"https:\/\/api.w.org\/{rel}","templated":true}]}}