{"id":64319,"date":"2022-12-22T12:20:39","date_gmt":"2022-12-22T11:20:39","guid":{"rendered":"https:\/\/www.ranciliogroup.com\/?p=64319"},"modified":"2022-12-22T12:20:39","modified_gmt":"2022-12-22T11:20:39","slug":"rancilio-group-fuer-die-dubai-world-of-coffee-2023-erneut-in-den-vereinigten-arabischen-emiraten","status":"publish","type":"post","link":"https:\/\/www.ranciliogroup.com\/de\/rancilio-group-fuer-die-dubai-world-of-coffee-2023-erneut-in-den-vereinigten-arabischen-emiraten\/","title":{"rendered":"Rancilio Group f\u00fcr die Dubai World of Coffee 2023 erneut in den Vereinigten Arabischen Emiraten"},"content":{"rendered":"<p>Von Mittwoch, den 11. bis Freitag, den 13. Januar erwartet Sie die Rancilio Group im World Trade Center zur Dubai World of Coffee, der Weltmesse, die im vergangenen Jahr rund 7.000 Kaffeefachleute aus mehr als 30 L\u00e4ndern erfolgreich zusammenbrachte und sich nun auf ihre zweite Ausgabe vorbereitet.<\/p>\n<p>Die in Zusammenarbeit mit der Specialty Coffee Association (SCA) organisierte Veranstaltung ist die f\u00fchrende Kaffeemesse im Nahen Osten f\u00fcr internationale Aussteller und Besucher, die mehr \u00fcber den aufstrebenden Kaffeesektor in diesem faszinierenden Teil der Welt erfahren m\u00f6chten.<\/p>\n<p><img decoding=\"async\" loading=\"lazy\" class=\"wp-image-64214 aligncenter\" src=\"https:\/\/www.ranciliogroup.com\/app\/uploads\/2022\/12\/RS1-3GR_DUBAI-BACK-GOLD_02-300x191.jpg\" alt=\"\" width=\"501\" height=\"319\" srcset=\"https:\/\/www.ranciliogroup.com\/app\/uploads\/2022\/12\/RS1-3GR_DUBAI-BACK-GOLD_02-300x191.jpg 300w, https:\/\/www.ranciliogroup.com\/app\/uploads\/2022\/12\/RS1-3GR_DUBAI-BACK-GOLD_02-1024x652.jpg 1024w, https:\/\/www.ranciliogroup.com\/app\/uploads\/2022\/12\/RS1-3GR_DUBAI-BACK-GOLD_02-768x489.jpg 768w, https:\/\/www.ranciliogroup.com\/app\/uploads\/2022\/12\/RS1-3GR_DUBAI-BACK-GOLD_02-70x45.jpg 70w, https:\/\/www.ranciliogroup.com\/app\/uploads\/2022\/12\/RS1-3GR_DUBAI-BACK-GOLD_02.jpg 1080w\" sizes=\"(max-width: 501px) 100vw, 501px\" \/>Die Rancilio Group wird Sie mit einigen Sondermodellen empfangen, die eigens f\u00fcr diesen Anlass kreiert wurden. Die wei\u00dfe Version der professionellen Kaffeemaschine <strong>RS1<\/strong>, die f\u00fcr ihre Advanced Temperature Profiling Spitzentechnologie und ihr modernes Design bekannt ist, wird als Hommage an die ultramoderne Skyline unserer Gastgeberstadt Dubai dekoriert sein. Dar\u00fcber hinaus k\u00f6nnen die G\u00e4ste die neue Kaffeemaschine <strong>Invicta<\/strong> bewundern, die ebenfalls zu unserer Specialty Line geh\u00f6rt und in einem originellen Olivgr\u00fcn gehalten ist. Die mit der Steady Brew und T-Switch Technologie ausgestattete Invicta ist eine zuverl\u00e4ssige, stabile und einfach zu bedienende Ein-Boiler-Kaffeemaschine mit einem avantgardistischen und eleganten Design. Besuchen Sie auch die Veranstaltung <strong>\u201eUnlock the flavors\u201c<\/strong> am 11. Januar um 15 Uhr mit unserem Coffee Competence Manager Carlos Gonz\u00e1lez, um die Geheimnisse der Extraktion zu entdecken.<\/p>\n<p>F\u00fcr die Fans unserer Home Line haben wir der <strong>Silvia Pro X<\/strong> einen eigenen Bereich gewidmet, in lebhaftem Pink, mit Manometer und der neuen Funktion \u201eSanfte Br\u00fchung\u201c, die jede Art von Kaffee optimal extrahiert. Un\u00fcbersehbar ist auch die neue On-Demand-Kaffeem\u00fchle <strong>Stile<\/strong> mit ihrem ultrakompakten Design, die eine pr\u00e4zise Mahlung und Dosierung f\u00fcr jede Art der Kaffeezubereitung garantiert.<\/p>\n<p><img decoding=\"async\" loading=\"lazy\" class=\"wp-image-64207 aligncenter\" src=\"https:\/\/www.ranciliogroup.com\/app\/uploads\/2022\/12\/INVICTA_BLACK_NORMAL_FRONT-300x191.jpg\" alt=\"\" width=\"501\" height=\"319\" srcset=\"https:\/\/www.ranciliogroup.com\/app\/uploads\/2022\/12\/INVICTA_BLACK_NORMAL_FRONT-300x191.jpg 300w, https:\/\/www.ranciliogroup.com\/app\/uploads\/2022\/12\/INVICTA_BLACK_NORMAL_FRONT-1024x652.jpg 1024w, https:\/\/www.ranciliogroup.com\/app\/uploads\/2022\/12\/INVICTA_BLACK_NORMAL_FRONT-768x489.jpg 768w, https:\/\/www.ranciliogroup.com\/app\/uploads\/2022\/12\/INVICTA_BLACK_NORMAL_FRONT-70x45.jpg 70w, https:\/\/www.ranciliogroup.com\/app\/uploads\/2022\/12\/INVICTA_BLACK_NORMAL_FRONT.jpg 1080w\" sizes=\"(max-width: 501px) 100vw, 501px\" \/>Mit der <strong>\u201eDiscovery Session\u201c<\/strong> wird die SCA eine private Veranstaltung einf\u00fchren, ein Zeitfenster, das einigen Experten des SCA-Unterausschusses f\u00fcr Wettbewerbe und des technischen Personals sowie einem WLAC Professional Barista vorbehalten ist. Hier ist die Rancilio Group mit der <strong>Egro Next NMS+<\/strong> vertreten, die mit einem intelligenten Mahlsystem (SAG), einem NMS+ Milchsystem, einem f\u00fcr zwei verschiedene Milchsorten konfigurierten K\u00fchlschrank, einer Cool Touch-Dampflanze und separaten Boilern ausgestattet ist und f\u00fcr jede Art von Hei\u00dfgetr\u00e4nken auf Kaffee- und Milchbasis hervorragende Qualit\u00e4tsergebnisse garantiert.<\/p>\n<p>World of Coffee ist eine einzigartige Gelegenheit, mit Kaffeeproduzenten, Herstellern, Einzelh\u00e4ndlern und Fachh\u00e4ndlern aus der ganzen Welt der Kaffeeindustrie in Kontakt zu treten und das Potenzial und die Anpassungsm\u00f6glichkeiten der Produkte der Rancilio Group zu entdecken.<\/p>\n<p>&nbsp;<\/p>\n<h1><strong>Rancilio Group \/ World of Coffee Dubai<\/strong><\/h1>\n<h1>Vom 11. bis 13. Januar 2023<\/h1>\n<h1><a href=\"https:\/\/www.google.com\/maps\/place\/DWTC+Za'abeel+Hall+4-6\/@25.2249161,55.2904373,19z\/data=!4m8!1m2!3m1!2sDWTC+Za'abeel+Hall+4-6!3m4!1s0x3e5f42ea6ba3b821:0xe707562a546dce05!8m2!3d25.2256662!4d55.291375\"><strong>Dubai World Trade Centre<\/strong><\/a><\/h1>\n<h1>Stand Z6-C90<\/h1>\n<h1>Za&#8217;abeel Hallen 5 und 6<\/h1>\n<h1>Trade Center &#8211; Trade Center 2<\/h1>\n<h1>Dubai, Vereinigte Arabische Emirate<\/h1>\n<p>&nbsp;<\/p>\n<h1><strong>Erfahren Sie mehr \u00fcber die Veranstaltung<\/strong><\/h1>\n<h1><a href=\"https:\/\/dubai.worldofcoffee.org\/\">https:\/\/dubai.worldofcoffee.org\/<\/a><\/h1>\n<p>&nbsp;<\/p>\n<h1><strong>Entdecken Sie unsere ausgestellten Produkte:<\/strong><\/h1>\n<h1><a href=\"https:\/\/www.ranciliogroup.com\/de\/specialty\/rs1\/\">Rancilio Specialty RS1<\/a><\/h1>\n<h1><a href=\"https:\/\/www.ranciliogroup.com\/de\/specialty\/invicta\/\">Rancilio Specialty Invicta<\/a><\/h1>\n<h1><a href=\"https:\/\/www.ranciliogroup.com\/de\/rancilio\/kryo\/\">Rancilio Kryo<\/a><\/h1>\n<h1><a href=\"https:\/\/www.ranciliogroup.com\/de\/rancilio\/silvia\/\">Rancilio Home Line Silvia<\/a><\/h1>\n<h1><a href=\"https:\/\/www.ranciliogroup.com\/de\/rancilio\/silvia-pro-x\/\">Rancilio Home Line Silvia Pro X<\/a><\/h1>\n<h1><a href=\"https:\/\/www.ranciliogroup.com\/de\/rancilio\/stile\/\">Rancilio Home Line Stile<\/a><\/h1>\n<h1><a href=\"https:\/\/www.ranciliogroup.com\/de\/egro\/next\/\">Egro Next<\/a><\/h1>\n<h1><\/h1>\n","protected":false},"excerpt":{"rendered":"<p>Von Mittwoch, den 11. bis Freitag, den 13. Januar erwartet Sie die Rancilio Group im World Trade Center zur Dubai&#8230;<\/p>\n","protected":false},"author":5,"featured_media":64242,"comment_status":"closed","ping_status":"closed","sticky":false,"template":"","format":"standard","meta":[],"categories":[556],"tags":[2737,2736,2738,2696,2687,2629,2628,2627,2598],"acf":[],"yoast_head":"<!-- This site is optimized with the Yoast SEO plugin v21.5 - https:\/\/yoast.com\/wordpress\/plugins\/seo\/ -->\n<title>Latest update about Rancilio Group f\u00fcr die Dubai World of Coffee 2023 erneut in den Vereinigten Arabischen Emiraten - Rancilio Group<\/title>\n<meta name=\"description\" content=\"Read Rancilio Group&#039;s latest news about Rancilio Group f\u00fcr die Dubai World of Coffee 2023 erneut in den Vereinigten Arabischen Emiraten\" \/>\n<meta name=\"robots\" content=\"index, follow, max-snippet:-1, max-image-preview:large, max-video-preview:-1\" \/>\n<link rel=\"canonical\" href=\"https:\/\/www.ranciliogroup.com\/de\/rancilio-group-fuer-die-dubai-world-of-coffee-2023-erneut-in-den-vereinigten-arabischen-emiraten\/\" \/>\n<meta property=\"og:locale\" content=\"de_DE\" \/>\n<meta property=\"og:type\" content=\"article\" \/>\n<meta property=\"og:title\" content=\"Latest update about Rancilio Group f\u00fcr die Dubai World of Coffee 2023 erneut in den Vereinigten Arabischen Emiraten - Rancilio Group\" \/>\n<meta property=\"og:description\" content=\"Read Rancilio Group&#039;s latest news about Rancilio Group f\u00fcr die Dubai World of Coffee 2023 erneut in den Vereinigten Arabischen Emiraten\" \/>\n<meta property=\"og:url\" content=\"https:\/\/www.ranciliogroup.com\/de\/rancilio-group-fuer-die-dubai-world-of-coffee-2023-erneut-in-den-vereinigten-arabischen-emiraten\/\" \/>\n<meta property=\"og:site_name\" content=\"Rancilio Group\" \/>\n<meta property=\"article:publisher\" content=\"https:\/\/www.facebook.com\/RancilioGroup\" \/>\n<meta property=\"article:published_time\" content=\"2022-12-22T11:20:39+00:00\" \/>\n<meta property=\"og:image\" content=\"https:\/\/www.ranciliogroup.com\/app\/uploads\/2022\/12\/Dubai_01_web-1.jpg\" \/>\n\t<meta property=\"og:image:width\" content=\"1080\" \/>\n\t<meta property=\"og:image:height\" content=\"511\" \/>\n\t<meta property=\"og:image:type\" content=\"image\/jpeg\" \/>\n<meta name=\"author\" content=\"temp circular\" \/>\n<meta name=\"twitter:card\" content=\"summary_large_image\" \/>\n<meta name=\"twitter:creator\" content=\"@ranciliogroup\" \/>\n<meta name=\"twitter:site\" content=\"@ranciliogroup\" \/>\n<meta name=\"twitter:label1\" content=\"Written by\" \/>\n\t<meta name=\"twitter:data1\" content=\"temp circular\" \/>\n\t<meta name=\"twitter:label2\" content=\"Est. reading time\" \/>\n\t<meta name=\"twitter:data2\" content=\"2 minutes\" \/>\n<script type=\"application\/ld+json\" class=\"yoast-schema-graph\">{\"@context\":\"https:\/\/schema.org\",\"@graph\":[{\"@type\":\"Article\",\"@id\":\"https:\/\/www.ranciliogroup.com\/de\/rancilio-group-fuer-die-dubai-world-of-coffee-2023-erneut-in-den-vereinigten-arabischen-emiraten\/#article\",\"isPartOf\":{\"@id\":\"https:\/\/www.ranciliogroup.com\/de\/rancilio-group-fuer-die-dubai-world-of-coffee-2023-erneut-in-den-vereinigten-arabischen-emiraten\/\"},\"author\":{\"name\":\"temp circular\",\"@id\":\"https:\/\/www.ranciliogroup.com\/de\/#\/schema\/person\/d6bf0a7dfe74cded3d64da8b2c92814c\"},\"headline\":\"Rancilio Group f\u00fcr die Dubai World of Coffee 2023 erneut in den Vereinigten Arabischen Emiraten\",\"datePublished\":\"2022-12-22T11:20:39+00:00\",\"dateModified\":\"2022-12-22T11:20:39+00:00\",\"mainEntityOfPage\":{\"@id\":\"https:\/\/www.ranciliogroup.com\/de\/rancilio-group-fuer-die-dubai-world-of-coffee-2023-erneut-in-den-vereinigten-arabischen-emiraten\/\"},\"wordCount\":491,\"publisher\":{\"@id\":\"https:\/\/www.ranciliogroup.com\/de\/#organization\"},\"keywords\":[\"Dubai\",\"WOC\",\"Silvia Pro X\",\"NMS+\",\"Next\",\"Rancilio Group\",\"Kryo\",\"Invicta\",\"RS1\"],\"articleSection\":[\"VERANSTALTUNGEN\"],\"inLanguage\":\"de-DE\"},{\"@type\":\"WebPage\",\"@id\":\"https:\/\/www.ranciliogroup.com\/de\/rancilio-group-fuer-die-dubai-world-of-coffee-2023-erneut-in-den-vereinigten-arabischen-emiraten\/\",\"url\":\"https:\/\/www.ranciliogroup.com\/de\/rancilio-group-fuer-die-dubai-world-of-coffee-2023-erneut-in-den-vereinigten-arabischen-emiraten\/\",\"name\":\"Latest update about Rancilio Group f\u00fcr die Dubai World of Coffee 2023 erneut in den Vereinigten Arabischen Emiraten - Rancilio Group\",\"isPartOf\":{\"@id\":\"https:\/\/www.ranciliogroup.com\/de\/#website\"},\"datePublished\":\"2022-12-22T11:20:39+00:00\",\"dateModified\":\"2022-12-22T11:20:39+00:00\",\"description\":\"Read Rancilio Group's latest news about Rancilio Group f\u00fcr die Dubai World of Coffee 2023 erneut in den Vereinigten Arabischen Emiraten\",\"breadcrumb\":{\"@id\":\"https:\/\/www.ranciliogroup.com\/de\/rancilio-group-fuer-die-dubai-world-of-coffee-2023-erneut-in-den-vereinigten-arabischen-emiraten\/#breadcrumb\"},\"inLanguage\":\"de-DE\",\"potentialAction\":[{\"@type\":\"ReadAction\",\"target\":[\"https:\/\/www.ranciliogroup.com\/de\/rancilio-group-fuer-die-dubai-world-of-coffee-2023-erneut-in-den-vereinigten-arabischen-emiraten\/\"]}]},{\"@type\":\"BreadcrumbList\",\"@id\":\"https:\/\/www.ranciliogroup.com\/de\/rancilio-group-fuer-die-dubai-world-of-coffee-2023-erneut-in-den-vereinigten-arabischen-emiraten\/#breadcrumb\",\"itemListElement\":[{\"@type\":\"ListItem\",\"position\":1,\"name\":\"Home\",\"item\":\"https:\/\/www.ranciliogroup.com\/de\/\"},{\"@type\":\"ListItem\",\"position\":2,\"name\":\"Rancilio Group f\u00fcr die Dubai World of Coffee 2023 erneut in den Vereinigten Arabischen Emiraten\"}]},{\"@type\":\"WebSite\",\"@id\":\"https:\/\/www.ranciliogroup.com\/de\/#website\",\"url\":\"https:\/\/www.ranciliogroup.com\/de\/\",\"name\":\"Rancilio Group\",\"description\":\"Professionelle Kaffeemaschinen Leader\",\"publisher\":{\"@id\":\"https:\/\/www.ranciliogroup.com\/de\/#organization\"},\"potentialAction\":[{\"@type\":\"SearchAction\",\"target\":{\"@type\":\"EntryPoint\",\"urlTemplate\":\"https:\/\/www.ranciliogroup.com\/de\/?s={search_term_string}\"},\"query-input\":\"required name=search_term_string\"}],\"inLanguage\":\"de-DE\"},{\"@type\":\"Organization\",\"@id\":\"https:\/\/www.ranciliogroup.com\/de\/#organization\",\"name\":\"Rancilio Group\",\"url\":\"https:\/\/www.ranciliogroup.com\/de\/\",\"logo\":{\"@type\":\"ImageObject\",\"inLanguage\":\"de-DE\",\"@id\":\"https:\/\/www.ranciliogroup.com\/de\/#\/schema\/logo\/image\/\",\"url\":\"https:\/\/www.ranciliogroup.com\/app\/uploads\/2019\/07\/rancilio_black_logo.png\",\"contentUrl\":\"https:\/\/www.ranciliogroup.com\/app\/uploads\/2019\/07\/rancilio_black_logo.png\",\"width\":447,\"height\":57,\"caption\":\"Rancilio Group\"},\"image\":{\"@id\":\"https:\/\/www.ranciliogroup.com\/de\/#\/schema\/logo\/image\/\"},\"sameAs\":[\"https:\/\/www.facebook.com\/RancilioGroup\",\"https:\/\/twitter.com\/ranciliogroup\",\"https:\/\/www.instagram.com\/rancilio_official\/\",\"https:\/\/www.linkedin.com\/company\/ranciliogroup\/\",\"https:\/\/www.youtube.com\/user\/rancilioadmin\"]},{\"@type\":\"Person\",\"@id\":\"https:\/\/www.ranciliogroup.com\/de\/#\/schema\/person\/d6bf0a7dfe74cded3d64da8b2c92814c\",\"name\":\"temp circular\",\"image\":{\"@type\":\"ImageObject\",\"inLanguage\":\"de-DE\",\"@id\":\"https:\/\/www.ranciliogroup.com\/de\/#\/schema\/person\/image\/\",\"url\":\"https:\/\/secure.gravatar.com\/avatar\/569e71c3b97b8bcad1854d6579b35c5f?s=96&d=mm&r=g\",\"contentUrl\":\"https:\/\/secure.gravatar.com\/avatar\/569e71c3b97b8bcad1854d6579b35c5f?s=96&d=mm&r=g\",\"caption\":\"temp circular\"}}]}<\/script>\n<!-- \/ Yoast SEO plugin. -->","yoast_head_json":{"title":"Latest update about Rancilio Group f\u00fcr die Dubai World of Coffee 2023 erneut in den Vereinigten Arabischen Emiraten - Rancilio Group","description":"Read Rancilio Group's latest news about Rancilio Group f\u00fcr die Dubai World of Coffee 2023 erneut in den Vereinigten Arabischen Emiraten","robots":{"index":"index","follow":"follow","max-snippet":"max-snippet:-1","max-image-preview":"max-image-preview:large","max-video-preview":"max-video-preview:-1"},"canonical":"https:\/\/www.ranciliogroup.com\/de\/rancilio-group-fuer-die-dubai-world-of-coffee-2023-erneut-in-den-vereinigten-arabischen-emiraten\/","og_locale":"de_DE","og_type":"article","og_title":"Latest update about Rancilio Group f\u00fcr die Dubai World of Coffee 2023 erneut in den Vereinigten Arabischen Emiraten - Rancilio Group","og_description":"Read Rancilio Group's latest news about Rancilio Group f\u00fcr die Dubai World of Coffee 2023 erneut in den Vereinigten Arabischen Emiraten","og_url":"https:\/\/www.ranciliogroup.com\/de\/rancilio-group-fuer-die-dubai-world-of-coffee-2023-erneut-in-den-vereinigten-arabischen-emiraten\/","og_site_name":"Rancilio Group","article_publisher":"https:\/\/www.facebook.com\/RancilioGroup","article_published_time":"2022-12-22T11:20:39+00:00","og_image":[{"width":1080,"height":511,"url":"https:\/\/www.ranciliogroup.com\/app\/uploads\/2022\/12\/Dubai_01_web-1.jpg","type":"image\/jpeg"}],"author":"temp circular","twitter_card":"summary_large_image","twitter_creator":"@ranciliogroup","twitter_site":"@ranciliogroup","twitter_misc":{"Written by":"temp circular","Est. reading time":"2 minutes"},"schema":{"@context":"https:\/\/schema.org","@graph":[{"@type":"Article","@id":"https:\/\/www.ranciliogroup.com\/de\/rancilio-group-fuer-die-dubai-world-of-coffee-2023-erneut-in-den-vereinigten-arabischen-emiraten\/#article","isPartOf":{"@id":"https:\/\/www.ranciliogroup.com\/de\/rancilio-group-fuer-die-dubai-world-of-coffee-2023-erneut-in-den-vereinigten-arabischen-emiraten\/"},"author":{"name":"temp circular","@id":"https:\/\/www.ranciliogroup.com\/de\/#\/schema\/person\/d6bf0a7dfe74cded3d64da8b2c92814c"},"headline":"Rancilio Group f\u00fcr die Dubai World of Coffee 2023 erneut in den Vereinigten Arabischen Emiraten","datePublished":"2022-12-22T11:20:39+00:00","dateModified":"2022-12-22T11:20:39+00:00","mainEntityOfPage":{"@id":"https:\/\/www.ranciliogroup.com\/de\/rancilio-group-fuer-die-dubai-world-of-coffee-2023-erneut-in-den-vereinigten-arabischen-emiraten\/"},"wordCount":491,"publisher":{"@id":"https:\/\/www.ranciliogroup.com\/de\/#organization"},"keywords":["Dubai","WOC","Silvia Pro X","NMS+","Next","Rancilio Group","Kryo","Invicta","RS1"],"articleSection":["VERANSTALTUNGEN"],"inLanguage":"de-DE"},{"@type":"WebPage","@id":"https:\/\/www.ranciliogroup.com\/de\/rancilio-group-fuer-die-dubai-world-of-coffee-2023-erneut-in-den-vereinigten-arabischen-emiraten\/","url":"https:\/\/www.ranciliogroup.com\/de\/rancilio-group-fuer-die-dubai-world-of-coffee-2023-erneut-in-den-vereinigten-arabischen-emiraten\/","name":"Latest update about Rancilio Group f\u00fcr die Dubai World of Coffee 2023 erneut in den Vereinigten Arabischen Emiraten - Rancilio Group","isPartOf":{"@id":"https:\/\/www.ranciliogroup.com\/de\/#website"},"datePublished":"2022-12-22T11:20:39+00:00","dateModified":"2022-12-22T11:20:39+00:00","description":"Read Rancilio Group's latest news about Rancilio Group f\u00fcr die Dubai World of Coffee 2023 erneut in den Vereinigten Arabischen Emiraten","breadcrumb":{"@id":"https:\/\/www.ranciliogroup.com\/de\/rancilio-group-fuer-die-dubai-world-of-coffee-2023-erneut-in-den-vereinigten-arabischen-emiraten\/#breadcrumb"},"inLanguage":"de-DE","potentialAction":[{"@type":"ReadAction","target":["https:\/\/www.ranciliogroup.com\/de\/rancilio-group-fuer-die-dubai-world-of-coffee-2023-erneut-in-den-vereinigten-arabischen-emiraten\/"]}]},{"@type":"BreadcrumbList","@id":"https:\/\/www.ranciliogroup.com\/de\/rancilio-group-fuer-die-dubai-world-of-coffee-2023-erneut-in-den-vereinigten-arabischen-emiraten\/#breadcrumb","itemListElement":[{"@type":"ListItem","position":1,"name":"Home","item":"https:\/\/www.ranciliogroup.com\/de\/"},{"@type":"ListItem","position":2,"name":"Rancilio Group f\u00fcr die Dubai World of Coffee 2023 erneut in den Vereinigten Arabischen Emiraten"}]},{"@type":"WebSite","@id":"https:\/\/www.ranciliogroup.com\/de\/#website","url":"https:\/\/www.ranciliogroup.com\/de\/","name":"Rancilio Group","description":"Professionelle Kaffeemaschinen Leader","publisher":{"@id":"https:\/\/www.ranciliogroup.com\/de\/#organization"},"potentialAction":[{"@type":"SearchAction","target":{"@type":"EntryPoint","urlTemplate":"https:\/\/www.ranciliogroup.com\/de\/?s={search_term_string}"},"query-input":"required name=search_term_string"}],"inLanguage":"de-DE"},{"@type":"Organization","@id":"https:\/\/www.ranciliogroup.com\/de\/#organization","name":"Rancilio Group","url":"https:\/\/www.ranciliogroup.com\/de\/","logo":{"@type":"ImageObject","inLanguage":"de-DE","@id":"https:\/\/www.ranciliogroup.com\/de\/#\/schema\/logo\/image\/","url":"https:\/\/www.ranciliogroup.com\/app\/uploads\/2019\/07\/rancilio_black_logo.png","contentUrl":"https:\/\/www.ranciliogroup.com\/app\/uploads\/2019\/07\/rancilio_black_logo.png","width":447,"height":57,"caption":"Rancilio Group"},"image":{"@id":"https:\/\/www.ranciliogroup.com\/de\/#\/schema\/logo\/image\/"},"sameAs":["https:\/\/www.facebook.com\/RancilioGroup","https:\/\/twitter.com\/ranciliogroup","https:\/\/www.instagram.com\/rancilio_official\/","https:\/\/www.linkedin.com\/company\/ranciliogroup\/","https:\/\/www.youtube.com\/user\/rancilioadmin"]},{"@type":"Person","@id":"https:\/\/www.ranciliogroup.com\/de\/#\/schema\/person\/d6bf0a7dfe74cded3d64da8b2c92814c","name":"temp circular","image":{"@type":"ImageObject","inLanguage":"de-DE","@id":"https:\/\/www.ranciliogroup.com\/de\/#\/schema\/person\/image\/","url":"https:\/\/secure.gravatar.com\/avatar\/569e71c3b97b8bcad1854d6579b35c5f?s=96&d=mm&r=g","contentUrl":"https:\/\/secure.gravatar.com\/avatar\/569e71c3b97b8bcad1854d6579b35c5f?s=96&d=mm&r=g","caption":"temp circular"}}]}},"_links":{"self":[{"href":"https:\/\/www.ranciliogroup.com\/de\/wp-json\/wp\/v2\/posts\/64319"}],"collection":[{"href":"https:\/\/www.ranciliogroup.com\/de\/wp-json\/wp\/v2\/posts"}],"about":[{"href":"https:\/\/www.ranciliogroup.com\/de\/wp-json\/wp\/v2\/types\/post"}],"author":[{"embeddable":true,"href":"https:\/\/www.ranciliogroup.com\/de\/wp-json\/wp\/v2\/users\/5"}],"replies":[{"embeddable":true,"href":"https:\/\/www.ranciliogroup.com\/de\/wp-json\/wp\/v2\/comments?post=64319"}],"version-history":[{"count":2,"href":"https:\/\/www.ranciliogroup.com\/de\/wp-json\/wp\/v2\/posts\/64319\/revisions"}],"predecessor-version":[{"id":64321,"href":"https:\/\/www.ranciliogroup.com\/de\/wp-json\/wp\/v2\/posts\/64319\/revisions\/64321"}],"wp:featuredmedia":[{"embeddable":true,"href":"https:\/\/www.ranciliogroup.com\/de\/wp-json\/wp\/v2\/media\/64242"}],"wp:attachment":[{"href":"https:\/\/www.ranciliogroup.com\/de\/wp-json\/wp\/v2\/media?parent=64319"}],"wp:term":[{"taxonomy":"category","embeddable":true,"href":"https:\/\/www.ranciliogroup.com\/de\/wp-json\/wp\/v2\/categories?post=64319"},{"taxonomy":"post_tag","embeddable":true,"href":"https:\/\/www.ranciliogroup.com\/de\/wp-json\/wp\/v2\/tags?post=64319"}],"curies":[{"name":"wp","href":"https:\/\/api.w.org\/{rel}","templated":true}]}}