{"id":65801,"date":"2023-02-15T11:10:14","date_gmt":"2023-02-15T10:10:14","guid":{"rendered":"https:\/\/www.ranciliogroup.com\/?p=65801"},"modified":"2023-02-15T11:10:14","modified_gmt":"2023-02-15T10:10:14","slug":"rancilio-specialty-und-the-barista-league-wieder-gemeinsam-in-mexiko-stadt","status":"publish","type":"post","link":"https:\/\/www.ranciliogroup.com\/de\/rancilio-specialty-und-the-barista-league-wieder-gemeinsam-in-mexiko-stadt\/","title":{"rendered":"Rancilio Specialty und The Barista League wieder gemeinsam in Mexiko-Stadt"},"content":{"rendered":"<p>Nach dem Erfolg des letzten Jahres kehren Rancilio Specialty und The Barista League am Sonntag, den 5. M\u00e4rz, f\u00fcr eine weitere Runde spannender Wettbewerbe nach Mexiko-Stadt zur\u00fcck.<\/p>\n<p>Als offizieller Sponsor der Veranstaltung wird Rancilio Specialty Invicta 12 unerschrockene Baristas durch drei Runden wilder Herausforderungen rund um den Kaffee begleiten. Die Kaffeeextraktionstechnologie der Invicta wird ein einzigartiges Werkzeug in den H\u00e4nden der Teilnehmer sein. Diese m\u00fcssen &#8211; in Teams aufgeteilt &#8211; ihre Kreativit\u00e4t und ihr Talent vor sechs hochkar\u00e4tigen Juroren unter Beweis stellen: Shak Zapata, Adan Guti\u00e9rrez, Ale Lugo, Cristi\u00e1n Ponce, Ana Herrera und Jenny Borrego.<\/p>\n<p>Verfolgen Sie das Rennen, um mit Rancilio Specialty die n\u00e4chsten Champions zu kr\u00f6nen, und probieren Sie Kaffee von den besten Kaffeer\u00f6stern in Mexiko-Stadt. Von einem sensationellen DJ servierte Musik, Erfrischungen und Spa\u00df sind wie immer die Schl\u00fcsselw\u00f6rter dieses aufregenden Events f\u00fcr alle Baristas und Kaffeeliebhaber.<\/p>\n<p>Karten erhalten Sie unter <a href=\"https:\/\/www.passline.com\/eventos\/the-barista-league-en-foro-indie-rocks\">passline.com<\/a><\/p>\n<p>&nbsp;<\/p>\n<p><strong>\u00a0<\/strong><\/p>\n<p><strong>The Barista League Mexiko-Stadt<\/strong><br \/>\nSonntag, 5. M\u00e4rz 2023<br \/>\n18 bis 23 Uhr<br \/>\n<a href=\"https:\/\/www.google.com\/maps\/place\/Foro+Indierocks!\/@19.4166164,-99.1561844,15z\/data=!4m5!3m4!1s0x0:0x1192dbc4d6d4a8e!8m2!3d19.4166258!4d-99.1561913\">Foro Indierocks! <\/a><br \/>\nZacatecas 39, Col. Roma Norte<br \/>\n06700 Ciudad de M\u00e9xico, Mexiko<\/p>\n<p><strong>\u00a0<\/strong><\/p>\n<p><strong>Verfolgen Sie das Ereignis auf unserer offiziellen Instagram-Seite<\/strong><br \/>\n@ranciliospecialty #ranciliospecialty<\/p>\n<p>&nbsp;<\/p>\n<p><a href=\"https:\/\/www.ranciliogroup.com\/de\/specialty\/invicta\/\"><strong>Erfahren Sie mehr \u00fcber die Rancilio Specialty Invicta<\/strong><\/a><\/p>\n<p>&nbsp;<\/p>\n","protected":false},"excerpt":{"rendered":"<p>Nach dem Erfolg des letzten Jahres kehren Rancilio Specialty und The Barista League am Sonntag, den 5. M\u00e4rz, f\u00fcr eine&#8230;<\/p>\n","protected":false},"author":5,"featured_media":65787,"comment_status":"closed","ping_status":"closed","sticky":false,"template":"","format":"standard","meta":[],"categories":[556],"tags":[2802,2627,2597,2600],"acf":[],"yoast_head":"<!-- This site is optimized with the Yoast SEO plugin v21.5 - https:\/\/yoast.com\/wordpress\/plugins\/seo\/ -->\n<title>Latest update about Rancilio Specialty und The Barista League wieder gemeinsam in Mexiko-Stadt - Rancilio Group<\/title>\n<meta name=\"description\" content=\"Read Rancilio Group&#039;s latest news about Rancilio Specialty und The Barista League wieder gemeinsam in Mexiko-Stadt\" \/>\n<meta name=\"robots\" content=\"index, follow, max-snippet:-1, max-image-preview:large, max-video-preview:-1\" \/>\n<link rel=\"canonical\" href=\"https:\/\/www.ranciliogroup.com\/de\/rancilio-specialty-und-the-barista-league-wieder-gemeinsam-in-mexiko-stadt\/\" \/>\n<meta property=\"og:locale\" content=\"de_DE\" \/>\n<meta property=\"og:type\" content=\"article\" \/>\n<meta property=\"og:title\" content=\"Latest update about Rancilio Specialty und The Barista League wieder gemeinsam in Mexiko-Stadt - Rancilio Group\" \/>\n<meta property=\"og:description\" content=\"Read Rancilio Group&#039;s latest news about Rancilio Specialty und The Barista League wieder gemeinsam in Mexiko-Stadt\" \/>\n<meta property=\"og:url\" content=\"https:\/\/www.ranciliogroup.com\/de\/rancilio-specialty-und-the-barista-league-wieder-gemeinsam-in-mexiko-stadt\/\" \/>\n<meta property=\"og:site_name\" content=\"Rancilio Group\" \/>\n<meta property=\"article:publisher\" content=\"https:\/\/www.facebook.com\/RancilioGroup\" \/>\n<meta property=\"article:published_time\" content=\"2023-02-15T10:10:14+00:00\" \/>\n<meta property=\"og:image\" content=\"https:\/\/www.ranciliogroup.com\/app\/uploads\/2023\/02\/TheBaristaLeague-CDMX-2022-web.jpg\" \/>\n\t<meta property=\"og:image:width\" content=\"1080\" \/>\n\t<meta property=\"og:image:height\" content=\"720\" \/>\n\t<meta property=\"og:image:type\" content=\"image\/jpeg\" \/>\n<meta name=\"author\" content=\"temp circular\" \/>\n<meta name=\"twitter:card\" content=\"summary_large_image\" \/>\n<meta name=\"twitter:creator\" content=\"@ranciliogroup\" \/>\n<meta name=\"twitter:site\" content=\"@ranciliogroup\" \/>\n<meta name=\"twitter:label1\" content=\"Written by\" \/>\n\t<meta name=\"twitter:data1\" content=\"temp circular\" \/>\n\t<meta name=\"twitter:label2\" content=\"Est. reading time\" \/>\n\t<meta name=\"twitter:data2\" content=\"1 minute\" \/>\n<script type=\"application\/ld+json\" class=\"yoast-schema-graph\">{\"@context\":\"https:\/\/schema.org\",\"@graph\":[{\"@type\":\"Article\",\"@id\":\"https:\/\/www.ranciliogroup.com\/de\/rancilio-specialty-und-the-barista-league-wieder-gemeinsam-in-mexiko-stadt\/#article\",\"isPartOf\":{\"@id\":\"https:\/\/www.ranciliogroup.com\/de\/rancilio-specialty-und-the-barista-league-wieder-gemeinsam-in-mexiko-stadt\/\"},\"author\":{\"name\":\"temp circular\",\"@id\":\"https:\/\/www.ranciliogroup.com\/de\/#\/schema\/person\/d6bf0a7dfe74cded3d64da8b2c92814c\"},\"headline\":\"Rancilio Specialty und The Barista League wieder gemeinsam in Mexiko-Stadt\",\"datePublished\":\"2023-02-15T10:10:14+00:00\",\"dateModified\":\"2023-02-15T10:10:14+00:00\",\"mainEntityOfPage\":{\"@id\":\"https:\/\/www.ranciliogroup.com\/de\/rancilio-specialty-und-the-barista-league-wieder-gemeinsam-in-mexiko-stadt\/\"},\"wordCount\":210,\"publisher\":{\"@id\":\"https:\/\/www.ranciliogroup.com\/de\/#organization\"},\"keywords\":[\"Mexico\",\"Invicta\",\"Rancilio Specialty\",\"Barista League\"],\"articleSection\":[\"VERANSTALTUNGEN\"],\"inLanguage\":\"de-DE\"},{\"@type\":\"WebPage\",\"@id\":\"https:\/\/www.ranciliogroup.com\/de\/rancilio-specialty-und-the-barista-league-wieder-gemeinsam-in-mexiko-stadt\/\",\"url\":\"https:\/\/www.ranciliogroup.com\/de\/rancilio-specialty-und-the-barista-league-wieder-gemeinsam-in-mexiko-stadt\/\",\"name\":\"Latest update about Rancilio Specialty und The Barista League wieder gemeinsam in Mexiko-Stadt - Rancilio Group\",\"isPartOf\":{\"@id\":\"https:\/\/www.ranciliogroup.com\/de\/#website\"},\"datePublished\":\"2023-02-15T10:10:14+00:00\",\"dateModified\":\"2023-02-15T10:10:14+00:00\",\"description\":\"Read Rancilio Group's latest news about Rancilio Specialty und The Barista League wieder gemeinsam in Mexiko-Stadt\",\"breadcrumb\":{\"@id\":\"https:\/\/www.ranciliogroup.com\/de\/rancilio-specialty-und-the-barista-league-wieder-gemeinsam-in-mexiko-stadt\/#breadcrumb\"},\"inLanguage\":\"de-DE\",\"potentialAction\":[{\"@type\":\"ReadAction\",\"target\":[\"https:\/\/www.ranciliogroup.com\/de\/rancilio-specialty-und-the-barista-league-wieder-gemeinsam-in-mexiko-stadt\/\"]}]},{\"@type\":\"BreadcrumbList\",\"@id\":\"https:\/\/www.ranciliogroup.com\/de\/rancilio-specialty-und-the-barista-league-wieder-gemeinsam-in-mexiko-stadt\/#breadcrumb\",\"itemListElement\":[{\"@type\":\"ListItem\",\"position\":1,\"name\":\"Home\",\"item\":\"https:\/\/www.ranciliogroup.com\/de\/\"},{\"@type\":\"ListItem\",\"position\":2,\"name\":\"Rancilio Specialty und The Barista League wieder gemeinsam in Mexiko-Stadt\"}]},{\"@type\":\"WebSite\",\"@id\":\"https:\/\/www.ranciliogroup.com\/de\/#website\",\"url\":\"https:\/\/www.ranciliogroup.com\/de\/\",\"name\":\"Rancilio Group\",\"description\":\"Professionelle Kaffeemaschinen Leader\",\"publisher\":{\"@id\":\"https:\/\/www.ranciliogroup.com\/de\/#organization\"},\"potentialAction\":[{\"@type\":\"SearchAction\",\"target\":{\"@type\":\"EntryPoint\",\"urlTemplate\":\"https:\/\/www.ranciliogroup.com\/de\/?s={search_term_string}\"},\"query-input\":\"required name=search_term_string\"}],\"inLanguage\":\"de-DE\"},{\"@type\":\"Organization\",\"@id\":\"https:\/\/www.ranciliogroup.com\/de\/#organization\",\"name\":\"Rancilio Group\",\"url\":\"https:\/\/www.ranciliogroup.com\/de\/\",\"logo\":{\"@type\":\"ImageObject\",\"inLanguage\":\"de-DE\",\"@id\":\"https:\/\/www.ranciliogroup.com\/de\/#\/schema\/logo\/image\/\",\"url\":\"https:\/\/www.ranciliogroup.com\/app\/uploads\/2019\/07\/rancilio_black_logo.png\",\"contentUrl\":\"https:\/\/www.ranciliogroup.com\/app\/uploads\/2019\/07\/rancilio_black_logo.png\",\"width\":447,\"height\":57,\"caption\":\"Rancilio Group\"},\"image\":{\"@id\":\"https:\/\/www.ranciliogroup.com\/de\/#\/schema\/logo\/image\/\"},\"sameAs\":[\"https:\/\/www.facebook.com\/RancilioGroup\",\"https:\/\/twitter.com\/ranciliogroup\",\"https:\/\/www.instagram.com\/rancilio_official\/\",\"https:\/\/www.linkedin.com\/company\/ranciliogroup\/\",\"https:\/\/www.youtube.com\/user\/rancilioadmin\"]},{\"@type\":\"Person\",\"@id\":\"https:\/\/www.ranciliogroup.com\/de\/#\/schema\/person\/d6bf0a7dfe74cded3d64da8b2c92814c\",\"name\":\"temp circular\",\"image\":{\"@type\":\"ImageObject\",\"inLanguage\":\"de-DE\",\"@id\":\"https:\/\/www.ranciliogroup.com\/de\/#\/schema\/person\/image\/\",\"url\":\"https:\/\/secure.gravatar.com\/avatar\/569e71c3b97b8bcad1854d6579b35c5f?s=96&d=mm&r=g\",\"contentUrl\":\"https:\/\/secure.gravatar.com\/avatar\/569e71c3b97b8bcad1854d6579b35c5f?s=96&d=mm&r=g\",\"caption\":\"temp circular\"}}]}<\/script>\n<!-- \/ Yoast SEO plugin. -->","yoast_head_json":{"title":"Latest update about Rancilio Specialty und The Barista League wieder gemeinsam in Mexiko-Stadt - Rancilio Group","description":"Read Rancilio Group's latest news about Rancilio Specialty und The Barista League wieder gemeinsam in Mexiko-Stadt","robots":{"index":"index","follow":"follow","max-snippet":"max-snippet:-1","max-image-preview":"max-image-preview:large","max-video-preview":"max-video-preview:-1"},"canonical":"https:\/\/www.ranciliogroup.com\/de\/rancilio-specialty-und-the-barista-league-wieder-gemeinsam-in-mexiko-stadt\/","og_locale":"de_DE","og_type":"article","og_title":"Latest update about Rancilio Specialty und The Barista League wieder gemeinsam in Mexiko-Stadt - Rancilio Group","og_description":"Read Rancilio Group's latest news about Rancilio Specialty und The Barista League wieder gemeinsam in Mexiko-Stadt","og_url":"https:\/\/www.ranciliogroup.com\/de\/rancilio-specialty-und-the-barista-league-wieder-gemeinsam-in-mexiko-stadt\/","og_site_name":"Rancilio Group","article_publisher":"https:\/\/www.facebook.com\/RancilioGroup","article_published_time":"2023-02-15T10:10:14+00:00","og_image":[{"width":1080,"height":720,"url":"https:\/\/www.ranciliogroup.com\/app\/uploads\/2023\/02\/TheBaristaLeague-CDMX-2022-web.jpg","type":"image\/jpeg"}],"author":"temp circular","twitter_card":"summary_large_image","twitter_creator":"@ranciliogroup","twitter_site":"@ranciliogroup","twitter_misc":{"Written by":"temp circular","Est. reading time":"1 minute"},"schema":{"@context":"https:\/\/schema.org","@graph":[{"@type":"Article","@id":"https:\/\/www.ranciliogroup.com\/de\/rancilio-specialty-und-the-barista-league-wieder-gemeinsam-in-mexiko-stadt\/#article","isPartOf":{"@id":"https:\/\/www.ranciliogroup.com\/de\/rancilio-specialty-und-the-barista-league-wieder-gemeinsam-in-mexiko-stadt\/"},"author":{"name":"temp circular","@id":"https:\/\/www.ranciliogroup.com\/de\/#\/schema\/person\/d6bf0a7dfe74cded3d64da8b2c92814c"},"headline":"Rancilio Specialty und The Barista League wieder gemeinsam in Mexiko-Stadt","datePublished":"2023-02-15T10:10:14+00:00","dateModified":"2023-02-15T10:10:14+00:00","mainEntityOfPage":{"@id":"https:\/\/www.ranciliogroup.com\/de\/rancilio-specialty-und-the-barista-league-wieder-gemeinsam-in-mexiko-stadt\/"},"wordCount":210,"publisher":{"@id":"https:\/\/www.ranciliogroup.com\/de\/#organization"},"keywords":["Mexico","Invicta","Rancilio Specialty","Barista League"],"articleSection":["VERANSTALTUNGEN"],"inLanguage":"de-DE"},{"@type":"WebPage","@id":"https:\/\/www.ranciliogroup.com\/de\/rancilio-specialty-und-the-barista-league-wieder-gemeinsam-in-mexiko-stadt\/","url":"https:\/\/www.ranciliogroup.com\/de\/rancilio-specialty-und-the-barista-league-wieder-gemeinsam-in-mexiko-stadt\/","name":"Latest update about Rancilio Specialty und The Barista League wieder gemeinsam in Mexiko-Stadt - Rancilio Group","isPartOf":{"@id":"https:\/\/www.ranciliogroup.com\/de\/#website"},"datePublished":"2023-02-15T10:10:14+00:00","dateModified":"2023-02-15T10:10:14+00:00","description":"Read Rancilio Group's latest news about Rancilio Specialty und The Barista League wieder gemeinsam in Mexiko-Stadt","breadcrumb":{"@id":"https:\/\/www.ranciliogroup.com\/de\/rancilio-specialty-und-the-barista-league-wieder-gemeinsam-in-mexiko-stadt\/#breadcrumb"},"inLanguage":"de-DE","potentialAction":[{"@type":"ReadAction","target":["https:\/\/www.ranciliogroup.com\/de\/rancilio-specialty-und-the-barista-league-wieder-gemeinsam-in-mexiko-stadt\/"]}]},{"@type":"BreadcrumbList","@id":"https:\/\/www.ranciliogroup.com\/de\/rancilio-specialty-und-the-barista-league-wieder-gemeinsam-in-mexiko-stadt\/#breadcrumb","itemListElement":[{"@type":"ListItem","position":1,"name":"Home","item":"https:\/\/www.ranciliogroup.com\/de\/"},{"@type":"ListItem","position":2,"name":"Rancilio Specialty und The Barista League wieder gemeinsam in Mexiko-Stadt"}]},{"@type":"WebSite","@id":"https:\/\/www.ranciliogroup.com\/de\/#website","url":"https:\/\/www.ranciliogroup.com\/de\/","name":"Rancilio Group","description":"Professionelle Kaffeemaschinen Leader","publisher":{"@id":"https:\/\/www.ranciliogroup.com\/de\/#organization"},"potentialAction":[{"@type":"SearchAction","target":{"@type":"EntryPoint","urlTemplate":"https:\/\/www.ranciliogroup.com\/de\/?s={search_term_string}"},"query-input":"required name=search_term_string"}],"inLanguage":"de-DE"},{"@type":"Organization","@id":"https:\/\/www.ranciliogroup.com\/de\/#organization","name":"Rancilio Group","url":"https:\/\/www.ranciliogroup.com\/de\/","logo":{"@type":"ImageObject","inLanguage":"de-DE","@id":"https:\/\/www.ranciliogroup.com\/de\/#\/schema\/logo\/image\/","url":"https:\/\/www.ranciliogroup.com\/app\/uploads\/2019\/07\/rancilio_black_logo.png","contentUrl":"https:\/\/www.ranciliogroup.com\/app\/uploads\/2019\/07\/rancilio_black_logo.png","width":447,"height":57,"caption":"Rancilio Group"},"image":{"@id":"https:\/\/www.ranciliogroup.com\/de\/#\/schema\/logo\/image\/"},"sameAs":["https:\/\/www.facebook.com\/RancilioGroup","https:\/\/twitter.com\/ranciliogroup","https:\/\/www.instagram.com\/rancilio_official\/","https:\/\/www.linkedin.com\/company\/ranciliogroup\/","https:\/\/www.youtube.com\/user\/rancilioadmin"]},{"@type":"Person","@id":"https:\/\/www.ranciliogroup.com\/de\/#\/schema\/person\/d6bf0a7dfe74cded3d64da8b2c92814c","name":"temp circular","image":{"@type":"ImageObject","inLanguage":"de-DE","@id":"https:\/\/www.ranciliogroup.com\/de\/#\/schema\/person\/image\/","url":"https:\/\/secure.gravatar.com\/avatar\/569e71c3b97b8bcad1854d6579b35c5f?s=96&d=mm&r=g","contentUrl":"https:\/\/secure.gravatar.com\/avatar\/569e71c3b97b8bcad1854d6579b35c5f?s=96&d=mm&r=g","caption":"temp circular"}}]}},"_links":{"self":[{"href":"https:\/\/www.ranciliogroup.com\/de\/wp-json\/wp\/v2\/posts\/65801"}],"collection":[{"href":"https:\/\/www.ranciliogroup.com\/de\/wp-json\/wp\/v2\/posts"}],"about":[{"href":"https:\/\/www.ranciliogroup.com\/de\/wp-json\/wp\/v2\/types\/post"}],"author":[{"embeddable":true,"href":"https:\/\/www.ranciliogroup.com\/de\/wp-json\/wp\/v2\/users\/5"}],"replies":[{"embeddable":true,"href":"https:\/\/www.ranciliogroup.com\/de\/wp-json\/wp\/v2\/comments?post=65801"}],"version-history":[{"count":3,"href":"https:\/\/www.ranciliogroup.com\/de\/wp-json\/wp\/v2\/posts\/65801\/revisions"}],"predecessor-version":[{"id":65804,"href":"https:\/\/www.ranciliogroup.com\/de\/wp-json\/wp\/v2\/posts\/65801\/revisions\/65804"}],"wp:featuredmedia":[{"embeddable":true,"href":"https:\/\/www.ranciliogroup.com\/de\/wp-json\/wp\/v2\/media\/65787"}],"wp:attachment":[{"href":"https:\/\/www.ranciliogroup.com\/de\/wp-json\/wp\/v2\/media?parent=65801"}],"wp:term":[{"taxonomy":"category","embeddable":true,"href":"https:\/\/www.ranciliogroup.com\/de\/wp-json\/wp\/v2\/categories?post=65801"},{"taxonomy":"post_tag","embeddable":true,"href":"https:\/\/www.ranciliogroup.com\/de\/wp-json\/wp\/v2\/tags?post=65801"}],"curies":[{"name":"wp","href":"https:\/\/api.w.org\/{rel}","templated":true}]}}