{"id":66017,"date":"2023-03-15T12:26:25","date_gmt":"2023-03-15T11:26:25","guid":{"rendered":"https:\/\/www.ranciliogroup.com\/?p=66017"},"modified":"2023-03-15T12:27:44","modified_gmt":"2023-03-15T11:27:44","slug":"rancilio-group-zu-gast-in-budapest-bei-der-13-ausgabe-von-kavebar-bazar-2023","status":"publish","type":"post","link":"https:\/\/www.ranciliogroup.com\/de\/rancilio-group-zu-gast-in-budapest-bei-der-13-ausgabe-von-kavebar-bazar-2023\/","title":{"rendered":"Rancilio Group zu Gast in Budapest bei der 13. Ausgabe von K\u00e1v\u00e9b\u00e1r Baz\u00e1r 2023"},"content":{"rendered":"<p>Vom 1. bis 2. April 2023 nimmt die Rancilio Group an der 13. Ausgabe von K\u00e1v\u00e9b\u00e1r Baz\u00e1r im Millen\u00e1ris Park in Budapest, Ungarn, teil.<\/p>\n<p>Die Rancilio Group wird die G\u00e4ste mit einer besonderen Auswahl ihrer umfangreichen Produktpalette begr\u00fc\u00dfen, angefangen bei der Home Line f\u00fcr alle, die auch zu Hause einen exzellenten Qualit\u00e4tskaffee genie\u00dfen m\u00f6chten.<\/p>\n<p>Entdecken Sie die Rancilio Silvia in der ikonischen Farbe Wei\u00df, mit isoliertem Boiler, Edelstahldampfrohr und Dampfknopf f\u00fcr cremige Cappuccinos, und Stile, die brandneue, elegante, ultrakompakte Kaffeem\u00fchle f\u00fcr zu Hause und f\u00fcr Caf\u00e9s.<\/p>\n<p>Am Stand wird die Rancilio Specialty RS1 &#8211; die Multiboiler-Espressomaschine mit Advanced Temperature Profiling und Pre-infusion-Technologie &#8211; die G\u00e4ste mit k\u00f6stlichem, duftendem Spezialit\u00e4tenkaffee begr\u00fc\u00dfen, zusammen mit Andrea Guerra, Master-Trainer an der Accademia Baristi la Tosteria in Florenz und SCA-autorisierter Ausbilder, der das Team der Rancilio Group bei der Veranstaltung unterst\u00fctzen wird.<\/p>\n<p>In diesem Jahr werden 2500 Besucher erwartet. K\u00e1v\u00e9b\u00e1r Baz\u00e1r ist ein modernes, dynamisches Gesellschaftsereignis, bei dem die Getr\u00e4nke im Mittelpunkt stehen. Die Besucher erwartet ein unterhaltsames Wochenende mit unz\u00e4hligen Verkostungen, Workshops und Wettbewerben rund um Kaffee, Wein, Bier und andere Getr\u00e4nkespezialit\u00e4ten. Tickets sind bis zum 30. M\u00e4rz bei <a href=\"https:\/\/www.tixa.hu\/kavebarbazar_2023\">Tixa.hu<\/a> erh\u00e4ltlich<\/p>\n<p>&nbsp;<\/p>\n<p><strong>K\u00e1v\u00e9b\u00e1r Baz\u00e1r 2023<\/strong><\/p>\n<ol>\n<li>&#8211; 2. April 2023<\/li>\n<\/ol>\n<p>Halle B, Stand 33<br \/>\nVon 10 bis 18 Uhr<br \/>\n<a href=\"https:\/\/www.google.com\/maps\/place\/Millen%C3%A1ris+Park\/@47.5099683,19.0227548,17z\/data=!4m6!3m5!1s0x4741dea6f16f945f:0x3a216867cba169e6!8m2!3d47.5112225!4d19.0251017!16s%2Fm%2F0vsy396?hl\">Millen\u00e1ris Park<\/a><br \/>\nKis R\u00f3kus u. 16-20<br \/>\n1024 Budapest, Ungarn<\/p>\n<p>&nbsp;<\/p>\n<p><strong>F\u00fcr weitere Informationen zur Veranstaltung<\/strong><br \/>\n<a href=\"https:\/\/www.kavebar.hu\/english.html\">https:\/\/www.kavebar.hu\/english.html<\/a><\/p>\n<p>&nbsp;<\/p>\n<p><strong>Verfolgen Sie das Event auf unserer offiziellen Instagram-Seite<\/strong><br \/>\n@rancilio_official #rancilio<br \/>\n@ranciliospecialty #ranciliospecialty<\/p>\n<p>&nbsp;<\/p>\n<p><strong>Entdecken Sie unsere ausgestellten Produkte<\/strong><br \/>\n<a href=\"https:\/\/www.ranciliogroup.com\/de\/rancilio\/silvia\/\">Rancilio Silvia<\/a><br \/>\n<a href=\"https:\/\/www.ranciliogroup.com\/de\/rancilio\/stile\/\">Rancilio Stile<\/a><br \/>\n<a href=\"https:\/\/www.ranciliogroup.com\/de\/rancilio\/kryo\/\">Rancilio Kryo<\/a><br \/>\n<a href=\"https:\/\/www.ranciliogroup.com\/de\/specialty\/rs1\/\">Rancilio Specialty RS1<\/a><\/p>\n<p>&nbsp;<\/p>\n","protected":false},"excerpt":{"rendered":"<p>Vom 1. bis 2. April 2023 nimmt die Rancilio Group an der 13. Ausgabe von K\u00e1v\u00e9b\u00e1r Baz\u00e1r im Millen\u00e1ris Park&#8230;<\/p>\n","protected":false},"author":5,"featured_media":66004,"comment_status":"closed","ping_status":"closed","sticky":false,"template":"","format":"standard","meta":[],"categories":[556],"tags":[2853,2854,2855,2827,2628,2598,2597],"acf":[],"yoast_head":"<!-- This site is optimized with the Yoast SEO plugin v21.5 - https:\/\/yoast.com\/wordpress\/plugins\/seo\/ -->\n<title>Latest update about Rancilio Group zu Gast in Budapest bei der 13. Ausgabe von K\u00e1v\u00e9b\u00e1r Baz\u00e1r 2023 - Rancilio Group<\/title>\n<meta name=\"description\" content=\"Read Rancilio Group&#039;s latest news about Rancilio Group zu Gast in Budapest bei der 13. Ausgabe von K\u00e1v\u00e9b\u00e1r Baz\u00e1r 2023\" \/>\n<meta name=\"robots\" content=\"index, follow, max-snippet:-1, max-image-preview:large, max-video-preview:-1\" \/>\n<link rel=\"canonical\" href=\"https:\/\/www.ranciliogroup.com\/de\/rancilio-group-zu-gast-in-budapest-bei-der-13-ausgabe-von-kavebar-bazar-2023\/\" \/>\n<meta property=\"og:locale\" content=\"de_DE\" \/>\n<meta property=\"og:type\" content=\"article\" \/>\n<meta property=\"og:title\" content=\"Latest update about Rancilio Group zu Gast in Budapest bei der 13. Ausgabe von K\u00e1v\u00e9b\u00e1r Baz\u00e1r 2023 - Rancilio Group\" \/>\n<meta property=\"og:description\" content=\"Read Rancilio Group&#039;s latest news about Rancilio Group zu Gast in Budapest bei der 13. Ausgabe von K\u00e1v\u00e9b\u00e1r Baz\u00e1r 2023\" \/>\n<meta property=\"og:url\" content=\"https:\/\/www.ranciliogroup.com\/de\/rancilio-group-zu-gast-in-budapest-bei-der-13-ausgabe-von-kavebar-bazar-2023\/\" \/>\n<meta property=\"og:site_name\" content=\"Rancilio Group\" \/>\n<meta property=\"article:publisher\" content=\"https:\/\/www.facebook.com\/RancilioGroup\" \/>\n<meta property=\"article:published_time\" content=\"2023-03-15T11:26:25+00:00\" \/>\n<meta property=\"article:modified_time\" content=\"2023-03-15T11:27:44+00:00\" \/>\n<meta property=\"og:image\" content=\"https:\/\/www.ranciliogroup.com\/app\/uploads\/2023\/03\/RancilioGroup-KavebarBazar-web.jpg\" \/>\n\t<meta property=\"og:image:width\" content=\"1920\" \/>\n\t<meta property=\"og:image:height\" content=\"1171\" \/>\n\t<meta property=\"og:image:type\" content=\"image\/jpeg\" \/>\n<meta name=\"author\" content=\"temp circular\" \/>\n<meta name=\"twitter:card\" content=\"summary_large_image\" \/>\n<meta name=\"twitter:creator\" content=\"@ranciliogroup\" \/>\n<meta name=\"twitter:site\" content=\"@ranciliogroup\" \/>\n<meta name=\"twitter:label1\" content=\"Written by\" \/>\n\t<meta name=\"twitter:data1\" content=\"temp circular\" \/>\n\t<meta name=\"twitter:label2\" content=\"Est. reading time\" \/>\n\t<meta name=\"twitter:data2\" content=\"1 minute\" \/>\n<script type=\"application\/ld+json\" class=\"yoast-schema-graph\">{\"@context\":\"https:\/\/schema.org\",\"@graph\":[{\"@type\":\"Article\",\"@id\":\"https:\/\/www.ranciliogroup.com\/de\/rancilio-group-zu-gast-in-budapest-bei-der-13-ausgabe-von-kavebar-bazar-2023\/#article\",\"isPartOf\":{\"@id\":\"https:\/\/www.ranciliogroup.com\/de\/rancilio-group-zu-gast-in-budapest-bei-der-13-ausgabe-von-kavebar-bazar-2023\/\"},\"author\":{\"name\":\"temp circular\",\"@id\":\"https:\/\/www.ranciliogroup.com\/de\/#\/schema\/person\/d6bf0a7dfe74cded3d64da8b2c92814c\"},\"headline\":\"Rancilio Group zu Gast in Budapest bei der 13. Ausgabe von K\u00e1v\u00e9b\u00e1r Baz\u00e1r 2023\",\"datePublished\":\"2023-03-15T11:26:25+00:00\",\"dateModified\":\"2023-03-15T11:27:44+00:00\",\"mainEntityOfPage\":{\"@id\":\"https:\/\/www.ranciliogroup.com\/de\/rancilio-group-zu-gast-in-budapest-bei-der-13-ausgabe-von-kavebar-bazar-2023\/\"},\"wordCount\":297,\"publisher\":{\"@id\":\"https:\/\/www.ranciliogroup.com\/de\/#organization\"},\"keywords\":[\"Kavebar Bazar\",\"Silvia\",\"Stile\",\"Rancilio\",\"Kryo\",\"RS1\",\"Rancilio Specialty\"],\"articleSection\":[\"VERANSTALTUNGEN\"],\"inLanguage\":\"de-DE\"},{\"@type\":\"WebPage\",\"@id\":\"https:\/\/www.ranciliogroup.com\/de\/rancilio-group-zu-gast-in-budapest-bei-der-13-ausgabe-von-kavebar-bazar-2023\/\",\"url\":\"https:\/\/www.ranciliogroup.com\/de\/rancilio-group-zu-gast-in-budapest-bei-der-13-ausgabe-von-kavebar-bazar-2023\/\",\"name\":\"Latest update about Rancilio Group zu Gast in Budapest bei der 13. Ausgabe von K\u00e1v\u00e9b\u00e1r Baz\u00e1r 2023 - Rancilio Group\",\"isPartOf\":{\"@id\":\"https:\/\/www.ranciliogroup.com\/de\/#website\"},\"datePublished\":\"2023-03-15T11:26:25+00:00\",\"dateModified\":\"2023-03-15T11:27:44+00:00\",\"description\":\"Read Rancilio Group's latest news about Rancilio Group zu Gast in Budapest bei der 13. Ausgabe von K\u00e1v\u00e9b\u00e1r Baz\u00e1r 2023\",\"breadcrumb\":{\"@id\":\"https:\/\/www.ranciliogroup.com\/de\/rancilio-group-zu-gast-in-budapest-bei-der-13-ausgabe-von-kavebar-bazar-2023\/#breadcrumb\"},\"inLanguage\":\"de-DE\",\"potentialAction\":[{\"@type\":\"ReadAction\",\"target\":[\"https:\/\/www.ranciliogroup.com\/de\/rancilio-group-zu-gast-in-budapest-bei-der-13-ausgabe-von-kavebar-bazar-2023\/\"]}]},{\"@type\":\"BreadcrumbList\",\"@id\":\"https:\/\/www.ranciliogroup.com\/de\/rancilio-group-zu-gast-in-budapest-bei-der-13-ausgabe-von-kavebar-bazar-2023\/#breadcrumb\",\"itemListElement\":[{\"@type\":\"ListItem\",\"position\":1,\"name\":\"Home\",\"item\":\"https:\/\/www.ranciliogroup.com\/de\/\"},{\"@type\":\"ListItem\",\"position\":2,\"name\":\"Rancilio Group zu Gast in Budapest bei der 13. Ausgabe von K\u00e1v\u00e9b\u00e1r Baz\u00e1r 2023\"}]},{\"@type\":\"WebSite\",\"@id\":\"https:\/\/www.ranciliogroup.com\/de\/#website\",\"url\":\"https:\/\/www.ranciliogroup.com\/de\/\",\"name\":\"Rancilio Group\",\"description\":\"Professionelle Kaffeemaschinen Leader\",\"publisher\":{\"@id\":\"https:\/\/www.ranciliogroup.com\/de\/#organization\"},\"potentialAction\":[{\"@type\":\"SearchAction\",\"target\":{\"@type\":\"EntryPoint\",\"urlTemplate\":\"https:\/\/www.ranciliogroup.com\/de\/?s={search_term_string}\"},\"query-input\":\"required name=search_term_string\"}],\"inLanguage\":\"de-DE\"},{\"@type\":\"Organization\",\"@id\":\"https:\/\/www.ranciliogroup.com\/de\/#organization\",\"name\":\"Rancilio Group\",\"url\":\"https:\/\/www.ranciliogroup.com\/de\/\",\"logo\":{\"@type\":\"ImageObject\",\"inLanguage\":\"de-DE\",\"@id\":\"https:\/\/www.ranciliogroup.com\/de\/#\/schema\/logo\/image\/\",\"url\":\"https:\/\/www.ranciliogroup.com\/app\/uploads\/2019\/07\/rancilio_black_logo.png\",\"contentUrl\":\"https:\/\/www.ranciliogroup.com\/app\/uploads\/2019\/07\/rancilio_black_logo.png\",\"width\":447,\"height\":57,\"caption\":\"Rancilio Group\"},\"image\":{\"@id\":\"https:\/\/www.ranciliogroup.com\/de\/#\/schema\/logo\/image\/\"},\"sameAs\":[\"https:\/\/www.facebook.com\/RancilioGroup\",\"https:\/\/twitter.com\/ranciliogroup\",\"https:\/\/www.instagram.com\/rancilio_official\/\",\"https:\/\/www.linkedin.com\/company\/ranciliogroup\/\",\"https:\/\/www.youtube.com\/user\/rancilioadmin\"]},{\"@type\":\"Person\",\"@id\":\"https:\/\/www.ranciliogroup.com\/de\/#\/schema\/person\/d6bf0a7dfe74cded3d64da8b2c92814c\",\"name\":\"temp circular\",\"image\":{\"@type\":\"ImageObject\",\"inLanguage\":\"de-DE\",\"@id\":\"https:\/\/www.ranciliogroup.com\/de\/#\/schema\/person\/image\/\",\"url\":\"https:\/\/secure.gravatar.com\/avatar\/569e71c3b97b8bcad1854d6579b35c5f?s=96&d=mm&r=g\",\"contentUrl\":\"https:\/\/secure.gravatar.com\/avatar\/569e71c3b97b8bcad1854d6579b35c5f?s=96&d=mm&r=g\",\"caption\":\"temp circular\"}}]}<\/script>\n<!-- \/ Yoast SEO plugin. -->","yoast_head_json":{"title":"Latest update about Rancilio Group zu Gast in Budapest bei der 13. Ausgabe von K\u00e1v\u00e9b\u00e1r Baz\u00e1r 2023 - Rancilio Group","description":"Read Rancilio Group's latest news about Rancilio Group zu Gast in Budapest bei der 13. Ausgabe von K\u00e1v\u00e9b\u00e1r Baz\u00e1r 2023","robots":{"index":"index","follow":"follow","max-snippet":"max-snippet:-1","max-image-preview":"max-image-preview:large","max-video-preview":"max-video-preview:-1"},"canonical":"https:\/\/www.ranciliogroup.com\/de\/rancilio-group-zu-gast-in-budapest-bei-der-13-ausgabe-von-kavebar-bazar-2023\/","og_locale":"de_DE","og_type":"article","og_title":"Latest update about Rancilio Group zu Gast in Budapest bei der 13. Ausgabe von K\u00e1v\u00e9b\u00e1r Baz\u00e1r 2023 - Rancilio Group","og_description":"Read Rancilio Group's latest news about Rancilio Group zu Gast in Budapest bei der 13. Ausgabe von K\u00e1v\u00e9b\u00e1r Baz\u00e1r 2023","og_url":"https:\/\/www.ranciliogroup.com\/de\/rancilio-group-zu-gast-in-budapest-bei-der-13-ausgabe-von-kavebar-bazar-2023\/","og_site_name":"Rancilio Group","article_publisher":"https:\/\/www.facebook.com\/RancilioGroup","article_published_time":"2023-03-15T11:26:25+00:00","article_modified_time":"2023-03-15T11:27:44+00:00","og_image":[{"width":1920,"height":1171,"url":"https:\/\/www.ranciliogroup.com\/app\/uploads\/2023\/03\/RancilioGroup-KavebarBazar-web.jpg","type":"image\/jpeg"}],"author":"temp circular","twitter_card":"summary_large_image","twitter_creator":"@ranciliogroup","twitter_site":"@ranciliogroup","twitter_misc":{"Written by":"temp circular","Est. reading time":"1 minute"},"schema":{"@context":"https:\/\/schema.org","@graph":[{"@type":"Article","@id":"https:\/\/www.ranciliogroup.com\/de\/rancilio-group-zu-gast-in-budapest-bei-der-13-ausgabe-von-kavebar-bazar-2023\/#article","isPartOf":{"@id":"https:\/\/www.ranciliogroup.com\/de\/rancilio-group-zu-gast-in-budapest-bei-der-13-ausgabe-von-kavebar-bazar-2023\/"},"author":{"name":"temp circular","@id":"https:\/\/www.ranciliogroup.com\/de\/#\/schema\/person\/d6bf0a7dfe74cded3d64da8b2c92814c"},"headline":"Rancilio Group zu Gast in Budapest bei der 13. Ausgabe von K\u00e1v\u00e9b\u00e1r Baz\u00e1r 2023","datePublished":"2023-03-15T11:26:25+00:00","dateModified":"2023-03-15T11:27:44+00:00","mainEntityOfPage":{"@id":"https:\/\/www.ranciliogroup.com\/de\/rancilio-group-zu-gast-in-budapest-bei-der-13-ausgabe-von-kavebar-bazar-2023\/"},"wordCount":297,"publisher":{"@id":"https:\/\/www.ranciliogroup.com\/de\/#organization"},"keywords":["Kavebar Bazar","Silvia","Stile","Rancilio","Kryo","RS1","Rancilio Specialty"],"articleSection":["VERANSTALTUNGEN"],"inLanguage":"de-DE"},{"@type":"WebPage","@id":"https:\/\/www.ranciliogroup.com\/de\/rancilio-group-zu-gast-in-budapest-bei-der-13-ausgabe-von-kavebar-bazar-2023\/","url":"https:\/\/www.ranciliogroup.com\/de\/rancilio-group-zu-gast-in-budapest-bei-der-13-ausgabe-von-kavebar-bazar-2023\/","name":"Latest update about Rancilio Group zu Gast in Budapest bei der 13. Ausgabe von K\u00e1v\u00e9b\u00e1r Baz\u00e1r 2023 - Rancilio Group","isPartOf":{"@id":"https:\/\/www.ranciliogroup.com\/de\/#website"},"datePublished":"2023-03-15T11:26:25+00:00","dateModified":"2023-03-15T11:27:44+00:00","description":"Read Rancilio Group's latest news about Rancilio Group zu Gast in Budapest bei der 13. Ausgabe von K\u00e1v\u00e9b\u00e1r Baz\u00e1r 2023","breadcrumb":{"@id":"https:\/\/www.ranciliogroup.com\/de\/rancilio-group-zu-gast-in-budapest-bei-der-13-ausgabe-von-kavebar-bazar-2023\/#breadcrumb"},"inLanguage":"de-DE","potentialAction":[{"@type":"ReadAction","target":["https:\/\/www.ranciliogroup.com\/de\/rancilio-group-zu-gast-in-budapest-bei-der-13-ausgabe-von-kavebar-bazar-2023\/"]}]},{"@type":"BreadcrumbList","@id":"https:\/\/www.ranciliogroup.com\/de\/rancilio-group-zu-gast-in-budapest-bei-der-13-ausgabe-von-kavebar-bazar-2023\/#breadcrumb","itemListElement":[{"@type":"ListItem","position":1,"name":"Home","item":"https:\/\/www.ranciliogroup.com\/de\/"},{"@type":"ListItem","position":2,"name":"Rancilio Group zu Gast in Budapest bei der 13. Ausgabe von K\u00e1v\u00e9b\u00e1r Baz\u00e1r 2023"}]},{"@type":"WebSite","@id":"https:\/\/www.ranciliogroup.com\/de\/#website","url":"https:\/\/www.ranciliogroup.com\/de\/","name":"Rancilio Group","description":"Professionelle Kaffeemaschinen Leader","publisher":{"@id":"https:\/\/www.ranciliogroup.com\/de\/#organization"},"potentialAction":[{"@type":"SearchAction","target":{"@type":"EntryPoint","urlTemplate":"https:\/\/www.ranciliogroup.com\/de\/?s={search_term_string}"},"query-input":"required name=search_term_string"}],"inLanguage":"de-DE"},{"@type":"Organization","@id":"https:\/\/www.ranciliogroup.com\/de\/#organization","name":"Rancilio Group","url":"https:\/\/www.ranciliogroup.com\/de\/","logo":{"@type":"ImageObject","inLanguage":"de-DE","@id":"https:\/\/www.ranciliogroup.com\/de\/#\/schema\/logo\/image\/","url":"https:\/\/www.ranciliogroup.com\/app\/uploads\/2019\/07\/rancilio_black_logo.png","contentUrl":"https:\/\/www.ranciliogroup.com\/app\/uploads\/2019\/07\/rancilio_black_logo.png","width":447,"height":57,"caption":"Rancilio Group"},"image":{"@id":"https:\/\/www.ranciliogroup.com\/de\/#\/schema\/logo\/image\/"},"sameAs":["https:\/\/www.facebook.com\/RancilioGroup","https:\/\/twitter.com\/ranciliogroup","https:\/\/www.instagram.com\/rancilio_official\/","https:\/\/www.linkedin.com\/company\/ranciliogroup\/","https:\/\/www.youtube.com\/user\/rancilioadmin"]},{"@type":"Person","@id":"https:\/\/www.ranciliogroup.com\/de\/#\/schema\/person\/d6bf0a7dfe74cded3d64da8b2c92814c","name":"temp circular","image":{"@type":"ImageObject","inLanguage":"de-DE","@id":"https:\/\/www.ranciliogroup.com\/de\/#\/schema\/person\/image\/","url":"https:\/\/secure.gravatar.com\/avatar\/569e71c3b97b8bcad1854d6579b35c5f?s=96&d=mm&r=g","contentUrl":"https:\/\/secure.gravatar.com\/avatar\/569e71c3b97b8bcad1854d6579b35c5f?s=96&d=mm&r=g","caption":"temp circular"}}]}},"_links":{"self":[{"href":"https:\/\/www.ranciliogroup.com\/de\/wp-json\/wp\/v2\/posts\/66017"}],"collection":[{"href":"https:\/\/www.ranciliogroup.com\/de\/wp-json\/wp\/v2\/posts"}],"about":[{"href":"https:\/\/www.ranciliogroup.com\/de\/wp-json\/wp\/v2\/types\/post"}],"author":[{"embeddable":true,"href":"https:\/\/www.ranciliogroup.com\/de\/wp-json\/wp\/v2\/users\/5"}],"replies":[{"embeddable":true,"href":"https:\/\/www.ranciliogroup.com\/de\/wp-json\/wp\/v2\/comments?post=66017"}],"version-history":[{"count":2,"href":"https:\/\/www.ranciliogroup.com\/de\/wp-json\/wp\/v2\/posts\/66017\/revisions"}],"predecessor-version":[{"id":66019,"href":"https:\/\/www.ranciliogroup.com\/de\/wp-json\/wp\/v2\/posts\/66017\/revisions\/66019"}],"wp:featuredmedia":[{"embeddable":true,"href":"https:\/\/www.ranciliogroup.com\/de\/wp-json\/wp\/v2\/media\/66004"}],"wp:attachment":[{"href":"https:\/\/www.ranciliogroup.com\/de\/wp-json\/wp\/v2\/media?parent=66017"}],"wp:term":[{"taxonomy":"category","embeddable":true,"href":"https:\/\/www.ranciliogroup.com\/de\/wp-json\/wp\/v2\/categories?post=66017"},{"taxonomy":"post_tag","embeddable":true,"href":"https:\/\/www.ranciliogroup.com\/de\/wp-json\/wp\/v2\/tags?post=66017"}],"curies":[{"name":"wp","href":"https:\/\/api.w.org\/{rel}","templated":true}]}}