{"id":66115,"date":"2023-04-06T09:38:57","date_gmt":"2023-04-06T07:38:57","guid":{"rendered":"https:\/\/www.ranciliogroup.com\/?p=66115"},"modified":"2023-04-06T09:38:57","modified_gmt":"2023-04-06T07:38:57","slug":"die-rancilio-group-kehrt-fuer-das-london-coffee-festival-2023-nach-east-london-zurueck","status":"publish","type":"post","link":"https:\/\/www.ranciliogroup.com\/de\/die-rancilio-group-kehrt-fuer-das-london-coffee-festival-2023-nach-east-london-zurueck\/","title":{"rendered":"Die Rancilio Group kehrt f\u00fcr das London Coffee Festival 2023 nach East London zur\u00fcck"},"content":{"rendered":"<p>Vom 20. bis 23. April findet in der Truman Brewery im Osten Londons erneut das London Coffee Festival statt, eine Veranstaltung, die Londons lebendige und pulsierende Kaffeeszene feiert. Die Rancilio Group wird vor Ort sein, um die 30.000 Fachleute und Begeisterten zu begr\u00fc\u00dfen, die auf der diesj\u00e4hrigen Veranstaltung erwartet werden.<\/p>\n<p>Claudia Cho Ngai Lam, Champion der Barista League 2022, wird sich bei dieser Gelegenheit auch dem Team der Rancilio Group anschlie\u00dfen und mit der Invicta, der neuen Ein-Boiler-Espressomaschine mit Steady-Brew-Technologie, arbeiten. RS1 wird das Angebot vervollst\u00e4ndigen und den Besuchern die M\u00f6glichkeit geben, seine Vorbr\u00fch- und Advanced Temperature Profiling-Technologie aus erster Hand zu testen.<\/p>\n<p>Liebhaber der Rancilio Home Line k\u00f6nnen die Ein-Gruppen-Espressomaschine mit Dual-Boiler-Technologie Silvia Pro X und die neue ultrakompakte Kaffeem\u00fchle Stile ausprobieren, die sowohl f\u00fcr den Haushalt als auch f\u00fcr Caf\u00e9s geeignet ist.<\/p>\n<p>F\u00fcr alle, die einen noch moderneren, automatisierten Touch suchen, gibt es den eleganten Kaffeevollautomaten Egro Next Pure Coffee in doppelter Ausf\u00fchrung: eine Version mit iSteam f\u00fcr einwandfrei geformte Milch und eine Version ohne Dampfkessel f\u00fcr maximale Energieeinsparung. Dieses spezielle Setup bietet eine einfache Bedienung und hochwertige Extraktionstechnologien f\u00fcr Lokale mit hohem Verbrauch, die die Produktivit\u00e4t von Next Pure Coffee auf 4 Tassen Kaffee pro Service steigern.<\/p>\n<p>Mit \u00fcber 250 handwerklich hergestellten Kaffeesorten, Verkostungen und Vorf\u00fchrungen von Weltklasse-Baristas, Live-Musik und interaktiven Workshops ist das London Coffee Festival das koffeinhaltige Ereignis, das sich Kaffeeeliebhaber nicht entgehen lassen sollten.<\/p>\n<p>Tickets sind unter <a href=\"https:\/\/www.londoncoffeefestival.com\/tickets\/sessions\">Londoncoffeefestival.com<\/a> erh\u00e4ltlich<\/p>\n<p>&nbsp;<\/p>\n<p>&nbsp;<\/p>\n<p><strong>London Coffee Festival \/ Rancilio Group<\/strong><\/p>\n<ol start=\"20\">\n<li>bis 23. April 2023<\/li>\n<\/ol>\n<p>Ground Floor G1, Booth G24<br \/>\n<a href=\"https:\/\/www.google.com\/maps\/place\/The+Truman+Brewery\/@51.5212729,-0.0719898,15z\/data=!4m6!3m5!1s0x48761cb681c09d1b:0xffb3966176941f91!8m2!3d51.5212729!4d-0.0719898!16zL20vMDd4cTEx\">The Truman Brewery<\/a><br \/>\nBrick Lane<br \/>\nE1 6QR London<\/p>\n<p>&nbsp;<\/p>\n<p><strong>F\u00fcr weitere Informationen zu dieser Veranstaltung<\/strong><br \/>\n<a href=\"https:\/\/www.londoncoffeefestival.com\/\">https:\/\/www.londoncoffeefestival.com\/<\/a><\/p>\n<p>&nbsp;<\/p>\n<p><strong>Verfolgen Sie die Veranstaltung auf Instagram<\/strong><br \/>\n@rancilio_official #rancilio<br \/>\n@ranciliospecialty #ranciliospecialty<br \/>\n@londoncoffeefestival #londoncoffeefestival2023<\/p>\n<p>&nbsp;<\/p>\n<p><strong>Entdecken Sie unsere ausgestellten Produkte<\/strong><br \/>\n<a href=\"https:\/\/www.ranciliogroup.com\/de\/egro\/next\/\">Egro Next<\/a><br \/>\n<a href=\"https:\/\/www.ranciliogroup.com\/de\/rancilio\/silvia-pro-x\/\">Rancilio Silvia Pro X<\/a><br \/>\n<a href=\"https:\/\/www.ranciliogroup.com\/de\/rancilio\/silvia\/\">Rancilio Silvia<\/a><br \/>\n<a href=\"https:\/\/www.ranciliogroup.com\/de\/rancilio\/stile\/\">Rancilio Stile<\/a><br \/>\n<a href=\"https:\/\/www.ranciliogroup.com\/de\/rancilio\/kryo\/\">Rancilio Kryo<\/a><br \/>\n<a href=\"https:\/\/www.ranciliogroup.com\/de\/specialty\/invicta\/\">Rancilio Specialty Invicta<\/a><br \/>\n<a href=\"https:\/\/www.ranciliogroup.com\/de\/specialty\/rs1\/\">Rancilio Specialty RS1<\/a><\/p>\n","protected":false},"excerpt":{"rendered":"<p>Vom 20. bis 23. April findet in der Truman Brewery im Osten Londons erneut das London Coffee Festival statt, eine&#8230;<\/p>\n","protected":false},"author":5,"featured_media":66081,"comment_status":"closed","ping_status":"closed","sticky":false,"template":"","format":"standard","meta":[],"categories":[556],"tags":[2910,2854,2855,2827,2738,2687,2686,2629,2628,2627,2598,2597],"acf":[],"yoast_head":"<!-- This site is optimized with the Yoast SEO plugin v21.5 - https:\/\/yoast.com\/wordpress\/plugins\/seo\/ -->\n<title>Latest update about Die Rancilio Group kehrt f\u00fcr das London Coffee Festival 2023 nach East London zur\u00fcck - Rancilio Group<\/title>\n<meta name=\"description\" content=\"Read Rancilio Group&#039;s latest news about Die Rancilio Group kehrt f\u00fcr das London Coffee Festival 2023 nach East London zur\u00fcck\" \/>\n<meta name=\"robots\" content=\"index, follow, max-snippet:-1, max-image-preview:large, max-video-preview:-1\" \/>\n<link rel=\"canonical\" href=\"https:\/\/www.ranciliogroup.com\/de\/die-rancilio-group-kehrt-fuer-das-london-coffee-festival-2023-nach-east-london-zurueck\/\" \/>\n<meta property=\"og:locale\" content=\"de_DE\" \/>\n<meta property=\"og:type\" content=\"article\" \/>\n<meta property=\"og:title\" content=\"Latest update about Die Rancilio Group kehrt f\u00fcr das London Coffee Festival 2023 nach East London zur\u00fcck - Rancilio Group\" \/>\n<meta property=\"og:description\" content=\"Read Rancilio Group&#039;s latest news about Die Rancilio Group kehrt f\u00fcr das London Coffee Festival 2023 nach East London zur\u00fcck\" \/>\n<meta property=\"og:url\" content=\"https:\/\/www.ranciliogroup.com\/de\/die-rancilio-group-kehrt-fuer-das-london-coffee-festival-2023-nach-east-london-zurueck\/\" \/>\n<meta property=\"og:site_name\" content=\"Rancilio Group\" \/>\n<meta property=\"article:publisher\" content=\"https:\/\/www.facebook.com\/RancilioGroup\" \/>\n<meta property=\"article:published_time\" content=\"2023-04-06T07:38:57+00:00\" \/>\n<meta property=\"og:image\" content=\"https:\/\/www.ranciliogroup.com\/app\/uploads\/2023\/04\/LCF_RancilioGroup_web.jpg\" \/>\n\t<meta property=\"og:image:width\" content=\"1080\" \/>\n\t<meta property=\"og:image:height\" content=\"608\" \/>\n\t<meta property=\"og:image:type\" content=\"image\/jpeg\" \/>\n<meta name=\"author\" content=\"temp circular\" \/>\n<meta name=\"twitter:card\" content=\"summary_large_image\" \/>\n<meta name=\"twitter:creator\" content=\"@ranciliogroup\" \/>\n<meta name=\"twitter:site\" content=\"@ranciliogroup\" \/>\n<meta name=\"twitter:label1\" content=\"Written by\" \/>\n\t<meta name=\"twitter:data1\" content=\"temp circular\" \/>\n\t<meta name=\"twitter:label2\" content=\"Est. reading time\" \/>\n\t<meta name=\"twitter:data2\" content=\"2 minutes\" \/>\n<script type=\"application\/ld+json\" class=\"yoast-schema-graph\">{\"@context\":\"https:\/\/schema.org\",\"@graph\":[{\"@type\":\"Article\",\"@id\":\"https:\/\/www.ranciliogroup.com\/de\/die-rancilio-group-kehrt-fuer-das-london-coffee-festival-2023-nach-east-london-zurueck\/#article\",\"isPartOf\":{\"@id\":\"https:\/\/www.ranciliogroup.com\/de\/die-rancilio-group-kehrt-fuer-das-london-coffee-festival-2023-nach-east-london-zurueck\/\"},\"author\":{\"name\":\"temp circular\",\"@id\":\"https:\/\/www.ranciliogroup.com\/de\/#\/schema\/person\/d6bf0a7dfe74cded3d64da8b2c92814c\"},\"headline\":\"Die Rancilio Group kehrt f\u00fcr das London Coffee Festival 2023 nach East London zur\u00fcck\",\"datePublished\":\"2023-04-06T07:38:57+00:00\",\"dateModified\":\"2023-04-06T07:38:57+00:00\",\"mainEntityOfPage\":{\"@id\":\"https:\/\/www.ranciliogroup.com\/de\/die-rancilio-group-kehrt-fuer-das-london-coffee-festival-2023-nach-east-london-zurueck\/\"},\"wordCount\":336,\"publisher\":{\"@id\":\"https:\/\/www.ranciliogroup.com\/de\/#organization\"},\"keywords\":[\"London Coffee Festival\",\"Silvia\",\"Stile\",\"Rancilio\",\"Silvia Pro X\",\"Next\",\"Egro\",\"Rancilio Group\",\"Kryo\",\"Invicta\",\"RS1\",\"Rancilio Specialty\"],\"articleSection\":[\"VERANSTALTUNGEN\"],\"inLanguage\":\"de-DE\"},{\"@type\":\"WebPage\",\"@id\":\"https:\/\/www.ranciliogroup.com\/de\/die-rancilio-group-kehrt-fuer-das-london-coffee-festival-2023-nach-east-london-zurueck\/\",\"url\":\"https:\/\/www.ranciliogroup.com\/de\/die-rancilio-group-kehrt-fuer-das-london-coffee-festival-2023-nach-east-london-zurueck\/\",\"name\":\"Latest update about Die Rancilio Group kehrt f\u00fcr das London Coffee Festival 2023 nach East London zur\u00fcck - Rancilio Group\",\"isPartOf\":{\"@id\":\"https:\/\/www.ranciliogroup.com\/de\/#website\"},\"datePublished\":\"2023-04-06T07:38:57+00:00\",\"dateModified\":\"2023-04-06T07:38:57+00:00\",\"description\":\"Read Rancilio Group's latest news about Die Rancilio Group kehrt f\u00fcr das London Coffee Festival 2023 nach East London zur\u00fcck\",\"breadcrumb\":{\"@id\":\"https:\/\/www.ranciliogroup.com\/de\/die-rancilio-group-kehrt-fuer-das-london-coffee-festival-2023-nach-east-london-zurueck\/#breadcrumb\"},\"inLanguage\":\"de-DE\",\"potentialAction\":[{\"@type\":\"ReadAction\",\"target\":[\"https:\/\/www.ranciliogroup.com\/de\/die-rancilio-group-kehrt-fuer-das-london-coffee-festival-2023-nach-east-london-zurueck\/\"]}]},{\"@type\":\"BreadcrumbList\",\"@id\":\"https:\/\/www.ranciliogroup.com\/de\/die-rancilio-group-kehrt-fuer-das-london-coffee-festival-2023-nach-east-london-zurueck\/#breadcrumb\",\"itemListElement\":[{\"@type\":\"ListItem\",\"position\":1,\"name\":\"Home\",\"item\":\"https:\/\/www.ranciliogroup.com\/de\/\"},{\"@type\":\"ListItem\",\"position\":2,\"name\":\"Die Rancilio Group kehrt f\u00fcr das London Coffee Festival 2023 nach East London zur\u00fcck\"}]},{\"@type\":\"WebSite\",\"@id\":\"https:\/\/www.ranciliogroup.com\/de\/#website\",\"url\":\"https:\/\/www.ranciliogroup.com\/de\/\",\"name\":\"Rancilio Group\",\"description\":\"Professionelle Kaffeemaschinen Leader\",\"publisher\":{\"@id\":\"https:\/\/www.ranciliogroup.com\/de\/#organization\"},\"potentialAction\":[{\"@type\":\"SearchAction\",\"target\":{\"@type\":\"EntryPoint\",\"urlTemplate\":\"https:\/\/www.ranciliogroup.com\/de\/?s={search_term_string}\"},\"query-input\":\"required name=search_term_string\"}],\"inLanguage\":\"de-DE\"},{\"@type\":\"Organization\",\"@id\":\"https:\/\/www.ranciliogroup.com\/de\/#organization\",\"name\":\"Rancilio Group\",\"url\":\"https:\/\/www.ranciliogroup.com\/de\/\",\"logo\":{\"@type\":\"ImageObject\",\"inLanguage\":\"de-DE\",\"@id\":\"https:\/\/www.ranciliogroup.com\/de\/#\/schema\/logo\/image\/\",\"url\":\"https:\/\/www.ranciliogroup.com\/app\/uploads\/2019\/07\/rancilio_black_logo.png\",\"contentUrl\":\"https:\/\/www.ranciliogroup.com\/app\/uploads\/2019\/07\/rancilio_black_logo.png\",\"width\":447,\"height\":57,\"caption\":\"Rancilio Group\"},\"image\":{\"@id\":\"https:\/\/www.ranciliogroup.com\/de\/#\/schema\/logo\/image\/\"},\"sameAs\":[\"https:\/\/www.facebook.com\/RancilioGroup\",\"https:\/\/twitter.com\/ranciliogroup\",\"https:\/\/www.instagram.com\/rancilio_official\/\",\"https:\/\/www.linkedin.com\/company\/ranciliogroup\/\",\"https:\/\/www.youtube.com\/user\/rancilioadmin\"]},{\"@type\":\"Person\",\"@id\":\"https:\/\/www.ranciliogroup.com\/de\/#\/schema\/person\/d6bf0a7dfe74cded3d64da8b2c92814c\",\"name\":\"temp circular\",\"image\":{\"@type\":\"ImageObject\",\"inLanguage\":\"de-DE\",\"@id\":\"https:\/\/www.ranciliogroup.com\/de\/#\/schema\/person\/image\/\",\"url\":\"https:\/\/secure.gravatar.com\/avatar\/569e71c3b97b8bcad1854d6579b35c5f?s=96&d=mm&r=g\",\"contentUrl\":\"https:\/\/secure.gravatar.com\/avatar\/569e71c3b97b8bcad1854d6579b35c5f?s=96&d=mm&r=g\",\"caption\":\"temp circular\"}}]}<\/script>\n<!-- \/ Yoast SEO plugin. -->","yoast_head_json":{"title":"Latest update about Die Rancilio Group kehrt f\u00fcr das London Coffee Festival 2023 nach East London zur\u00fcck - Rancilio Group","description":"Read Rancilio Group's latest news about Die Rancilio Group kehrt f\u00fcr das London Coffee Festival 2023 nach East London zur\u00fcck","robots":{"index":"index","follow":"follow","max-snippet":"max-snippet:-1","max-image-preview":"max-image-preview:large","max-video-preview":"max-video-preview:-1"},"canonical":"https:\/\/www.ranciliogroup.com\/de\/die-rancilio-group-kehrt-fuer-das-london-coffee-festival-2023-nach-east-london-zurueck\/","og_locale":"de_DE","og_type":"article","og_title":"Latest update about Die Rancilio Group kehrt f\u00fcr das London Coffee Festival 2023 nach East London zur\u00fcck - Rancilio Group","og_description":"Read Rancilio Group's latest news about Die Rancilio Group kehrt f\u00fcr das London Coffee Festival 2023 nach East London zur\u00fcck","og_url":"https:\/\/www.ranciliogroup.com\/de\/die-rancilio-group-kehrt-fuer-das-london-coffee-festival-2023-nach-east-london-zurueck\/","og_site_name":"Rancilio Group","article_publisher":"https:\/\/www.facebook.com\/RancilioGroup","article_published_time":"2023-04-06T07:38:57+00:00","og_image":[{"width":1080,"height":608,"url":"https:\/\/www.ranciliogroup.com\/app\/uploads\/2023\/04\/LCF_RancilioGroup_web.jpg","type":"image\/jpeg"}],"author":"temp circular","twitter_card":"summary_large_image","twitter_creator":"@ranciliogroup","twitter_site":"@ranciliogroup","twitter_misc":{"Written by":"temp circular","Est. reading time":"2 minutes"},"schema":{"@context":"https:\/\/schema.org","@graph":[{"@type":"Article","@id":"https:\/\/www.ranciliogroup.com\/de\/die-rancilio-group-kehrt-fuer-das-london-coffee-festival-2023-nach-east-london-zurueck\/#article","isPartOf":{"@id":"https:\/\/www.ranciliogroup.com\/de\/die-rancilio-group-kehrt-fuer-das-london-coffee-festival-2023-nach-east-london-zurueck\/"},"author":{"name":"temp circular","@id":"https:\/\/www.ranciliogroup.com\/de\/#\/schema\/person\/d6bf0a7dfe74cded3d64da8b2c92814c"},"headline":"Die Rancilio Group kehrt f\u00fcr das London Coffee Festival 2023 nach East London zur\u00fcck","datePublished":"2023-04-06T07:38:57+00:00","dateModified":"2023-04-06T07:38:57+00:00","mainEntityOfPage":{"@id":"https:\/\/www.ranciliogroup.com\/de\/die-rancilio-group-kehrt-fuer-das-london-coffee-festival-2023-nach-east-london-zurueck\/"},"wordCount":336,"publisher":{"@id":"https:\/\/www.ranciliogroup.com\/de\/#organization"},"keywords":["London Coffee Festival","Silvia","Stile","Rancilio","Silvia Pro X","Next","Egro","Rancilio Group","Kryo","Invicta","RS1","Rancilio Specialty"],"articleSection":["VERANSTALTUNGEN"],"inLanguage":"de-DE"},{"@type":"WebPage","@id":"https:\/\/www.ranciliogroup.com\/de\/die-rancilio-group-kehrt-fuer-das-london-coffee-festival-2023-nach-east-london-zurueck\/","url":"https:\/\/www.ranciliogroup.com\/de\/die-rancilio-group-kehrt-fuer-das-london-coffee-festival-2023-nach-east-london-zurueck\/","name":"Latest update about Die Rancilio Group kehrt f\u00fcr das London Coffee Festival 2023 nach East London zur\u00fcck - Rancilio Group","isPartOf":{"@id":"https:\/\/www.ranciliogroup.com\/de\/#website"},"datePublished":"2023-04-06T07:38:57+00:00","dateModified":"2023-04-06T07:38:57+00:00","description":"Read Rancilio Group's latest news about Die Rancilio Group kehrt f\u00fcr das London Coffee Festival 2023 nach East London zur\u00fcck","breadcrumb":{"@id":"https:\/\/www.ranciliogroup.com\/de\/die-rancilio-group-kehrt-fuer-das-london-coffee-festival-2023-nach-east-london-zurueck\/#breadcrumb"},"inLanguage":"de-DE","potentialAction":[{"@type":"ReadAction","target":["https:\/\/www.ranciliogroup.com\/de\/die-rancilio-group-kehrt-fuer-das-london-coffee-festival-2023-nach-east-london-zurueck\/"]}]},{"@type":"BreadcrumbList","@id":"https:\/\/www.ranciliogroup.com\/de\/die-rancilio-group-kehrt-fuer-das-london-coffee-festival-2023-nach-east-london-zurueck\/#breadcrumb","itemListElement":[{"@type":"ListItem","position":1,"name":"Home","item":"https:\/\/www.ranciliogroup.com\/de\/"},{"@type":"ListItem","position":2,"name":"Die Rancilio Group kehrt f\u00fcr das London Coffee Festival 2023 nach East London zur\u00fcck"}]},{"@type":"WebSite","@id":"https:\/\/www.ranciliogroup.com\/de\/#website","url":"https:\/\/www.ranciliogroup.com\/de\/","name":"Rancilio Group","description":"Professionelle Kaffeemaschinen Leader","publisher":{"@id":"https:\/\/www.ranciliogroup.com\/de\/#organization"},"potentialAction":[{"@type":"SearchAction","target":{"@type":"EntryPoint","urlTemplate":"https:\/\/www.ranciliogroup.com\/de\/?s={search_term_string}"},"query-input":"required name=search_term_string"}],"inLanguage":"de-DE"},{"@type":"Organization","@id":"https:\/\/www.ranciliogroup.com\/de\/#organization","name":"Rancilio Group","url":"https:\/\/www.ranciliogroup.com\/de\/","logo":{"@type":"ImageObject","inLanguage":"de-DE","@id":"https:\/\/www.ranciliogroup.com\/de\/#\/schema\/logo\/image\/","url":"https:\/\/www.ranciliogroup.com\/app\/uploads\/2019\/07\/rancilio_black_logo.png","contentUrl":"https:\/\/www.ranciliogroup.com\/app\/uploads\/2019\/07\/rancilio_black_logo.png","width":447,"height":57,"caption":"Rancilio Group"},"image":{"@id":"https:\/\/www.ranciliogroup.com\/de\/#\/schema\/logo\/image\/"},"sameAs":["https:\/\/www.facebook.com\/RancilioGroup","https:\/\/twitter.com\/ranciliogroup","https:\/\/www.instagram.com\/rancilio_official\/","https:\/\/www.linkedin.com\/company\/ranciliogroup\/","https:\/\/www.youtube.com\/user\/rancilioadmin"]},{"@type":"Person","@id":"https:\/\/www.ranciliogroup.com\/de\/#\/schema\/person\/d6bf0a7dfe74cded3d64da8b2c92814c","name":"temp circular","image":{"@type":"ImageObject","inLanguage":"de-DE","@id":"https:\/\/www.ranciliogroup.com\/de\/#\/schema\/person\/image\/","url":"https:\/\/secure.gravatar.com\/avatar\/569e71c3b97b8bcad1854d6579b35c5f?s=96&d=mm&r=g","contentUrl":"https:\/\/secure.gravatar.com\/avatar\/569e71c3b97b8bcad1854d6579b35c5f?s=96&d=mm&r=g","caption":"temp circular"}}]}},"_links":{"self":[{"href":"https:\/\/www.ranciliogroup.com\/de\/wp-json\/wp\/v2\/posts\/66115"}],"collection":[{"href":"https:\/\/www.ranciliogroup.com\/de\/wp-json\/wp\/v2\/posts"}],"about":[{"href":"https:\/\/www.ranciliogroup.com\/de\/wp-json\/wp\/v2\/types\/post"}],"author":[{"embeddable":true,"href":"https:\/\/www.ranciliogroup.com\/de\/wp-json\/wp\/v2\/users\/5"}],"replies":[{"embeddable":true,"href":"https:\/\/www.ranciliogroup.com\/de\/wp-json\/wp\/v2\/comments?post=66115"}],"version-history":[{"count":1,"href":"https:\/\/www.ranciliogroup.com\/de\/wp-json\/wp\/v2\/posts\/66115\/revisions"}],"predecessor-version":[{"id":66116,"href":"https:\/\/www.ranciliogroup.com\/de\/wp-json\/wp\/v2\/posts\/66115\/revisions\/66116"}],"wp:featuredmedia":[{"embeddable":true,"href":"https:\/\/www.ranciliogroup.com\/de\/wp-json\/wp\/v2\/media\/66081"}],"wp:attachment":[{"href":"https:\/\/www.ranciliogroup.com\/de\/wp-json\/wp\/v2\/media?parent=66115"}],"wp:term":[{"taxonomy":"category","embeddable":true,"href":"https:\/\/www.ranciliogroup.com\/de\/wp-json\/wp\/v2\/categories?post=66115"},{"taxonomy":"post_tag","embeddable":true,"href":"https:\/\/www.ranciliogroup.com\/de\/wp-json\/wp\/v2\/tags?post=66115"}],"curies":[{"name":"wp","href":"https:\/\/api.w.org\/{rel}","templated":true}]}}