{"id":66117,"date":"2023-04-06T09:43:26","date_gmt":"2023-04-06T07:43:26","guid":{"rendered":"https:\/\/www.ranciliogroup.com\/?p=66117"},"modified":"2023-04-12T14:09:43","modified_gmt":"2023-04-12T12:09:43","slug":"ein-podcast-ueber-die-geschichte-des-kaffees-auf-dem-london-coffee-festival-mit-rancilio","status":"publish","type":"post","link":"https:\/\/www.ranciliogroup.com\/de\/ein-podcast-ueber-die-geschichte-des-kaffees-auf-dem-london-coffee-festival-mit-rancilio\/","title":{"rendered":"Ein Podcast \u00fcber die Geschichte des Kaffees auf dem London Coffee Festival mit Rancilio"},"content":{"rendered":"<p>Am Samstag, den 22. und Sonntag, den 23. April l\u00e4dt Rancilio zu einem besonderen Event anl\u00e4sslich der zweiten Staffel des Podcasts <em>Eine Geschichte des Kaffees<\/em> ein, der am 17. April auf Spotify und Apple Podcast erscheinen wird.<\/p>\n<p>Die neue Podcast-Reihe wurde mit kostenlosen redaktionellen Inhalten von Rancilio entwickelt und wird von Dokumentarfilmer und Macher des <em>Filter Stories<\/em> Kaffee-Podcasts James Harper und Professor Jonathan Morris, Fachhistoriker und Autor von <em>Coffee<\/em>, moderiert:<em> Eine weltweite Geschichte.<\/em><\/p>\n<p>James Harper und Professor Jonathan Morris erz\u00e4hlen, wie ein winziger psychoaktiver Samen die Welt ver\u00e4ndert hat und unser t\u00e4gliches Leben pr\u00e4gt. In vier spannenden Episoden f\u00fcr alle Kaffeebegeisterten wird \u00fcber Coffee Shops, den Kolonialismus und die Revolution in Haiti, den amerikanischen Kaffee und die Urspr\u00fcnge der ber\u00fchmten italienischen Espressokultur berichtet.<\/p>\n<p>Die Autoren gew\u00e4hren mit dem Live-Event <em>The Dark Days of Espresso<\/em> auf der B\u00fchne von <em>The Lab<\/em> beim diesj\u00e4hrigen London Coffee Festival einen ersten exklusiven Einblick in diese spannende neue Serie, die in Zusammenarbeit mit Rancilio entstanden ist. Die Veranstaltung pr\u00e4sentiert die zweite Staffel des Podcasts <em>Eine Geschichte des Kaffees<\/em> und bietet eine Kurzversion der Episode \u00fcber die italienische Espressokultur an drei absolut sehenswerten Terminen.<\/p>\n<p>&nbsp;<\/p>\n<p><strong>\u201eThe Dark Days of Espresso\u201c: Lernen Sie die Veranstalter<\/strong><br \/>\n<strong>Samstag, 22. April<\/strong><br \/>\nVon 14:30 bis 15 Uhr<br \/>\n<em>Veranstalter: James Harper und Professor Jonathan Morris<\/em><br \/>\n<em>The Lab \/ London Coffee Festival<\/em><\/p>\n<p>&nbsp;<\/p>\n<p><strong>Sonntag, 23. April<\/strong><br \/>\nVon 11:15 bis 11:45 Uhr<\/p>\n<p>Von 14:30 bis 15 Uhr<br \/>\n<em>Veranstalter: James Harper und Professor Jonathan Morris<\/em><br \/>\n<em>The Lab \/ London Coffee Festival<\/em><\/p>\n<p>&nbsp;<\/p>\n<p><strong>London Coffee Festival<\/strong><\/p>\n<ol start=\"22\">\n<li>bis 23. April 2223<\/li>\n<\/ol>\n<p>The Lab<br \/>\n<a href=\"https:\/\/www.google.com\/maps\/place\/The+Truman+Brewery\/@51.5212729,-0.0719898,15z\/data=!4m6!3m5!1s0x48761cb681c09d1b:0xffb3966176941f91!8m2!3d51.5212729!4d-0.0719898!16zL20vMDd4cTEx\">The Truman Brewery<\/a><br \/>\nBrick Lane<br \/>\nE1 6QR London<\/p>\n<p>&nbsp;<\/p>\n<p><strong>Verfolgen Sie die Veranstaltung auf Instagram<\/strong><br \/>\n@rancilio_official #rancilio<br \/>\n@ranciliospecialty #ranciliospecialty<br \/>\n@londoncoffeefestival #londoncoffeefestival2023<br \/>\n@filterstoriespodcast<br \/>\n@coffeehistoryjm<\/p>\n","protected":false},"excerpt":{"rendered":"<p>Am Samstag, den 22. und Sonntag, den 23. April l\u00e4dt Rancilio zu einem besonderen Event anl\u00e4sslich der zweiten Staffel des&#8230;<\/p>\n","protected":false},"author":5,"featured_media":66106,"comment_status":"closed","ping_status":"closed","sticky":false,"template":"","format":"standard","meta":[],"categories":[556],"tags":[2911,2910,2827],"acf":[],"yoast_head":"<!-- This site is optimized with the Yoast SEO plugin v21.5 - https:\/\/yoast.com\/wordpress\/plugins\/seo\/ -->\n<title>Latest update about Ein Podcast \u00fcber die Geschichte des Kaffees auf dem London Coffee Festival mit Rancilio - Rancilio Group<\/title>\n<meta name=\"description\" content=\"Read Rancilio Group&#039;s latest news about Ein Podcast \u00fcber die Geschichte des Kaffees auf dem London Coffee Festival mit Rancilio\" \/>\n<meta name=\"robots\" content=\"index, follow, max-snippet:-1, max-image-preview:large, max-video-preview:-1\" \/>\n<link rel=\"canonical\" href=\"https:\/\/www.ranciliogroup.com\/de\/ein-podcast-ueber-die-geschichte-des-kaffees-auf-dem-london-coffee-festival-mit-rancilio\/\" \/>\n<meta property=\"og:locale\" content=\"de_DE\" \/>\n<meta property=\"og:type\" content=\"article\" \/>\n<meta property=\"og:title\" content=\"Latest update about Ein Podcast \u00fcber die Geschichte des Kaffees auf dem London Coffee Festival mit Rancilio - Rancilio Group\" \/>\n<meta property=\"og:description\" content=\"Read Rancilio Group&#039;s latest news about Ein Podcast \u00fcber die Geschichte des Kaffees auf dem London Coffee Festival mit Rancilio\" \/>\n<meta property=\"og:url\" content=\"https:\/\/www.ranciliogroup.com\/de\/ein-podcast-ueber-die-geschichte-des-kaffees-auf-dem-london-coffee-festival-mit-rancilio\/\" \/>\n<meta property=\"og:site_name\" content=\"Rancilio Group\" \/>\n<meta property=\"article:publisher\" content=\"https:\/\/www.facebook.com\/RancilioGroup\" \/>\n<meta property=\"article:published_time\" content=\"2023-04-06T07:43:26+00:00\" \/>\n<meta property=\"article:modified_time\" content=\"2023-04-12T12:09:43+00:00\" \/>\n<meta property=\"og:image\" content=\"https:\/\/www.ranciliogroup.com\/app\/uploads\/2023\/04\/Rancilio-A-History-of-Coffee_web02.jpg\" \/>\n\t<meta property=\"og:image:width\" content=\"1280\" \/>\n\t<meta property=\"og:image:height\" content=\"720\" \/>\n\t<meta property=\"og:image:type\" content=\"image\/jpeg\" \/>\n<meta name=\"author\" content=\"temp circular\" \/>\n<meta name=\"twitter:card\" content=\"summary_large_image\" \/>\n<meta name=\"twitter:creator\" content=\"@ranciliogroup\" \/>\n<meta name=\"twitter:site\" content=\"@ranciliogroup\" \/>\n<meta name=\"twitter:label1\" content=\"Written by\" \/>\n\t<meta name=\"twitter:data1\" content=\"temp circular\" \/>\n\t<meta name=\"twitter:label2\" content=\"Est. reading time\" \/>\n\t<meta name=\"twitter:data2\" content=\"1 minute\" \/>\n<script type=\"application\/ld+json\" class=\"yoast-schema-graph\">{\"@context\":\"https:\/\/schema.org\",\"@graph\":[{\"@type\":\"Article\",\"@id\":\"https:\/\/www.ranciliogroup.com\/de\/ein-podcast-ueber-die-geschichte-des-kaffees-auf-dem-london-coffee-festival-mit-rancilio\/#article\",\"isPartOf\":{\"@id\":\"https:\/\/www.ranciliogroup.com\/de\/ein-podcast-ueber-die-geschichte-des-kaffees-auf-dem-london-coffee-festival-mit-rancilio\/\"},\"author\":{\"name\":\"temp circular\",\"@id\":\"https:\/\/www.ranciliogroup.com\/de\/#\/schema\/person\/d6bf0a7dfe74cded3d64da8b2c92814c\"},\"headline\":\"Ein Podcast \u00fcber die Geschichte des Kaffees auf dem London Coffee Festival mit Rancilio\",\"datePublished\":\"2023-04-06T07:43:26+00:00\",\"dateModified\":\"2023-04-12T12:09:43+00:00\",\"mainEntityOfPage\":{\"@id\":\"https:\/\/www.ranciliogroup.com\/de\/ein-podcast-ueber-die-geschichte-des-kaffees-auf-dem-london-coffee-festival-mit-rancilio\/\"},\"wordCount\":292,\"publisher\":{\"@id\":\"https:\/\/www.ranciliogroup.com\/de\/#organization\"},\"keywords\":[\"A History of Coffee\",\"London Coffee Festival\",\"Rancilio\"],\"articleSection\":[\"VERANSTALTUNGEN\"],\"inLanguage\":\"de-DE\"},{\"@type\":\"WebPage\",\"@id\":\"https:\/\/www.ranciliogroup.com\/de\/ein-podcast-ueber-die-geschichte-des-kaffees-auf-dem-london-coffee-festival-mit-rancilio\/\",\"url\":\"https:\/\/www.ranciliogroup.com\/de\/ein-podcast-ueber-die-geschichte-des-kaffees-auf-dem-london-coffee-festival-mit-rancilio\/\",\"name\":\"Latest update about Ein Podcast \u00fcber die Geschichte des Kaffees auf dem London Coffee Festival mit Rancilio - Rancilio Group\",\"isPartOf\":{\"@id\":\"https:\/\/www.ranciliogroup.com\/de\/#website\"},\"datePublished\":\"2023-04-06T07:43:26+00:00\",\"dateModified\":\"2023-04-12T12:09:43+00:00\",\"description\":\"Read Rancilio Group's latest news about Ein Podcast \u00fcber die Geschichte des Kaffees auf dem London Coffee Festival mit Rancilio\",\"breadcrumb\":{\"@id\":\"https:\/\/www.ranciliogroup.com\/de\/ein-podcast-ueber-die-geschichte-des-kaffees-auf-dem-london-coffee-festival-mit-rancilio\/#breadcrumb\"},\"inLanguage\":\"de-DE\",\"potentialAction\":[{\"@type\":\"ReadAction\",\"target\":[\"https:\/\/www.ranciliogroup.com\/de\/ein-podcast-ueber-die-geschichte-des-kaffees-auf-dem-london-coffee-festival-mit-rancilio\/\"]}]},{\"@type\":\"BreadcrumbList\",\"@id\":\"https:\/\/www.ranciliogroup.com\/de\/ein-podcast-ueber-die-geschichte-des-kaffees-auf-dem-london-coffee-festival-mit-rancilio\/#breadcrumb\",\"itemListElement\":[{\"@type\":\"ListItem\",\"position\":1,\"name\":\"Home\",\"item\":\"https:\/\/www.ranciliogroup.com\/de\/\"},{\"@type\":\"ListItem\",\"position\":2,\"name\":\"Ein Podcast \u00fcber die Geschichte des Kaffees auf dem London Coffee Festival mit Rancilio\"}]},{\"@type\":\"WebSite\",\"@id\":\"https:\/\/www.ranciliogroup.com\/de\/#website\",\"url\":\"https:\/\/www.ranciliogroup.com\/de\/\",\"name\":\"Rancilio Group\",\"description\":\"Professionelle Kaffeemaschinen Leader\",\"publisher\":{\"@id\":\"https:\/\/www.ranciliogroup.com\/de\/#organization\"},\"potentialAction\":[{\"@type\":\"SearchAction\",\"target\":{\"@type\":\"EntryPoint\",\"urlTemplate\":\"https:\/\/www.ranciliogroup.com\/de\/?s={search_term_string}\"},\"query-input\":\"required name=search_term_string\"}],\"inLanguage\":\"de-DE\"},{\"@type\":\"Organization\",\"@id\":\"https:\/\/www.ranciliogroup.com\/de\/#organization\",\"name\":\"Rancilio Group\",\"url\":\"https:\/\/www.ranciliogroup.com\/de\/\",\"logo\":{\"@type\":\"ImageObject\",\"inLanguage\":\"de-DE\",\"@id\":\"https:\/\/www.ranciliogroup.com\/de\/#\/schema\/logo\/image\/\",\"url\":\"https:\/\/www.ranciliogroup.com\/app\/uploads\/2019\/07\/rancilio_black_logo.png\",\"contentUrl\":\"https:\/\/www.ranciliogroup.com\/app\/uploads\/2019\/07\/rancilio_black_logo.png\",\"width\":447,\"height\":57,\"caption\":\"Rancilio Group\"},\"image\":{\"@id\":\"https:\/\/www.ranciliogroup.com\/de\/#\/schema\/logo\/image\/\"},\"sameAs\":[\"https:\/\/www.facebook.com\/RancilioGroup\",\"https:\/\/twitter.com\/ranciliogroup\",\"https:\/\/www.instagram.com\/rancilio_official\/\",\"https:\/\/www.linkedin.com\/company\/ranciliogroup\/\",\"https:\/\/www.youtube.com\/user\/rancilioadmin\"]},{\"@type\":\"Person\",\"@id\":\"https:\/\/www.ranciliogroup.com\/de\/#\/schema\/person\/d6bf0a7dfe74cded3d64da8b2c92814c\",\"name\":\"temp circular\",\"image\":{\"@type\":\"ImageObject\",\"inLanguage\":\"de-DE\",\"@id\":\"https:\/\/www.ranciliogroup.com\/de\/#\/schema\/person\/image\/\",\"url\":\"https:\/\/secure.gravatar.com\/avatar\/569e71c3b97b8bcad1854d6579b35c5f?s=96&d=mm&r=g\",\"contentUrl\":\"https:\/\/secure.gravatar.com\/avatar\/569e71c3b97b8bcad1854d6579b35c5f?s=96&d=mm&r=g\",\"caption\":\"temp circular\"}}]}<\/script>\n<!-- \/ Yoast SEO plugin. -->","yoast_head_json":{"title":"Latest update about Ein Podcast \u00fcber die Geschichte des Kaffees auf dem London Coffee Festival mit Rancilio - Rancilio Group","description":"Read Rancilio Group's latest news about Ein Podcast \u00fcber die Geschichte des Kaffees auf dem London Coffee Festival mit Rancilio","robots":{"index":"index","follow":"follow","max-snippet":"max-snippet:-1","max-image-preview":"max-image-preview:large","max-video-preview":"max-video-preview:-1"},"canonical":"https:\/\/www.ranciliogroup.com\/de\/ein-podcast-ueber-die-geschichte-des-kaffees-auf-dem-london-coffee-festival-mit-rancilio\/","og_locale":"de_DE","og_type":"article","og_title":"Latest update about Ein Podcast \u00fcber die Geschichte des Kaffees auf dem London Coffee Festival mit Rancilio - Rancilio Group","og_description":"Read Rancilio Group's latest news about Ein Podcast \u00fcber die Geschichte des Kaffees auf dem London Coffee Festival mit Rancilio","og_url":"https:\/\/www.ranciliogroup.com\/de\/ein-podcast-ueber-die-geschichte-des-kaffees-auf-dem-london-coffee-festival-mit-rancilio\/","og_site_name":"Rancilio Group","article_publisher":"https:\/\/www.facebook.com\/RancilioGroup","article_published_time":"2023-04-06T07:43:26+00:00","article_modified_time":"2023-04-12T12:09:43+00:00","og_image":[{"width":1280,"height":720,"url":"https:\/\/www.ranciliogroup.com\/app\/uploads\/2023\/04\/Rancilio-A-History-of-Coffee_web02.jpg","type":"image\/jpeg"}],"author":"temp circular","twitter_card":"summary_large_image","twitter_creator":"@ranciliogroup","twitter_site":"@ranciliogroup","twitter_misc":{"Written by":"temp circular","Est. reading time":"1 minute"},"schema":{"@context":"https:\/\/schema.org","@graph":[{"@type":"Article","@id":"https:\/\/www.ranciliogroup.com\/de\/ein-podcast-ueber-die-geschichte-des-kaffees-auf-dem-london-coffee-festival-mit-rancilio\/#article","isPartOf":{"@id":"https:\/\/www.ranciliogroup.com\/de\/ein-podcast-ueber-die-geschichte-des-kaffees-auf-dem-london-coffee-festival-mit-rancilio\/"},"author":{"name":"temp circular","@id":"https:\/\/www.ranciliogroup.com\/de\/#\/schema\/person\/d6bf0a7dfe74cded3d64da8b2c92814c"},"headline":"Ein Podcast \u00fcber die Geschichte des Kaffees auf dem London Coffee Festival mit Rancilio","datePublished":"2023-04-06T07:43:26+00:00","dateModified":"2023-04-12T12:09:43+00:00","mainEntityOfPage":{"@id":"https:\/\/www.ranciliogroup.com\/de\/ein-podcast-ueber-die-geschichte-des-kaffees-auf-dem-london-coffee-festival-mit-rancilio\/"},"wordCount":292,"publisher":{"@id":"https:\/\/www.ranciliogroup.com\/de\/#organization"},"keywords":["A History of Coffee","London Coffee Festival","Rancilio"],"articleSection":["VERANSTALTUNGEN"],"inLanguage":"de-DE"},{"@type":"WebPage","@id":"https:\/\/www.ranciliogroup.com\/de\/ein-podcast-ueber-die-geschichte-des-kaffees-auf-dem-london-coffee-festival-mit-rancilio\/","url":"https:\/\/www.ranciliogroup.com\/de\/ein-podcast-ueber-die-geschichte-des-kaffees-auf-dem-london-coffee-festival-mit-rancilio\/","name":"Latest update about Ein Podcast \u00fcber die Geschichte des Kaffees auf dem London Coffee Festival mit Rancilio - Rancilio Group","isPartOf":{"@id":"https:\/\/www.ranciliogroup.com\/de\/#website"},"datePublished":"2023-04-06T07:43:26+00:00","dateModified":"2023-04-12T12:09:43+00:00","description":"Read Rancilio Group's latest news about Ein Podcast \u00fcber die Geschichte des Kaffees auf dem London Coffee Festival mit Rancilio","breadcrumb":{"@id":"https:\/\/www.ranciliogroup.com\/de\/ein-podcast-ueber-die-geschichte-des-kaffees-auf-dem-london-coffee-festival-mit-rancilio\/#breadcrumb"},"inLanguage":"de-DE","potentialAction":[{"@type":"ReadAction","target":["https:\/\/www.ranciliogroup.com\/de\/ein-podcast-ueber-die-geschichte-des-kaffees-auf-dem-london-coffee-festival-mit-rancilio\/"]}]},{"@type":"BreadcrumbList","@id":"https:\/\/www.ranciliogroup.com\/de\/ein-podcast-ueber-die-geschichte-des-kaffees-auf-dem-london-coffee-festival-mit-rancilio\/#breadcrumb","itemListElement":[{"@type":"ListItem","position":1,"name":"Home","item":"https:\/\/www.ranciliogroup.com\/de\/"},{"@type":"ListItem","position":2,"name":"Ein Podcast \u00fcber die Geschichte des Kaffees auf dem London Coffee Festival mit Rancilio"}]},{"@type":"WebSite","@id":"https:\/\/www.ranciliogroup.com\/de\/#website","url":"https:\/\/www.ranciliogroup.com\/de\/","name":"Rancilio Group","description":"Professionelle Kaffeemaschinen Leader","publisher":{"@id":"https:\/\/www.ranciliogroup.com\/de\/#organization"},"potentialAction":[{"@type":"SearchAction","target":{"@type":"EntryPoint","urlTemplate":"https:\/\/www.ranciliogroup.com\/de\/?s={search_term_string}"},"query-input":"required name=search_term_string"}],"inLanguage":"de-DE"},{"@type":"Organization","@id":"https:\/\/www.ranciliogroup.com\/de\/#organization","name":"Rancilio Group","url":"https:\/\/www.ranciliogroup.com\/de\/","logo":{"@type":"ImageObject","inLanguage":"de-DE","@id":"https:\/\/www.ranciliogroup.com\/de\/#\/schema\/logo\/image\/","url":"https:\/\/www.ranciliogroup.com\/app\/uploads\/2019\/07\/rancilio_black_logo.png","contentUrl":"https:\/\/www.ranciliogroup.com\/app\/uploads\/2019\/07\/rancilio_black_logo.png","width":447,"height":57,"caption":"Rancilio Group"},"image":{"@id":"https:\/\/www.ranciliogroup.com\/de\/#\/schema\/logo\/image\/"},"sameAs":["https:\/\/www.facebook.com\/RancilioGroup","https:\/\/twitter.com\/ranciliogroup","https:\/\/www.instagram.com\/rancilio_official\/","https:\/\/www.linkedin.com\/company\/ranciliogroup\/","https:\/\/www.youtube.com\/user\/rancilioadmin"]},{"@type":"Person","@id":"https:\/\/www.ranciliogroup.com\/de\/#\/schema\/person\/d6bf0a7dfe74cded3d64da8b2c92814c","name":"temp circular","image":{"@type":"ImageObject","inLanguage":"de-DE","@id":"https:\/\/www.ranciliogroup.com\/de\/#\/schema\/person\/image\/","url":"https:\/\/secure.gravatar.com\/avatar\/569e71c3b97b8bcad1854d6579b35c5f?s=96&d=mm&r=g","contentUrl":"https:\/\/secure.gravatar.com\/avatar\/569e71c3b97b8bcad1854d6579b35c5f?s=96&d=mm&r=g","caption":"temp circular"}}]}},"_links":{"self":[{"href":"https:\/\/www.ranciliogroup.com\/de\/wp-json\/wp\/v2\/posts\/66117"}],"collection":[{"href":"https:\/\/www.ranciliogroup.com\/de\/wp-json\/wp\/v2\/posts"}],"about":[{"href":"https:\/\/www.ranciliogroup.com\/de\/wp-json\/wp\/v2\/types\/post"}],"author":[{"embeddable":true,"href":"https:\/\/www.ranciliogroup.com\/de\/wp-json\/wp\/v2\/users\/5"}],"replies":[{"embeddable":true,"href":"https:\/\/www.ranciliogroup.com\/de\/wp-json\/wp\/v2\/comments?post=66117"}],"version-history":[{"count":4,"href":"https:\/\/www.ranciliogroup.com\/de\/wp-json\/wp\/v2\/posts\/66117\/revisions"}],"predecessor-version":[{"id":66211,"href":"https:\/\/www.ranciliogroup.com\/de\/wp-json\/wp\/v2\/posts\/66117\/revisions\/66211"}],"wp:featuredmedia":[{"embeddable":true,"href":"https:\/\/www.ranciliogroup.com\/de\/wp-json\/wp\/v2\/media\/66106"}],"wp:attachment":[{"href":"https:\/\/www.ranciliogroup.com\/de\/wp-json\/wp\/v2\/media?parent=66117"}],"wp:term":[{"taxonomy":"category","embeddable":true,"href":"https:\/\/www.ranciliogroup.com\/de\/wp-json\/wp\/v2\/categories?post=66117"},{"taxonomy":"post_tag","embeddable":true,"href":"https:\/\/www.ranciliogroup.com\/de\/wp-json\/wp\/v2\/tags?post=66117"}],"curies":[{"name":"wp","href":"https:\/\/api.w.org\/{rel}","templated":true}]}}