{"id":66161,"date":"2023-04-06T11:35:56","date_gmt":"2023-04-06T09:35:56","guid":{"rendered":"https:\/\/www.ranciliogroup.com\/?p=66161"},"modified":"2023-04-06T11:35:56","modified_gmt":"2023-04-06T09:35:56","slug":"die-rancilio-group-fliegt-nach-portland-zur-specialty-coffee-expo","status":"publish","type":"post","link":"https:\/\/www.ranciliogroup.com\/de\/die-rancilio-group-fliegt-nach-portland-zur-specialty-coffee-expo\/","title":{"rendered":"Die Rancilio Group fliegt nach Portland zur Specialty Coffee Expo"},"content":{"rendered":"<p>Vom 21. bis 23. April treffen sich R\u00f6stereien, Einzelh\u00e4ndler und Kaffeefachleute auf der Specialty Coffee Expo 2023 in Portland, der gr\u00f6\u00dften Stadt von Oregon.<\/p>\n<p>Das nordamerikanische Team der Rancilio Group ist bereit, alle Besucher am Stand mit einer besonderen Auswahl an Produkten zu empfangen, die speziell f\u00fcr diese au\u00dfergew\u00f6hnliche, von der SCA organisierte Veranstaltung zusammengestellt wurden.<\/p>\n<p>Die Ein-Gruppen-Espressomaschine mit Dual-Boiler-Technologie Silvia Pro X wird zusammen mit der neuen ultrakompakten Kaffeem\u00fchle Stile f\u00fcr alle Liebhaber eines guten Kaffees zu Hause pr\u00e4sentiert.<\/p>\n<p>Alle Liebhaber von Filterkaffee haben die M\u00f6glichkeit, Egro Touch Coffee auszuprobieren, den Kaffeevollautomaten f\u00fcr hochwertigen Filterkaffee. Die Egro Next Top Milk und die Egro One vervollst\u00e4ndigen das Sortiment der Egro Kaffeevollautomaten, die auf der Messe vorgestellt werden.<\/p>\n<p>Au\u00dferdem hat Rancilio Specialty eine Ecke f\u00fcr alle Liebhaber von Spezialit\u00e4tenkaffee eingerichtet, die an den Stand kommen werden, um RS1 und Invicta bei der Arbeit zu erleben. Invicta wurde auch als offizielle Espressomaschine f\u00fcr die US Latte Art Championships ausgew\u00e4hlt, die im Rahmen der SCA Expo stattfinden werden.<\/p>\n<p>Workshops, Live-Demonstrationen, Wettbewerbe und Sondervortr\u00e4ge bieten allen Kaffeefachleuten, die die Veranstaltung besuchen, eine einzigartige Gelegenheit zum Networking, Lernen und zum Austausch von Fachkenntnissen in der Kaffeebranche.<\/p>\n<p>&nbsp;<\/p>\n<p><strong>Specialty Coffee Expo \/ Rancilio Group<\/strong><\/p>\n<ol start=\"21\">\n<li>21. &#8211; 23. April 2023<\/li>\n<\/ol>\n<p>Stand Nr. 1955<br \/>\n<a href=\"https:\/\/www.google.com\/maps\/place\/Oregon+Convention+Center\/@45.5293588,-122.6624767,15z\/data=!4m2!3m1!1s0x0:0x610cf37babf5b9df?sa=X&amp;ved=2ahUKEwj_z9HW9-z9AhXiSPEDHbcTD-4Q_BJ6BQiOARAI\">Oregon Convention Center<\/a><br \/>\n777 NE Martin Luther King Jr Blvd<br \/>\nPortland, USA<\/p>\n<p>&nbsp;<\/p>\n<p><strong>F\u00fcr weitere Informationen zu dieser Veranstaltung<\/strong><br \/>\n<a href=\"https:\/\/www.coffeeexpo.org\/\">https:\/\/www.coffeeexpo.org\/<\/a><\/p>\n<p>&nbsp;<\/p>\n<p><strong>Entdecken Sie unsere ausgestellten Produkte<\/strong><br \/>\n<a href=\"https:\/\/www.ranciliogroup.com\/de\/rancilio\/classe-5\/\">Rancilio Classe 5<\/a><br \/>\n<a href=\"https:\/\/www.ranciliogroup.com\/de\/rancilio\/classe-7\/\">Rancilio Classe 7<\/a><br \/>\n<a href=\"https:\/\/www.ranciliogroup.com\/de\/rancilio\/classe-20\/\">Rancilio Classe 20<\/a><br \/>\n<a href=\"https:\/\/www.ranciliogroup.com\/de\/rancilio\/kryo\/\">Rancilio Kryo<\/a><br \/>\n<a href=\"https:\/\/www.ranciliogroup.com\/de\/rancilio\/stile\/\">Rancilio Stile<\/a><br \/>\n<a href=\"https:\/\/www.ranciliogroup.com\/de\/rancilio\/silvia-pro-x\/\">Rancilio Silvia Pro X<\/a><br \/>\n<a href=\"https:\/\/www.ranciliogroup.com\/de\/specialty\/rs1\/\">Rancilio Specialty RS1<\/a><br \/>\n<a href=\"https:\/\/www.ranciliogroup.com\/de\/specialty\/invicta\/\">Rancilio Specialty Invicta<\/a><br \/>\n<a href=\"https:\/\/www.ranciliogroup.com\/de\/egro\/touch-coffee\/\">Egro Touch Coffee<\/a><br \/>\n<a href=\"https:\/\/www.ranciliogroup.com\/de\/egro\/one\/\">Egro One<\/a><br \/>\n<a href=\"https:\/\/www.ranciliogroup.com\/de\/egro\/next\/\">Egro Next<\/a><\/p>\n<p>&nbsp;<\/p>\n","protected":false},"excerpt":{"rendered":"<p>Vom 21. bis 23. April treffen sich R\u00f6stereien, Einzelh\u00e4ndler und Kaffeefachleute auf der Specialty Coffee Expo 2023 in Portland, der&#8230;<\/p>\n","protected":false},"author":5,"featured_media":66122,"comment_status":"closed","ping_status":"closed","sticky":false,"template":"","format":"standard","meta":[],"categories":[556],"tags":[2930,2931,2932,2887,2888,2890,2855,2827,2828,2738,2687,2686,2628,2627,2598,2597],"acf":[],"yoast_head":"<!-- This site is optimized with the Yoast SEO plugin v21.5 - https:\/\/yoast.com\/wordpress\/plugins\/seo\/ -->\n<title>Latest update about Die Rancilio Group fliegt nach Portland zur Specialty Coffee Expo - Rancilio Group<\/title>\n<meta name=\"description\" content=\"Read Rancilio Group&#039;s latest news about Die Rancilio Group fliegt nach Portland zur Specialty Coffee Expo\" \/>\n<meta name=\"robots\" content=\"index, follow, max-snippet:-1, max-image-preview:large, max-video-preview:-1\" \/>\n<link rel=\"canonical\" href=\"https:\/\/www.ranciliogroup.com\/de\/die-rancilio-group-fliegt-nach-portland-zur-specialty-coffee-expo\/\" \/>\n<meta property=\"og:locale\" content=\"de_DE\" \/>\n<meta property=\"og:type\" content=\"article\" \/>\n<meta property=\"og:title\" content=\"Latest update about Die Rancilio Group fliegt nach Portland zur Specialty Coffee Expo - Rancilio Group\" \/>\n<meta property=\"og:description\" content=\"Read Rancilio Group&#039;s latest news about Die Rancilio Group fliegt nach Portland zur Specialty Coffee Expo\" \/>\n<meta property=\"og:url\" content=\"https:\/\/www.ranciliogroup.com\/de\/die-rancilio-group-fliegt-nach-portland-zur-specialty-coffee-expo\/\" \/>\n<meta property=\"og:site_name\" content=\"Rancilio Group\" \/>\n<meta property=\"article:publisher\" content=\"https:\/\/www.facebook.com\/RancilioGroup\" \/>\n<meta property=\"article:published_time\" content=\"2023-04-06T09:35:56+00:00\" \/>\n<meta property=\"og:image\" content=\"https:\/\/www.ranciliogroup.com\/app\/uploads\/2023\/04\/SCA_Expo_Rancilio_web.jpg\" \/>\n\t<meta property=\"og:image:width\" content=\"1080\" \/>\n\t<meta property=\"og:image:height\" content=\"590\" \/>\n\t<meta property=\"og:image:type\" content=\"image\/jpeg\" \/>\n<meta name=\"author\" content=\"temp circular\" \/>\n<meta name=\"twitter:card\" content=\"summary_large_image\" \/>\n<meta name=\"twitter:creator\" content=\"@ranciliogroup\" \/>\n<meta name=\"twitter:site\" content=\"@ranciliogroup\" \/>\n<meta name=\"twitter:label1\" content=\"Written by\" \/>\n\t<meta name=\"twitter:data1\" content=\"temp circular\" \/>\n\t<meta name=\"twitter:label2\" content=\"Est. reading time\" \/>\n\t<meta name=\"twitter:data2\" content=\"2 minutes\" \/>\n<script type=\"application\/ld+json\" class=\"yoast-schema-graph\">{\"@context\":\"https:\/\/schema.org\",\"@graph\":[{\"@type\":\"Article\",\"@id\":\"https:\/\/www.ranciliogroup.com\/de\/die-rancilio-group-fliegt-nach-portland-zur-specialty-coffee-expo\/#article\",\"isPartOf\":{\"@id\":\"https:\/\/www.ranciliogroup.com\/de\/die-rancilio-group-fliegt-nach-portland-zur-specialty-coffee-expo\/\"},\"author\":{\"name\":\"temp circular\",\"@id\":\"https:\/\/www.ranciliogroup.com\/de\/#\/schema\/person\/d6bf0a7dfe74cded3d64da8b2c92814c\"},\"headline\":\"Die Rancilio Group fliegt nach Portland zur Specialty Coffee Expo\",\"datePublished\":\"2023-04-06T09:35:56+00:00\",\"dateModified\":\"2023-04-06T09:35:56+00:00\",\"mainEntityOfPage\":{\"@id\":\"https:\/\/www.ranciliogroup.com\/de\/die-rancilio-group-fliegt-nach-portland-zur-specialty-coffee-expo\/\"},\"wordCount\":283,\"publisher\":{\"@id\":\"https:\/\/www.ranciliogroup.com\/de\/#organization\"},\"keywords\":[\"SCA Expo\",\"Portland\",\"Touch Coffee\",\"Classe 5\",\"Classe 7\",\"One\",\"Stile\",\"Rancilio\",\"Classe 20\",\"Silvia Pro X\",\"Next\",\"Egro\",\"Kryo\",\"Invicta\",\"RS1\",\"Rancilio Specialty\"],\"articleSection\":[\"VERANSTALTUNGEN\"],\"inLanguage\":\"de-DE\"},{\"@type\":\"WebPage\",\"@id\":\"https:\/\/www.ranciliogroup.com\/de\/die-rancilio-group-fliegt-nach-portland-zur-specialty-coffee-expo\/\",\"url\":\"https:\/\/www.ranciliogroup.com\/de\/die-rancilio-group-fliegt-nach-portland-zur-specialty-coffee-expo\/\",\"name\":\"Latest update about Die Rancilio Group fliegt nach Portland zur Specialty Coffee Expo - Rancilio Group\",\"isPartOf\":{\"@id\":\"https:\/\/www.ranciliogroup.com\/de\/#website\"},\"datePublished\":\"2023-04-06T09:35:56+00:00\",\"dateModified\":\"2023-04-06T09:35:56+00:00\",\"description\":\"Read Rancilio Group's latest news about Die Rancilio Group fliegt nach Portland zur Specialty Coffee Expo\",\"breadcrumb\":{\"@id\":\"https:\/\/www.ranciliogroup.com\/de\/die-rancilio-group-fliegt-nach-portland-zur-specialty-coffee-expo\/#breadcrumb\"},\"inLanguage\":\"de-DE\",\"potentialAction\":[{\"@type\":\"ReadAction\",\"target\":[\"https:\/\/www.ranciliogroup.com\/de\/die-rancilio-group-fliegt-nach-portland-zur-specialty-coffee-expo\/\"]}]},{\"@type\":\"BreadcrumbList\",\"@id\":\"https:\/\/www.ranciliogroup.com\/de\/die-rancilio-group-fliegt-nach-portland-zur-specialty-coffee-expo\/#breadcrumb\",\"itemListElement\":[{\"@type\":\"ListItem\",\"position\":1,\"name\":\"Home\",\"item\":\"https:\/\/www.ranciliogroup.com\/de\/\"},{\"@type\":\"ListItem\",\"position\":2,\"name\":\"Die Rancilio Group fliegt nach Portland zur Specialty Coffee Expo\"}]},{\"@type\":\"WebSite\",\"@id\":\"https:\/\/www.ranciliogroup.com\/de\/#website\",\"url\":\"https:\/\/www.ranciliogroup.com\/de\/\",\"name\":\"Rancilio Group\",\"description\":\"Professionelle Kaffeemaschinen Leader\",\"publisher\":{\"@id\":\"https:\/\/www.ranciliogroup.com\/de\/#organization\"},\"potentialAction\":[{\"@type\":\"SearchAction\",\"target\":{\"@type\":\"EntryPoint\",\"urlTemplate\":\"https:\/\/www.ranciliogroup.com\/de\/?s={search_term_string}\"},\"query-input\":\"required name=search_term_string\"}],\"inLanguage\":\"de-DE\"},{\"@type\":\"Organization\",\"@id\":\"https:\/\/www.ranciliogroup.com\/de\/#organization\",\"name\":\"Rancilio Group\",\"url\":\"https:\/\/www.ranciliogroup.com\/de\/\",\"logo\":{\"@type\":\"ImageObject\",\"inLanguage\":\"de-DE\",\"@id\":\"https:\/\/www.ranciliogroup.com\/de\/#\/schema\/logo\/image\/\",\"url\":\"https:\/\/www.ranciliogroup.com\/app\/uploads\/2019\/07\/rancilio_black_logo.png\",\"contentUrl\":\"https:\/\/www.ranciliogroup.com\/app\/uploads\/2019\/07\/rancilio_black_logo.png\",\"width\":447,\"height\":57,\"caption\":\"Rancilio Group\"},\"image\":{\"@id\":\"https:\/\/www.ranciliogroup.com\/de\/#\/schema\/logo\/image\/\"},\"sameAs\":[\"https:\/\/www.facebook.com\/RancilioGroup\",\"https:\/\/twitter.com\/ranciliogroup\",\"https:\/\/www.instagram.com\/rancilio_official\/\",\"https:\/\/www.linkedin.com\/company\/ranciliogroup\/\",\"https:\/\/www.youtube.com\/user\/rancilioadmin\"]},{\"@type\":\"Person\",\"@id\":\"https:\/\/www.ranciliogroup.com\/de\/#\/schema\/person\/d6bf0a7dfe74cded3d64da8b2c92814c\",\"name\":\"temp circular\",\"image\":{\"@type\":\"ImageObject\",\"inLanguage\":\"de-DE\",\"@id\":\"https:\/\/www.ranciliogroup.com\/de\/#\/schema\/person\/image\/\",\"url\":\"https:\/\/secure.gravatar.com\/avatar\/569e71c3b97b8bcad1854d6579b35c5f?s=96&d=mm&r=g\",\"contentUrl\":\"https:\/\/secure.gravatar.com\/avatar\/569e71c3b97b8bcad1854d6579b35c5f?s=96&d=mm&r=g\",\"caption\":\"temp circular\"}}]}<\/script>\n<!-- \/ Yoast SEO plugin. -->","yoast_head_json":{"title":"Latest update about Die Rancilio Group fliegt nach Portland zur Specialty Coffee Expo - Rancilio Group","description":"Read Rancilio Group's latest news about Die Rancilio Group fliegt nach Portland zur Specialty Coffee Expo","robots":{"index":"index","follow":"follow","max-snippet":"max-snippet:-1","max-image-preview":"max-image-preview:large","max-video-preview":"max-video-preview:-1"},"canonical":"https:\/\/www.ranciliogroup.com\/de\/die-rancilio-group-fliegt-nach-portland-zur-specialty-coffee-expo\/","og_locale":"de_DE","og_type":"article","og_title":"Latest update about Die Rancilio Group fliegt nach Portland zur Specialty Coffee Expo - Rancilio Group","og_description":"Read Rancilio Group's latest news about Die Rancilio Group fliegt nach Portland zur Specialty Coffee Expo","og_url":"https:\/\/www.ranciliogroup.com\/de\/die-rancilio-group-fliegt-nach-portland-zur-specialty-coffee-expo\/","og_site_name":"Rancilio Group","article_publisher":"https:\/\/www.facebook.com\/RancilioGroup","article_published_time":"2023-04-06T09:35:56+00:00","og_image":[{"width":1080,"height":590,"url":"https:\/\/www.ranciliogroup.com\/app\/uploads\/2023\/04\/SCA_Expo_Rancilio_web.jpg","type":"image\/jpeg"}],"author":"temp circular","twitter_card":"summary_large_image","twitter_creator":"@ranciliogroup","twitter_site":"@ranciliogroup","twitter_misc":{"Written by":"temp circular","Est. reading time":"2 minutes"},"schema":{"@context":"https:\/\/schema.org","@graph":[{"@type":"Article","@id":"https:\/\/www.ranciliogroup.com\/de\/die-rancilio-group-fliegt-nach-portland-zur-specialty-coffee-expo\/#article","isPartOf":{"@id":"https:\/\/www.ranciliogroup.com\/de\/die-rancilio-group-fliegt-nach-portland-zur-specialty-coffee-expo\/"},"author":{"name":"temp circular","@id":"https:\/\/www.ranciliogroup.com\/de\/#\/schema\/person\/d6bf0a7dfe74cded3d64da8b2c92814c"},"headline":"Die Rancilio Group fliegt nach Portland zur Specialty Coffee Expo","datePublished":"2023-04-06T09:35:56+00:00","dateModified":"2023-04-06T09:35:56+00:00","mainEntityOfPage":{"@id":"https:\/\/www.ranciliogroup.com\/de\/die-rancilio-group-fliegt-nach-portland-zur-specialty-coffee-expo\/"},"wordCount":283,"publisher":{"@id":"https:\/\/www.ranciliogroup.com\/de\/#organization"},"keywords":["SCA Expo","Portland","Touch Coffee","Classe 5","Classe 7","One","Stile","Rancilio","Classe 20","Silvia Pro X","Next","Egro","Kryo","Invicta","RS1","Rancilio Specialty"],"articleSection":["VERANSTALTUNGEN"],"inLanguage":"de-DE"},{"@type":"WebPage","@id":"https:\/\/www.ranciliogroup.com\/de\/die-rancilio-group-fliegt-nach-portland-zur-specialty-coffee-expo\/","url":"https:\/\/www.ranciliogroup.com\/de\/die-rancilio-group-fliegt-nach-portland-zur-specialty-coffee-expo\/","name":"Latest update about Die Rancilio Group fliegt nach Portland zur Specialty Coffee Expo - Rancilio Group","isPartOf":{"@id":"https:\/\/www.ranciliogroup.com\/de\/#website"},"datePublished":"2023-04-06T09:35:56+00:00","dateModified":"2023-04-06T09:35:56+00:00","description":"Read Rancilio Group's latest news about Die Rancilio Group fliegt nach Portland zur Specialty Coffee Expo","breadcrumb":{"@id":"https:\/\/www.ranciliogroup.com\/de\/die-rancilio-group-fliegt-nach-portland-zur-specialty-coffee-expo\/#breadcrumb"},"inLanguage":"de-DE","potentialAction":[{"@type":"ReadAction","target":["https:\/\/www.ranciliogroup.com\/de\/die-rancilio-group-fliegt-nach-portland-zur-specialty-coffee-expo\/"]}]},{"@type":"BreadcrumbList","@id":"https:\/\/www.ranciliogroup.com\/de\/die-rancilio-group-fliegt-nach-portland-zur-specialty-coffee-expo\/#breadcrumb","itemListElement":[{"@type":"ListItem","position":1,"name":"Home","item":"https:\/\/www.ranciliogroup.com\/de\/"},{"@type":"ListItem","position":2,"name":"Die Rancilio Group fliegt nach Portland zur Specialty Coffee Expo"}]},{"@type":"WebSite","@id":"https:\/\/www.ranciliogroup.com\/de\/#website","url":"https:\/\/www.ranciliogroup.com\/de\/","name":"Rancilio Group","description":"Professionelle Kaffeemaschinen Leader","publisher":{"@id":"https:\/\/www.ranciliogroup.com\/de\/#organization"},"potentialAction":[{"@type":"SearchAction","target":{"@type":"EntryPoint","urlTemplate":"https:\/\/www.ranciliogroup.com\/de\/?s={search_term_string}"},"query-input":"required name=search_term_string"}],"inLanguage":"de-DE"},{"@type":"Organization","@id":"https:\/\/www.ranciliogroup.com\/de\/#organization","name":"Rancilio Group","url":"https:\/\/www.ranciliogroup.com\/de\/","logo":{"@type":"ImageObject","inLanguage":"de-DE","@id":"https:\/\/www.ranciliogroup.com\/de\/#\/schema\/logo\/image\/","url":"https:\/\/www.ranciliogroup.com\/app\/uploads\/2019\/07\/rancilio_black_logo.png","contentUrl":"https:\/\/www.ranciliogroup.com\/app\/uploads\/2019\/07\/rancilio_black_logo.png","width":447,"height":57,"caption":"Rancilio Group"},"image":{"@id":"https:\/\/www.ranciliogroup.com\/de\/#\/schema\/logo\/image\/"},"sameAs":["https:\/\/www.facebook.com\/RancilioGroup","https:\/\/twitter.com\/ranciliogroup","https:\/\/www.instagram.com\/rancilio_official\/","https:\/\/www.linkedin.com\/company\/ranciliogroup\/","https:\/\/www.youtube.com\/user\/rancilioadmin"]},{"@type":"Person","@id":"https:\/\/www.ranciliogroup.com\/de\/#\/schema\/person\/d6bf0a7dfe74cded3d64da8b2c92814c","name":"temp circular","image":{"@type":"ImageObject","inLanguage":"de-DE","@id":"https:\/\/www.ranciliogroup.com\/de\/#\/schema\/person\/image\/","url":"https:\/\/secure.gravatar.com\/avatar\/569e71c3b97b8bcad1854d6579b35c5f?s=96&d=mm&r=g","contentUrl":"https:\/\/secure.gravatar.com\/avatar\/569e71c3b97b8bcad1854d6579b35c5f?s=96&d=mm&r=g","caption":"temp circular"}}]}},"_links":{"self":[{"href":"https:\/\/www.ranciliogroup.com\/de\/wp-json\/wp\/v2\/posts\/66161"}],"collection":[{"href":"https:\/\/www.ranciliogroup.com\/de\/wp-json\/wp\/v2\/posts"}],"about":[{"href":"https:\/\/www.ranciliogroup.com\/de\/wp-json\/wp\/v2\/types\/post"}],"author":[{"embeddable":true,"href":"https:\/\/www.ranciliogroup.com\/de\/wp-json\/wp\/v2\/users\/5"}],"replies":[{"embeddable":true,"href":"https:\/\/www.ranciliogroup.com\/de\/wp-json\/wp\/v2\/comments?post=66161"}],"version-history":[{"count":1,"href":"https:\/\/www.ranciliogroup.com\/de\/wp-json\/wp\/v2\/posts\/66161\/revisions"}],"predecessor-version":[{"id":66162,"href":"https:\/\/www.ranciliogroup.com\/de\/wp-json\/wp\/v2\/posts\/66161\/revisions\/66162"}],"wp:featuredmedia":[{"embeddable":true,"href":"https:\/\/www.ranciliogroup.com\/de\/wp-json\/wp\/v2\/media\/66122"}],"wp:attachment":[{"href":"https:\/\/www.ranciliogroup.com\/de\/wp-json\/wp\/v2\/media?parent=66161"}],"wp:term":[{"taxonomy":"category","embeddable":true,"href":"https:\/\/www.ranciliogroup.com\/de\/wp-json\/wp\/v2\/categories?post=66161"},{"taxonomy":"post_tag","embeddable":true,"href":"https:\/\/www.ranciliogroup.com\/de\/wp-json\/wp\/v2\/tags?post=66161"}],"curies":[{"name":"wp","href":"https:\/\/api.w.org\/{rel}","templated":true}]}}