{"id":70175,"date":"2023-09-05T10:31:28","date_gmt":"2023-09-05T08:31:28","guid":{"rendered":"https:\/\/www.ranciliogroup.com\/?p=70175"},"modified":"2023-09-14T14:55:51","modified_gmt":"2023-09-14T12:55:51","slug":"die-rancilio-group-bei-der-43-ausgabe-der-hostmilano-2023","status":"publish","type":"post","link":"https:\/\/www.ranciliogroup.com\/de\/die-rancilio-group-bei-der-43-ausgabe-der-hostmilano-2023\/","title":{"rendered":"Die Rancilio Group bei der 43. Ausgabe der HostMilano 2023"},"content":{"rendered":"<p>Vom 13. bis 17. Oktober 2023 erwartet Sie die Rancilio Group zur 43. Ausgabe der HostMilano 2023. Das alle zwei Jahre stattfindende und mit Spannung erwartete Event f\u00fcr die internationale Welt der Gastronomie und des Gastgewerbes \u00f6ffnet auch in diesem Jahr seine Pforten f\u00fcr Kaffeer\u00f6ster, Importeure, Produzenten und Betreiber aus aller Welt.<\/p>\n<p>Am Stand der Rancilio Group kommen die Besucher in den Genuss eines umfassendes Erlebnisses, bei dem sie die Initiativen und Projekte des Unternehmens in den Bereichen technologische Forschung, Innovation und Nachhaltigkeit kennenlernen k\u00f6nnen.<\/p>\n<p>Rancilio Specialty ermutigt Kaffeer\u00f6ster, die aromatischen Eigenschaften ihrer Spezialit\u00e4tenkaffees noch besser zur Geltung zu bringen, indem sie mit der revolution\u00e4ren Advance Temperature Profiling Technologie der RS1, der SCA und IEI Premium zertifizierten professionellen Kaffeemaschine, experimentieren.<\/p>\n<p>Auch bei Rancilio Grindtec mangelt es nicht an Neuheiten. Die Familie der professionellen Dosierm\u00fchlen wird durch die Einf\u00fchrung der Bond, die speziell f\u00fcr die Bed\u00fcrfnisse gro\u00dfer Ketten entwickelt wurde, und der Kryo Elite 65 OD, der neuen Version mit dem Intelligenten Mahlsystem (SAS), erweitert.<\/p>\n<p>In der Ecke der Kaffeevollautomaten liegt der Fokus dagegen auf dem neuen Egro MoDe. Egro MoDe ist kompakt und f\u00fcr alle Betriebe im Horeca-Bereich mit mittlerem Verbrauch konzipiert. Er ist der ideale Vollautomat f\u00fcr alle, die ein hochwertiges Cafeteria-Men\u00fc mit Kaffeegetr\u00e4nken, frischer Milch und l\u00f6slichen Getr\u00e4nken w\u00fcnschen.<\/p>\n<p>Und f\u00fcr jede Pause w\u00e4hrend der Messe ist die Cafeteria am Stand ge\u00f6ffnet, die mit einem echten Espresso oder einem cremigen Cappuccino und speziellen Degustationsmen\u00fcs mit erlesenen und sortenreinen Kaffees aus allen Teilen der Welt ein einzigartiges sensorisches Erlebnis bietet.<\/p>\n<p>Als Hauptsponsor unterst\u00fctzt die Rancilio Group mehrere Barista-Wettbewerbe, die auf der Host stattfinden &#8211; \u201eMilano Latte Art Challenge\u201c von Trismoka, \u201eItalian Latte Art Grading Battle Championship\u201c, und \u201eEspresso Italiano Champion\u201c von IEI.<\/p>\n<p>&nbsp;<\/p>\n<p>&nbsp;<\/p>\n<p><strong>HostMilano 2023 | Rancilio Group<\/strong><\/p>\n<ol start=\"13\">\n<li>bis 17. Oktober 2023<\/li>\n<\/ol>\n<p>von 9.30 bis 18.30 Uhr<br \/>\nHalle 24 Stand P11 P21\/ R12 R22<br \/>\n<a href=\"https:\/\/www.google.com\/maps\/place\/Fiera+Milano\/@45.5197708,9.0788296,15z\/data=!4m2!3m1!1s0x0:0x53b06f34dffa3b19?sa=X&amp;ved=2ahUKEwjD1ZPgv7uAAxWvQfEDHdQ2CSgQ_BJ6BAhPEAA&amp;ved=2ahUKEwjD1ZPgv7uAAxWvQfEDHdQ2CSgQ_BJ6BAhsEAg\">Fiera Milano (Rho)<\/a><br \/>\nStrada Statale del Sempione n. 28<br \/>\n20017 Rho (MI)<\/p>\n<p>&nbsp;<\/p>\n<p><strong>Event entdecken<\/strong><br \/>\n<a href=\"https:\/\/host.fieramilano.it\/en\/\">https:\/\/host.fieramilano.it\/en\/<\/a><\/p>\n","protected":false},"excerpt":{"rendered":"<p>Vom 13. bis 17. Oktober 2023 erwartet Sie die Rancilio Group zur 43. Ausgabe der HostMilano 2023. Das alle zwei&#8230;<\/p>\n","protected":false},"author":5,"featured_media":70159,"comment_status":"closed","ping_status":"closed","sticky":false,"template":"","format":"standard","meta":[],"categories":[556],"tags":[3152,3151,3153,3155,3154,3156,3157,3158,2826,2827,2719,2686,2628,2598,2597],"acf":[],"yoast_head":"<!-- This site is optimized with the Yoast SEO plugin v21.5 - https:\/\/yoast.com\/wordpress\/plugins\/seo\/ -->\n<title>Latest update about Die Rancilio Group bei der 43. Ausgabe der HostMilano 2023 - Rancilio Group<\/title>\n<meta name=\"description\" content=\"Read Rancilio Group&#039;s latest news about Die Rancilio Group bei der 43. Ausgabe der HostMilano 2023\" \/>\n<meta name=\"robots\" content=\"index, follow, max-snippet:-1, max-image-preview:large, max-video-preview:-1\" \/>\n<link rel=\"canonical\" href=\"https:\/\/www.ranciliogroup.com\/de\/die-rancilio-group-bei-der-43-ausgabe-der-hostmilano-2023\/\" \/>\n<meta property=\"og:locale\" content=\"de_DE\" \/>\n<meta property=\"og:type\" content=\"article\" \/>\n<meta property=\"og:title\" content=\"Latest update about Die Rancilio Group bei der 43. Ausgabe der HostMilano 2023 - Rancilio Group\" \/>\n<meta property=\"og:description\" content=\"Read Rancilio Group&#039;s latest news about Die Rancilio Group bei der 43. Ausgabe der HostMilano 2023\" \/>\n<meta property=\"og:url\" content=\"https:\/\/www.ranciliogroup.com\/de\/die-rancilio-group-bei-der-43-ausgabe-der-hostmilano-2023\/\" \/>\n<meta property=\"og:site_name\" content=\"Rancilio Group\" \/>\n<meta property=\"article:publisher\" content=\"https:\/\/www.facebook.com\/RancilioGroup\" \/>\n<meta property=\"article:published_time\" content=\"2023-09-05T08:31:28+00:00\" \/>\n<meta property=\"article:modified_time\" content=\"2023-09-14T12:55:51+00:00\" \/>\n<meta property=\"og:image\" content=\"https:\/\/www.ranciliogroup.com\/app\/uploads\/2023\/09\/host-2023-RG.jpg\" \/>\n\t<meta property=\"og:image:width\" content=\"1080\" \/>\n\t<meta property=\"og:image:height\" content=\"717\" \/>\n\t<meta property=\"og:image:type\" content=\"image\/jpeg\" \/>\n<meta name=\"author\" content=\"temp circular\" \/>\n<meta name=\"twitter:card\" content=\"summary_large_image\" \/>\n<meta name=\"twitter:creator\" content=\"@ranciliogroup\" \/>\n<meta name=\"twitter:site\" content=\"@ranciliogroup\" \/>\n<meta name=\"twitter:label1\" content=\"Written by\" \/>\n\t<meta name=\"twitter:data1\" content=\"temp circular\" \/>\n\t<meta name=\"twitter:label2\" content=\"Est. reading time\" \/>\n\t<meta name=\"twitter:data2\" content=\"2 minutes\" \/>\n<script type=\"application\/ld+json\" class=\"yoast-schema-graph\">{\"@context\":\"https:\/\/schema.org\",\"@graph\":[{\"@type\":\"Article\",\"@id\":\"https:\/\/www.ranciliogroup.com\/de\/die-rancilio-group-bei-der-43-ausgabe-der-hostmilano-2023\/#article\",\"isPartOf\":{\"@id\":\"https:\/\/www.ranciliogroup.com\/de\/die-rancilio-group-bei-der-43-ausgabe-der-hostmilano-2023\/\"},\"author\":{\"name\":\"temp circular\",\"@id\":\"https:\/\/www.ranciliogroup.com\/de\/#\/schema\/person\/d6bf0a7dfe74cded3d64da8b2c92814c\"},\"headline\":\"Die Rancilio Group bei der 43. Ausgabe der HostMilano 2023\",\"datePublished\":\"2023-09-05T08:31:28+00:00\",\"dateModified\":\"2023-09-14T12:55:51+00:00\",\"mainEntityOfPage\":{\"@id\":\"https:\/\/www.ranciliogroup.com\/de\/die-rancilio-group-bei-der-43-ausgabe-der-hostmilano-2023\/\"},\"wordCount\":342,\"publisher\":{\"@id\":\"https:\/\/www.ranciliogroup.com\/de\/#organization\"},\"keywords\":[\"Bond\",\"Host\",\"MoDe\",\"Altoga\",\"Espresso Italiano Champion\",\"Aicaf\",\"Trismoka\",\"Milano Latte Art Challenge\",\"LAGS\",\"Rancilio\",\"IEI\",\"Egro\",\"Kryo\",\"RS1\",\"Rancilio Specialty\"],\"articleSection\":[\"VERANSTALTUNGEN\"],\"inLanguage\":\"de-DE\"},{\"@type\":\"WebPage\",\"@id\":\"https:\/\/www.ranciliogroup.com\/de\/die-rancilio-group-bei-der-43-ausgabe-der-hostmilano-2023\/\",\"url\":\"https:\/\/www.ranciliogroup.com\/de\/die-rancilio-group-bei-der-43-ausgabe-der-hostmilano-2023\/\",\"name\":\"Latest update about Die Rancilio Group bei der 43. Ausgabe der HostMilano 2023 - Rancilio Group\",\"isPartOf\":{\"@id\":\"https:\/\/www.ranciliogroup.com\/de\/#website\"},\"datePublished\":\"2023-09-05T08:31:28+00:00\",\"dateModified\":\"2023-09-14T12:55:51+00:00\",\"description\":\"Read Rancilio Group's latest news about Die Rancilio Group bei der 43. Ausgabe der HostMilano 2023\",\"breadcrumb\":{\"@id\":\"https:\/\/www.ranciliogroup.com\/de\/die-rancilio-group-bei-der-43-ausgabe-der-hostmilano-2023\/#breadcrumb\"},\"inLanguage\":\"de-DE\",\"potentialAction\":[{\"@type\":\"ReadAction\",\"target\":[\"https:\/\/www.ranciliogroup.com\/de\/die-rancilio-group-bei-der-43-ausgabe-der-hostmilano-2023\/\"]}]},{\"@type\":\"BreadcrumbList\",\"@id\":\"https:\/\/www.ranciliogroup.com\/de\/die-rancilio-group-bei-der-43-ausgabe-der-hostmilano-2023\/#breadcrumb\",\"itemListElement\":[{\"@type\":\"ListItem\",\"position\":1,\"name\":\"Home\",\"item\":\"https:\/\/www.ranciliogroup.com\/de\/\"},{\"@type\":\"ListItem\",\"position\":2,\"name\":\"Die Rancilio Group bei der 43. Ausgabe der HostMilano 2023\"}]},{\"@type\":\"WebSite\",\"@id\":\"https:\/\/www.ranciliogroup.com\/de\/#website\",\"url\":\"https:\/\/www.ranciliogroup.com\/de\/\",\"name\":\"Rancilio Group\",\"description\":\"Professionelle Kaffeemaschinen Leader\",\"publisher\":{\"@id\":\"https:\/\/www.ranciliogroup.com\/de\/#organization\"},\"potentialAction\":[{\"@type\":\"SearchAction\",\"target\":{\"@type\":\"EntryPoint\",\"urlTemplate\":\"https:\/\/www.ranciliogroup.com\/de\/?s={search_term_string}\"},\"query-input\":\"required name=search_term_string\"}],\"inLanguage\":\"de-DE\"},{\"@type\":\"Organization\",\"@id\":\"https:\/\/www.ranciliogroup.com\/de\/#organization\",\"name\":\"Rancilio Group\",\"url\":\"https:\/\/www.ranciliogroup.com\/de\/\",\"logo\":{\"@type\":\"ImageObject\",\"inLanguage\":\"de-DE\",\"@id\":\"https:\/\/www.ranciliogroup.com\/de\/#\/schema\/logo\/image\/\",\"url\":\"https:\/\/www.ranciliogroup.com\/app\/uploads\/2019\/07\/rancilio_black_logo.png\",\"contentUrl\":\"https:\/\/www.ranciliogroup.com\/app\/uploads\/2019\/07\/rancilio_black_logo.png\",\"width\":447,\"height\":57,\"caption\":\"Rancilio Group\"},\"image\":{\"@id\":\"https:\/\/www.ranciliogroup.com\/de\/#\/schema\/logo\/image\/\"},\"sameAs\":[\"https:\/\/www.facebook.com\/RancilioGroup\",\"https:\/\/twitter.com\/ranciliogroup\",\"https:\/\/www.instagram.com\/rancilio_official\/\",\"https:\/\/www.linkedin.com\/company\/ranciliogroup\/\",\"https:\/\/www.youtube.com\/user\/rancilioadmin\"]},{\"@type\":\"Person\",\"@id\":\"https:\/\/www.ranciliogroup.com\/de\/#\/schema\/person\/d6bf0a7dfe74cded3d64da8b2c92814c\",\"name\":\"temp circular\",\"image\":{\"@type\":\"ImageObject\",\"inLanguage\":\"de-DE\",\"@id\":\"https:\/\/www.ranciliogroup.com\/de\/#\/schema\/person\/image\/\",\"url\":\"https:\/\/secure.gravatar.com\/avatar\/569e71c3b97b8bcad1854d6579b35c5f?s=96&d=mm&r=g\",\"contentUrl\":\"https:\/\/secure.gravatar.com\/avatar\/569e71c3b97b8bcad1854d6579b35c5f?s=96&d=mm&r=g\",\"caption\":\"temp circular\"}}]}<\/script>\n<!-- \/ Yoast SEO plugin. -->","yoast_head_json":{"title":"Latest update about Die Rancilio Group bei der 43. Ausgabe der HostMilano 2023 - Rancilio Group","description":"Read Rancilio Group's latest news about Die Rancilio Group bei der 43. Ausgabe der HostMilano 2023","robots":{"index":"index","follow":"follow","max-snippet":"max-snippet:-1","max-image-preview":"max-image-preview:large","max-video-preview":"max-video-preview:-1"},"canonical":"https:\/\/www.ranciliogroup.com\/de\/die-rancilio-group-bei-der-43-ausgabe-der-hostmilano-2023\/","og_locale":"de_DE","og_type":"article","og_title":"Latest update about Die Rancilio Group bei der 43. Ausgabe der HostMilano 2023 - Rancilio Group","og_description":"Read Rancilio Group's latest news about Die Rancilio Group bei der 43. Ausgabe der HostMilano 2023","og_url":"https:\/\/www.ranciliogroup.com\/de\/die-rancilio-group-bei-der-43-ausgabe-der-hostmilano-2023\/","og_site_name":"Rancilio Group","article_publisher":"https:\/\/www.facebook.com\/RancilioGroup","article_published_time":"2023-09-05T08:31:28+00:00","article_modified_time":"2023-09-14T12:55:51+00:00","og_image":[{"width":1080,"height":717,"url":"https:\/\/www.ranciliogroup.com\/app\/uploads\/2023\/09\/host-2023-RG.jpg","type":"image\/jpeg"}],"author":"temp circular","twitter_card":"summary_large_image","twitter_creator":"@ranciliogroup","twitter_site":"@ranciliogroup","twitter_misc":{"Written by":"temp circular","Est. reading time":"2 minutes"},"schema":{"@context":"https:\/\/schema.org","@graph":[{"@type":"Article","@id":"https:\/\/www.ranciliogroup.com\/de\/die-rancilio-group-bei-der-43-ausgabe-der-hostmilano-2023\/#article","isPartOf":{"@id":"https:\/\/www.ranciliogroup.com\/de\/die-rancilio-group-bei-der-43-ausgabe-der-hostmilano-2023\/"},"author":{"name":"temp circular","@id":"https:\/\/www.ranciliogroup.com\/de\/#\/schema\/person\/d6bf0a7dfe74cded3d64da8b2c92814c"},"headline":"Die Rancilio Group bei der 43. Ausgabe der HostMilano 2023","datePublished":"2023-09-05T08:31:28+00:00","dateModified":"2023-09-14T12:55:51+00:00","mainEntityOfPage":{"@id":"https:\/\/www.ranciliogroup.com\/de\/die-rancilio-group-bei-der-43-ausgabe-der-hostmilano-2023\/"},"wordCount":342,"publisher":{"@id":"https:\/\/www.ranciliogroup.com\/de\/#organization"},"keywords":["Bond","Host","MoDe","Altoga","Espresso Italiano Champion","Aicaf","Trismoka","Milano Latte Art Challenge","LAGS","Rancilio","IEI","Egro","Kryo","RS1","Rancilio Specialty"],"articleSection":["VERANSTALTUNGEN"],"inLanguage":"de-DE"},{"@type":"WebPage","@id":"https:\/\/www.ranciliogroup.com\/de\/die-rancilio-group-bei-der-43-ausgabe-der-hostmilano-2023\/","url":"https:\/\/www.ranciliogroup.com\/de\/die-rancilio-group-bei-der-43-ausgabe-der-hostmilano-2023\/","name":"Latest update about Die Rancilio Group bei der 43. Ausgabe der HostMilano 2023 - Rancilio Group","isPartOf":{"@id":"https:\/\/www.ranciliogroup.com\/de\/#website"},"datePublished":"2023-09-05T08:31:28+00:00","dateModified":"2023-09-14T12:55:51+00:00","description":"Read Rancilio Group's latest news about Die Rancilio Group bei der 43. Ausgabe der HostMilano 2023","breadcrumb":{"@id":"https:\/\/www.ranciliogroup.com\/de\/die-rancilio-group-bei-der-43-ausgabe-der-hostmilano-2023\/#breadcrumb"},"inLanguage":"de-DE","potentialAction":[{"@type":"ReadAction","target":["https:\/\/www.ranciliogroup.com\/de\/die-rancilio-group-bei-der-43-ausgabe-der-hostmilano-2023\/"]}]},{"@type":"BreadcrumbList","@id":"https:\/\/www.ranciliogroup.com\/de\/die-rancilio-group-bei-der-43-ausgabe-der-hostmilano-2023\/#breadcrumb","itemListElement":[{"@type":"ListItem","position":1,"name":"Home","item":"https:\/\/www.ranciliogroup.com\/de\/"},{"@type":"ListItem","position":2,"name":"Die Rancilio Group bei der 43. Ausgabe der HostMilano 2023"}]},{"@type":"WebSite","@id":"https:\/\/www.ranciliogroup.com\/de\/#website","url":"https:\/\/www.ranciliogroup.com\/de\/","name":"Rancilio Group","description":"Professionelle Kaffeemaschinen Leader","publisher":{"@id":"https:\/\/www.ranciliogroup.com\/de\/#organization"},"potentialAction":[{"@type":"SearchAction","target":{"@type":"EntryPoint","urlTemplate":"https:\/\/www.ranciliogroup.com\/de\/?s={search_term_string}"},"query-input":"required name=search_term_string"}],"inLanguage":"de-DE"},{"@type":"Organization","@id":"https:\/\/www.ranciliogroup.com\/de\/#organization","name":"Rancilio Group","url":"https:\/\/www.ranciliogroup.com\/de\/","logo":{"@type":"ImageObject","inLanguage":"de-DE","@id":"https:\/\/www.ranciliogroup.com\/de\/#\/schema\/logo\/image\/","url":"https:\/\/www.ranciliogroup.com\/app\/uploads\/2019\/07\/rancilio_black_logo.png","contentUrl":"https:\/\/www.ranciliogroup.com\/app\/uploads\/2019\/07\/rancilio_black_logo.png","width":447,"height":57,"caption":"Rancilio Group"},"image":{"@id":"https:\/\/www.ranciliogroup.com\/de\/#\/schema\/logo\/image\/"},"sameAs":["https:\/\/www.facebook.com\/RancilioGroup","https:\/\/twitter.com\/ranciliogroup","https:\/\/www.instagram.com\/rancilio_official\/","https:\/\/www.linkedin.com\/company\/ranciliogroup\/","https:\/\/www.youtube.com\/user\/rancilioadmin"]},{"@type":"Person","@id":"https:\/\/www.ranciliogroup.com\/de\/#\/schema\/person\/d6bf0a7dfe74cded3d64da8b2c92814c","name":"temp circular","image":{"@type":"ImageObject","inLanguage":"de-DE","@id":"https:\/\/www.ranciliogroup.com\/de\/#\/schema\/person\/image\/","url":"https:\/\/secure.gravatar.com\/avatar\/569e71c3b97b8bcad1854d6579b35c5f?s=96&d=mm&r=g","contentUrl":"https:\/\/secure.gravatar.com\/avatar\/569e71c3b97b8bcad1854d6579b35c5f?s=96&d=mm&r=g","caption":"temp circular"}}]}},"_links":{"self":[{"href":"https:\/\/www.ranciliogroup.com\/de\/wp-json\/wp\/v2\/posts\/70175"}],"collection":[{"href":"https:\/\/www.ranciliogroup.com\/de\/wp-json\/wp\/v2\/posts"}],"about":[{"href":"https:\/\/www.ranciliogroup.com\/de\/wp-json\/wp\/v2\/types\/post"}],"author":[{"embeddable":true,"href":"https:\/\/www.ranciliogroup.com\/de\/wp-json\/wp\/v2\/users\/5"}],"replies":[{"embeddable":true,"href":"https:\/\/www.ranciliogroup.com\/de\/wp-json\/wp\/v2\/comments?post=70175"}],"version-history":[{"count":3,"href":"https:\/\/www.ranciliogroup.com\/de\/wp-json\/wp\/v2\/posts\/70175\/revisions"}],"predecessor-version":[{"id":70178,"href":"https:\/\/www.ranciliogroup.com\/de\/wp-json\/wp\/v2\/posts\/70175\/revisions\/70178"}],"wp:featuredmedia":[{"embeddable":true,"href":"https:\/\/www.ranciliogroup.com\/de\/wp-json\/wp\/v2\/media\/70159"}],"wp:attachment":[{"href":"https:\/\/www.ranciliogroup.com\/de\/wp-json\/wp\/v2\/media?parent=70175"}],"wp:term":[{"taxonomy":"category","embeddable":true,"href":"https:\/\/www.ranciliogroup.com\/de\/wp-json\/wp\/v2\/categories?post=70175"},{"taxonomy":"post_tag","embeddable":true,"href":"https:\/\/www.ranciliogroup.com\/de\/wp-json\/wp\/v2\/tags?post=70175"}],"curies":[{"name":"wp","href":"https:\/\/api.w.org\/{rel}","templated":true}]}}