{"id":71121,"date":"2023-09-22T10:38:23","date_gmt":"2023-09-22T08:38:23","guid":{"rendered":"https:\/\/www.ranciliogroup.com\/?p=71121"},"modified":"2023-09-22T10:38:23","modified_gmt":"2023-09-22T08:38:23","slug":"rancilio-group-auf-dem-f%cf%8crum-kaffeefestival","status":"publish","type":"post","link":"https:\/\/www.ranciliogroup.com\/de\/rancilio-group-auf-dem-f%cf%8crum-kaffeefestival\/","title":{"rendered":"Rancilio Group auf dem F\u03ccrum Kaffeefestival"},"content":{"rendered":"<p>Vom 29. September bis zum 1. Oktober findet in La Farga de l&#8217;Hospitalet in Barcelona das F\u03ccrum Kaffeefestival statt.<\/p>\n<p>Das Team der Rancilio Group Iberica freut sich auf die Besucher dieser Messe, auf der die neuesten Innovationen von Rancilio vorgestellt werden. Dazu geh\u00f6ren die brandneue Classe 5 Eco, die energieeffiziente Kaffeemaschine, und die professionelle Kaffeem\u00fchle Bond. Ebenso herzlich hei\u00dft Egro Next alle Kaffeeliebhaber willkommen, die sich f\u00fcr Kaffeevollautomaten und deren F\u00e4higkeit interessieren, erstklassige Ergebnisse f\u00fcr ein breites Spektrum an Kaffee-, Milch- und Pulvergetr\u00e4nken zu liefern.<\/p>\n<p>Inmitten dieser lebhaften Atmosph\u00e4re wird Carlos Gonz\u00e1lez &#8211; der Coffee Competence &amp; Product Manager der Rancilio Group &#8211; in einem spannenden Workshop mit dem Titel \u201e<strong>Temperature Profiling<\/strong>\u201c in die Welt der Espresso-Extraktion eintauchen. Hier werden die Teilnehmer in Begleitung der professionellen Kaffeemaschine Rancilio Specialty RS1 auf eine sensorische Reise gef\u00fchrt, wobei der Schwerpunkt auf Temperaturprofilen und deren tiefgreifenden Auswirkungen auf die sensorische Wahrnehmung liegt.<\/p>\n<p>Dar\u00fcber hinaus wird Carlos einen speziellen Vortrag halten, der sich mit den wichtigsten Parametern befasst, die den perfekten Espresso ausmachen, und zwar in \u00dcbereinstimmung mit den IIAC-Richtlinien. Diese aufschlussreichen Veranstaltungen sind f\u00fcr Freitag, den 29. September geplant.<\/p>\n<p>Das Festival richtet sich gleicherma\u00dfen an Kaffee-Enthusiasten und Fachleute aus der Branche und will der ultimative Treffpunkt f\u00fcr alle sein, die an der Wertsch\u00f6pfungskette des Kaffees beteiligt sind, von den engagierten Kaffeebauern bis hin zu den ultimativen Kaffeegenie\u00dfern.<\/p>\n<p>&nbsp;<\/p>\n<p><strong>\u00a0<\/strong><\/p>\n<p><strong>F<\/strong><strong>\u03cc<\/strong><strong>rum Coffee Festival | Rancilio Group<\/strong><br \/>\nVom 29. September bis 1. Oktober<br \/>\nStand Aa15\/17<br \/>\n<a href=\"https:\/\/www.google.com\/maps\/place\/La+Farga\/@41.3632779,2.1021954,17z\/data=!3m2!4b1!5s0x12a498df5f99fe85:0x196c88fc4c34f0f4!4m6!3m5!1s0x12a499202557756f:0x40eeb809de29a334!8m2!3d41.3632739!4d2.1047703!16s%2Fg%2F11dxc0gcv0?entry=ttu\">La Farga de l\u2019Hospitalet<\/a><br \/>\nCarrer de Barcelona num.2<br \/>\n08901 L&#8217;Hospitalet de Llobregat<br \/>\nBarcelona, Spanien<\/p>\n<p>&nbsp;<\/p>\n<p><strong><u>Workshop \u201eEspresso IIAC\u201c<\/u><\/strong><br \/>\n@ Auditorium<br \/>\nFreitag, 29. September<br \/>\n11 bis 11:45 Uhr<\/p>\n<p>&nbsp;<\/p>\n<p><strong><u>Workshop \u201eTemperature Profiling\u201c<\/u><\/strong><br \/>\n@ Workshop Room<br \/>\nFreitag, 29. September<br \/>\n13 bis 15 Uhr<\/p>\n","protected":false},"excerpt":{"rendered":"<p>Vom 29. September bis zum 1. Oktober findet in La Farga de l&#8217;Hospitalet in Barcelona das F\u03ccrum Kaffeefestival statt. Das&#8230;<\/p>\n","protected":false},"author":5,"featured_media":71095,"comment_status":"closed","ping_status":"closed","sticky":false,"template":"","format":"standard","meta":[],"categories":[556],"tags":[3152,2687,2598],"acf":[],"yoast_head":"<!-- This site is optimized with the Yoast SEO plugin v21.5 - https:\/\/yoast.com\/wordpress\/plugins\/seo\/ -->\n<title>Latest update about Rancilio Group auf dem F\u03ccrum Kaffeefestival - Rancilio Group<\/title>\n<meta name=\"description\" content=\"Read Rancilio Group&#039;s latest news about Rancilio Group auf dem F\u03ccrum Kaffeefestival\" \/>\n<meta name=\"robots\" content=\"index, follow, max-snippet:-1, max-image-preview:large, max-video-preview:-1\" \/>\n<link rel=\"canonical\" href=\"https:\/\/www.ranciliogroup.com\/de\/rancilio-group-auf-dem-f%cf%8crum-kaffeefestival\/\" \/>\n<meta property=\"og:locale\" content=\"de_DE\" \/>\n<meta property=\"og:type\" content=\"article\" \/>\n<meta property=\"og:title\" content=\"Latest update about Rancilio Group auf dem F\u03ccrum Kaffeefestival - Rancilio Group\" \/>\n<meta property=\"og:description\" content=\"Read Rancilio Group&#039;s latest news about Rancilio Group auf dem F\u03ccrum Kaffeefestival\" \/>\n<meta property=\"og:url\" content=\"https:\/\/www.ranciliogroup.com\/de\/rancilio-group-auf-dem-f%cf%8crum-kaffeefestival\/\" \/>\n<meta property=\"og:site_name\" content=\"Rancilio Group\" \/>\n<meta property=\"article:publisher\" content=\"https:\/\/www.facebook.com\/RancilioGroup\" \/>\n<meta property=\"article:published_time\" content=\"2023-09-22T08:38:23+00:00\" \/>\n<meta property=\"og:image\" content=\"https:\/\/www.ranciliogroup.com\/app\/uploads\/2023\/09\/rancilio-group-forum-coffee-festival.jpg\" \/>\n\t<meta property=\"og:image:width\" content=\"1080\" \/>\n\t<meta property=\"og:image:height\" content=\"720\" \/>\n\t<meta property=\"og:image:type\" content=\"image\/jpeg\" \/>\n<meta name=\"author\" content=\"temp circular\" \/>\n<meta name=\"twitter:card\" content=\"summary_large_image\" \/>\n<meta name=\"twitter:creator\" content=\"@ranciliogroup\" \/>\n<meta name=\"twitter:site\" content=\"@ranciliogroup\" \/>\n<meta name=\"twitter:label1\" content=\"Written by\" \/>\n\t<meta name=\"twitter:data1\" content=\"temp circular\" \/>\n\t<meta name=\"twitter:label2\" content=\"Est. reading time\" \/>\n\t<meta name=\"twitter:data2\" content=\"2 minutes\" \/>\n<script type=\"application\/ld+json\" class=\"yoast-schema-graph\">{\"@context\":\"https:\/\/schema.org\",\"@graph\":[{\"@type\":\"Article\",\"@id\":\"https:\/\/www.ranciliogroup.com\/de\/rancilio-group-auf-dem-f%cf%8crum-kaffeefestival\/#article\",\"isPartOf\":{\"@id\":\"https:\/\/www.ranciliogroup.com\/de\/rancilio-group-auf-dem-f%cf%8crum-kaffeefestival\/\"},\"author\":{\"name\":\"temp circular\",\"@id\":\"https:\/\/www.ranciliogroup.com\/de\/#\/schema\/person\/d6bf0a7dfe74cded3d64da8b2c92814c\"},\"headline\":\"Rancilio Group auf dem F\u03ccrum Kaffeefestival\",\"datePublished\":\"2023-09-22T08:38:23+00:00\",\"dateModified\":\"2023-09-22T08:38:23+00:00\",\"mainEntityOfPage\":{\"@id\":\"https:\/\/www.ranciliogroup.com\/de\/rancilio-group-auf-dem-f%cf%8crum-kaffeefestival\/\"},\"wordCount\":290,\"publisher\":{\"@id\":\"https:\/\/www.ranciliogroup.com\/de\/#organization\"},\"keywords\":[\"Bond\",\"Next\",\"RS1\"],\"articleSection\":[\"VERANSTALTUNGEN\"],\"inLanguage\":\"de-DE\"},{\"@type\":\"WebPage\",\"@id\":\"https:\/\/www.ranciliogroup.com\/de\/rancilio-group-auf-dem-f%cf%8crum-kaffeefestival\/\",\"url\":\"https:\/\/www.ranciliogroup.com\/de\/rancilio-group-auf-dem-f%cf%8crum-kaffeefestival\/\",\"name\":\"Latest update about Rancilio Group auf dem F\u03ccrum Kaffeefestival - Rancilio Group\",\"isPartOf\":{\"@id\":\"https:\/\/www.ranciliogroup.com\/de\/#website\"},\"datePublished\":\"2023-09-22T08:38:23+00:00\",\"dateModified\":\"2023-09-22T08:38:23+00:00\",\"description\":\"Read Rancilio Group's latest news about Rancilio Group auf dem F\u03ccrum Kaffeefestival\",\"breadcrumb\":{\"@id\":\"https:\/\/www.ranciliogroup.com\/de\/rancilio-group-auf-dem-f%cf%8crum-kaffeefestival\/#breadcrumb\"},\"inLanguage\":\"de-DE\",\"potentialAction\":[{\"@type\":\"ReadAction\",\"target\":[\"https:\/\/www.ranciliogroup.com\/de\/rancilio-group-auf-dem-f%cf%8crum-kaffeefestival\/\"]}]},{\"@type\":\"BreadcrumbList\",\"@id\":\"https:\/\/www.ranciliogroup.com\/de\/rancilio-group-auf-dem-f%cf%8crum-kaffeefestival\/#breadcrumb\",\"itemListElement\":[{\"@type\":\"ListItem\",\"position\":1,\"name\":\"Home\",\"item\":\"https:\/\/www.ranciliogroup.com\/de\/\"},{\"@type\":\"ListItem\",\"position\":2,\"name\":\"Rancilio Group auf dem F\u03ccrum Kaffeefestival\"}]},{\"@type\":\"WebSite\",\"@id\":\"https:\/\/www.ranciliogroup.com\/de\/#website\",\"url\":\"https:\/\/www.ranciliogroup.com\/de\/\",\"name\":\"Rancilio Group\",\"description\":\"Professionelle Kaffeemaschinen Leader\",\"publisher\":{\"@id\":\"https:\/\/www.ranciliogroup.com\/de\/#organization\"},\"potentialAction\":[{\"@type\":\"SearchAction\",\"target\":{\"@type\":\"EntryPoint\",\"urlTemplate\":\"https:\/\/www.ranciliogroup.com\/de\/?s={search_term_string}\"},\"query-input\":\"required name=search_term_string\"}],\"inLanguage\":\"de-DE\"},{\"@type\":\"Organization\",\"@id\":\"https:\/\/www.ranciliogroup.com\/de\/#organization\",\"name\":\"Rancilio Group\",\"url\":\"https:\/\/www.ranciliogroup.com\/de\/\",\"logo\":{\"@type\":\"ImageObject\",\"inLanguage\":\"de-DE\",\"@id\":\"https:\/\/www.ranciliogroup.com\/de\/#\/schema\/logo\/image\/\",\"url\":\"https:\/\/www.ranciliogroup.com\/app\/uploads\/2019\/07\/rancilio_black_logo.png\",\"contentUrl\":\"https:\/\/www.ranciliogroup.com\/app\/uploads\/2019\/07\/rancilio_black_logo.png\",\"width\":447,\"height\":57,\"caption\":\"Rancilio Group\"},\"image\":{\"@id\":\"https:\/\/www.ranciliogroup.com\/de\/#\/schema\/logo\/image\/\"},\"sameAs\":[\"https:\/\/www.facebook.com\/RancilioGroup\",\"https:\/\/twitter.com\/ranciliogroup\",\"https:\/\/www.instagram.com\/rancilio_official\/\",\"https:\/\/www.linkedin.com\/company\/ranciliogroup\/\",\"https:\/\/www.youtube.com\/user\/rancilioadmin\"]},{\"@type\":\"Person\",\"@id\":\"https:\/\/www.ranciliogroup.com\/de\/#\/schema\/person\/d6bf0a7dfe74cded3d64da8b2c92814c\",\"name\":\"temp circular\",\"image\":{\"@type\":\"ImageObject\",\"inLanguage\":\"de-DE\",\"@id\":\"https:\/\/www.ranciliogroup.com\/de\/#\/schema\/person\/image\/\",\"url\":\"https:\/\/secure.gravatar.com\/avatar\/569e71c3b97b8bcad1854d6579b35c5f?s=96&d=mm&r=g\",\"contentUrl\":\"https:\/\/secure.gravatar.com\/avatar\/569e71c3b97b8bcad1854d6579b35c5f?s=96&d=mm&r=g\",\"caption\":\"temp circular\"}}]}<\/script>\n<!-- \/ Yoast SEO plugin. -->","yoast_head_json":{"title":"Latest update about Rancilio Group auf dem F\u03ccrum Kaffeefestival - Rancilio Group","description":"Read Rancilio Group's latest news about Rancilio Group auf dem F\u03ccrum Kaffeefestival","robots":{"index":"index","follow":"follow","max-snippet":"max-snippet:-1","max-image-preview":"max-image-preview:large","max-video-preview":"max-video-preview:-1"},"canonical":"https:\/\/www.ranciliogroup.com\/de\/rancilio-group-auf-dem-f%cf%8crum-kaffeefestival\/","og_locale":"de_DE","og_type":"article","og_title":"Latest update about Rancilio Group auf dem F\u03ccrum Kaffeefestival - Rancilio Group","og_description":"Read Rancilio Group's latest news about Rancilio Group auf dem F\u03ccrum Kaffeefestival","og_url":"https:\/\/www.ranciliogroup.com\/de\/rancilio-group-auf-dem-f%cf%8crum-kaffeefestival\/","og_site_name":"Rancilio Group","article_publisher":"https:\/\/www.facebook.com\/RancilioGroup","article_published_time":"2023-09-22T08:38:23+00:00","og_image":[{"width":1080,"height":720,"url":"https:\/\/www.ranciliogroup.com\/app\/uploads\/2023\/09\/rancilio-group-forum-coffee-festival.jpg","type":"image\/jpeg"}],"author":"temp circular","twitter_card":"summary_large_image","twitter_creator":"@ranciliogroup","twitter_site":"@ranciliogroup","twitter_misc":{"Written by":"temp circular","Est. reading time":"2 minutes"},"schema":{"@context":"https:\/\/schema.org","@graph":[{"@type":"Article","@id":"https:\/\/www.ranciliogroup.com\/de\/rancilio-group-auf-dem-f%cf%8crum-kaffeefestival\/#article","isPartOf":{"@id":"https:\/\/www.ranciliogroup.com\/de\/rancilio-group-auf-dem-f%cf%8crum-kaffeefestival\/"},"author":{"name":"temp circular","@id":"https:\/\/www.ranciliogroup.com\/de\/#\/schema\/person\/d6bf0a7dfe74cded3d64da8b2c92814c"},"headline":"Rancilio Group auf dem F\u03ccrum Kaffeefestival","datePublished":"2023-09-22T08:38:23+00:00","dateModified":"2023-09-22T08:38:23+00:00","mainEntityOfPage":{"@id":"https:\/\/www.ranciliogroup.com\/de\/rancilio-group-auf-dem-f%cf%8crum-kaffeefestival\/"},"wordCount":290,"publisher":{"@id":"https:\/\/www.ranciliogroup.com\/de\/#organization"},"keywords":["Bond","Next","RS1"],"articleSection":["VERANSTALTUNGEN"],"inLanguage":"de-DE"},{"@type":"WebPage","@id":"https:\/\/www.ranciliogroup.com\/de\/rancilio-group-auf-dem-f%cf%8crum-kaffeefestival\/","url":"https:\/\/www.ranciliogroup.com\/de\/rancilio-group-auf-dem-f%cf%8crum-kaffeefestival\/","name":"Latest update about Rancilio Group auf dem F\u03ccrum Kaffeefestival - Rancilio Group","isPartOf":{"@id":"https:\/\/www.ranciliogroup.com\/de\/#website"},"datePublished":"2023-09-22T08:38:23+00:00","dateModified":"2023-09-22T08:38:23+00:00","description":"Read Rancilio Group's latest news about Rancilio Group auf dem F\u03ccrum Kaffeefestival","breadcrumb":{"@id":"https:\/\/www.ranciliogroup.com\/de\/rancilio-group-auf-dem-f%cf%8crum-kaffeefestival\/#breadcrumb"},"inLanguage":"de-DE","potentialAction":[{"@type":"ReadAction","target":["https:\/\/www.ranciliogroup.com\/de\/rancilio-group-auf-dem-f%cf%8crum-kaffeefestival\/"]}]},{"@type":"BreadcrumbList","@id":"https:\/\/www.ranciliogroup.com\/de\/rancilio-group-auf-dem-f%cf%8crum-kaffeefestival\/#breadcrumb","itemListElement":[{"@type":"ListItem","position":1,"name":"Home","item":"https:\/\/www.ranciliogroup.com\/de\/"},{"@type":"ListItem","position":2,"name":"Rancilio Group auf dem F\u03ccrum Kaffeefestival"}]},{"@type":"WebSite","@id":"https:\/\/www.ranciliogroup.com\/de\/#website","url":"https:\/\/www.ranciliogroup.com\/de\/","name":"Rancilio Group","description":"Professionelle Kaffeemaschinen Leader","publisher":{"@id":"https:\/\/www.ranciliogroup.com\/de\/#organization"},"potentialAction":[{"@type":"SearchAction","target":{"@type":"EntryPoint","urlTemplate":"https:\/\/www.ranciliogroup.com\/de\/?s={search_term_string}"},"query-input":"required name=search_term_string"}],"inLanguage":"de-DE"},{"@type":"Organization","@id":"https:\/\/www.ranciliogroup.com\/de\/#organization","name":"Rancilio Group","url":"https:\/\/www.ranciliogroup.com\/de\/","logo":{"@type":"ImageObject","inLanguage":"de-DE","@id":"https:\/\/www.ranciliogroup.com\/de\/#\/schema\/logo\/image\/","url":"https:\/\/www.ranciliogroup.com\/app\/uploads\/2019\/07\/rancilio_black_logo.png","contentUrl":"https:\/\/www.ranciliogroup.com\/app\/uploads\/2019\/07\/rancilio_black_logo.png","width":447,"height":57,"caption":"Rancilio Group"},"image":{"@id":"https:\/\/www.ranciliogroup.com\/de\/#\/schema\/logo\/image\/"},"sameAs":["https:\/\/www.facebook.com\/RancilioGroup","https:\/\/twitter.com\/ranciliogroup","https:\/\/www.instagram.com\/rancilio_official\/","https:\/\/www.linkedin.com\/company\/ranciliogroup\/","https:\/\/www.youtube.com\/user\/rancilioadmin"]},{"@type":"Person","@id":"https:\/\/www.ranciliogroup.com\/de\/#\/schema\/person\/d6bf0a7dfe74cded3d64da8b2c92814c","name":"temp circular","image":{"@type":"ImageObject","inLanguage":"de-DE","@id":"https:\/\/www.ranciliogroup.com\/de\/#\/schema\/person\/image\/","url":"https:\/\/secure.gravatar.com\/avatar\/569e71c3b97b8bcad1854d6579b35c5f?s=96&d=mm&r=g","contentUrl":"https:\/\/secure.gravatar.com\/avatar\/569e71c3b97b8bcad1854d6579b35c5f?s=96&d=mm&r=g","caption":"temp circular"}}]}},"_links":{"self":[{"href":"https:\/\/www.ranciliogroup.com\/de\/wp-json\/wp\/v2\/posts\/71121"}],"collection":[{"href":"https:\/\/www.ranciliogroup.com\/de\/wp-json\/wp\/v2\/posts"}],"about":[{"href":"https:\/\/www.ranciliogroup.com\/de\/wp-json\/wp\/v2\/types\/post"}],"author":[{"embeddable":true,"href":"https:\/\/www.ranciliogroup.com\/de\/wp-json\/wp\/v2\/users\/5"}],"replies":[{"embeddable":true,"href":"https:\/\/www.ranciliogroup.com\/de\/wp-json\/wp\/v2\/comments?post=71121"}],"version-history":[{"count":1,"href":"https:\/\/www.ranciliogroup.com\/de\/wp-json\/wp\/v2\/posts\/71121\/revisions"}],"predecessor-version":[{"id":71122,"href":"https:\/\/www.ranciliogroup.com\/de\/wp-json\/wp\/v2\/posts\/71121\/revisions\/71122"}],"wp:featuredmedia":[{"embeddable":true,"href":"https:\/\/www.ranciliogroup.com\/de\/wp-json\/wp\/v2\/media\/71095"}],"wp:attachment":[{"href":"https:\/\/www.ranciliogroup.com\/de\/wp-json\/wp\/v2\/media?parent=71121"}],"wp:term":[{"taxonomy":"category","embeddable":true,"href":"https:\/\/www.ranciliogroup.com\/de\/wp-json\/wp\/v2\/categories?post=71121"},{"taxonomy":"post_tag","embeddable":true,"href":"https:\/\/www.ranciliogroup.com\/de\/wp-json\/wp\/v2\/tags?post=71121"}],"curies":[{"name":"wp","href":"https:\/\/api.w.org\/{rel}","templated":true}]}}