{"id":73523,"date":"2024-03-28T09:56:34","date_gmt":"2024-03-28T08:56:34","guid":{"rendered":"https:\/\/www.ranciliogroup.com\/?p=73523"},"modified":"2024-03-28T09:56:34","modified_gmt":"2024-03-28T08:56:34","slug":"die-rancilio-group-north-america-heisst-sie-in-chicago-zur-specialty-coffee-expo-2024-willkommen","status":"publish","type":"post","link":"https:\/\/www.ranciliogroup.com\/de\/die-rancilio-group-north-america-heisst-sie-in-chicago-zur-specialty-coffee-expo-2024-willkommen\/","title":{"rendered":"Die Rancilio Group North America hei\u00dft Sie in Chicago zur Specialty Coffee Expo 2024 willkommen"},"content":{"rendered":"<p>Vom 12. bis 14. April treffen sich alle Kaffeefachleute aus der ganzen Welt auf der Specialty Coffee Expo, um gemeinsam die neuesten Trends und Innovationen der Branche zu entdecken. Das Team der Rancilio Group North America l\u00e4dt Sie zu einem dreit\u00e4gigen, umfassenden Erlebnis mit au\u00dfergew\u00f6hnlichen Kaffees und Vernetzungsm\u00f6glichkeiten ein.<\/p>\n<p>Als Highlight f\u00fcr Liebhaber von Kaffeespezialit\u00e4ten ist die RS1 Multiboiler-Kaffeemaschine neben der Invicta Einzelboiler-Kaffeemaschine bereit, das Potenzial jedes Single Origin-Kaffees und jeder Mischung zu entfalten.<\/p>\n<p>Die Rancilio Classe 5 Eco, die auf abfallbewusste Barista zugeschnitten ist, wird die Standbesucher mit ihrem modernen, zuverl\u00e4ssigen und platzsparenden Design begeistern. Die neue professionelle Kaffeem\u00fchle Rancilio Kryo Elite ist mit der SAS-Technologie ausgestattet und bietet einen unvergleichlichen Vorteil f\u00fcr die Gew\u00e4hrleistung von Konsistenz und Exzellenz bei jeder Mahlung. Mit der Kaffeemaschine f\u00fcr den Hausgebrauch Rancilio Silvia Pro X und der Kaffeem\u00fchle Stile haben Sie die M\u00f6glichkeit, die Caf\u00e9-Atmosph\u00e4re zu sich nach Hause zu holen.<\/p>\n<p>Egro Mode und Next geh\u00f6ren zum Bereich der vollautomatischen Maschinen und bieten eine zuverl\u00e4ssige, benutzerfreundliche und vielseitige L\u00f6sung, ohne dabei auf die \u00c4sthetik zu verzichten.<\/p>\n<p>Mit ihrem reichhaltigen Angebot an Vortr\u00e4gen, Wettbewerben, Verkostungen und Workshops, die von Branchenexperten geleitet werden, ist die Specialty Coffee Expo eine unverzichtbare und aufschlussreiche Veranstaltung f\u00fcr Kaffeefachleute weltweit.<\/p>\n<p>&nbsp;<\/p>\n<p><strong>Specialty Coffee Expo 2024<\/strong><\/p>\n<ol start=\"12\">\n<li>bis 14. April 2024<\/li>\n<\/ol>\n<p>Stand #1223<br \/>\n<a href=\"https:\/\/www.google.com\/maps\/place\/McCormick+Place+Lakeside+Center,+East+Building\/@41.8523139,-87.6131675,18z\/data=!3m2!4b1!5s0x880e2b824951fd8b:0xc46f8ba4eba96fb0!4m6!3m5!1s0x880e2b80c4121197:0x72ccc5d868eedc85!8m2!3d41.8523139!4d-87.6118774!16s%2Fg%2F11g8np5w3r?authuser=0&amp;entry=ttu\">McCormick Place Chicago Lakeside Center<\/a><br \/>\n2301 S Fort Dearborn<br \/>\n60616 Chicago, Illinois, USA<\/p>\n<p><strong>\u00a0<\/strong><\/p>\n<p><strong>\u00a0<\/strong><\/p>\n<p><a href=\"https:\/\/www.coffeeexpo.org\/\"><strong>Mehr \u00fcber das Event erfahren<\/strong><\/a><\/p>\n<p>&nbsp;<\/p>\n<p>&nbsp;<\/p>\n","protected":false},"excerpt":{"rendered":"<p>Vom 12. bis 14. April treffen sich alle Kaffeefachleute aus der ganzen Welt auf der Specialty Coffee Expo, um gemeinsam&#8230;<\/p>\n","protected":false},"author":5,"featured_media":73514,"comment_status":"closed","ping_status":"closed","sticky":false,"template":"","format":"standard","meta":[],"categories":[556],"tags":[3448,3153,2970,2930,2738,2687,2627,2598],"acf":[],"yoast_head":"<!-- This site is optimized with the Yoast SEO plugin v21.5 - https:\/\/yoast.com\/wordpress\/plugins\/seo\/ -->\n<title>Latest update about Die Rancilio Group North America hei\u00dft Sie in Chicago zur Specialty Coffee Expo 2024 willkommen - Rancilio Group<\/title>\n<meta name=\"description\" content=\"Read Rancilio Group&#039;s latest news about Die Rancilio Group North America hei\u00dft Sie in Chicago zur Specialty Coffee Expo 2024 willkommen\" \/>\n<meta name=\"robots\" content=\"index, follow, max-snippet:-1, max-image-preview:large, max-video-preview:-1\" \/>\n<link rel=\"canonical\" href=\"https:\/\/www.ranciliogroup.com\/de\/die-rancilio-group-north-america-heisst-sie-in-chicago-zur-specialty-coffee-expo-2024-willkommen\/\" \/>\n<meta property=\"og:locale\" content=\"de_DE\" \/>\n<meta property=\"og:type\" content=\"article\" \/>\n<meta property=\"og:title\" content=\"Latest update about Die Rancilio Group North America hei\u00dft Sie in Chicago zur Specialty Coffee Expo 2024 willkommen - Rancilio Group\" \/>\n<meta property=\"og:description\" content=\"Read Rancilio Group&#039;s latest news about Die Rancilio Group North America hei\u00dft Sie in Chicago zur Specialty Coffee Expo 2024 willkommen\" \/>\n<meta property=\"og:url\" content=\"https:\/\/www.ranciliogroup.com\/de\/die-rancilio-group-north-america-heisst-sie-in-chicago-zur-specialty-coffee-expo-2024-willkommen\/\" \/>\n<meta property=\"og:site_name\" content=\"Rancilio Group\" \/>\n<meta property=\"article:publisher\" content=\"https:\/\/www.facebook.com\/RancilioGroup\" \/>\n<meta property=\"article:published_time\" content=\"2024-03-28T08:56:34+00:00\" \/>\n<meta property=\"og:image\" content=\"https:\/\/www.ranciliogroup.com\/app\/uploads\/2024\/03\/rancilio-group-na-sca-expo.jpg\" \/>\n\t<meta property=\"og:image:width\" content=\"1080\" \/>\n\t<meta property=\"og:image:height\" content=\"720\" \/>\n\t<meta property=\"og:image:type\" content=\"image\/jpeg\" \/>\n<meta name=\"author\" content=\"temp circular\" \/>\n<meta name=\"twitter:card\" content=\"summary_large_image\" \/>\n<meta name=\"twitter:creator\" content=\"@ranciliogroup\" \/>\n<meta name=\"twitter:site\" content=\"@ranciliogroup\" \/>\n<meta name=\"twitter:label1\" content=\"Written by\" \/>\n\t<meta name=\"twitter:data1\" content=\"temp circular\" \/>\n\t<meta name=\"twitter:label2\" content=\"Est. reading time\" \/>\n\t<meta name=\"twitter:data2\" content=\"2 minutes\" \/>\n<script type=\"application\/ld+json\" class=\"yoast-schema-graph\">{\"@context\":\"https:\/\/schema.org\",\"@graph\":[{\"@type\":\"Article\",\"@id\":\"https:\/\/www.ranciliogroup.com\/de\/die-rancilio-group-north-america-heisst-sie-in-chicago-zur-specialty-coffee-expo-2024-willkommen\/#article\",\"isPartOf\":{\"@id\":\"https:\/\/www.ranciliogroup.com\/de\/die-rancilio-group-north-america-heisst-sie-in-chicago-zur-specialty-coffee-expo-2024-willkommen\/\"},\"author\":{\"name\":\"temp circular\",\"@id\":\"https:\/\/www.ranciliogroup.com\/de\/#\/schema\/person\/d6bf0a7dfe74cded3d64da8b2c92814c\"},\"headline\":\"Die Rancilio Group North America hei\u00dft Sie in Chicago zur Specialty Coffee Expo 2024 willkommen\",\"datePublished\":\"2024-03-28T08:56:34+00:00\",\"dateModified\":\"2024-03-28T08:56:34+00:00\",\"mainEntityOfPage\":{\"@id\":\"https:\/\/www.ranciliogroup.com\/de\/die-rancilio-group-north-america-heisst-sie-in-chicago-zur-specialty-coffee-expo-2024-willkommen\/\"},\"wordCount\":260,\"publisher\":{\"@id\":\"https:\/\/www.ranciliogroup.com\/de\/#organization\"},\"keywords\":[\"Kryo Elite\",\"MoDe\",\"Classe 5 Eco\",\"SCA Expo\",\"Silvia Pro X\",\"Next\",\"Invicta\",\"RS1\"],\"articleSection\":[\"VERANSTALTUNGEN\"],\"inLanguage\":\"de-DE\"},{\"@type\":\"WebPage\",\"@id\":\"https:\/\/www.ranciliogroup.com\/de\/die-rancilio-group-north-america-heisst-sie-in-chicago-zur-specialty-coffee-expo-2024-willkommen\/\",\"url\":\"https:\/\/www.ranciliogroup.com\/de\/die-rancilio-group-north-america-heisst-sie-in-chicago-zur-specialty-coffee-expo-2024-willkommen\/\",\"name\":\"Latest update about Die Rancilio Group North America hei\u00dft Sie in Chicago zur Specialty Coffee Expo 2024 willkommen - Rancilio Group\",\"isPartOf\":{\"@id\":\"https:\/\/www.ranciliogroup.com\/de\/#website\"},\"datePublished\":\"2024-03-28T08:56:34+00:00\",\"dateModified\":\"2024-03-28T08:56:34+00:00\",\"description\":\"Read Rancilio Group's latest news about Die Rancilio Group North America hei\u00dft Sie in Chicago zur Specialty Coffee Expo 2024 willkommen\",\"breadcrumb\":{\"@id\":\"https:\/\/www.ranciliogroup.com\/de\/die-rancilio-group-north-america-heisst-sie-in-chicago-zur-specialty-coffee-expo-2024-willkommen\/#breadcrumb\"},\"inLanguage\":\"de-DE\",\"potentialAction\":[{\"@type\":\"ReadAction\",\"target\":[\"https:\/\/www.ranciliogroup.com\/de\/die-rancilio-group-north-america-heisst-sie-in-chicago-zur-specialty-coffee-expo-2024-willkommen\/\"]}]},{\"@type\":\"BreadcrumbList\",\"@id\":\"https:\/\/www.ranciliogroup.com\/de\/die-rancilio-group-north-america-heisst-sie-in-chicago-zur-specialty-coffee-expo-2024-willkommen\/#breadcrumb\",\"itemListElement\":[{\"@type\":\"ListItem\",\"position\":1,\"name\":\"Home\",\"item\":\"https:\/\/www.ranciliogroup.com\/de\/\"},{\"@type\":\"ListItem\",\"position\":2,\"name\":\"Die Rancilio Group North America hei\u00dft Sie in Chicago zur Specialty Coffee Expo 2024 willkommen\"}]},{\"@type\":\"WebSite\",\"@id\":\"https:\/\/www.ranciliogroup.com\/de\/#website\",\"url\":\"https:\/\/www.ranciliogroup.com\/de\/\",\"name\":\"Rancilio Group\",\"description\":\"Professionelle Kaffeemaschinen Leader\",\"publisher\":{\"@id\":\"https:\/\/www.ranciliogroup.com\/de\/#organization\"},\"potentialAction\":[{\"@type\":\"SearchAction\",\"target\":{\"@type\":\"EntryPoint\",\"urlTemplate\":\"https:\/\/www.ranciliogroup.com\/de\/?s={search_term_string}\"},\"query-input\":\"required name=search_term_string\"}],\"inLanguage\":\"de-DE\"},{\"@type\":\"Organization\",\"@id\":\"https:\/\/www.ranciliogroup.com\/de\/#organization\",\"name\":\"Rancilio Group\",\"url\":\"https:\/\/www.ranciliogroup.com\/de\/\",\"logo\":{\"@type\":\"ImageObject\",\"inLanguage\":\"de-DE\",\"@id\":\"https:\/\/www.ranciliogroup.com\/de\/#\/schema\/logo\/image\/\",\"url\":\"https:\/\/www.ranciliogroup.com\/app\/uploads\/2019\/07\/rancilio_black_logo.png\",\"contentUrl\":\"https:\/\/www.ranciliogroup.com\/app\/uploads\/2019\/07\/rancilio_black_logo.png\",\"width\":447,\"height\":57,\"caption\":\"Rancilio Group\"},\"image\":{\"@id\":\"https:\/\/www.ranciliogroup.com\/de\/#\/schema\/logo\/image\/\"},\"sameAs\":[\"https:\/\/www.facebook.com\/RancilioGroup\",\"https:\/\/twitter.com\/ranciliogroup\",\"https:\/\/www.instagram.com\/rancilio_official\/\",\"https:\/\/www.linkedin.com\/company\/ranciliogroup\/\",\"https:\/\/www.youtube.com\/user\/rancilioadmin\"]},{\"@type\":\"Person\",\"@id\":\"https:\/\/www.ranciliogroup.com\/de\/#\/schema\/person\/d6bf0a7dfe74cded3d64da8b2c92814c\",\"name\":\"temp circular\",\"image\":{\"@type\":\"ImageObject\",\"inLanguage\":\"de-DE\",\"@id\":\"https:\/\/www.ranciliogroup.com\/de\/#\/schema\/person\/image\/\",\"url\":\"https:\/\/secure.gravatar.com\/avatar\/569e71c3b97b8bcad1854d6579b35c5f?s=96&d=mm&r=g\",\"contentUrl\":\"https:\/\/secure.gravatar.com\/avatar\/569e71c3b97b8bcad1854d6579b35c5f?s=96&d=mm&r=g\",\"caption\":\"temp circular\"}}]}<\/script>\n<!-- \/ Yoast SEO plugin. -->","yoast_head_json":{"title":"Latest update about Die Rancilio Group North America hei\u00dft Sie in Chicago zur Specialty Coffee Expo 2024 willkommen - Rancilio Group","description":"Read Rancilio Group's latest news about Die Rancilio Group North America hei\u00dft Sie in Chicago zur Specialty Coffee Expo 2024 willkommen","robots":{"index":"index","follow":"follow","max-snippet":"max-snippet:-1","max-image-preview":"max-image-preview:large","max-video-preview":"max-video-preview:-1"},"canonical":"https:\/\/www.ranciliogroup.com\/de\/die-rancilio-group-north-america-heisst-sie-in-chicago-zur-specialty-coffee-expo-2024-willkommen\/","og_locale":"de_DE","og_type":"article","og_title":"Latest update about Die Rancilio Group North America hei\u00dft Sie in Chicago zur Specialty Coffee Expo 2024 willkommen - Rancilio Group","og_description":"Read Rancilio Group's latest news about Die Rancilio Group North America hei\u00dft Sie in Chicago zur Specialty Coffee Expo 2024 willkommen","og_url":"https:\/\/www.ranciliogroup.com\/de\/die-rancilio-group-north-america-heisst-sie-in-chicago-zur-specialty-coffee-expo-2024-willkommen\/","og_site_name":"Rancilio Group","article_publisher":"https:\/\/www.facebook.com\/RancilioGroup","article_published_time":"2024-03-28T08:56:34+00:00","og_image":[{"width":1080,"height":720,"url":"https:\/\/www.ranciliogroup.com\/app\/uploads\/2024\/03\/rancilio-group-na-sca-expo.jpg","type":"image\/jpeg"}],"author":"temp circular","twitter_card":"summary_large_image","twitter_creator":"@ranciliogroup","twitter_site":"@ranciliogroup","twitter_misc":{"Written by":"temp circular","Est. reading time":"2 minutes"},"schema":{"@context":"https:\/\/schema.org","@graph":[{"@type":"Article","@id":"https:\/\/www.ranciliogroup.com\/de\/die-rancilio-group-north-america-heisst-sie-in-chicago-zur-specialty-coffee-expo-2024-willkommen\/#article","isPartOf":{"@id":"https:\/\/www.ranciliogroup.com\/de\/die-rancilio-group-north-america-heisst-sie-in-chicago-zur-specialty-coffee-expo-2024-willkommen\/"},"author":{"name":"temp circular","@id":"https:\/\/www.ranciliogroup.com\/de\/#\/schema\/person\/d6bf0a7dfe74cded3d64da8b2c92814c"},"headline":"Die Rancilio Group North America hei\u00dft Sie in Chicago zur Specialty Coffee Expo 2024 willkommen","datePublished":"2024-03-28T08:56:34+00:00","dateModified":"2024-03-28T08:56:34+00:00","mainEntityOfPage":{"@id":"https:\/\/www.ranciliogroup.com\/de\/die-rancilio-group-north-america-heisst-sie-in-chicago-zur-specialty-coffee-expo-2024-willkommen\/"},"wordCount":260,"publisher":{"@id":"https:\/\/www.ranciliogroup.com\/de\/#organization"},"keywords":["Kryo Elite","MoDe","Classe 5 Eco","SCA Expo","Silvia Pro X","Next","Invicta","RS1"],"articleSection":["VERANSTALTUNGEN"],"inLanguage":"de-DE"},{"@type":"WebPage","@id":"https:\/\/www.ranciliogroup.com\/de\/die-rancilio-group-north-america-heisst-sie-in-chicago-zur-specialty-coffee-expo-2024-willkommen\/","url":"https:\/\/www.ranciliogroup.com\/de\/die-rancilio-group-north-america-heisst-sie-in-chicago-zur-specialty-coffee-expo-2024-willkommen\/","name":"Latest update about Die Rancilio Group North America hei\u00dft Sie in Chicago zur Specialty Coffee Expo 2024 willkommen - Rancilio Group","isPartOf":{"@id":"https:\/\/www.ranciliogroup.com\/de\/#website"},"datePublished":"2024-03-28T08:56:34+00:00","dateModified":"2024-03-28T08:56:34+00:00","description":"Read Rancilio Group's latest news about Die Rancilio Group North America hei\u00dft Sie in Chicago zur Specialty Coffee Expo 2024 willkommen","breadcrumb":{"@id":"https:\/\/www.ranciliogroup.com\/de\/die-rancilio-group-north-america-heisst-sie-in-chicago-zur-specialty-coffee-expo-2024-willkommen\/#breadcrumb"},"inLanguage":"de-DE","potentialAction":[{"@type":"ReadAction","target":["https:\/\/www.ranciliogroup.com\/de\/die-rancilio-group-north-america-heisst-sie-in-chicago-zur-specialty-coffee-expo-2024-willkommen\/"]}]},{"@type":"BreadcrumbList","@id":"https:\/\/www.ranciliogroup.com\/de\/die-rancilio-group-north-america-heisst-sie-in-chicago-zur-specialty-coffee-expo-2024-willkommen\/#breadcrumb","itemListElement":[{"@type":"ListItem","position":1,"name":"Home","item":"https:\/\/www.ranciliogroup.com\/de\/"},{"@type":"ListItem","position":2,"name":"Die Rancilio Group North America hei\u00dft Sie in Chicago zur Specialty Coffee Expo 2024 willkommen"}]},{"@type":"WebSite","@id":"https:\/\/www.ranciliogroup.com\/de\/#website","url":"https:\/\/www.ranciliogroup.com\/de\/","name":"Rancilio Group","description":"Professionelle Kaffeemaschinen Leader","publisher":{"@id":"https:\/\/www.ranciliogroup.com\/de\/#organization"},"potentialAction":[{"@type":"SearchAction","target":{"@type":"EntryPoint","urlTemplate":"https:\/\/www.ranciliogroup.com\/de\/?s={search_term_string}"},"query-input":"required name=search_term_string"}],"inLanguage":"de-DE"},{"@type":"Organization","@id":"https:\/\/www.ranciliogroup.com\/de\/#organization","name":"Rancilio Group","url":"https:\/\/www.ranciliogroup.com\/de\/","logo":{"@type":"ImageObject","inLanguage":"de-DE","@id":"https:\/\/www.ranciliogroup.com\/de\/#\/schema\/logo\/image\/","url":"https:\/\/www.ranciliogroup.com\/app\/uploads\/2019\/07\/rancilio_black_logo.png","contentUrl":"https:\/\/www.ranciliogroup.com\/app\/uploads\/2019\/07\/rancilio_black_logo.png","width":447,"height":57,"caption":"Rancilio Group"},"image":{"@id":"https:\/\/www.ranciliogroup.com\/de\/#\/schema\/logo\/image\/"},"sameAs":["https:\/\/www.facebook.com\/RancilioGroup","https:\/\/twitter.com\/ranciliogroup","https:\/\/www.instagram.com\/rancilio_official\/","https:\/\/www.linkedin.com\/company\/ranciliogroup\/","https:\/\/www.youtube.com\/user\/rancilioadmin"]},{"@type":"Person","@id":"https:\/\/www.ranciliogroup.com\/de\/#\/schema\/person\/d6bf0a7dfe74cded3d64da8b2c92814c","name":"temp circular","image":{"@type":"ImageObject","inLanguage":"de-DE","@id":"https:\/\/www.ranciliogroup.com\/de\/#\/schema\/person\/image\/","url":"https:\/\/secure.gravatar.com\/avatar\/569e71c3b97b8bcad1854d6579b35c5f?s=96&d=mm&r=g","contentUrl":"https:\/\/secure.gravatar.com\/avatar\/569e71c3b97b8bcad1854d6579b35c5f?s=96&d=mm&r=g","caption":"temp circular"}}]}},"_links":{"self":[{"href":"https:\/\/www.ranciliogroup.com\/de\/wp-json\/wp\/v2\/posts\/73523"}],"collection":[{"href":"https:\/\/www.ranciliogroup.com\/de\/wp-json\/wp\/v2\/posts"}],"about":[{"href":"https:\/\/www.ranciliogroup.com\/de\/wp-json\/wp\/v2\/types\/post"}],"author":[{"embeddable":true,"href":"https:\/\/www.ranciliogroup.com\/de\/wp-json\/wp\/v2\/users\/5"}],"replies":[{"embeddable":true,"href":"https:\/\/www.ranciliogroup.com\/de\/wp-json\/wp\/v2\/comments?post=73523"}],"version-history":[{"count":2,"href":"https:\/\/www.ranciliogroup.com\/de\/wp-json\/wp\/v2\/posts\/73523\/revisions"}],"predecessor-version":[{"id":73525,"href":"https:\/\/www.ranciliogroup.com\/de\/wp-json\/wp\/v2\/posts\/73523\/revisions\/73525"}],"wp:featuredmedia":[{"embeddable":true,"href":"https:\/\/www.ranciliogroup.com\/de\/wp-json\/wp\/v2\/media\/73514"}],"wp:attachment":[{"href":"https:\/\/www.ranciliogroup.com\/de\/wp-json\/wp\/v2\/media?parent=73523"}],"wp:term":[{"taxonomy":"category","embeddable":true,"href":"https:\/\/www.ranciliogroup.com\/de\/wp-json\/wp\/v2\/categories?post=73523"},{"taxonomy":"post_tag","embeddable":true,"href":"https:\/\/www.ranciliogroup.com\/de\/wp-json\/wp\/v2\/tags?post=73523"}],"curies":[{"name":"wp","href":"https:\/\/api.w.org\/{rel}","templated":true}]}}