{"id":73597,"date":"2024-04-03T11:16:34","date_gmt":"2024-04-03T09:16:34","guid":{"rendered":"https:\/\/www.ranciliogroup.com\/?p=73597"},"modified":"2024-04-03T11:16:34","modified_gmt":"2024-04-03T09:16:34","slug":"rancilio-specialty-kehrt-fuer-die-neueste-herausforderung-der-barista-league-nach-mexiko-stadt-zurueck","status":"publish","type":"post","link":"https:\/\/www.ranciliogroup.com\/de\/rancilio-specialty-kehrt-fuer-die-neueste-herausforderung-der-barista-league-nach-mexiko-stadt-zurueck\/","title":{"rendered":"Rancilio Specialty kehrt f\u00fcr die neueste Herausforderung der Barista League nach Mexiko-Stadt zur\u00fcck"},"content":{"rendered":"<p>Am 18. April veranstalten Rancilio Specialty und die Barista League in der lebendigen Atmosph\u00e4re von Mexiko-Stadt erneut eine spannende Runde von Herausforderungen.<\/p>\n<p>Die professionelle Einboiler-Kaffeemaschine von Rancilio Specialty Invicta ist bereit, die 20 erfahrenen Baristas in ihren 10 Teams beim Ringen um den Sieg zu unterst\u00fctzen. Dank der benutzerfreundlichen Oberfl\u00e4che und der hochmodernen Technologie, einschlie\u00dflich Vorbr\u00fchung, kann sich jedes Team auf Invicta als verl\u00e4sslichen Partner w\u00e4hrend seiner Performance verlassen.<\/p>\n<p>Eine 6-k\u00f6pfige hochkar\u00e4tige Jury (Ariadna Chaparro, Carlos De La Torre, Carlos Medina Isamit, Jaquel\u00edn Medinilla, Hector Garcia und Macarena Zuluaga) steht vor der schwierigen Aufgabe, den n\u00e4chsten Champion der Barista League zu ermitteln. F\u00fcr zus\u00e4tzliche Spannung sorgen zwei geheimnisvolle G\u00e4ste, die von den konkurrierenden Teams bedient werden m\u00fcssen, w\u00e4hrend sie eine Reihe von Kaffeegetr\u00e4nken f\u00fcr die VIP-Juroren kreieren.<\/p>\n<p>W\u00e4hrend dieser mit Spannung erwarteten Veranstaltung k\u00f6nnen sich die G\u00e4ste bei faszinierenden Spielen und mitrei\u00dfender Musik vergn\u00fcgen und Kaffee von Mexikos besten R\u00f6stereien aus der Region genie\u00dfen. Au\u00dferdem k\u00f6nnen sie inmitten von Spa\u00df und guter Laune exquisite Speisen genie\u00dfen und dabei ihr Lieblingsteam anfeuern.<\/p>\n<p>Tickets sind erh\u00e4ltlich unter <a href=\"https:\/\/www.tickettailor.com\/events\/thebaristaleague\/1098996?\">tickettailor.com<\/a><\/p>\n<p>&nbsp;<\/p>\n<p>&nbsp;<\/p>\n<p>&nbsp;<\/p>\n<p><strong>The Barista League Mexiko-Stadt<\/strong><\/p>\n<ol start=\"18\">\n<li>April 2024<\/li>\n<\/ol>\n<p>18 bis 23 Uhr<br \/>\n<a href=\"https:\/\/www.google.com\/maps\/place\/Supremo\/@19.4200053,-99.1559144,17z\/data=!3m1!4b1!4m6!3m5!1s0x85d1ff3574549a0d:0x88e60ca7792f5c2!8m2!3d19.4200003!4d-99.1533395!16s%2Fg%2F11t9jslklg?entry=ttu\">Supremo<\/a><br \/>\nCalle Dr. Carmona y Valle 147<br \/>\nDoctores, Cuauht\u00e9moc, 06720 CDMX<\/p>\n<p>&nbsp;<\/p>\n<p><strong>Verfolgen Sie das Ereignis auf unserer offiziellen Instagram-Seite<\/strong><br \/>\n@ranciliospecialty #ranciliospecialty<\/p>\n<p>&nbsp;<\/p>\n<p><a href=\"https:\/\/www.ranciliogroup.com\/de\/specialty\/invicta\/\"><strong>Rancilio Specialty Invicta entdecken<\/strong><\/a><\/p>\n<p>&nbsp;<\/p>\n","protected":false},"excerpt":{"rendered":"<p>Am 18. April veranstalten Rancilio Specialty und die Barista League in der lebendigen Atmosph\u00e4re von Mexiko-Stadt erneut eine spannende Runde&#8230;<\/p>\n","protected":false},"author":5,"featured_media":73587,"comment_status":"closed","ping_status":"closed","sticky":false,"template":"","format":"standard","meta":[],"categories":[556],"tags":[2802,2627,2600],"acf":[],"yoast_head":"<!-- This site is optimized with the Yoast SEO plugin v21.5 - https:\/\/yoast.com\/wordpress\/plugins\/seo\/ -->\n<title>Latest update about Rancilio Specialty kehrt f\u00fcr die neueste Herausforderung der Barista League nach Mexiko-Stadt zur\u00fcck - Rancilio Group<\/title>\n<meta name=\"description\" content=\"Read Rancilio Group&#039;s latest news about Rancilio Specialty kehrt f\u00fcr die neueste Herausforderung der Barista League nach Mexiko-Stadt zur\u00fcck\" \/>\n<meta name=\"robots\" content=\"index, follow, max-snippet:-1, max-image-preview:large, max-video-preview:-1\" \/>\n<link rel=\"canonical\" href=\"https:\/\/www.ranciliogroup.com\/de\/rancilio-specialty-kehrt-fuer-die-neueste-herausforderung-der-barista-league-nach-mexiko-stadt-zurueck\/\" \/>\n<meta property=\"og:locale\" content=\"de_DE\" \/>\n<meta property=\"og:type\" content=\"article\" \/>\n<meta property=\"og:title\" content=\"Latest update about Rancilio Specialty kehrt f\u00fcr die neueste Herausforderung der Barista League nach Mexiko-Stadt zur\u00fcck - Rancilio Group\" \/>\n<meta property=\"og:description\" content=\"Read Rancilio Group&#039;s latest news about Rancilio Specialty kehrt f\u00fcr die neueste Herausforderung der Barista League nach Mexiko-Stadt zur\u00fcck\" \/>\n<meta property=\"og:url\" content=\"https:\/\/www.ranciliogroup.com\/de\/rancilio-specialty-kehrt-fuer-die-neueste-herausforderung-der-barista-league-nach-mexiko-stadt-zurueck\/\" \/>\n<meta property=\"og:site_name\" content=\"Rancilio Group\" \/>\n<meta property=\"article:publisher\" content=\"https:\/\/www.facebook.com\/RancilioGroup\" \/>\n<meta property=\"article:published_time\" content=\"2024-04-03T09:16:34+00:00\" \/>\n<meta property=\"og:image\" content=\"https:\/\/www.ranciliogroup.com\/app\/uploads\/2024\/04\/rancilio-specialty-invicta-tbl.jpg\" \/>\n\t<meta property=\"og:image:width\" content=\"1080\" \/>\n\t<meta property=\"og:image:height\" content=\"720\" \/>\n\t<meta property=\"og:image:type\" content=\"image\/jpeg\" \/>\n<meta name=\"author\" content=\"temp circular\" \/>\n<meta name=\"twitter:card\" content=\"summary_large_image\" \/>\n<meta name=\"twitter:creator\" content=\"@ranciliogroup\" \/>\n<meta name=\"twitter:site\" content=\"@ranciliogroup\" \/>\n<meta name=\"twitter:label1\" content=\"Written by\" \/>\n\t<meta name=\"twitter:data1\" content=\"temp circular\" \/>\n\t<meta name=\"twitter:label2\" content=\"Est. reading time\" \/>\n\t<meta name=\"twitter:data2\" content=\"1 minute\" \/>\n<script type=\"application\/ld+json\" class=\"yoast-schema-graph\">{\"@context\":\"https:\/\/schema.org\",\"@graph\":[{\"@type\":\"Article\",\"@id\":\"https:\/\/www.ranciliogroup.com\/de\/rancilio-specialty-kehrt-fuer-die-neueste-herausforderung-der-barista-league-nach-mexiko-stadt-zurueck\/#article\",\"isPartOf\":{\"@id\":\"https:\/\/www.ranciliogroup.com\/de\/rancilio-specialty-kehrt-fuer-die-neueste-herausforderung-der-barista-league-nach-mexiko-stadt-zurueck\/\"},\"author\":{\"name\":\"temp circular\",\"@id\":\"https:\/\/www.ranciliogroup.com\/de\/#\/schema\/person\/d6bf0a7dfe74cded3d64da8b2c92814c\"},\"headline\":\"Rancilio Specialty kehrt f\u00fcr die neueste Herausforderung der Barista League nach Mexiko-Stadt zur\u00fcck\",\"datePublished\":\"2024-04-03T09:16:34+00:00\",\"dateModified\":\"2024-04-03T09:16:34+00:00\",\"mainEntityOfPage\":{\"@id\":\"https:\/\/www.ranciliogroup.com\/de\/rancilio-specialty-kehrt-fuer-die-neueste-herausforderung-der-barista-league-nach-mexiko-stadt-zurueck\/\"},\"wordCount\":255,\"publisher\":{\"@id\":\"https:\/\/www.ranciliogroup.com\/de\/#organization\"},\"keywords\":[\"Mexico\",\"Invicta\",\"Barista League\"],\"articleSection\":[\"VERANSTALTUNGEN\"],\"inLanguage\":\"de-DE\"},{\"@type\":\"WebPage\",\"@id\":\"https:\/\/www.ranciliogroup.com\/de\/rancilio-specialty-kehrt-fuer-die-neueste-herausforderung-der-barista-league-nach-mexiko-stadt-zurueck\/\",\"url\":\"https:\/\/www.ranciliogroup.com\/de\/rancilio-specialty-kehrt-fuer-die-neueste-herausforderung-der-barista-league-nach-mexiko-stadt-zurueck\/\",\"name\":\"Latest update about Rancilio Specialty kehrt f\u00fcr die neueste Herausforderung der Barista League nach Mexiko-Stadt zur\u00fcck - Rancilio Group\",\"isPartOf\":{\"@id\":\"https:\/\/www.ranciliogroup.com\/de\/#website\"},\"datePublished\":\"2024-04-03T09:16:34+00:00\",\"dateModified\":\"2024-04-03T09:16:34+00:00\",\"description\":\"Read Rancilio Group's latest news about Rancilio Specialty kehrt f\u00fcr die neueste Herausforderung der Barista League nach Mexiko-Stadt zur\u00fcck\",\"breadcrumb\":{\"@id\":\"https:\/\/www.ranciliogroup.com\/de\/rancilio-specialty-kehrt-fuer-die-neueste-herausforderung-der-barista-league-nach-mexiko-stadt-zurueck\/#breadcrumb\"},\"inLanguage\":\"de-DE\",\"potentialAction\":[{\"@type\":\"ReadAction\",\"target\":[\"https:\/\/www.ranciliogroup.com\/de\/rancilio-specialty-kehrt-fuer-die-neueste-herausforderung-der-barista-league-nach-mexiko-stadt-zurueck\/\"]}]},{\"@type\":\"BreadcrumbList\",\"@id\":\"https:\/\/www.ranciliogroup.com\/de\/rancilio-specialty-kehrt-fuer-die-neueste-herausforderung-der-barista-league-nach-mexiko-stadt-zurueck\/#breadcrumb\",\"itemListElement\":[{\"@type\":\"ListItem\",\"position\":1,\"name\":\"Home\",\"item\":\"https:\/\/www.ranciliogroup.com\/de\/\"},{\"@type\":\"ListItem\",\"position\":2,\"name\":\"Rancilio Specialty kehrt f\u00fcr die neueste Herausforderung der Barista League nach Mexiko-Stadt zur\u00fcck\"}]},{\"@type\":\"WebSite\",\"@id\":\"https:\/\/www.ranciliogroup.com\/de\/#website\",\"url\":\"https:\/\/www.ranciliogroup.com\/de\/\",\"name\":\"Rancilio Group\",\"description\":\"Professionelle Kaffeemaschinen Leader\",\"publisher\":{\"@id\":\"https:\/\/www.ranciliogroup.com\/de\/#organization\"},\"potentialAction\":[{\"@type\":\"SearchAction\",\"target\":{\"@type\":\"EntryPoint\",\"urlTemplate\":\"https:\/\/www.ranciliogroup.com\/de\/?s={search_term_string}\"},\"query-input\":\"required name=search_term_string\"}],\"inLanguage\":\"de-DE\"},{\"@type\":\"Organization\",\"@id\":\"https:\/\/www.ranciliogroup.com\/de\/#organization\",\"name\":\"Rancilio Group\",\"url\":\"https:\/\/www.ranciliogroup.com\/de\/\",\"logo\":{\"@type\":\"ImageObject\",\"inLanguage\":\"de-DE\",\"@id\":\"https:\/\/www.ranciliogroup.com\/de\/#\/schema\/logo\/image\/\",\"url\":\"https:\/\/www.ranciliogroup.com\/app\/uploads\/2019\/07\/rancilio_black_logo.png\",\"contentUrl\":\"https:\/\/www.ranciliogroup.com\/app\/uploads\/2019\/07\/rancilio_black_logo.png\",\"width\":447,\"height\":57,\"caption\":\"Rancilio Group\"},\"image\":{\"@id\":\"https:\/\/www.ranciliogroup.com\/de\/#\/schema\/logo\/image\/\"},\"sameAs\":[\"https:\/\/www.facebook.com\/RancilioGroup\",\"https:\/\/twitter.com\/ranciliogroup\",\"https:\/\/www.instagram.com\/rancilio_official\/\",\"https:\/\/www.linkedin.com\/company\/ranciliogroup\/\",\"https:\/\/www.youtube.com\/user\/rancilioadmin\"]},{\"@type\":\"Person\",\"@id\":\"https:\/\/www.ranciliogroup.com\/de\/#\/schema\/person\/d6bf0a7dfe74cded3d64da8b2c92814c\",\"name\":\"temp circular\",\"image\":{\"@type\":\"ImageObject\",\"inLanguage\":\"de-DE\",\"@id\":\"https:\/\/www.ranciliogroup.com\/de\/#\/schema\/person\/image\/\",\"url\":\"https:\/\/secure.gravatar.com\/avatar\/569e71c3b97b8bcad1854d6579b35c5f?s=96&d=mm&r=g\",\"contentUrl\":\"https:\/\/secure.gravatar.com\/avatar\/569e71c3b97b8bcad1854d6579b35c5f?s=96&d=mm&r=g\",\"caption\":\"temp circular\"}}]}<\/script>\n<!-- \/ Yoast SEO plugin. -->","yoast_head_json":{"title":"Latest update about Rancilio Specialty kehrt f\u00fcr die neueste Herausforderung der Barista League nach Mexiko-Stadt zur\u00fcck - Rancilio Group","description":"Read Rancilio Group's latest news about Rancilio Specialty kehrt f\u00fcr die neueste Herausforderung der Barista League nach Mexiko-Stadt zur\u00fcck","robots":{"index":"index","follow":"follow","max-snippet":"max-snippet:-1","max-image-preview":"max-image-preview:large","max-video-preview":"max-video-preview:-1"},"canonical":"https:\/\/www.ranciliogroup.com\/de\/rancilio-specialty-kehrt-fuer-die-neueste-herausforderung-der-barista-league-nach-mexiko-stadt-zurueck\/","og_locale":"de_DE","og_type":"article","og_title":"Latest update about Rancilio Specialty kehrt f\u00fcr die neueste Herausforderung der Barista League nach Mexiko-Stadt zur\u00fcck - Rancilio Group","og_description":"Read Rancilio Group's latest news about Rancilio Specialty kehrt f\u00fcr die neueste Herausforderung der Barista League nach Mexiko-Stadt zur\u00fcck","og_url":"https:\/\/www.ranciliogroup.com\/de\/rancilio-specialty-kehrt-fuer-die-neueste-herausforderung-der-barista-league-nach-mexiko-stadt-zurueck\/","og_site_name":"Rancilio Group","article_publisher":"https:\/\/www.facebook.com\/RancilioGroup","article_published_time":"2024-04-03T09:16:34+00:00","og_image":[{"width":1080,"height":720,"url":"https:\/\/www.ranciliogroup.com\/app\/uploads\/2024\/04\/rancilio-specialty-invicta-tbl.jpg","type":"image\/jpeg"}],"author":"temp circular","twitter_card":"summary_large_image","twitter_creator":"@ranciliogroup","twitter_site":"@ranciliogroup","twitter_misc":{"Written by":"temp circular","Est. reading time":"1 minute"},"schema":{"@context":"https:\/\/schema.org","@graph":[{"@type":"Article","@id":"https:\/\/www.ranciliogroup.com\/de\/rancilio-specialty-kehrt-fuer-die-neueste-herausforderung-der-barista-league-nach-mexiko-stadt-zurueck\/#article","isPartOf":{"@id":"https:\/\/www.ranciliogroup.com\/de\/rancilio-specialty-kehrt-fuer-die-neueste-herausforderung-der-barista-league-nach-mexiko-stadt-zurueck\/"},"author":{"name":"temp circular","@id":"https:\/\/www.ranciliogroup.com\/de\/#\/schema\/person\/d6bf0a7dfe74cded3d64da8b2c92814c"},"headline":"Rancilio Specialty kehrt f\u00fcr die neueste Herausforderung der Barista League nach Mexiko-Stadt zur\u00fcck","datePublished":"2024-04-03T09:16:34+00:00","dateModified":"2024-04-03T09:16:34+00:00","mainEntityOfPage":{"@id":"https:\/\/www.ranciliogroup.com\/de\/rancilio-specialty-kehrt-fuer-die-neueste-herausforderung-der-barista-league-nach-mexiko-stadt-zurueck\/"},"wordCount":255,"publisher":{"@id":"https:\/\/www.ranciliogroup.com\/de\/#organization"},"keywords":["Mexico","Invicta","Barista League"],"articleSection":["VERANSTALTUNGEN"],"inLanguage":"de-DE"},{"@type":"WebPage","@id":"https:\/\/www.ranciliogroup.com\/de\/rancilio-specialty-kehrt-fuer-die-neueste-herausforderung-der-barista-league-nach-mexiko-stadt-zurueck\/","url":"https:\/\/www.ranciliogroup.com\/de\/rancilio-specialty-kehrt-fuer-die-neueste-herausforderung-der-barista-league-nach-mexiko-stadt-zurueck\/","name":"Latest update about Rancilio Specialty kehrt f\u00fcr die neueste Herausforderung der Barista League nach Mexiko-Stadt zur\u00fcck - Rancilio Group","isPartOf":{"@id":"https:\/\/www.ranciliogroup.com\/de\/#website"},"datePublished":"2024-04-03T09:16:34+00:00","dateModified":"2024-04-03T09:16:34+00:00","description":"Read Rancilio Group's latest news about Rancilio Specialty kehrt f\u00fcr die neueste Herausforderung der Barista League nach Mexiko-Stadt zur\u00fcck","breadcrumb":{"@id":"https:\/\/www.ranciliogroup.com\/de\/rancilio-specialty-kehrt-fuer-die-neueste-herausforderung-der-barista-league-nach-mexiko-stadt-zurueck\/#breadcrumb"},"inLanguage":"de-DE","potentialAction":[{"@type":"ReadAction","target":["https:\/\/www.ranciliogroup.com\/de\/rancilio-specialty-kehrt-fuer-die-neueste-herausforderung-der-barista-league-nach-mexiko-stadt-zurueck\/"]}]},{"@type":"BreadcrumbList","@id":"https:\/\/www.ranciliogroup.com\/de\/rancilio-specialty-kehrt-fuer-die-neueste-herausforderung-der-barista-league-nach-mexiko-stadt-zurueck\/#breadcrumb","itemListElement":[{"@type":"ListItem","position":1,"name":"Home","item":"https:\/\/www.ranciliogroup.com\/de\/"},{"@type":"ListItem","position":2,"name":"Rancilio Specialty kehrt f\u00fcr die neueste Herausforderung der Barista League nach Mexiko-Stadt zur\u00fcck"}]},{"@type":"WebSite","@id":"https:\/\/www.ranciliogroup.com\/de\/#website","url":"https:\/\/www.ranciliogroup.com\/de\/","name":"Rancilio Group","description":"Professionelle Kaffeemaschinen Leader","publisher":{"@id":"https:\/\/www.ranciliogroup.com\/de\/#organization"},"potentialAction":[{"@type":"SearchAction","target":{"@type":"EntryPoint","urlTemplate":"https:\/\/www.ranciliogroup.com\/de\/?s={search_term_string}"},"query-input":"required name=search_term_string"}],"inLanguage":"de-DE"},{"@type":"Organization","@id":"https:\/\/www.ranciliogroup.com\/de\/#organization","name":"Rancilio Group","url":"https:\/\/www.ranciliogroup.com\/de\/","logo":{"@type":"ImageObject","inLanguage":"de-DE","@id":"https:\/\/www.ranciliogroup.com\/de\/#\/schema\/logo\/image\/","url":"https:\/\/www.ranciliogroup.com\/app\/uploads\/2019\/07\/rancilio_black_logo.png","contentUrl":"https:\/\/www.ranciliogroup.com\/app\/uploads\/2019\/07\/rancilio_black_logo.png","width":447,"height":57,"caption":"Rancilio Group"},"image":{"@id":"https:\/\/www.ranciliogroup.com\/de\/#\/schema\/logo\/image\/"},"sameAs":["https:\/\/www.facebook.com\/RancilioGroup","https:\/\/twitter.com\/ranciliogroup","https:\/\/www.instagram.com\/rancilio_official\/","https:\/\/www.linkedin.com\/company\/ranciliogroup\/","https:\/\/www.youtube.com\/user\/rancilioadmin"]},{"@type":"Person","@id":"https:\/\/www.ranciliogroup.com\/de\/#\/schema\/person\/d6bf0a7dfe74cded3d64da8b2c92814c","name":"temp circular","image":{"@type":"ImageObject","inLanguage":"de-DE","@id":"https:\/\/www.ranciliogroup.com\/de\/#\/schema\/person\/image\/","url":"https:\/\/secure.gravatar.com\/avatar\/569e71c3b97b8bcad1854d6579b35c5f?s=96&d=mm&r=g","contentUrl":"https:\/\/secure.gravatar.com\/avatar\/569e71c3b97b8bcad1854d6579b35c5f?s=96&d=mm&r=g","caption":"temp circular"}}]}},"_links":{"self":[{"href":"https:\/\/www.ranciliogroup.com\/de\/wp-json\/wp\/v2\/posts\/73597"}],"collection":[{"href":"https:\/\/www.ranciliogroup.com\/de\/wp-json\/wp\/v2\/posts"}],"about":[{"href":"https:\/\/www.ranciliogroup.com\/de\/wp-json\/wp\/v2\/types\/post"}],"author":[{"embeddable":true,"href":"https:\/\/www.ranciliogroup.com\/de\/wp-json\/wp\/v2\/users\/5"}],"replies":[{"embeddable":true,"href":"https:\/\/www.ranciliogroup.com\/de\/wp-json\/wp\/v2\/comments?post=73597"}],"version-history":[{"count":2,"href":"https:\/\/www.ranciliogroup.com\/de\/wp-json\/wp\/v2\/posts\/73597\/revisions"}],"predecessor-version":[{"id":73599,"href":"https:\/\/www.ranciliogroup.com\/de\/wp-json\/wp\/v2\/posts\/73597\/revisions\/73599"}],"wp:featuredmedia":[{"embeddable":true,"href":"https:\/\/www.ranciliogroup.com\/de\/wp-json\/wp\/v2\/media\/73587"}],"wp:attachment":[{"href":"https:\/\/www.ranciliogroup.com\/de\/wp-json\/wp\/v2\/media?parent=73597"}],"wp:term":[{"taxonomy":"category","embeddable":true,"href":"https:\/\/www.ranciliogroup.com\/de\/wp-json\/wp\/v2\/categories?post=73597"},{"taxonomy":"post_tag","embeddable":true,"href":"https:\/\/www.ranciliogroup.com\/de\/wp-json\/wp\/v2\/tags?post=73597"}],"curies":[{"name":"wp","href":"https:\/\/api.w.org\/{rel}","templated":true}]}}