{"id":73766,"date":"2024-04-30T09:45:27","date_gmt":"2024-04-30T07:45:27","guid":{"rendered":"https:\/\/www.ranciliogroup.com\/?p=73766"},"modified":"2024-04-30T09:45:27","modified_gmt":"2024-04-30T07:45:27","slug":"die-rancilio-group-auf-der-nationalen-restaurantausstellung","status":"publish","type":"post","link":"https:\/\/www.ranciliogroup.com\/de\/die-rancilio-group-auf-der-nationalen-restaurantausstellung\/","title":{"rendered":"Die Rancilio Group auf der Nationalen Restaurantausstellung"},"content":{"rendered":"<p>Vom 18. bis 21. Mai 2024 hei\u00dft Sie die Rancilio Group auf der National Restaurant Show willkommen, dem gr\u00f6\u00dften Treffen von Foodservice-Fachleuten in der westlichen Hemisph\u00e4re.<\/p>\n<p>Rancilio Specialty RS1 und Invicta erwarten alle Liebhaber von Spezialit\u00e4tenkaffee, um das Potenzial jeder einzelnen Extraktion zu pr\u00e4sentieren. Durch den Einsatz modernster Technologie, einschlie\u00dflich Advanced Temperature Profiling und Vorbr\u00fchung, erm\u00f6glichen diese professionellen Kaffeemaschinen Baristas, die komplexen Aromen und Eigenschaften ihrer Single Origin Kaffees und Mischungen zu entfalten.<\/p>\n<p>Die traditionellen Kaffeemaschinen von Rancilio Classe 5 und Classe 7 bieten das perfekte Gleichgewicht zwischen den Rancilio-Kaffeetechnologien, hochwertigen Materialien und einer unvergleichlichen thermischen Stabilit\u00e4t.<\/p>\n<p>Au\u00dferdem k\u00f6nnen die Besucher die Vielseitigkeit von Egro Next und Mode entdecken, die auf die unterschiedlichen Bed\u00fcrfnisse jeder Einrichtung zugeschnitten sind. Diese Vollautomaten bieten eine breite Palette von Kaffee, Milchgetr\u00e4nken und l\u00f6slichen Produkten f\u00fcr jeden Geschmack.<\/p>\n<p>F\u00fcr alle Liebhaber von Filterkaffee vervollst\u00e4ndigt Egro Touch Coffee die Palette der Vollautomaten und bietet dank des Vier-Trichter-Systems maximale Vielfalt, sodass jederzeit bis zu vier verschiedene Kaffeesorten verf\u00fcgbar sind.<\/p>\n<p>Als Eckpfeiler der Gastronomiebranche bietet die National Restaurant Show die M\u00f6glichkeit, die neuesten Trends und innovativen L\u00f6sungen zu entdecken und Kontakte zu Branchenf\u00fchrern und Fachleuten aus aller Welt zu kn\u00fcpfen.<\/p>\n<p>&nbsp;<\/p>\n<p>&nbsp;<\/p>\n<p><strong>The National Restaurant Show<\/strong><\/p>\n<ol start=\"18\">\n<li>18- 21. Mai 2024<\/li>\n<\/ol>\n<p><a href=\"https:\/\/www.google.com\/maps\/place\/McCormick+Place+Lakeside+Center,+East+Building\/@41.8458004,-87.6331527,14z\/data=!3m1!5s0x880e2b824951fd8b:0xc46f8ba4eba96fb0!4m6!3m5!1s0x880e2b80c4121197:0x72ccc5d868eedc85!8m2!3d41.8523139!4d-87.6118774!16s%2Fg%2F11g8np5w3r?authuser=0&amp;entry=ttu\">McCormick Place<\/a><br \/>\nSouth Building \u2014 Stand 4816<br \/>\n2301 S Martin Luther King Dr<br \/>\nChicago, IL 60616, USA<\/p>\n","protected":false},"excerpt":{"rendered":"<p>Vom 18. bis 21. Mai 2024 hei\u00dft Sie die Rancilio Group auf der National Restaurant Show willkommen, dem gr\u00f6\u00dften Treffen&#8230;<\/p>\n","protected":false},"author":5,"featured_media":73757,"comment_status":"closed","ping_status":"closed","sticky":false,"template":"","format":"standard","meta":[],"categories":[556],"tags":[3480,3353,3153,2932,2887,2888,2687,2627,2598],"acf":[],"yoast_head":"<!-- This site is optimized with the Yoast SEO plugin v21.5 - https:\/\/yoast.com\/wordpress\/plugins\/seo\/ -->\n<title>Latest update about Die Rancilio Group auf der Nationalen Restaurantausstellung - Rancilio Group<\/title>\n<meta name=\"description\" content=\"Read Rancilio Group&#039;s latest news about Die Rancilio Group auf der Nationalen Restaurantausstellung\" \/>\n<meta name=\"robots\" content=\"index, follow, max-snippet:-1, max-image-preview:large, max-video-preview:-1\" \/>\n<link rel=\"canonical\" href=\"https:\/\/www.ranciliogroup.com\/de\/die-rancilio-group-auf-der-nationalen-restaurantausstellung\/\" \/>\n<meta property=\"og:locale\" content=\"de_DE\" \/>\n<meta property=\"og:type\" content=\"article\" \/>\n<meta property=\"og:title\" content=\"Latest update about Die Rancilio Group auf der Nationalen Restaurantausstellung - Rancilio Group\" \/>\n<meta property=\"og:description\" content=\"Read Rancilio Group&#039;s latest news about Die Rancilio Group auf der Nationalen Restaurantausstellung\" \/>\n<meta property=\"og:url\" content=\"https:\/\/www.ranciliogroup.com\/de\/die-rancilio-group-auf-der-nationalen-restaurantausstellung\/\" \/>\n<meta property=\"og:site_name\" content=\"Rancilio Group\" \/>\n<meta property=\"article:publisher\" content=\"https:\/\/www.facebook.com\/RancilioGroup\" \/>\n<meta property=\"article:published_time\" content=\"2024-04-30T07:45:27+00:00\" \/>\n<meta property=\"og:image\" content=\"https:\/\/www.ranciliogroup.com\/app\/uploads\/2024\/04\/rancilio-national-restaurant-show.jpg\" \/>\n\t<meta property=\"og:image:width\" content=\"1080\" \/>\n\t<meta property=\"og:image:height\" content=\"720\" \/>\n\t<meta property=\"og:image:type\" content=\"image\/jpeg\" \/>\n<meta name=\"author\" content=\"temp circular\" \/>\n<meta name=\"twitter:card\" content=\"summary_large_image\" \/>\n<meta name=\"twitter:creator\" content=\"@ranciliogroup\" \/>\n<meta name=\"twitter:site\" content=\"@ranciliogroup\" \/>\n<meta name=\"twitter:label1\" content=\"Written by\" \/>\n\t<meta name=\"twitter:data1\" content=\"temp circular\" \/>\n\t<meta name=\"twitter:label2\" content=\"Est. reading time\" \/>\n\t<meta name=\"twitter:data2\" content=\"1 minute\" \/>\n<script type=\"application\/ld+json\" class=\"yoast-schema-graph\">{\"@context\":\"https:\/\/schema.org\",\"@graph\":[{\"@type\":\"Article\",\"@id\":\"https:\/\/www.ranciliogroup.com\/de\/die-rancilio-group-auf-der-nationalen-restaurantausstellung\/#article\",\"isPartOf\":{\"@id\":\"https:\/\/www.ranciliogroup.com\/de\/die-rancilio-group-auf-der-nationalen-restaurantausstellung\/\"},\"author\":{\"name\":\"temp circular\",\"@id\":\"https:\/\/www.ranciliogroup.com\/de\/#\/schema\/person\/d6bf0a7dfe74cded3d64da8b2c92814c\"},\"headline\":\"Die Rancilio Group auf der Nationalen Restaurantausstellung\",\"datePublished\":\"2024-04-30T07:45:27+00:00\",\"dateModified\":\"2024-04-30T07:45:27+00:00\",\"mainEntityOfPage\":{\"@id\":\"https:\/\/www.ranciliogroup.com\/de\/die-rancilio-group-auf-der-nationalen-restaurantausstellung\/\"},\"wordCount\":237,\"publisher\":{\"@id\":\"https:\/\/www.ranciliogroup.com\/de\/#organization\"},\"keywords\":[\"National Restaurant Show\",\"RS1\",\"MoDe\",\"Touch Coffee\",\"Classe 5\",\"Classe 7\",\"Next\",\"Invicta\",\"RS1\"],\"articleSection\":[\"VERANSTALTUNGEN\"],\"inLanguage\":\"de-DE\"},{\"@type\":\"WebPage\",\"@id\":\"https:\/\/www.ranciliogroup.com\/de\/die-rancilio-group-auf-der-nationalen-restaurantausstellung\/\",\"url\":\"https:\/\/www.ranciliogroup.com\/de\/die-rancilio-group-auf-der-nationalen-restaurantausstellung\/\",\"name\":\"Latest update about Die Rancilio Group auf der Nationalen Restaurantausstellung - Rancilio Group\",\"isPartOf\":{\"@id\":\"https:\/\/www.ranciliogroup.com\/de\/#website\"},\"datePublished\":\"2024-04-30T07:45:27+00:00\",\"dateModified\":\"2024-04-30T07:45:27+00:00\",\"description\":\"Read Rancilio Group's latest news about Die Rancilio Group auf der Nationalen Restaurantausstellung\",\"breadcrumb\":{\"@id\":\"https:\/\/www.ranciliogroup.com\/de\/die-rancilio-group-auf-der-nationalen-restaurantausstellung\/#breadcrumb\"},\"inLanguage\":\"de-DE\",\"potentialAction\":[{\"@type\":\"ReadAction\",\"target\":[\"https:\/\/www.ranciliogroup.com\/de\/die-rancilio-group-auf-der-nationalen-restaurantausstellung\/\"]}]},{\"@type\":\"BreadcrumbList\",\"@id\":\"https:\/\/www.ranciliogroup.com\/de\/die-rancilio-group-auf-der-nationalen-restaurantausstellung\/#breadcrumb\",\"itemListElement\":[{\"@type\":\"ListItem\",\"position\":1,\"name\":\"Home\",\"item\":\"https:\/\/www.ranciliogroup.com\/de\/\"},{\"@type\":\"ListItem\",\"position\":2,\"name\":\"Die Rancilio Group auf der Nationalen Restaurantausstellung\"}]},{\"@type\":\"WebSite\",\"@id\":\"https:\/\/www.ranciliogroup.com\/de\/#website\",\"url\":\"https:\/\/www.ranciliogroup.com\/de\/\",\"name\":\"Rancilio Group\",\"description\":\"Professionelle Kaffeemaschinen Leader\",\"publisher\":{\"@id\":\"https:\/\/www.ranciliogroup.com\/de\/#organization\"},\"potentialAction\":[{\"@type\":\"SearchAction\",\"target\":{\"@type\":\"EntryPoint\",\"urlTemplate\":\"https:\/\/www.ranciliogroup.com\/de\/?s={search_term_string}\"},\"query-input\":\"required name=search_term_string\"}],\"inLanguage\":\"de-DE\"},{\"@type\":\"Organization\",\"@id\":\"https:\/\/www.ranciliogroup.com\/de\/#organization\",\"name\":\"Rancilio Group\",\"url\":\"https:\/\/www.ranciliogroup.com\/de\/\",\"logo\":{\"@type\":\"ImageObject\",\"inLanguage\":\"de-DE\",\"@id\":\"https:\/\/www.ranciliogroup.com\/de\/#\/schema\/logo\/image\/\",\"url\":\"https:\/\/www.ranciliogroup.com\/app\/uploads\/2019\/07\/rancilio_black_logo.png\",\"contentUrl\":\"https:\/\/www.ranciliogroup.com\/app\/uploads\/2019\/07\/rancilio_black_logo.png\",\"width\":447,\"height\":57,\"caption\":\"Rancilio Group\"},\"image\":{\"@id\":\"https:\/\/www.ranciliogroup.com\/de\/#\/schema\/logo\/image\/\"},\"sameAs\":[\"https:\/\/www.facebook.com\/RancilioGroup\",\"https:\/\/twitter.com\/ranciliogroup\",\"https:\/\/www.instagram.com\/rancilio_official\/\",\"https:\/\/www.linkedin.com\/company\/ranciliogroup\/\",\"https:\/\/www.youtube.com\/user\/rancilioadmin\"]},{\"@type\":\"Person\",\"@id\":\"https:\/\/www.ranciliogroup.com\/de\/#\/schema\/person\/d6bf0a7dfe74cded3d64da8b2c92814c\",\"name\":\"temp circular\",\"image\":{\"@type\":\"ImageObject\",\"inLanguage\":\"de-DE\",\"@id\":\"https:\/\/www.ranciliogroup.com\/de\/#\/schema\/person\/image\/\",\"url\":\"https:\/\/secure.gravatar.com\/avatar\/569e71c3b97b8bcad1854d6579b35c5f?s=96&d=mm&r=g\",\"contentUrl\":\"https:\/\/secure.gravatar.com\/avatar\/569e71c3b97b8bcad1854d6579b35c5f?s=96&d=mm&r=g\",\"caption\":\"temp circular\"}}]}<\/script>\n<!-- \/ Yoast SEO plugin. -->","yoast_head_json":{"title":"Latest update about Die Rancilio Group auf der Nationalen Restaurantausstellung - Rancilio Group","description":"Read Rancilio Group's latest news about Die Rancilio Group auf der Nationalen Restaurantausstellung","robots":{"index":"index","follow":"follow","max-snippet":"max-snippet:-1","max-image-preview":"max-image-preview:large","max-video-preview":"max-video-preview:-1"},"canonical":"https:\/\/www.ranciliogroup.com\/de\/die-rancilio-group-auf-der-nationalen-restaurantausstellung\/","og_locale":"de_DE","og_type":"article","og_title":"Latest update about Die Rancilio Group auf der Nationalen Restaurantausstellung - Rancilio Group","og_description":"Read Rancilio Group's latest news about Die Rancilio Group auf der Nationalen Restaurantausstellung","og_url":"https:\/\/www.ranciliogroup.com\/de\/die-rancilio-group-auf-der-nationalen-restaurantausstellung\/","og_site_name":"Rancilio Group","article_publisher":"https:\/\/www.facebook.com\/RancilioGroup","article_published_time":"2024-04-30T07:45:27+00:00","og_image":[{"width":1080,"height":720,"url":"https:\/\/www.ranciliogroup.com\/app\/uploads\/2024\/04\/rancilio-national-restaurant-show.jpg","type":"image\/jpeg"}],"author":"temp circular","twitter_card":"summary_large_image","twitter_creator":"@ranciliogroup","twitter_site":"@ranciliogroup","twitter_misc":{"Written by":"temp circular","Est. reading time":"1 minute"},"schema":{"@context":"https:\/\/schema.org","@graph":[{"@type":"Article","@id":"https:\/\/www.ranciliogroup.com\/de\/die-rancilio-group-auf-der-nationalen-restaurantausstellung\/#article","isPartOf":{"@id":"https:\/\/www.ranciliogroup.com\/de\/die-rancilio-group-auf-der-nationalen-restaurantausstellung\/"},"author":{"name":"temp circular","@id":"https:\/\/www.ranciliogroup.com\/de\/#\/schema\/person\/d6bf0a7dfe74cded3d64da8b2c92814c"},"headline":"Die Rancilio Group auf der Nationalen Restaurantausstellung","datePublished":"2024-04-30T07:45:27+00:00","dateModified":"2024-04-30T07:45:27+00:00","mainEntityOfPage":{"@id":"https:\/\/www.ranciliogroup.com\/de\/die-rancilio-group-auf-der-nationalen-restaurantausstellung\/"},"wordCount":237,"publisher":{"@id":"https:\/\/www.ranciliogroup.com\/de\/#organization"},"keywords":["National Restaurant Show","RS1","MoDe","Touch Coffee","Classe 5","Classe 7","Next","Invicta","RS1"],"articleSection":["VERANSTALTUNGEN"],"inLanguage":"de-DE"},{"@type":"WebPage","@id":"https:\/\/www.ranciliogroup.com\/de\/die-rancilio-group-auf-der-nationalen-restaurantausstellung\/","url":"https:\/\/www.ranciliogroup.com\/de\/die-rancilio-group-auf-der-nationalen-restaurantausstellung\/","name":"Latest update about Die Rancilio Group auf der Nationalen Restaurantausstellung - Rancilio Group","isPartOf":{"@id":"https:\/\/www.ranciliogroup.com\/de\/#website"},"datePublished":"2024-04-30T07:45:27+00:00","dateModified":"2024-04-30T07:45:27+00:00","description":"Read Rancilio Group's latest news about Die Rancilio Group auf der Nationalen Restaurantausstellung","breadcrumb":{"@id":"https:\/\/www.ranciliogroup.com\/de\/die-rancilio-group-auf-der-nationalen-restaurantausstellung\/#breadcrumb"},"inLanguage":"de-DE","potentialAction":[{"@type":"ReadAction","target":["https:\/\/www.ranciliogroup.com\/de\/die-rancilio-group-auf-der-nationalen-restaurantausstellung\/"]}]},{"@type":"BreadcrumbList","@id":"https:\/\/www.ranciliogroup.com\/de\/die-rancilio-group-auf-der-nationalen-restaurantausstellung\/#breadcrumb","itemListElement":[{"@type":"ListItem","position":1,"name":"Home","item":"https:\/\/www.ranciliogroup.com\/de\/"},{"@type":"ListItem","position":2,"name":"Die Rancilio Group auf der Nationalen Restaurantausstellung"}]},{"@type":"WebSite","@id":"https:\/\/www.ranciliogroup.com\/de\/#website","url":"https:\/\/www.ranciliogroup.com\/de\/","name":"Rancilio Group","description":"Professionelle Kaffeemaschinen Leader","publisher":{"@id":"https:\/\/www.ranciliogroup.com\/de\/#organization"},"potentialAction":[{"@type":"SearchAction","target":{"@type":"EntryPoint","urlTemplate":"https:\/\/www.ranciliogroup.com\/de\/?s={search_term_string}"},"query-input":"required name=search_term_string"}],"inLanguage":"de-DE"},{"@type":"Organization","@id":"https:\/\/www.ranciliogroup.com\/de\/#organization","name":"Rancilio Group","url":"https:\/\/www.ranciliogroup.com\/de\/","logo":{"@type":"ImageObject","inLanguage":"de-DE","@id":"https:\/\/www.ranciliogroup.com\/de\/#\/schema\/logo\/image\/","url":"https:\/\/www.ranciliogroup.com\/app\/uploads\/2019\/07\/rancilio_black_logo.png","contentUrl":"https:\/\/www.ranciliogroup.com\/app\/uploads\/2019\/07\/rancilio_black_logo.png","width":447,"height":57,"caption":"Rancilio Group"},"image":{"@id":"https:\/\/www.ranciliogroup.com\/de\/#\/schema\/logo\/image\/"},"sameAs":["https:\/\/www.facebook.com\/RancilioGroup","https:\/\/twitter.com\/ranciliogroup","https:\/\/www.instagram.com\/rancilio_official\/","https:\/\/www.linkedin.com\/company\/ranciliogroup\/","https:\/\/www.youtube.com\/user\/rancilioadmin"]},{"@type":"Person","@id":"https:\/\/www.ranciliogroup.com\/de\/#\/schema\/person\/d6bf0a7dfe74cded3d64da8b2c92814c","name":"temp circular","image":{"@type":"ImageObject","inLanguage":"de-DE","@id":"https:\/\/www.ranciliogroup.com\/de\/#\/schema\/person\/image\/","url":"https:\/\/secure.gravatar.com\/avatar\/569e71c3b97b8bcad1854d6579b35c5f?s=96&d=mm&r=g","contentUrl":"https:\/\/secure.gravatar.com\/avatar\/569e71c3b97b8bcad1854d6579b35c5f?s=96&d=mm&r=g","caption":"temp circular"}}]}},"_links":{"self":[{"href":"https:\/\/www.ranciliogroup.com\/de\/wp-json\/wp\/v2\/posts\/73766"}],"collection":[{"href":"https:\/\/www.ranciliogroup.com\/de\/wp-json\/wp\/v2\/posts"}],"about":[{"href":"https:\/\/www.ranciliogroup.com\/de\/wp-json\/wp\/v2\/types\/post"}],"author":[{"embeddable":true,"href":"https:\/\/www.ranciliogroup.com\/de\/wp-json\/wp\/v2\/users\/5"}],"replies":[{"embeddable":true,"href":"https:\/\/www.ranciliogroup.com\/de\/wp-json\/wp\/v2\/comments?post=73766"}],"version-history":[{"count":2,"href":"https:\/\/www.ranciliogroup.com\/de\/wp-json\/wp\/v2\/posts\/73766\/revisions"}],"predecessor-version":[{"id":73768,"href":"https:\/\/www.ranciliogroup.com\/de\/wp-json\/wp\/v2\/posts\/73766\/revisions\/73768"}],"wp:featuredmedia":[{"embeddable":true,"href":"https:\/\/www.ranciliogroup.com\/de\/wp-json\/wp\/v2\/media\/73757"}],"wp:attachment":[{"href":"https:\/\/www.ranciliogroup.com\/de\/wp-json\/wp\/v2\/media?parent=73766"}],"wp:term":[{"taxonomy":"category","embeddable":true,"href":"https:\/\/www.ranciliogroup.com\/de\/wp-json\/wp\/v2\/categories?post=73766"},{"taxonomy":"post_tag","embeddable":true,"href":"https:\/\/www.ranciliogroup.com\/de\/wp-json\/wp\/v2\/tags?post=73766"}],"curies":[{"name":"wp","href":"https:\/\/api.w.org\/{rel}","templated":true}]}}