{"id":73805,"date":"2024-05-06T10:45:58","date_gmt":"2024-05-06T08:45:58","guid":{"rendered":"https:\/\/www.ranciliogroup.com\/?p=73805"},"modified":"2024-05-06T10:45:58","modified_gmt":"2024-05-06T08:45:58","slug":"rancilio-group-mit-re-cig-um-das-bewusstsein-fuer-die-schaeden-zu-schaerfen-die-das-rauchen-fuer-gesundheit-und-umwelt-verursacht","status":"publish","type":"post","link":"https:\/\/www.ranciliogroup.com\/de\/rancilio-group-mit-re-cig-um-das-bewusstsein-fuer-die-schaeden-zu-schaerfen-die-das-rauchen-fuer-gesundheit-und-umwelt-verursacht\/","title":{"rendered":"Rancilio Group mit Re-Cig\u00ae, um das Bewusstsein f\u00fcr die Sch\u00e4den zu sch\u00e4rfen, die das Rauchen f\u00fcr Gesundheit und Umwelt verursacht"},"content":{"rendered":"<p style=\"text-align: center;\">Im Jahr 2023 begann die Rancilio Group eine Zusammenarbeit mit Re-Cig\u00ae und stellte in den Pausenr\u00e4umen des Unternehmens Beh\u00e4lter f\u00fcr die Entsorgung von Zigarettenkippen auf. Dies war der Startschuss f\u00fcr das Projekt \u201eSmokers Point\u201c, bei dem es um die ordnungsgem\u00e4\u00dfe Entsorgung von Zigarettenkippen geht, mit dem Ziel, das Bewusstsein der Mitarbeiter f\u00fcr die Sch\u00e4den zu sch\u00e4rfen, die das Rauchen f\u00fcr Gesundheit und Umwelt verursacht.<\/p>\n<p style=\"text-align: center;\">\u201eDas Projekt \u201eSmokers Point\u201c hat sich f\u00fcr unser Unternehmen nicht nur im Hinblick auf das Umweltmanagement, sondern auch in Bezug auf die Sensibilisierung der Mitarbeiter f\u00fcr die mit dem Rauchen verbundenen Risiken und die Notwendigkeit einer verantwortungsvollen Entsorgung von Zigarettenstummeln bew\u00e4hrt\u201c, meint Antonio Salamina, Global Operations Director der Rancilio Group.<\/p>\n<p style=\"text-align: center;\">Im ersten Jahr der Projektdurchf\u00fchrung wurden bedeutende Ergebnisse erzielt, wie im Jahresbericht 2023 zu lesen ist:<\/p>\n<ul style=\"text-align: center;\">\n<li>&#8211; 16 kg gesammelte Kippen<\/li>\n<li>&#8211; 53,328 entsprechende Zigaretten<\/li>\n<li>&#8211; 8,00 kg Re-CA\u00ae-Produkte<\/li>\n<li>&#8211; 38,24 kg vermiedene CO2-\u00c4quivalente<\/li>\n<li><\/li>\n<li><\/li>\n<\/ul>\n<p style=\"text-align: center;\"><img decoding=\"async\" loading=\"lazy\" class=\"wp-image-73790 aligncenter\" src=\"https:\/\/www.ranciliogroup.com\/app\/uploads\/2024\/04\/IMG_1831-2-WEB-225x300.jpg\" alt=\"\" width=\"375\" height=\"500\" srcset=\"https:\/\/www.ranciliogroup.com\/app\/uploads\/2024\/04\/IMG_1831-2-WEB-225x300.jpg 225w, https:\/\/www.ranciliogroup.com\/app\/uploads\/2024\/04\/IMG_1831-2-WEB-768x1024.jpg 768w, https:\/\/www.ranciliogroup.com\/app\/uploads\/2024\/04\/IMG_1831-2-WEB-70x93.jpg 70w, https:\/\/www.ranciliogroup.com\/app\/uploads\/2024\/04\/IMG_1831-2-WEB.jpg 810w\" sizes=\"(max-width: 375px) 100vw, 375px\" \/><\/p>\n<p>&nbsp;<\/p>\n<p style=\"text-align: center;\">\u201eDie im ersten Jahr erzielten Ergebnisse sind ermutigend und zeugen vom Erfolg unserer Zusammenarbeit mit Re-Cig\u00ae\u201c, f\u00fcgt Salamina hinzu. \u201eWir werden auch weiterhin Initiativen dieser Art f\u00f6rdern und unterst\u00fctzen, um ein ges\u00fcnderes und nachhaltigeres Arbeitsumfeld f\u00fcr alle unsere Mitarbeiter zu gew\u00e4hrleisten.\u201c<\/p>\n<p style=\"text-align: center;\">Re-Cig\u00ae recycelt Zigarettenstummel durch ein innovatives Verfahren, das f\u00fcr die Bek\u00e4mpfung von Umweltbedrohungen von entscheidender Bedeutung ist, zu vielseitigem Kunststoffmaterial. Die Kippen, die haupts\u00e4chlich aus Zelluloseacetat bestehen, brauchen Jahre, um sich zu zersetzen, und setzen giftiges Mikroplastik frei. Nach der Sammlung am \u201eSmokers Point\u201c werden sie zu Re-Cig\u00ae-Anlagen transportiert, wo sie getrennt, gereinigt und zu Zelluloseacetat verarbeitet werden, das zur Herstellung von Gebrauchsgegenst\u00e4nden wie Brillengestellen und Kn\u00f6pfen verwendet wird.<\/p>\n<p>&nbsp;<\/p>\n<p>&nbsp;<\/p>\n<p style=\"text-align: center;\"><strong>F\u00fcr weitere Informationen zu Re-Cig\u00ae<\/strong><br \/>\n<a href=\"https:\/\/www.re-cig.it\/\">https:\/\/www.re-cig.it\/<\/a><\/p>\n","protected":false},"excerpt":{"rendered":"<p>Im Jahr 2023 begann die Rancilio Group eine Zusammenarbeit mit Re-Cig\u00ae und stellte in den Pausenr\u00e4umen des Unternehmens Beh\u00e4lter f\u00fcr&#8230;<\/p>\n","protected":false},"author":5,"featured_media":73783,"comment_status":"closed","ping_status":"closed","sticky":false,"template":"","format":"standard","meta":[],"categories":[3046],"tags":[3487,3488,2816],"acf":[],"yoast_head":"<!-- This site is optimized with the Yoast SEO plugin v21.5 - https:\/\/yoast.com\/wordpress\/plugins\/seo\/ -->\n<title>Latest update about Rancilio Group mit Re-Cig\u00ae, um das Bewusstsein f\u00fcr die Sch\u00e4den zu sch\u00e4rfen, die das Rauchen f\u00fcr Gesundheit und Umwelt verursacht - Rancilio Group<\/title>\n<meta name=\"description\" content=\"Read Rancilio Group&#039;s latest news about Rancilio Group mit Re-Cig\u00ae, um das Bewusstsein f\u00fcr die Sch\u00e4den zu sch\u00e4rfen, die das Rauchen f\u00fcr Gesundheit und Umwelt verursacht\" \/>\n<meta name=\"robots\" content=\"index, follow, max-snippet:-1, max-image-preview:large, max-video-preview:-1\" \/>\n<link rel=\"canonical\" href=\"https:\/\/www.ranciliogroup.com\/de\/rancilio-group-mit-re-cig-um-das-bewusstsein-fuer-die-schaeden-zu-schaerfen-die-das-rauchen-fuer-gesundheit-und-umwelt-verursacht\/\" \/>\n<meta property=\"og:locale\" content=\"de_DE\" \/>\n<meta property=\"og:type\" content=\"article\" \/>\n<meta property=\"og:title\" content=\"Latest update about Rancilio Group mit Re-Cig\u00ae, um das Bewusstsein f\u00fcr die Sch\u00e4den zu sch\u00e4rfen, die das Rauchen f\u00fcr Gesundheit und Umwelt verursacht - Rancilio Group\" \/>\n<meta property=\"og:description\" content=\"Read Rancilio Group&#039;s latest news about Rancilio Group mit Re-Cig\u00ae, um das Bewusstsein f\u00fcr die Sch\u00e4den zu sch\u00e4rfen, die das Rauchen f\u00fcr Gesundheit und Umwelt verursacht\" \/>\n<meta property=\"og:url\" content=\"https:\/\/www.ranciliogroup.com\/de\/rancilio-group-mit-re-cig-um-das-bewusstsein-fuer-die-schaeden-zu-schaerfen-die-das-rauchen-fuer-gesundheit-und-umwelt-verursacht\/\" \/>\n<meta property=\"og:site_name\" content=\"Rancilio Group\" \/>\n<meta property=\"article:publisher\" content=\"https:\/\/www.facebook.com\/RancilioGroup\" \/>\n<meta property=\"article:published_time\" content=\"2024-05-06T08:45:58+00:00\" \/>\n<meta property=\"og:image\" content=\"https:\/\/www.ranciliogroup.com\/app\/uploads\/2024\/04\/IMG_1829-2-WEB.jpg\" \/>\n\t<meta property=\"og:image:width\" content=\"1080\" \/>\n\t<meta property=\"og:image:height\" content=\"720\" \/>\n\t<meta property=\"og:image:type\" content=\"image\/jpeg\" \/>\n<meta name=\"author\" content=\"temp circular\" \/>\n<meta name=\"twitter:card\" content=\"summary_large_image\" \/>\n<meta name=\"twitter:creator\" content=\"@ranciliogroup\" \/>\n<meta name=\"twitter:site\" content=\"@ranciliogroup\" \/>\n<meta name=\"twitter:label1\" content=\"Written by\" \/>\n\t<meta name=\"twitter:data1\" content=\"temp circular\" \/>\n\t<meta name=\"twitter:label2\" content=\"Est. reading time\" \/>\n\t<meta name=\"twitter:data2\" content=\"2 minutes\" \/>\n<script type=\"application\/ld+json\" class=\"yoast-schema-graph\">{\"@context\":\"https:\/\/schema.org\",\"@graph\":[{\"@type\":\"Article\",\"@id\":\"https:\/\/www.ranciliogroup.com\/de\/rancilio-group-mit-re-cig-um-das-bewusstsein-fuer-die-schaeden-zu-schaerfen-die-das-rauchen-fuer-gesundheit-und-umwelt-verursacht\/#article\",\"isPartOf\":{\"@id\":\"https:\/\/www.ranciliogroup.com\/de\/rancilio-group-mit-re-cig-um-das-bewusstsein-fuer-die-schaeden-zu-schaerfen-die-das-rauchen-fuer-gesundheit-und-umwelt-verursacht\/\"},\"author\":{\"name\":\"temp circular\",\"@id\":\"https:\/\/www.ranciliogroup.com\/de\/#\/schema\/person\/d6bf0a7dfe74cded3d64da8b2c92814c\"},\"headline\":\"Rancilio Group mit Re-Cig\u00ae, um das Bewusstsein f\u00fcr die Sch\u00e4den zu sch\u00e4rfen, die das Rauchen f\u00fcr Gesundheit und Umwelt verursacht\",\"datePublished\":\"2024-05-06T08:45:58+00:00\",\"dateModified\":\"2024-05-06T08:45:58+00:00\",\"mainEntityOfPage\":{\"@id\":\"https:\/\/www.ranciliogroup.com\/de\/rancilio-group-mit-re-cig-um-das-bewusstsein-fuer-die-schaeden-zu-schaerfen-die-das-rauchen-fuer-gesundheit-und-umwelt-verursacht\/\"},\"wordCount\":317,\"publisher\":{\"@id\":\"https:\/\/www.ranciliogroup.com\/de\/#organization\"},\"keywords\":[\"Re-Cig\",\"Smokers point\",\"Sustainability\"],\"articleSection\":[\"Nachhaltigkeit\"],\"inLanguage\":\"de-DE\"},{\"@type\":\"WebPage\",\"@id\":\"https:\/\/www.ranciliogroup.com\/de\/rancilio-group-mit-re-cig-um-das-bewusstsein-fuer-die-schaeden-zu-schaerfen-die-das-rauchen-fuer-gesundheit-und-umwelt-verursacht\/\",\"url\":\"https:\/\/www.ranciliogroup.com\/de\/rancilio-group-mit-re-cig-um-das-bewusstsein-fuer-die-schaeden-zu-schaerfen-die-das-rauchen-fuer-gesundheit-und-umwelt-verursacht\/\",\"name\":\"Latest update about Rancilio Group mit Re-Cig\u00ae, um das Bewusstsein f\u00fcr die Sch\u00e4den zu sch\u00e4rfen, die das Rauchen f\u00fcr Gesundheit und Umwelt verursacht - Rancilio Group\",\"isPartOf\":{\"@id\":\"https:\/\/www.ranciliogroup.com\/de\/#website\"},\"datePublished\":\"2024-05-06T08:45:58+00:00\",\"dateModified\":\"2024-05-06T08:45:58+00:00\",\"description\":\"Read Rancilio Group's latest news about Rancilio Group mit Re-Cig\u00ae, um das Bewusstsein f\u00fcr die Sch\u00e4den zu sch\u00e4rfen, die das Rauchen f\u00fcr Gesundheit und Umwelt verursacht\",\"breadcrumb\":{\"@id\":\"https:\/\/www.ranciliogroup.com\/de\/rancilio-group-mit-re-cig-um-das-bewusstsein-fuer-die-schaeden-zu-schaerfen-die-das-rauchen-fuer-gesundheit-und-umwelt-verursacht\/#breadcrumb\"},\"inLanguage\":\"de-DE\",\"potentialAction\":[{\"@type\":\"ReadAction\",\"target\":[\"https:\/\/www.ranciliogroup.com\/de\/rancilio-group-mit-re-cig-um-das-bewusstsein-fuer-die-schaeden-zu-schaerfen-die-das-rauchen-fuer-gesundheit-und-umwelt-verursacht\/\"]}]},{\"@type\":\"BreadcrumbList\",\"@id\":\"https:\/\/www.ranciliogroup.com\/de\/rancilio-group-mit-re-cig-um-das-bewusstsein-fuer-die-schaeden-zu-schaerfen-die-das-rauchen-fuer-gesundheit-und-umwelt-verursacht\/#breadcrumb\",\"itemListElement\":[{\"@type\":\"ListItem\",\"position\":1,\"name\":\"Home\",\"item\":\"https:\/\/www.ranciliogroup.com\/de\/\"},{\"@type\":\"ListItem\",\"position\":2,\"name\":\"Rancilio Group mit Re-Cig\u00ae, um das Bewusstsein f\u00fcr die Sch\u00e4den zu sch\u00e4rfen, die das Rauchen f\u00fcr Gesundheit und Umwelt verursacht\"}]},{\"@type\":\"WebSite\",\"@id\":\"https:\/\/www.ranciliogroup.com\/de\/#website\",\"url\":\"https:\/\/www.ranciliogroup.com\/de\/\",\"name\":\"Rancilio Group\",\"description\":\"Professionelle Kaffeemaschinen Leader\",\"publisher\":{\"@id\":\"https:\/\/www.ranciliogroup.com\/de\/#organization\"},\"potentialAction\":[{\"@type\":\"SearchAction\",\"target\":{\"@type\":\"EntryPoint\",\"urlTemplate\":\"https:\/\/www.ranciliogroup.com\/de\/?s={search_term_string}\"},\"query-input\":\"required name=search_term_string\"}],\"inLanguage\":\"de-DE\"},{\"@type\":\"Organization\",\"@id\":\"https:\/\/www.ranciliogroup.com\/de\/#organization\",\"name\":\"Rancilio Group\",\"url\":\"https:\/\/www.ranciliogroup.com\/de\/\",\"logo\":{\"@type\":\"ImageObject\",\"inLanguage\":\"de-DE\",\"@id\":\"https:\/\/www.ranciliogroup.com\/de\/#\/schema\/logo\/image\/\",\"url\":\"https:\/\/www.ranciliogroup.com\/app\/uploads\/2019\/07\/rancilio_black_logo.png\",\"contentUrl\":\"https:\/\/www.ranciliogroup.com\/app\/uploads\/2019\/07\/rancilio_black_logo.png\",\"width\":447,\"height\":57,\"caption\":\"Rancilio Group\"},\"image\":{\"@id\":\"https:\/\/www.ranciliogroup.com\/de\/#\/schema\/logo\/image\/\"},\"sameAs\":[\"https:\/\/www.facebook.com\/RancilioGroup\",\"https:\/\/twitter.com\/ranciliogroup\",\"https:\/\/www.instagram.com\/rancilio_official\/\",\"https:\/\/www.linkedin.com\/company\/ranciliogroup\/\",\"https:\/\/www.youtube.com\/user\/rancilioadmin\"]},{\"@type\":\"Person\",\"@id\":\"https:\/\/www.ranciliogroup.com\/de\/#\/schema\/person\/d6bf0a7dfe74cded3d64da8b2c92814c\",\"name\":\"temp circular\",\"image\":{\"@type\":\"ImageObject\",\"inLanguage\":\"de-DE\",\"@id\":\"https:\/\/www.ranciliogroup.com\/de\/#\/schema\/person\/image\/\",\"url\":\"https:\/\/secure.gravatar.com\/avatar\/569e71c3b97b8bcad1854d6579b35c5f?s=96&d=mm&r=g\",\"contentUrl\":\"https:\/\/secure.gravatar.com\/avatar\/569e71c3b97b8bcad1854d6579b35c5f?s=96&d=mm&r=g\",\"caption\":\"temp circular\"}}]}<\/script>\n<!-- \/ Yoast SEO plugin. -->","yoast_head_json":{"title":"Latest update about Rancilio Group mit Re-Cig\u00ae, um das Bewusstsein f\u00fcr die Sch\u00e4den zu sch\u00e4rfen, die das Rauchen f\u00fcr Gesundheit und Umwelt verursacht - Rancilio Group","description":"Read Rancilio Group's latest news about Rancilio Group mit Re-Cig\u00ae, um das Bewusstsein f\u00fcr die Sch\u00e4den zu sch\u00e4rfen, die das Rauchen f\u00fcr Gesundheit und Umwelt verursacht","robots":{"index":"index","follow":"follow","max-snippet":"max-snippet:-1","max-image-preview":"max-image-preview:large","max-video-preview":"max-video-preview:-1"},"canonical":"https:\/\/www.ranciliogroup.com\/de\/rancilio-group-mit-re-cig-um-das-bewusstsein-fuer-die-schaeden-zu-schaerfen-die-das-rauchen-fuer-gesundheit-und-umwelt-verursacht\/","og_locale":"de_DE","og_type":"article","og_title":"Latest update about Rancilio Group mit Re-Cig\u00ae, um das Bewusstsein f\u00fcr die Sch\u00e4den zu sch\u00e4rfen, die das Rauchen f\u00fcr Gesundheit und Umwelt verursacht - Rancilio Group","og_description":"Read Rancilio Group's latest news about Rancilio Group mit Re-Cig\u00ae, um das Bewusstsein f\u00fcr die Sch\u00e4den zu sch\u00e4rfen, die das Rauchen f\u00fcr Gesundheit und Umwelt verursacht","og_url":"https:\/\/www.ranciliogroup.com\/de\/rancilio-group-mit-re-cig-um-das-bewusstsein-fuer-die-schaeden-zu-schaerfen-die-das-rauchen-fuer-gesundheit-und-umwelt-verursacht\/","og_site_name":"Rancilio Group","article_publisher":"https:\/\/www.facebook.com\/RancilioGroup","article_published_time":"2024-05-06T08:45:58+00:00","og_image":[{"width":1080,"height":720,"url":"https:\/\/www.ranciliogroup.com\/app\/uploads\/2024\/04\/IMG_1829-2-WEB.jpg","type":"image\/jpeg"}],"author":"temp circular","twitter_card":"summary_large_image","twitter_creator":"@ranciliogroup","twitter_site":"@ranciliogroup","twitter_misc":{"Written by":"temp circular","Est. reading time":"2 minutes"},"schema":{"@context":"https:\/\/schema.org","@graph":[{"@type":"Article","@id":"https:\/\/www.ranciliogroup.com\/de\/rancilio-group-mit-re-cig-um-das-bewusstsein-fuer-die-schaeden-zu-schaerfen-die-das-rauchen-fuer-gesundheit-und-umwelt-verursacht\/#article","isPartOf":{"@id":"https:\/\/www.ranciliogroup.com\/de\/rancilio-group-mit-re-cig-um-das-bewusstsein-fuer-die-schaeden-zu-schaerfen-die-das-rauchen-fuer-gesundheit-und-umwelt-verursacht\/"},"author":{"name":"temp circular","@id":"https:\/\/www.ranciliogroup.com\/de\/#\/schema\/person\/d6bf0a7dfe74cded3d64da8b2c92814c"},"headline":"Rancilio Group mit Re-Cig\u00ae, um das Bewusstsein f\u00fcr die Sch\u00e4den zu sch\u00e4rfen, die das Rauchen f\u00fcr Gesundheit und Umwelt verursacht","datePublished":"2024-05-06T08:45:58+00:00","dateModified":"2024-05-06T08:45:58+00:00","mainEntityOfPage":{"@id":"https:\/\/www.ranciliogroup.com\/de\/rancilio-group-mit-re-cig-um-das-bewusstsein-fuer-die-schaeden-zu-schaerfen-die-das-rauchen-fuer-gesundheit-und-umwelt-verursacht\/"},"wordCount":317,"publisher":{"@id":"https:\/\/www.ranciliogroup.com\/de\/#organization"},"keywords":["Re-Cig","Smokers point","Sustainability"],"articleSection":["Nachhaltigkeit"],"inLanguage":"de-DE"},{"@type":"WebPage","@id":"https:\/\/www.ranciliogroup.com\/de\/rancilio-group-mit-re-cig-um-das-bewusstsein-fuer-die-schaeden-zu-schaerfen-die-das-rauchen-fuer-gesundheit-und-umwelt-verursacht\/","url":"https:\/\/www.ranciliogroup.com\/de\/rancilio-group-mit-re-cig-um-das-bewusstsein-fuer-die-schaeden-zu-schaerfen-die-das-rauchen-fuer-gesundheit-und-umwelt-verursacht\/","name":"Latest update about Rancilio Group mit Re-Cig\u00ae, um das Bewusstsein f\u00fcr die Sch\u00e4den zu sch\u00e4rfen, die das Rauchen f\u00fcr Gesundheit und Umwelt verursacht - Rancilio Group","isPartOf":{"@id":"https:\/\/www.ranciliogroup.com\/de\/#website"},"datePublished":"2024-05-06T08:45:58+00:00","dateModified":"2024-05-06T08:45:58+00:00","description":"Read Rancilio Group's latest news about Rancilio Group mit Re-Cig\u00ae, um das Bewusstsein f\u00fcr die Sch\u00e4den zu sch\u00e4rfen, die das Rauchen f\u00fcr Gesundheit und Umwelt verursacht","breadcrumb":{"@id":"https:\/\/www.ranciliogroup.com\/de\/rancilio-group-mit-re-cig-um-das-bewusstsein-fuer-die-schaeden-zu-schaerfen-die-das-rauchen-fuer-gesundheit-und-umwelt-verursacht\/#breadcrumb"},"inLanguage":"de-DE","potentialAction":[{"@type":"ReadAction","target":["https:\/\/www.ranciliogroup.com\/de\/rancilio-group-mit-re-cig-um-das-bewusstsein-fuer-die-schaeden-zu-schaerfen-die-das-rauchen-fuer-gesundheit-und-umwelt-verursacht\/"]}]},{"@type":"BreadcrumbList","@id":"https:\/\/www.ranciliogroup.com\/de\/rancilio-group-mit-re-cig-um-das-bewusstsein-fuer-die-schaeden-zu-schaerfen-die-das-rauchen-fuer-gesundheit-und-umwelt-verursacht\/#breadcrumb","itemListElement":[{"@type":"ListItem","position":1,"name":"Home","item":"https:\/\/www.ranciliogroup.com\/de\/"},{"@type":"ListItem","position":2,"name":"Rancilio Group mit Re-Cig\u00ae, um das Bewusstsein f\u00fcr die Sch\u00e4den zu sch\u00e4rfen, die das Rauchen f\u00fcr Gesundheit und Umwelt verursacht"}]},{"@type":"WebSite","@id":"https:\/\/www.ranciliogroup.com\/de\/#website","url":"https:\/\/www.ranciliogroup.com\/de\/","name":"Rancilio Group","description":"Professionelle Kaffeemaschinen Leader","publisher":{"@id":"https:\/\/www.ranciliogroup.com\/de\/#organization"},"potentialAction":[{"@type":"SearchAction","target":{"@type":"EntryPoint","urlTemplate":"https:\/\/www.ranciliogroup.com\/de\/?s={search_term_string}"},"query-input":"required name=search_term_string"}],"inLanguage":"de-DE"},{"@type":"Organization","@id":"https:\/\/www.ranciliogroup.com\/de\/#organization","name":"Rancilio Group","url":"https:\/\/www.ranciliogroup.com\/de\/","logo":{"@type":"ImageObject","inLanguage":"de-DE","@id":"https:\/\/www.ranciliogroup.com\/de\/#\/schema\/logo\/image\/","url":"https:\/\/www.ranciliogroup.com\/app\/uploads\/2019\/07\/rancilio_black_logo.png","contentUrl":"https:\/\/www.ranciliogroup.com\/app\/uploads\/2019\/07\/rancilio_black_logo.png","width":447,"height":57,"caption":"Rancilio Group"},"image":{"@id":"https:\/\/www.ranciliogroup.com\/de\/#\/schema\/logo\/image\/"},"sameAs":["https:\/\/www.facebook.com\/RancilioGroup","https:\/\/twitter.com\/ranciliogroup","https:\/\/www.instagram.com\/rancilio_official\/","https:\/\/www.linkedin.com\/company\/ranciliogroup\/","https:\/\/www.youtube.com\/user\/rancilioadmin"]},{"@type":"Person","@id":"https:\/\/www.ranciliogroup.com\/de\/#\/schema\/person\/d6bf0a7dfe74cded3d64da8b2c92814c","name":"temp circular","image":{"@type":"ImageObject","inLanguage":"de-DE","@id":"https:\/\/www.ranciliogroup.com\/de\/#\/schema\/person\/image\/","url":"https:\/\/secure.gravatar.com\/avatar\/569e71c3b97b8bcad1854d6579b35c5f?s=96&d=mm&r=g","contentUrl":"https:\/\/secure.gravatar.com\/avatar\/569e71c3b97b8bcad1854d6579b35c5f?s=96&d=mm&r=g","caption":"temp circular"}}]}},"_links":{"self":[{"href":"https:\/\/www.ranciliogroup.com\/de\/wp-json\/wp\/v2\/posts\/73805"}],"collection":[{"href":"https:\/\/www.ranciliogroup.com\/de\/wp-json\/wp\/v2\/posts"}],"about":[{"href":"https:\/\/www.ranciliogroup.com\/de\/wp-json\/wp\/v2\/types\/post"}],"author":[{"embeddable":true,"href":"https:\/\/www.ranciliogroup.com\/de\/wp-json\/wp\/v2\/users\/5"}],"replies":[{"embeddable":true,"href":"https:\/\/www.ranciliogroup.com\/de\/wp-json\/wp\/v2\/comments?post=73805"}],"version-history":[{"count":4,"href":"https:\/\/www.ranciliogroup.com\/de\/wp-json\/wp\/v2\/posts\/73805\/revisions"}],"predecessor-version":[{"id":73809,"href":"https:\/\/www.ranciliogroup.com\/de\/wp-json\/wp\/v2\/posts\/73805\/revisions\/73809"}],"wp:featuredmedia":[{"embeddable":true,"href":"https:\/\/www.ranciliogroup.com\/de\/wp-json\/wp\/v2\/media\/73783"}],"wp:attachment":[{"href":"https:\/\/www.ranciliogroup.com\/de\/wp-json\/wp\/v2\/media?parent=73805"}],"wp:term":[{"taxonomy":"category","embeddable":true,"href":"https:\/\/www.ranciliogroup.com\/de\/wp-json\/wp\/v2\/categories?post=73805"},{"taxonomy":"post_tag","embeddable":true,"href":"https:\/\/www.ranciliogroup.com\/de\/wp-json\/wp\/v2\/tags?post=73805"}],"curies":[{"name":"wp","href":"https:\/\/api.w.org\/{rel}","templated":true}]}}