{"id":74018,"date":"2024-06-06T17:09:48","date_gmt":"2024-06-06T15:09:48","guid":{"rendered":"https:\/\/www.ranciliogroup.com\/?p=74018"},"modified":"2024-06-06T17:09:48","modified_gmt":"2024-06-06T15:09:48","slug":"die-rancilio-group-auf-der-world-of-coffee-copenhagen-2024","status":"publish","type":"post","link":"https:\/\/www.ranciliogroup.com\/de\/die-rancilio-group-auf-der-world-of-coffee-copenhagen-2024\/","title":{"rendered":"Die Rancilio Group auf der World of Coffee Copenhagen 2024"},"content":{"rendered":"<p>Vom 27. bis 29. Juni l\u00e4dt die Rancilio Group zur World of Coffee im Bella Center in der malerischen und pulsierenden Stadt Kopenhagen ein.<\/p>\n<p>Die Rancilio Specialty RS1 ist einsatzbereit, um den G\u00e4sten bei Verkostungen exquisite Espresso-Getr\u00e4nke anzubieten und dabei ihre hochmoderne Advanced Temperature Profiling-Technologie zu pr\u00e4sentieren. Au\u00dferdem wird die Einboiler-Kaffeemaschine Invicta k\u00f6stlichen Eiskaffee mit Van Houten&#8217;s Ground Chocolates servieren.<\/p>\n<p>Die Rancilio Classe 5 demonstriert energiesparende Technologien und ein kompaktes Design f\u00fcr umweltbewusste Baristas und Barkeeper. Die professionellen Kaffeem\u00fchlen Bond und Kryo Elite sorgen f\u00fcr den perfekten Mahlgrad der Kaffeebohnen. F\u00fcr Kaffeeliebhaber zu Hause br\u00fcht die Silvia Pro X mit ihrer Dual-Boiler-Technologie und der PID-Temperaturregelung au\u00dfergew\u00f6hnliche Kaffees.<\/p>\n<p>F\u00fcr diejenigen, die Vollautomaten bevorzugen, serviert die neue Egro MoDe eine Vielzahl von Kaffee- und Frischmilchgetr\u00e4nken. Am Stand der Rancilio Group wird es auch eine spezielle Ecke f\u00fcr Crem &#8211; Coffee Queen Filterkaffeemaschinen geben, perfekt f\u00fcr alle, die eine sanfte und aromatische Tasse sch\u00e4tzen.<\/p>\n<p>Mit der World Latte Art 2024, der World Coffee in Good Spirits und der World Coffee Roasting Championships ist die World of Coffee Copenhagen 2024 Europas wichtigste Messe f\u00fcr Kaffeespezialit\u00e4ten und bietet eine einmalige Gelegenheit, die neuesten Trends und Innovationen der Branche kennenzulernen.<\/p>\n<p>&nbsp;<\/p>\n<p><strong>World of Coffee <\/strong><strong>2024<\/strong><\/p>\n<ol start=\"27\">\n<li>27. bis 29. Juni 2024<\/li>\n<\/ol>\n<p>Stand CF-010<br \/>\n<a href=\"https:\/\/www.google.com\/maps\/place\/Bella+Center+Copenhagen\/@55.6380141,12.576259,17z\/data=!3m2!4b1!5s0x465254a4eeec0777:0x55f95a7fe9ed3f83!4m6!3m5!1s0x465254a363269c3d:0x61db300fc92fb898!8m2!3d55.6380111!4d12.5788393!16s%2Fm%2F02q36f2?authuser=0&amp;entry=ttu\">Bella Center Kopenhagen<\/a><br \/>\nCenter Boulevard. 5<br \/>\n2300 K\u00f8benhavn S, D\u00e4nemark<\/p>\n<p>&nbsp;<\/p>\n<p><a href=\"https:\/\/www.worldofcoffee.org\/\"><strong>Erfahren Sie mehr \u00fcber die Veranstaltung<\/strong><\/a><\/p>\n<p>&nbsp;<\/p>\n<p>&nbsp;<\/p>\n","protected":false},"excerpt":{"rendered":"<p>Vom 27. bis 29. Juni l\u00e4dt die Rancilio Group zur World of Coffee im Bella Center in der malerischen und&#8230;<\/p>\n","protected":false},"author":5,"featured_media":74005,"comment_status":"closed","ping_status":"closed","sticky":false,"template":"","format":"standard","meta":[],"categories":[556],"tags":[3521,3152,3153,2970,2855,2736,2738,2687,2628,2627,2598],"acf":[],"yoast_head":"<!-- This site is optimized with the Yoast SEO plugin v21.5 - https:\/\/yoast.com\/wordpress\/plugins\/seo\/ -->\n<title>Latest update about Die Rancilio Group auf der World of Coffee Copenhagen 2024 - Rancilio Group<\/title>\n<meta name=\"description\" content=\"Read Rancilio Group&#039;s latest news about Die Rancilio Group auf der World of Coffee Copenhagen 2024\" \/>\n<meta name=\"robots\" content=\"index, follow, max-snippet:-1, max-image-preview:large, max-video-preview:-1\" \/>\n<link rel=\"canonical\" href=\"https:\/\/www.ranciliogroup.com\/de\/die-rancilio-group-auf-der-world-of-coffee-copenhagen-2024\/\" \/>\n<meta property=\"og:locale\" content=\"de_DE\" \/>\n<meta property=\"og:type\" content=\"article\" \/>\n<meta property=\"og:title\" content=\"Latest update about Die Rancilio Group auf der World of Coffee Copenhagen 2024 - Rancilio Group\" \/>\n<meta property=\"og:description\" content=\"Read Rancilio Group&#039;s latest news about Die Rancilio Group auf der World of Coffee Copenhagen 2024\" \/>\n<meta property=\"og:url\" content=\"https:\/\/www.ranciliogroup.com\/de\/die-rancilio-group-auf-der-world-of-coffee-copenhagen-2024\/\" \/>\n<meta property=\"og:site_name\" content=\"Rancilio Group\" \/>\n<meta property=\"article:publisher\" content=\"https:\/\/www.facebook.com\/RancilioGroup\" \/>\n<meta property=\"article:published_time\" content=\"2024-06-06T15:09:48+00:00\" \/>\n<meta property=\"og:image\" content=\"https:\/\/www.ranciliogroup.com\/app\/uploads\/2024\/06\/WOC-Copenhagen-02.jpg\" \/>\n\t<meta property=\"og:image:width\" content=\"1375\" \/>\n\t<meta property=\"og:image:height\" content=\"720\" \/>\n\t<meta property=\"og:image:type\" content=\"image\/jpeg\" \/>\n<meta name=\"author\" content=\"temp circular\" \/>\n<meta name=\"twitter:card\" content=\"summary_large_image\" \/>\n<meta name=\"twitter:creator\" content=\"@ranciliogroup\" \/>\n<meta name=\"twitter:site\" content=\"@ranciliogroup\" \/>\n<meta name=\"twitter:label1\" content=\"Written by\" \/>\n\t<meta name=\"twitter:data1\" content=\"temp circular\" \/>\n\t<meta name=\"twitter:label2\" content=\"Est. reading time\" \/>\n\t<meta name=\"twitter:data2\" content=\"1 minute\" \/>\n<script type=\"application\/ld+json\" class=\"yoast-schema-graph\">{\"@context\":\"https:\/\/schema.org\",\"@graph\":[{\"@type\":\"Article\",\"@id\":\"https:\/\/www.ranciliogroup.com\/de\/die-rancilio-group-auf-der-world-of-coffee-copenhagen-2024\/#article\",\"isPartOf\":{\"@id\":\"https:\/\/www.ranciliogroup.com\/de\/die-rancilio-group-auf-der-world-of-coffee-copenhagen-2024\/\"},\"author\":{\"name\":\"temp circular\",\"@id\":\"https:\/\/www.ranciliogroup.com\/de\/#\/schema\/person\/d6bf0a7dfe74cded3d64da8b2c92814c\"},\"headline\":\"Die Rancilio Group auf der World of Coffee Copenhagen 2024\",\"datePublished\":\"2024-06-06T15:09:48+00:00\",\"dateModified\":\"2024-06-06T15:09:48+00:00\",\"mainEntityOfPage\":{\"@id\":\"https:\/\/www.ranciliogroup.com\/de\/die-rancilio-group-auf-der-world-of-coffee-copenhagen-2024\/\"},\"wordCount\":245,\"publisher\":{\"@id\":\"https:\/\/www.ranciliogroup.com\/de\/#organization\"},\"keywords\":[\"Copenhagen\",\"Bond\",\"MoDe\",\"Classe 5 Eco\",\"Stile\",\"WOC\",\"Silvia Pro X\",\"Next\",\"Kryo\",\"Invicta\",\"RS1\"],\"articleSection\":[\"VERANSTALTUNGEN\"],\"inLanguage\":\"de-DE\"},{\"@type\":\"WebPage\",\"@id\":\"https:\/\/www.ranciliogroup.com\/de\/die-rancilio-group-auf-der-world-of-coffee-copenhagen-2024\/\",\"url\":\"https:\/\/www.ranciliogroup.com\/de\/die-rancilio-group-auf-der-world-of-coffee-copenhagen-2024\/\",\"name\":\"Latest update about Die Rancilio Group auf der World of Coffee Copenhagen 2024 - Rancilio Group\",\"isPartOf\":{\"@id\":\"https:\/\/www.ranciliogroup.com\/de\/#website\"},\"datePublished\":\"2024-06-06T15:09:48+00:00\",\"dateModified\":\"2024-06-06T15:09:48+00:00\",\"description\":\"Read Rancilio Group's latest news about Die Rancilio Group auf der World of Coffee Copenhagen 2024\",\"breadcrumb\":{\"@id\":\"https:\/\/www.ranciliogroup.com\/de\/die-rancilio-group-auf-der-world-of-coffee-copenhagen-2024\/#breadcrumb\"},\"inLanguage\":\"de-DE\",\"potentialAction\":[{\"@type\":\"ReadAction\",\"target\":[\"https:\/\/www.ranciliogroup.com\/de\/die-rancilio-group-auf-der-world-of-coffee-copenhagen-2024\/\"]}]},{\"@type\":\"BreadcrumbList\",\"@id\":\"https:\/\/www.ranciliogroup.com\/de\/die-rancilio-group-auf-der-world-of-coffee-copenhagen-2024\/#breadcrumb\",\"itemListElement\":[{\"@type\":\"ListItem\",\"position\":1,\"name\":\"Home\",\"item\":\"https:\/\/www.ranciliogroup.com\/de\/\"},{\"@type\":\"ListItem\",\"position\":2,\"name\":\"Die Rancilio Group auf der World of Coffee Copenhagen 2024\"}]},{\"@type\":\"WebSite\",\"@id\":\"https:\/\/www.ranciliogroup.com\/de\/#website\",\"url\":\"https:\/\/www.ranciliogroup.com\/de\/\",\"name\":\"Rancilio Group\",\"description\":\"Professionelle Kaffeemaschinen Leader\",\"publisher\":{\"@id\":\"https:\/\/www.ranciliogroup.com\/de\/#organization\"},\"potentialAction\":[{\"@type\":\"SearchAction\",\"target\":{\"@type\":\"EntryPoint\",\"urlTemplate\":\"https:\/\/www.ranciliogroup.com\/de\/?s={search_term_string}\"},\"query-input\":\"required name=search_term_string\"}],\"inLanguage\":\"de-DE\"},{\"@type\":\"Organization\",\"@id\":\"https:\/\/www.ranciliogroup.com\/de\/#organization\",\"name\":\"Rancilio Group\",\"url\":\"https:\/\/www.ranciliogroup.com\/de\/\",\"logo\":{\"@type\":\"ImageObject\",\"inLanguage\":\"de-DE\",\"@id\":\"https:\/\/www.ranciliogroup.com\/de\/#\/schema\/logo\/image\/\",\"url\":\"https:\/\/www.ranciliogroup.com\/app\/uploads\/2019\/07\/rancilio_black_logo.png\",\"contentUrl\":\"https:\/\/www.ranciliogroup.com\/app\/uploads\/2019\/07\/rancilio_black_logo.png\",\"width\":447,\"height\":57,\"caption\":\"Rancilio Group\"},\"image\":{\"@id\":\"https:\/\/www.ranciliogroup.com\/de\/#\/schema\/logo\/image\/\"},\"sameAs\":[\"https:\/\/www.facebook.com\/RancilioGroup\",\"https:\/\/twitter.com\/ranciliogroup\",\"https:\/\/www.instagram.com\/rancilio_official\/\",\"https:\/\/www.linkedin.com\/company\/ranciliogroup\/\",\"https:\/\/www.youtube.com\/user\/rancilioadmin\"]},{\"@type\":\"Person\",\"@id\":\"https:\/\/www.ranciliogroup.com\/de\/#\/schema\/person\/d6bf0a7dfe74cded3d64da8b2c92814c\",\"name\":\"temp circular\",\"image\":{\"@type\":\"ImageObject\",\"inLanguage\":\"de-DE\",\"@id\":\"https:\/\/www.ranciliogroup.com\/de\/#\/schema\/person\/image\/\",\"url\":\"https:\/\/secure.gravatar.com\/avatar\/569e71c3b97b8bcad1854d6579b35c5f?s=96&d=mm&r=g\",\"contentUrl\":\"https:\/\/secure.gravatar.com\/avatar\/569e71c3b97b8bcad1854d6579b35c5f?s=96&d=mm&r=g\",\"caption\":\"temp circular\"}}]}<\/script>\n<!-- \/ Yoast SEO plugin. -->","yoast_head_json":{"title":"Latest update about Die Rancilio Group auf der World of Coffee Copenhagen 2024 - Rancilio Group","description":"Read Rancilio Group's latest news about Die Rancilio Group auf der World of Coffee Copenhagen 2024","robots":{"index":"index","follow":"follow","max-snippet":"max-snippet:-1","max-image-preview":"max-image-preview:large","max-video-preview":"max-video-preview:-1"},"canonical":"https:\/\/www.ranciliogroup.com\/de\/die-rancilio-group-auf-der-world-of-coffee-copenhagen-2024\/","og_locale":"de_DE","og_type":"article","og_title":"Latest update about Die Rancilio Group auf der World of Coffee Copenhagen 2024 - Rancilio Group","og_description":"Read Rancilio Group's latest news about Die Rancilio Group auf der World of Coffee Copenhagen 2024","og_url":"https:\/\/www.ranciliogroup.com\/de\/die-rancilio-group-auf-der-world-of-coffee-copenhagen-2024\/","og_site_name":"Rancilio Group","article_publisher":"https:\/\/www.facebook.com\/RancilioGroup","article_published_time":"2024-06-06T15:09:48+00:00","og_image":[{"width":1375,"height":720,"url":"https:\/\/www.ranciliogroup.com\/app\/uploads\/2024\/06\/WOC-Copenhagen-02.jpg","type":"image\/jpeg"}],"author":"temp circular","twitter_card":"summary_large_image","twitter_creator":"@ranciliogroup","twitter_site":"@ranciliogroup","twitter_misc":{"Written by":"temp circular","Est. reading time":"1 minute"},"schema":{"@context":"https:\/\/schema.org","@graph":[{"@type":"Article","@id":"https:\/\/www.ranciliogroup.com\/de\/die-rancilio-group-auf-der-world-of-coffee-copenhagen-2024\/#article","isPartOf":{"@id":"https:\/\/www.ranciliogroup.com\/de\/die-rancilio-group-auf-der-world-of-coffee-copenhagen-2024\/"},"author":{"name":"temp circular","@id":"https:\/\/www.ranciliogroup.com\/de\/#\/schema\/person\/d6bf0a7dfe74cded3d64da8b2c92814c"},"headline":"Die Rancilio Group auf der World of Coffee Copenhagen 2024","datePublished":"2024-06-06T15:09:48+00:00","dateModified":"2024-06-06T15:09:48+00:00","mainEntityOfPage":{"@id":"https:\/\/www.ranciliogroup.com\/de\/die-rancilio-group-auf-der-world-of-coffee-copenhagen-2024\/"},"wordCount":245,"publisher":{"@id":"https:\/\/www.ranciliogroup.com\/de\/#organization"},"keywords":["Copenhagen","Bond","MoDe","Classe 5 Eco","Stile","WOC","Silvia Pro X","Next","Kryo","Invicta","RS1"],"articleSection":["VERANSTALTUNGEN"],"inLanguage":"de-DE"},{"@type":"WebPage","@id":"https:\/\/www.ranciliogroup.com\/de\/die-rancilio-group-auf-der-world-of-coffee-copenhagen-2024\/","url":"https:\/\/www.ranciliogroup.com\/de\/die-rancilio-group-auf-der-world-of-coffee-copenhagen-2024\/","name":"Latest update about Die Rancilio Group auf der World of Coffee Copenhagen 2024 - Rancilio Group","isPartOf":{"@id":"https:\/\/www.ranciliogroup.com\/de\/#website"},"datePublished":"2024-06-06T15:09:48+00:00","dateModified":"2024-06-06T15:09:48+00:00","description":"Read Rancilio Group's latest news about Die Rancilio Group auf der World of Coffee Copenhagen 2024","breadcrumb":{"@id":"https:\/\/www.ranciliogroup.com\/de\/die-rancilio-group-auf-der-world-of-coffee-copenhagen-2024\/#breadcrumb"},"inLanguage":"de-DE","potentialAction":[{"@type":"ReadAction","target":["https:\/\/www.ranciliogroup.com\/de\/die-rancilio-group-auf-der-world-of-coffee-copenhagen-2024\/"]}]},{"@type":"BreadcrumbList","@id":"https:\/\/www.ranciliogroup.com\/de\/die-rancilio-group-auf-der-world-of-coffee-copenhagen-2024\/#breadcrumb","itemListElement":[{"@type":"ListItem","position":1,"name":"Home","item":"https:\/\/www.ranciliogroup.com\/de\/"},{"@type":"ListItem","position":2,"name":"Die Rancilio Group auf der World of Coffee Copenhagen 2024"}]},{"@type":"WebSite","@id":"https:\/\/www.ranciliogroup.com\/de\/#website","url":"https:\/\/www.ranciliogroup.com\/de\/","name":"Rancilio Group","description":"Professionelle Kaffeemaschinen Leader","publisher":{"@id":"https:\/\/www.ranciliogroup.com\/de\/#organization"},"potentialAction":[{"@type":"SearchAction","target":{"@type":"EntryPoint","urlTemplate":"https:\/\/www.ranciliogroup.com\/de\/?s={search_term_string}"},"query-input":"required name=search_term_string"}],"inLanguage":"de-DE"},{"@type":"Organization","@id":"https:\/\/www.ranciliogroup.com\/de\/#organization","name":"Rancilio Group","url":"https:\/\/www.ranciliogroup.com\/de\/","logo":{"@type":"ImageObject","inLanguage":"de-DE","@id":"https:\/\/www.ranciliogroup.com\/de\/#\/schema\/logo\/image\/","url":"https:\/\/www.ranciliogroup.com\/app\/uploads\/2019\/07\/rancilio_black_logo.png","contentUrl":"https:\/\/www.ranciliogroup.com\/app\/uploads\/2019\/07\/rancilio_black_logo.png","width":447,"height":57,"caption":"Rancilio Group"},"image":{"@id":"https:\/\/www.ranciliogroup.com\/de\/#\/schema\/logo\/image\/"},"sameAs":["https:\/\/www.facebook.com\/RancilioGroup","https:\/\/twitter.com\/ranciliogroup","https:\/\/www.instagram.com\/rancilio_official\/","https:\/\/www.linkedin.com\/company\/ranciliogroup\/","https:\/\/www.youtube.com\/user\/rancilioadmin"]},{"@type":"Person","@id":"https:\/\/www.ranciliogroup.com\/de\/#\/schema\/person\/d6bf0a7dfe74cded3d64da8b2c92814c","name":"temp circular","image":{"@type":"ImageObject","inLanguage":"de-DE","@id":"https:\/\/www.ranciliogroup.com\/de\/#\/schema\/person\/image\/","url":"https:\/\/secure.gravatar.com\/avatar\/569e71c3b97b8bcad1854d6579b35c5f?s=96&d=mm&r=g","contentUrl":"https:\/\/secure.gravatar.com\/avatar\/569e71c3b97b8bcad1854d6579b35c5f?s=96&d=mm&r=g","caption":"temp circular"}}]}},"_links":{"self":[{"href":"https:\/\/www.ranciliogroup.com\/de\/wp-json\/wp\/v2\/posts\/74018"}],"collection":[{"href":"https:\/\/www.ranciliogroup.com\/de\/wp-json\/wp\/v2\/posts"}],"about":[{"href":"https:\/\/www.ranciliogroup.com\/de\/wp-json\/wp\/v2\/types\/post"}],"author":[{"embeddable":true,"href":"https:\/\/www.ranciliogroup.com\/de\/wp-json\/wp\/v2\/users\/5"}],"replies":[{"embeddable":true,"href":"https:\/\/www.ranciliogroup.com\/de\/wp-json\/wp\/v2\/comments?post=74018"}],"version-history":[{"count":2,"href":"https:\/\/www.ranciliogroup.com\/de\/wp-json\/wp\/v2\/posts\/74018\/revisions"}],"predecessor-version":[{"id":74020,"href":"https:\/\/www.ranciliogroup.com\/de\/wp-json\/wp\/v2\/posts\/74018\/revisions\/74020"}],"wp:featuredmedia":[{"embeddable":true,"href":"https:\/\/www.ranciliogroup.com\/de\/wp-json\/wp\/v2\/media\/74005"}],"wp:attachment":[{"href":"https:\/\/www.ranciliogroup.com\/de\/wp-json\/wp\/v2\/media?parent=74018"}],"wp:term":[{"taxonomy":"category","embeddable":true,"href":"https:\/\/www.ranciliogroup.com\/de\/wp-json\/wp\/v2\/categories?post=74018"},{"taxonomy":"post_tag","embeddable":true,"href":"https:\/\/www.ranciliogroup.com\/de\/wp-json\/wp\/v2\/tags?post=74018"}],"curies":[{"name":"wp","href":"https:\/\/api.w.org\/{rel}","templated":true}]}}