{"id":74852,"date":"2024-07-26T10:37:22","date_gmt":"2024-07-26T08:37:22","guid":{"rendered":"https:\/\/www.ranciliogroup.com\/?p=74852"},"modified":"2024-07-26T10:37:22","modified_gmt":"2024-07-26T08:37:22","slug":"rancilio-specialty-auf-der-nordamerika-tour-der-barista-league","status":"publish","type":"post","link":"https:\/\/www.ranciliogroup.com\/de\/rancilio-specialty-auf-der-nordamerika-tour-der-barista-league\/","title":{"rendered":"Rancilio Specialty auf der Nordamerika-Tour der Barista League"},"content":{"rendered":"<p>Vom 17. bis 29. August veranstalten Rancilio Specialty und The Barista League wieder gemeinsam eine Reihe von spannenden Events in ganz Nordamerika, bei denen alle Kaffeeliebhaber auf ihre Kosten kommen.<\/p>\n<p>Drei\u00dfig Teams mit sechzig unerschrockenen Baristas werden die fortschrittliche Technologie der Rancilio Specialty Invicta verwenden, wenn sie in mehreren Runden ihr Wissen und ihre F\u00e4higkeiten in der Kaffeezubereitung auf die Probe stellen.<\/p>\n<p>Das benutzerfreundliche Bedienfeld der Rancilio Specialty Invicta und der praktische zweistufige Dampfdrehknopf unterst\u00fctzen die Teilnehmer bei der Zubereitung au\u00dfergew\u00f6hnlicher Kaffeegetr\u00e4nke und bieten ihnen die M\u00f6glichkeit, ihre F\u00e4higkeiten und ihre Kreativit\u00e4t zu entfalten.<\/p>\n<p>Jeder Wettbewerb wird von Elite-Experten und \u00dcberraschungsg\u00e4sten beurteilt und ist die letzte Herausforderung auf der Jagd nach dem Hauptpreis, der unter allen anderen Champions der Barista League im Jahr 2024 verliehen wird: eine Reise zu einem geheimen Kaffeeanbaugebiet.<\/p>\n<p>Die G\u00e4ste k\u00f6nnen sich auf spannende Spiele, mitrei\u00dfende Musik und Kaffee aus der Region von den besten R\u00f6stern Nordamerikas freuen. Diese Veranstaltungen, die in Denver, Brooklyn und Montreal stattfinden, versprechen ein umfassendes Erlebnis in der heutigen Kaffee-Community zu werden, umgeben von guter Stimmung und Spa\u00df, wie es bei jeder Barista League-Veranstaltung garantiert ist.<\/p>\n<p>Tickets sind erh\u00e4ltlich unter <a href=\"https:\/\/www.tickettailor.com\/events\/thebaristaleague?\">tickettailor.com<\/a><\/p>\n<p>&nbsp;<\/p>\n<p>&nbsp;<\/p>\n<p><strong>The Barista League Denver<\/strong><\/p>\n<ol start=\"17\">\n<li>August<\/li>\n<\/ol>\n<p>18 bis 23 Uhr<br \/>\n<a href=\"https:\/\/www.google.se\/maps\/place\/1255+W+Virginia+Ave,+Denver,+CO+80223,+USA\/@39.7078777,-105.0080787,17z\/data=!3m1!4b1!4m10!1m2!2m1!1sHuckleberry+Roasters+1255+W+Virginia+Ave!3m6!1s0x876c7f12292425b1:0xd3e66317cfb06a0e!8m2!3d39.7078737!4d-105.0034653!15sCihIdWNrbGViZXJyeSBSb2FzdGVycyAxMjU1IFcgVmlyZ2luaWEgQXZlIgOIAQGSARFjb21wb3VuZF9idWlsZGluZ-ABAA!16s%2Fg%2F11c2hjw1nq?entry=ttu\">Huckleberry Roasters<\/a><br \/>\n1255 W. Virginia Ave<br \/>\nDenver CO 80223<\/p>\n<p>&nbsp;<\/p>\n<p><strong>The Barista League Brooklyn<\/strong><\/p>\n<ol start=\"24\">\n<li>August<\/li>\n<\/ol>\n<p><a href=\"https:\/\/www.google.com\/maps\/place\/Steady+Equipment+Corporation+dba+Poursteady\/@40.6728863,-73.9935459,17z\/data=!3m2!4b1!5s0x89c25aab429f7f67:0x2074d28e50ad2301!4m6!3m5!1s0x89c25a545754588d:0xf301d99301ff123c!8m2!3d40.6728823!4d-73.990971!16s%2Fg%2F11b8096rvc?entry=tts\">Poursteady<\/a><br \/>\n168 7th St #1A<br \/>\nBrooklyn, NY 11215<\/p>\n<p>&nbsp;<\/p>\n<p><strong>The Barista League Montreal<\/strong><\/p>\n<ol start=\"29\">\n<li>August<\/li>\n<\/ol>\n<p><a href=\"https:\/\/www.google.com\/maps\/place\/Society+for+Arts+and+Technology\/@45.5593046,-73.876679,11z\/data=!4m7!3m6!1s0x4cc91a4e0c746d9f:0x7660ab5cfd2ecc15!8m2!3d45.5095481!4d-73.5627861!15sCg1zYXRzIG1vbnRyZWFsWg8iDXNhdHMgbW9udHJlYWySAQphcnRfY2VudGVymgEjQ2haRFNVaE5NRzluUzBWSlEwRm5TVU5QZGtwRGFGUjNFQUXgAQA!16s%2Fg%2F121rcq88?entry=tts\">SATS<\/a><br \/>\n1201 St Laurent Blvd<br \/>\nMontreal, Quebec H2X 2S6<\/p>\n<p>&nbsp;<\/p>\n<p><strong>Verfolgen Sie das Ereignis auf unserer offiziellen Instagram-Seite<\/strong><br \/>\n@ranciliospecialty #ranciliospecialty<\/p>\n<p>&nbsp;<\/p>\n<p><a href=\"https:\/\/www.ranciliogroup.com\/de\/specialty\/invicta\/\"><strong>Rancilio Specialty Invicta entdecken<\/strong><\/a><\/p>\n<p>&nbsp;<\/p>\n","protected":false},"excerpt":{"rendered":"<p>Vom 17. bis 29. August veranstalten Rancilio Specialty und The Barista League wieder gemeinsam eine Reihe von spannenden Events in&#8230;<\/p>\n","protected":false},"author":5,"featured_media":74875,"comment_status":"closed","ping_status":"closed","sticky":false,"template":"","format":"standard","meta":[],"categories":[556],"tags":[3596,3597,3598,2627,2600],"acf":[],"yoast_head":"<!-- This site is optimized with the Yoast SEO plugin v21.5 - https:\/\/yoast.com\/wordpress\/plugins\/seo\/ -->\n<title>Latest update about Rancilio Specialty auf der Nordamerika-Tour der Barista League - Rancilio Group<\/title>\n<meta name=\"description\" content=\"Read Rancilio Group&#039;s latest news about Rancilio Specialty auf der Nordamerika-Tour der Barista League\" \/>\n<meta name=\"robots\" content=\"index, follow, max-snippet:-1, max-image-preview:large, max-video-preview:-1\" \/>\n<link rel=\"canonical\" href=\"https:\/\/www.ranciliogroup.com\/de\/rancilio-specialty-auf-der-nordamerika-tour-der-barista-league\/\" \/>\n<meta property=\"og:locale\" content=\"de_DE\" \/>\n<meta property=\"og:type\" content=\"article\" \/>\n<meta property=\"og:title\" content=\"Latest update about Rancilio Specialty auf der Nordamerika-Tour der Barista League - Rancilio Group\" \/>\n<meta property=\"og:description\" content=\"Read Rancilio Group&#039;s latest news about Rancilio Specialty auf der Nordamerika-Tour der Barista League\" \/>\n<meta property=\"og:url\" content=\"https:\/\/www.ranciliogroup.com\/de\/rancilio-specialty-auf-der-nordamerika-tour-der-barista-league\/\" \/>\n<meta property=\"og:site_name\" content=\"Rancilio Group\" \/>\n<meta property=\"article:publisher\" content=\"https:\/\/www.facebook.com\/RancilioGroup\" \/>\n<meta property=\"article:published_time\" content=\"2024-07-26T08:37:22+00:00\" \/>\n<meta property=\"og:image\" content=\"https:\/\/www.ranciliogroup.com\/app\/uploads\/2024\/07\/TBL_RANCILIO_SPECIALTY.jpg\" \/>\n\t<meta property=\"og:image:width\" content=\"1080\" \/>\n\t<meta property=\"og:image:height\" content=\"720\" \/>\n\t<meta property=\"og:image:type\" content=\"image\/jpeg\" \/>\n<meta name=\"author\" content=\"temp circular\" \/>\n<meta name=\"twitter:card\" content=\"summary_large_image\" \/>\n<meta name=\"twitter:creator\" content=\"@ranciliogroup\" \/>\n<meta name=\"twitter:site\" content=\"@ranciliogroup\" \/>\n<meta name=\"twitter:label1\" content=\"Written by\" \/>\n\t<meta name=\"twitter:data1\" content=\"temp circular\" \/>\n\t<meta name=\"twitter:label2\" content=\"Est. reading time\" \/>\n\t<meta name=\"twitter:data2\" content=\"2 minutes\" \/>\n<script type=\"application\/ld+json\" class=\"yoast-schema-graph\">{\"@context\":\"https:\/\/schema.org\",\"@graph\":[{\"@type\":\"Article\",\"@id\":\"https:\/\/www.ranciliogroup.com\/de\/rancilio-specialty-auf-der-nordamerika-tour-der-barista-league\/#article\",\"isPartOf\":{\"@id\":\"https:\/\/www.ranciliogroup.com\/de\/rancilio-specialty-auf-der-nordamerika-tour-der-barista-league\/\"},\"author\":{\"name\":\"temp circular\",\"@id\":\"https:\/\/www.ranciliogroup.com\/de\/#\/schema\/person\/d6bf0a7dfe74cded3d64da8b2c92814c\"},\"headline\":\"Rancilio Specialty auf der Nordamerika-Tour der Barista League\",\"datePublished\":\"2024-07-26T08:37:22+00:00\",\"dateModified\":\"2024-07-26T08:37:22+00:00\",\"mainEntityOfPage\":{\"@id\":\"https:\/\/www.ranciliogroup.com\/de\/rancilio-specialty-auf-der-nordamerika-tour-der-barista-league\/\"},\"wordCount\":271,\"publisher\":{\"@id\":\"https:\/\/www.ranciliogroup.com\/de\/#organization\"},\"keywords\":[\"Montreal\",\"Brooklyn\",\"Denver\",\"Invicta\",\"Barista League\"],\"articleSection\":[\"VERANSTALTUNGEN\"],\"inLanguage\":\"de-DE\"},{\"@type\":\"WebPage\",\"@id\":\"https:\/\/www.ranciliogroup.com\/de\/rancilio-specialty-auf-der-nordamerika-tour-der-barista-league\/\",\"url\":\"https:\/\/www.ranciliogroup.com\/de\/rancilio-specialty-auf-der-nordamerika-tour-der-barista-league\/\",\"name\":\"Latest update about Rancilio Specialty auf der Nordamerika-Tour der Barista League - Rancilio Group\",\"isPartOf\":{\"@id\":\"https:\/\/www.ranciliogroup.com\/de\/#website\"},\"datePublished\":\"2024-07-26T08:37:22+00:00\",\"dateModified\":\"2024-07-26T08:37:22+00:00\",\"description\":\"Read Rancilio Group's latest news about Rancilio Specialty auf der Nordamerika-Tour der Barista League\",\"breadcrumb\":{\"@id\":\"https:\/\/www.ranciliogroup.com\/de\/rancilio-specialty-auf-der-nordamerika-tour-der-barista-league\/#breadcrumb\"},\"inLanguage\":\"de-DE\",\"potentialAction\":[{\"@type\":\"ReadAction\",\"target\":[\"https:\/\/www.ranciliogroup.com\/de\/rancilio-specialty-auf-der-nordamerika-tour-der-barista-league\/\"]}]},{\"@type\":\"BreadcrumbList\",\"@id\":\"https:\/\/www.ranciliogroup.com\/de\/rancilio-specialty-auf-der-nordamerika-tour-der-barista-league\/#breadcrumb\",\"itemListElement\":[{\"@type\":\"ListItem\",\"position\":1,\"name\":\"Home\",\"item\":\"https:\/\/www.ranciliogroup.com\/de\/\"},{\"@type\":\"ListItem\",\"position\":2,\"name\":\"Rancilio Specialty auf der Nordamerika-Tour der Barista League\"}]},{\"@type\":\"WebSite\",\"@id\":\"https:\/\/www.ranciliogroup.com\/de\/#website\",\"url\":\"https:\/\/www.ranciliogroup.com\/de\/\",\"name\":\"Rancilio Group\",\"description\":\"Professionelle Kaffeemaschinen Leader\",\"publisher\":{\"@id\":\"https:\/\/www.ranciliogroup.com\/de\/#organization\"},\"potentialAction\":[{\"@type\":\"SearchAction\",\"target\":{\"@type\":\"EntryPoint\",\"urlTemplate\":\"https:\/\/www.ranciliogroup.com\/de\/?s={search_term_string}\"},\"query-input\":\"required name=search_term_string\"}],\"inLanguage\":\"de-DE\"},{\"@type\":\"Organization\",\"@id\":\"https:\/\/www.ranciliogroup.com\/de\/#organization\",\"name\":\"Rancilio Group\",\"url\":\"https:\/\/www.ranciliogroup.com\/de\/\",\"logo\":{\"@type\":\"ImageObject\",\"inLanguage\":\"de-DE\",\"@id\":\"https:\/\/www.ranciliogroup.com\/de\/#\/schema\/logo\/image\/\",\"url\":\"https:\/\/www.ranciliogroup.com\/app\/uploads\/2019\/07\/rancilio_black_logo.png\",\"contentUrl\":\"https:\/\/www.ranciliogroup.com\/app\/uploads\/2019\/07\/rancilio_black_logo.png\",\"width\":447,\"height\":57,\"caption\":\"Rancilio Group\"},\"image\":{\"@id\":\"https:\/\/www.ranciliogroup.com\/de\/#\/schema\/logo\/image\/\"},\"sameAs\":[\"https:\/\/www.facebook.com\/RancilioGroup\",\"https:\/\/twitter.com\/ranciliogroup\",\"https:\/\/www.instagram.com\/rancilio_official\/\",\"https:\/\/www.linkedin.com\/company\/ranciliogroup\/\",\"https:\/\/www.youtube.com\/user\/rancilioadmin\"]},{\"@type\":\"Person\",\"@id\":\"https:\/\/www.ranciliogroup.com\/de\/#\/schema\/person\/d6bf0a7dfe74cded3d64da8b2c92814c\",\"name\":\"temp circular\",\"image\":{\"@type\":\"ImageObject\",\"inLanguage\":\"de-DE\",\"@id\":\"https:\/\/www.ranciliogroup.com\/de\/#\/schema\/person\/image\/\",\"url\":\"https:\/\/secure.gravatar.com\/avatar\/569e71c3b97b8bcad1854d6579b35c5f?s=96&d=mm&r=g\",\"contentUrl\":\"https:\/\/secure.gravatar.com\/avatar\/569e71c3b97b8bcad1854d6579b35c5f?s=96&d=mm&r=g\",\"caption\":\"temp circular\"}}]}<\/script>\n<!-- \/ Yoast SEO plugin. -->","yoast_head_json":{"title":"Latest update about Rancilio Specialty auf der Nordamerika-Tour der Barista League - Rancilio Group","description":"Read Rancilio Group's latest news about Rancilio Specialty auf der Nordamerika-Tour der Barista League","robots":{"index":"index","follow":"follow","max-snippet":"max-snippet:-1","max-image-preview":"max-image-preview:large","max-video-preview":"max-video-preview:-1"},"canonical":"https:\/\/www.ranciliogroup.com\/de\/rancilio-specialty-auf-der-nordamerika-tour-der-barista-league\/","og_locale":"de_DE","og_type":"article","og_title":"Latest update about Rancilio Specialty auf der Nordamerika-Tour der Barista League - Rancilio Group","og_description":"Read Rancilio Group's latest news about Rancilio Specialty auf der Nordamerika-Tour der Barista League","og_url":"https:\/\/www.ranciliogroup.com\/de\/rancilio-specialty-auf-der-nordamerika-tour-der-barista-league\/","og_site_name":"Rancilio Group","article_publisher":"https:\/\/www.facebook.com\/RancilioGroup","article_published_time":"2024-07-26T08:37:22+00:00","og_image":[{"width":1080,"height":720,"url":"https:\/\/www.ranciliogroup.com\/app\/uploads\/2024\/07\/TBL_RANCILIO_SPECIALTY.jpg","type":"image\/jpeg"}],"author":"temp circular","twitter_card":"summary_large_image","twitter_creator":"@ranciliogroup","twitter_site":"@ranciliogroup","twitter_misc":{"Written by":"temp circular","Est. reading time":"2 minutes"},"schema":{"@context":"https:\/\/schema.org","@graph":[{"@type":"Article","@id":"https:\/\/www.ranciliogroup.com\/de\/rancilio-specialty-auf-der-nordamerika-tour-der-barista-league\/#article","isPartOf":{"@id":"https:\/\/www.ranciliogroup.com\/de\/rancilio-specialty-auf-der-nordamerika-tour-der-barista-league\/"},"author":{"name":"temp circular","@id":"https:\/\/www.ranciliogroup.com\/de\/#\/schema\/person\/d6bf0a7dfe74cded3d64da8b2c92814c"},"headline":"Rancilio Specialty auf der Nordamerika-Tour der Barista League","datePublished":"2024-07-26T08:37:22+00:00","dateModified":"2024-07-26T08:37:22+00:00","mainEntityOfPage":{"@id":"https:\/\/www.ranciliogroup.com\/de\/rancilio-specialty-auf-der-nordamerika-tour-der-barista-league\/"},"wordCount":271,"publisher":{"@id":"https:\/\/www.ranciliogroup.com\/de\/#organization"},"keywords":["Montreal","Brooklyn","Denver","Invicta","Barista League"],"articleSection":["VERANSTALTUNGEN"],"inLanguage":"de-DE"},{"@type":"WebPage","@id":"https:\/\/www.ranciliogroup.com\/de\/rancilio-specialty-auf-der-nordamerika-tour-der-barista-league\/","url":"https:\/\/www.ranciliogroup.com\/de\/rancilio-specialty-auf-der-nordamerika-tour-der-barista-league\/","name":"Latest update about Rancilio Specialty auf der Nordamerika-Tour der Barista League - Rancilio Group","isPartOf":{"@id":"https:\/\/www.ranciliogroup.com\/de\/#website"},"datePublished":"2024-07-26T08:37:22+00:00","dateModified":"2024-07-26T08:37:22+00:00","description":"Read Rancilio Group's latest news about Rancilio Specialty auf der Nordamerika-Tour der Barista League","breadcrumb":{"@id":"https:\/\/www.ranciliogroup.com\/de\/rancilio-specialty-auf-der-nordamerika-tour-der-barista-league\/#breadcrumb"},"inLanguage":"de-DE","potentialAction":[{"@type":"ReadAction","target":["https:\/\/www.ranciliogroup.com\/de\/rancilio-specialty-auf-der-nordamerika-tour-der-barista-league\/"]}]},{"@type":"BreadcrumbList","@id":"https:\/\/www.ranciliogroup.com\/de\/rancilio-specialty-auf-der-nordamerika-tour-der-barista-league\/#breadcrumb","itemListElement":[{"@type":"ListItem","position":1,"name":"Home","item":"https:\/\/www.ranciliogroup.com\/de\/"},{"@type":"ListItem","position":2,"name":"Rancilio Specialty auf der Nordamerika-Tour der Barista League"}]},{"@type":"WebSite","@id":"https:\/\/www.ranciliogroup.com\/de\/#website","url":"https:\/\/www.ranciliogroup.com\/de\/","name":"Rancilio Group","description":"Professionelle Kaffeemaschinen Leader","publisher":{"@id":"https:\/\/www.ranciliogroup.com\/de\/#organization"},"potentialAction":[{"@type":"SearchAction","target":{"@type":"EntryPoint","urlTemplate":"https:\/\/www.ranciliogroup.com\/de\/?s={search_term_string}"},"query-input":"required name=search_term_string"}],"inLanguage":"de-DE"},{"@type":"Organization","@id":"https:\/\/www.ranciliogroup.com\/de\/#organization","name":"Rancilio Group","url":"https:\/\/www.ranciliogroup.com\/de\/","logo":{"@type":"ImageObject","inLanguage":"de-DE","@id":"https:\/\/www.ranciliogroup.com\/de\/#\/schema\/logo\/image\/","url":"https:\/\/www.ranciliogroup.com\/app\/uploads\/2019\/07\/rancilio_black_logo.png","contentUrl":"https:\/\/www.ranciliogroup.com\/app\/uploads\/2019\/07\/rancilio_black_logo.png","width":447,"height":57,"caption":"Rancilio Group"},"image":{"@id":"https:\/\/www.ranciliogroup.com\/de\/#\/schema\/logo\/image\/"},"sameAs":["https:\/\/www.facebook.com\/RancilioGroup","https:\/\/twitter.com\/ranciliogroup","https:\/\/www.instagram.com\/rancilio_official\/","https:\/\/www.linkedin.com\/company\/ranciliogroup\/","https:\/\/www.youtube.com\/user\/rancilioadmin"]},{"@type":"Person","@id":"https:\/\/www.ranciliogroup.com\/de\/#\/schema\/person\/d6bf0a7dfe74cded3d64da8b2c92814c","name":"temp circular","image":{"@type":"ImageObject","inLanguage":"de-DE","@id":"https:\/\/www.ranciliogroup.com\/de\/#\/schema\/person\/image\/","url":"https:\/\/secure.gravatar.com\/avatar\/569e71c3b97b8bcad1854d6579b35c5f?s=96&d=mm&r=g","contentUrl":"https:\/\/secure.gravatar.com\/avatar\/569e71c3b97b8bcad1854d6579b35c5f?s=96&d=mm&r=g","caption":"temp circular"}}]}},"_links":{"self":[{"href":"https:\/\/www.ranciliogroup.com\/de\/wp-json\/wp\/v2\/posts\/74852"}],"collection":[{"href":"https:\/\/www.ranciliogroup.com\/de\/wp-json\/wp\/v2\/posts"}],"about":[{"href":"https:\/\/www.ranciliogroup.com\/de\/wp-json\/wp\/v2\/types\/post"}],"author":[{"embeddable":true,"href":"https:\/\/www.ranciliogroup.com\/de\/wp-json\/wp\/v2\/users\/5"}],"replies":[{"embeddable":true,"href":"https:\/\/www.ranciliogroup.com\/de\/wp-json\/wp\/v2\/comments?post=74852"}],"version-history":[{"count":4,"href":"https:\/\/www.ranciliogroup.com\/de\/wp-json\/wp\/v2\/posts\/74852\/revisions"}],"predecessor-version":[{"id":74856,"href":"https:\/\/www.ranciliogroup.com\/de\/wp-json\/wp\/v2\/posts\/74852\/revisions\/74856"}],"wp:featuredmedia":[{"embeddable":true,"href":"https:\/\/www.ranciliogroup.com\/de\/wp-json\/wp\/v2\/media\/74875"}],"wp:attachment":[{"href":"https:\/\/www.ranciliogroup.com\/de\/wp-json\/wp\/v2\/media?parent=74852"}],"wp:term":[{"taxonomy":"category","embeddable":true,"href":"https:\/\/www.ranciliogroup.com\/de\/wp-json\/wp\/v2\/categories?post=74852"},{"taxonomy":"post_tag","embeddable":true,"href":"https:\/\/www.ranciliogroup.com\/de\/wp-json\/wp\/v2\/tags?post=74852"}],"curies":[{"name":"wp","href":"https:\/\/api.w.org\/{rel}","templated":true}]}}