{"id":75096,"date":"2024-08-30T11:08:58","date_gmt":"2024-08-30T09:08:58","guid":{"rendered":"https:\/\/www.ranciliogroup.com\/?p=75096"},"modified":"2024-08-30T11:08:58","modified_gmt":"2024-08-30T09:08:58","slug":"julius-meinl-veranstaltet-barista-cup-grand-finale-mit-rancilio-specialty-rs1","status":"publish","type":"post","link":"https:\/\/www.ranciliogroup.com\/de\/julius-meinl-veranstaltet-barista-cup-grand-finale-mit-rancilio-specialty-rs1\/","title":{"rendered":"Julius Meinl veranstaltet Barista Cup Grand Finale mit Rancilio Specialty RS1"},"content":{"rendered":"<p>Die Premium-Kaffeemarke Julius Meinl wird das gro\u00dfe Finale ihres ersten internationalen Barista-Wettbewerbs am 19. September 2024 in ihrem historischen Wiener Hauptsitz ausrichten. Baristas aus 12 L\u00e4ndern, darunter \u00d6sterreich, Italien und die USA, werden ihr K\u00f6nnen bei der Zubereitung von Espresso, Cappuccino und Signature Drinks unter Beweis stellen.<\/p>\n<p>Nachdem sie sich ihre Pl\u00e4tze im nationalen Wettbewerb verdient haben, werden diese Top-Baristas auf der internationalen B\u00fchne mit der Rancilio Specialty RS1 Multi-Boiler-Espressomaschine antreten. Die RS1 ist bekannt f\u00fcr ihre hochmoderne Br\u00fchtechnologie und bietet dem Barista dank Advanced Temperature Profiling eine beispiellose Kontrolle \u00fcber den Espresso-Extraktionsprozess. Diese Technologie erm\u00f6glicht es Wettbewerbern, die Temperatur fein abzustimmen und so das volle Geschmackspotenzial jeder Kaffeebohne zu entfalten. Das einzigartige Workflow-Design der RS1 in Kombination mit dem Know-how von Rancilio stellt sicher, dass jede Tasse, die w\u00e4hrend des Wettbewerbs serviert wird, h\u00f6chsten Qualit\u00e4ts- und Geschmacksstandards entspricht.<\/p>\n<p>Hochkar\u00e4tige Juroren, darunter Tim Sturk, Angelika Galas, Ali Vogel und Agnieszka Rojewska, werden die Teilnehmer bewerten, w\u00e4hrend die kroatische TV-Pers\u00f6nlichkeit Iva \u0160ulenti\u0107 die Veranstaltung moderiert. \u201eWir freuen uns, im Rahmen unseres kontinuierlichen Engagements f\u00fcr Innovation mit Top-Marken der Branche zusammenzuarbeiten\u201c, erkl\u00e4rt Angelika Galas, Leiterin der Julius Meinl Coffee Academy. \u201eNeueste Technologien sind unverzichtbar, um erstklassige Kaffeeerlebnisse zu bieten. Indem wir unseren Baristas die besten Werkzeuge und Ger\u00e4te zur Verf\u00fcgung stellen, k\u00f6nnen wir sie in die Lage versetzen, in jeder Tasse Spitzenleistungen zu liefern.\u201c<\/p>\n<p>Die Veranstaltung verspricht, ein Fest hervorragender Kaffeequalit\u00e4t zu werden, bei der jeder Barista sein einzigartiges Flair auf die Weltb\u00fchne bringt. Der Gewinner wird dann eine exklusive Reise nach Honduras antreten und in die reiche Kaffeekultur des Landes eintauchen.<\/p>\n<p>&nbsp;<\/p>\n<p>&nbsp;<\/p>\n<p><strong>Julius Meinl Barista Cup 2024<\/strong><\/p>\n<ol start=\"19\">\n<li>September 2024<\/li>\n<\/ol>\n<p>Ab 16:30 Uhr<br \/>\n<a href=\"https:\/\/www.google.com\/maps\/place\/Julius+Meinl+Online+Shop+(Coffee,+tea+%26+more+Store)+-+Vienna\/@48.2205916,16.3083143,17z\/data=!3m1!4b1!4m6!3m5!1s0x476d086d184cfa85:0xbd4e3265807d4753!8m2!3d48.2205916!4d16.3108946!16s%2Fg%2F1txfmz02?authuser=0&amp;entry=ttu&amp;g_ep=EgoyMDI0MDgyMS4wIKXMDSoASAFQAw%3D%3D\">Julius Meinl Hauptsitz<\/a><br \/>\nJulius-Meinl-Gasse 3-7<br \/>\n1160 Wien, \u00d6sterreich<\/p>\n<p>&nbsp;<\/p>\n<p><strong>Erfahren Sie mehr \u00fcber die Veranstaltung<\/strong><br \/>\n<a href=\"https:\/\/juliusmeinl.com\/barista-cup\">https:\/\/juliusmeinl.com\/barista-cup<\/a><\/p>\n<p>&nbsp;<\/p>\n<p><a href=\"https:\/\/www.ranciliogroup.com\/de\/specialty\/rs1\/\"><strong>Rancilio Specialty RS1 entdecken<\/strong><\/a><\/p>\n","protected":false},"excerpt":{"rendered":"<p>Die Premium-Kaffeemarke Julius Meinl wird das gro\u00dfe Finale ihres ersten internationalen Barista-Wettbewerbs am 19. September 2024 in ihrem historischen Wiener&#8230;<\/p>\n","protected":false},"author":5,"featured_media":75088,"comment_status":"closed","ping_status":"closed","sticky":false,"template":"","format":"standard","meta":[],"categories":[556],"tags":[3655,3631,3456,3352,2598],"acf":[],"yoast_head":"<!-- This site is optimized with the Yoast SEO plugin v21.5 - https:\/\/yoast.com\/wordpress\/plugins\/seo\/ -->\n<title>Latest update about Julius Meinl veranstaltet Barista Cup Grand Finale mit Rancilio Specialty RS1 - Rancilio Group<\/title>\n<meta name=\"description\" content=\"Read Rancilio Group&#039;s latest news about Julius Meinl veranstaltet Barista Cup Grand Finale mit Rancilio Specialty RS1\" \/>\n<meta name=\"robots\" content=\"index, follow, max-snippet:-1, max-image-preview:large, max-video-preview:-1\" \/>\n<link rel=\"canonical\" href=\"https:\/\/www.ranciliogroup.com\/de\/julius-meinl-veranstaltet-barista-cup-grand-finale-mit-rancilio-specialty-rs1\/\" \/>\n<meta property=\"og:locale\" content=\"de_DE\" \/>\n<meta property=\"og:type\" content=\"article\" \/>\n<meta property=\"og:title\" content=\"Latest update about Julius Meinl veranstaltet Barista Cup Grand Finale mit Rancilio Specialty RS1 - Rancilio Group\" \/>\n<meta property=\"og:description\" content=\"Read Rancilio Group&#039;s latest news about Julius Meinl veranstaltet Barista Cup Grand Finale mit Rancilio Specialty RS1\" \/>\n<meta property=\"og:url\" content=\"https:\/\/www.ranciliogroup.com\/de\/julius-meinl-veranstaltet-barista-cup-grand-finale-mit-rancilio-specialty-rs1\/\" \/>\n<meta property=\"og:site_name\" content=\"Rancilio Group\" \/>\n<meta property=\"article:publisher\" content=\"https:\/\/www.facebook.com\/RancilioGroup\" \/>\n<meta property=\"article:published_time\" content=\"2024-08-30T09:08:58+00:00\" \/>\n<meta property=\"og:image\" content=\"https:\/\/www.ranciliogroup.com\/app\/uploads\/2024\/08\/Rancilio_Specialty_JM-Barista-Cup-2024.jpg\" \/>\n\t<meta property=\"og:image:width\" content=\"1080\" \/>\n\t<meta property=\"og:image:height\" content=\"720\" \/>\n\t<meta property=\"og:image:type\" content=\"image\/jpeg\" \/>\n<meta name=\"author\" content=\"temp circular\" \/>\n<meta name=\"twitter:card\" content=\"summary_large_image\" \/>\n<meta name=\"twitter:creator\" content=\"@ranciliogroup\" \/>\n<meta name=\"twitter:site\" content=\"@ranciliogroup\" \/>\n<meta name=\"twitter:label1\" content=\"Written by\" \/>\n\t<meta name=\"twitter:data1\" content=\"temp circular\" \/>\n\t<meta name=\"twitter:label2\" content=\"Est. reading time\" \/>\n\t<meta name=\"twitter:data2\" content=\"2 minutes\" \/>\n<script type=\"application\/ld+json\" class=\"yoast-schema-graph\">{\"@context\":\"https:\/\/schema.org\",\"@graph\":[{\"@type\":\"Article\",\"@id\":\"https:\/\/www.ranciliogroup.com\/de\/julius-meinl-veranstaltet-barista-cup-grand-finale-mit-rancilio-specialty-rs1\/#article\",\"isPartOf\":{\"@id\":\"https:\/\/www.ranciliogroup.com\/de\/julius-meinl-veranstaltet-barista-cup-grand-finale-mit-rancilio-specialty-rs1\/\"},\"author\":{\"name\":\"temp circular\",\"@id\":\"https:\/\/www.ranciliogroup.com\/de\/#\/schema\/person\/d6bf0a7dfe74cded3d64da8b2c92814c\"},\"headline\":\"Julius Meinl veranstaltet Barista Cup Grand Finale mit Rancilio Specialty RS1\",\"datePublished\":\"2024-08-30T09:08:58+00:00\",\"dateModified\":\"2024-08-30T09:08:58+00:00\",\"mainEntityOfPage\":{\"@id\":\"https:\/\/www.ranciliogroup.com\/de\/julius-meinl-veranstaltet-barista-cup-grand-finale-mit-rancilio-specialty-rs1\/\"},\"wordCount\":321,\"publisher\":{\"@id\":\"https:\/\/www.ranciliogroup.com\/de\/#organization\"},\"keywords\":[\"Austria\",\"Barista Championship\",\"Julius Meinl\",\"Advanced Temperature Profiling\",\"RS1\"],\"articleSection\":[\"VERANSTALTUNGEN\"],\"inLanguage\":\"de-DE\"},{\"@type\":\"WebPage\",\"@id\":\"https:\/\/www.ranciliogroup.com\/de\/julius-meinl-veranstaltet-barista-cup-grand-finale-mit-rancilio-specialty-rs1\/\",\"url\":\"https:\/\/www.ranciliogroup.com\/de\/julius-meinl-veranstaltet-barista-cup-grand-finale-mit-rancilio-specialty-rs1\/\",\"name\":\"Latest update about Julius Meinl veranstaltet Barista Cup Grand Finale mit Rancilio Specialty RS1 - Rancilio Group\",\"isPartOf\":{\"@id\":\"https:\/\/www.ranciliogroup.com\/de\/#website\"},\"datePublished\":\"2024-08-30T09:08:58+00:00\",\"dateModified\":\"2024-08-30T09:08:58+00:00\",\"description\":\"Read Rancilio Group's latest news about Julius Meinl veranstaltet Barista Cup Grand Finale mit Rancilio Specialty RS1\",\"breadcrumb\":{\"@id\":\"https:\/\/www.ranciliogroup.com\/de\/julius-meinl-veranstaltet-barista-cup-grand-finale-mit-rancilio-specialty-rs1\/#breadcrumb\"},\"inLanguage\":\"de-DE\",\"potentialAction\":[{\"@type\":\"ReadAction\",\"target\":[\"https:\/\/www.ranciliogroup.com\/de\/julius-meinl-veranstaltet-barista-cup-grand-finale-mit-rancilio-specialty-rs1\/\"]}]},{\"@type\":\"BreadcrumbList\",\"@id\":\"https:\/\/www.ranciliogroup.com\/de\/julius-meinl-veranstaltet-barista-cup-grand-finale-mit-rancilio-specialty-rs1\/#breadcrumb\",\"itemListElement\":[{\"@type\":\"ListItem\",\"position\":1,\"name\":\"Home\",\"item\":\"https:\/\/www.ranciliogroup.com\/de\/\"},{\"@type\":\"ListItem\",\"position\":2,\"name\":\"Julius Meinl veranstaltet Barista Cup Grand Finale mit Rancilio Specialty RS1\"}]},{\"@type\":\"WebSite\",\"@id\":\"https:\/\/www.ranciliogroup.com\/de\/#website\",\"url\":\"https:\/\/www.ranciliogroup.com\/de\/\",\"name\":\"Rancilio Group\",\"description\":\"Professionelle Kaffeemaschinen Leader\",\"publisher\":{\"@id\":\"https:\/\/www.ranciliogroup.com\/de\/#organization\"},\"potentialAction\":[{\"@type\":\"SearchAction\",\"target\":{\"@type\":\"EntryPoint\",\"urlTemplate\":\"https:\/\/www.ranciliogroup.com\/de\/?s={search_term_string}\"},\"query-input\":\"required name=search_term_string\"}],\"inLanguage\":\"de-DE\"},{\"@type\":\"Organization\",\"@id\":\"https:\/\/www.ranciliogroup.com\/de\/#organization\",\"name\":\"Rancilio Group\",\"url\":\"https:\/\/www.ranciliogroup.com\/de\/\",\"logo\":{\"@type\":\"ImageObject\",\"inLanguage\":\"de-DE\",\"@id\":\"https:\/\/www.ranciliogroup.com\/de\/#\/schema\/logo\/image\/\",\"url\":\"https:\/\/www.ranciliogroup.com\/app\/uploads\/2019\/07\/rancilio_black_logo.png\",\"contentUrl\":\"https:\/\/www.ranciliogroup.com\/app\/uploads\/2019\/07\/rancilio_black_logo.png\",\"width\":447,\"height\":57,\"caption\":\"Rancilio Group\"},\"image\":{\"@id\":\"https:\/\/www.ranciliogroup.com\/de\/#\/schema\/logo\/image\/\"},\"sameAs\":[\"https:\/\/www.facebook.com\/RancilioGroup\",\"https:\/\/twitter.com\/ranciliogroup\",\"https:\/\/www.instagram.com\/rancilio_official\/\",\"https:\/\/www.linkedin.com\/company\/ranciliogroup\/\",\"https:\/\/www.youtube.com\/user\/rancilioadmin\"]},{\"@type\":\"Person\",\"@id\":\"https:\/\/www.ranciliogroup.com\/de\/#\/schema\/person\/d6bf0a7dfe74cded3d64da8b2c92814c\",\"name\":\"temp circular\",\"image\":{\"@type\":\"ImageObject\",\"inLanguage\":\"de-DE\",\"@id\":\"https:\/\/www.ranciliogroup.com\/de\/#\/schema\/person\/image\/\",\"url\":\"https:\/\/secure.gravatar.com\/avatar\/569e71c3b97b8bcad1854d6579b35c5f?s=96&d=mm&r=g\",\"contentUrl\":\"https:\/\/secure.gravatar.com\/avatar\/569e71c3b97b8bcad1854d6579b35c5f?s=96&d=mm&r=g\",\"caption\":\"temp circular\"}}]}<\/script>\n<!-- \/ Yoast SEO plugin. -->","yoast_head_json":{"title":"Latest update about Julius Meinl veranstaltet Barista Cup Grand Finale mit Rancilio Specialty RS1 - Rancilio Group","description":"Read Rancilio Group's latest news about Julius Meinl veranstaltet Barista Cup Grand Finale mit Rancilio Specialty RS1","robots":{"index":"index","follow":"follow","max-snippet":"max-snippet:-1","max-image-preview":"max-image-preview:large","max-video-preview":"max-video-preview:-1"},"canonical":"https:\/\/www.ranciliogroup.com\/de\/julius-meinl-veranstaltet-barista-cup-grand-finale-mit-rancilio-specialty-rs1\/","og_locale":"de_DE","og_type":"article","og_title":"Latest update about Julius Meinl veranstaltet Barista Cup Grand Finale mit Rancilio Specialty RS1 - Rancilio Group","og_description":"Read Rancilio Group's latest news about Julius Meinl veranstaltet Barista Cup Grand Finale mit Rancilio Specialty RS1","og_url":"https:\/\/www.ranciliogroup.com\/de\/julius-meinl-veranstaltet-barista-cup-grand-finale-mit-rancilio-specialty-rs1\/","og_site_name":"Rancilio Group","article_publisher":"https:\/\/www.facebook.com\/RancilioGroup","article_published_time":"2024-08-30T09:08:58+00:00","og_image":[{"width":1080,"height":720,"url":"https:\/\/www.ranciliogroup.com\/app\/uploads\/2024\/08\/Rancilio_Specialty_JM-Barista-Cup-2024.jpg","type":"image\/jpeg"}],"author":"temp circular","twitter_card":"summary_large_image","twitter_creator":"@ranciliogroup","twitter_site":"@ranciliogroup","twitter_misc":{"Written by":"temp circular","Est. reading time":"2 minutes"},"schema":{"@context":"https:\/\/schema.org","@graph":[{"@type":"Article","@id":"https:\/\/www.ranciliogroup.com\/de\/julius-meinl-veranstaltet-barista-cup-grand-finale-mit-rancilio-specialty-rs1\/#article","isPartOf":{"@id":"https:\/\/www.ranciliogroup.com\/de\/julius-meinl-veranstaltet-barista-cup-grand-finale-mit-rancilio-specialty-rs1\/"},"author":{"name":"temp circular","@id":"https:\/\/www.ranciliogroup.com\/de\/#\/schema\/person\/d6bf0a7dfe74cded3d64da8b2c92814c"},"headline":"Julius Meinl veranstaltet Barista Cup Grand Finale mit Rancilio Specialty RS1","datePublished":"2024-08-30T09:08:58+00:00","dateModified":"2024-08-30T09:08:58+00:00","mainEntityOfPage":{"@id":"https:\/\/www.ranciliogroup.com\/de\/julius-meinl-veranstaltet-barista-cup-grand-finale-mit-rancilio-specialty-rs1\/"},"wordCount":321,"publisher":{"@id":"https:\/\/www.ranciliogroup.com\/de\/#organization"},"keywords":["Austria","Barista Championship","Julius Meinl","Advanced Temperature Profiling","RS1"],"articleSection":["VERANSTALTUNGEN"],"inLanguage":"de-DE"},{"@type":"WebPage","@id":"https:\/\/www.ranciliogroup.com\/de\/julius-meinl-veranstaltet-barista-cup-grand-finale-mit-rancilio-specialty-rs1\/","url":"https:\/\/www.ranciliogroup.com\/de\/julius-meinl-veranstaltet-barista-cup-grand-finale-mit-rancilio-specialty-rs1\/","name":"Latest update about Julius Meinl veranstaltet Barista Cup Grand Finale mit Rancilio Specialty RS1 - Rancilio Group","isPartOf":{"@id":"https:\/\/www.ranciliogroup.com\/de\/#website"},"datePublished":"2024-08-30T09:08:58+00:00","dateModified":"2024-08-30T09:08:58+00:00","description":"Read Rancilio Group's latest news about Julius Meinl veranstaltet Barista Cup Grand Finale mit Rancilio Specialty RS1","breadcrumb":{"@id":"https:\/\/www.ranciliogroup.com\/de\/julius-meinl-veranstaltet-barista-cup-grand-finale-mit-rancilio-specialty-rs1\/#breadcrumb"},"inLanguage":"de-DE","potentialAction":[{"@type":"ReadAction","target":["https:\/\/www.ranciliogroup.com\/de\/julius-meinl-veranstaltet-barista-cup-grand-finale-mit-rancilio-specialty-rs1\/"]}]},{"@type":"BreadcrumbList","@id":"https:\/\/www.ranciliogroup.com\/de\/julius-meinl-veranstaltet-barista-cup-grand-finale-mit-rancilio-specialty-rs1\/#breadcrumb","itemListElement":[{"@type":"ListItem","position":1,"name":"Home","item":"https:\/\/www.ranciliogroup.com\/de\/"},{"@type":"ListItem","position":2,"name":"Julius Meinl veranstaltet Barista Cup Grand Finale mit Rancilio Specialty RS1"}]},{"@type":"WebSite","@id":"https:\/\/www.ranciliogroup.com\/de\/#website","url":"https:\/\/www.ranciliogroup.com\/de\/","name":"Rancilio Group","description":"Professionelle Kaffeemaschinen Leader","publisher":{"@id":"https:\/\/www.ranciliogroup.com\/de\/#organization"},"potentialAction":[{"@type":"SearchAction","target":{"@type":"EntryPoint","urlTemplate":"https:\/\/www.ranciliogroup.com\/de\/?s={search_term_string}"},"query-input":"required name=search_term_string"}],"inLanguage":"de-DE"},{"@type":"Organization","@id":"https:\/\/www.ranciliogroup.com\/de\/#organization","name":"Rancilio Group","url":"https:\/\/www.ranciliogroup.com\/de\/","logo":{"@type":"ImageObject","inLanguage":"de-DE","@id":"https:\/\/www.ranciliogroup.com\/de\/#\/schema\/logo\/image\/","url":"https:\/\/www.ranciliogroup.com\/app\/uploads\/2019\/07\/rancilio_black_logo.png","contentUrl":"https:\/\/www.ranciliogroup.com\/app\/uploads\/2019\/07\/rancilio_black_logo.png","width":447,"height":57,"caption":"Rancilio Group"},"image":{"@id":"https:\/\/www.ranciliogroup.com\/de\/#\/schema\/logo\/image\/"},"sameAs":["https:\/\/www.facebook.com\/RancilioGroup","https:\/\/twitter.com\/ranciliogroup","https:\/\/www.instagram.com\/rancilio_official\/","https:\/\/www.linkedin.com\/company\/ranciliogroup\/","https:\/\/www.youtube.com\/user\/rancilioadmin"]},{"@type":"Person","@id":"https:\/\/www.ranciliogroup.com\/de\/#\/schema\/person\/d6bf0a7dfe74cded3d64da8b2c92814c","name":"temp circular","image":{"@type":"ImageObject","inLanguage":"de-DE","@id":"https:\/\/www.ranciliogroup.com\/de\/#\/schema\/person\/image\/","url":"https:\/\/secure.gravatar.com\/avatar\/569e71c3b97b8bcad1854d6579b35c5f?s=96&d=mm&r=g","contentUrl":"https:\/\/secure.gravatar.com\/avatar\/569e71c3b97b8bcad1854d6579b35c5f?s=96&d=mm&r=g","caption":"temp circular"}}]}},"_links":{"self":[{"href":"https:\/\/www.ranciliogroup.com\/de\/wp-json\/wp\/v2\/posts\/75096"}],"collection":[{"href":"https:\/\/www.ranciliogroup.com\/de\/wp-json\/wp\/v2\/posts"}],"about":[{"href":"https:\/\/www.ranciliogroup.com\/de\/wp-json\/wp\/v2\/types\/post"}],"author":[{"embeddable":true,"href":"https:\/\/www.ranciliogroup.com\/de\/wp-json\/wp\/v2\/users\/5"}],"replies":[{"embeddable":true,"href":"https:\/\/www.ranciliogroup.com\/de\/wp-json\/wp\/v2\/comments?post=75096"}],"version-history":[{"count":2,"href":"https:\/\/www.ranciliogroup.com\/de\/wp-json\/wp\/v2\/posts\/75096\/revisions"}],"predecessor-version":[{"id":75098,"href":"https:\/\/www.ranciliogroup.com\/de\/wp-json\/wp\/v2\/posts\/75096\/revisions\/75098"}],"wp:featuredmedia":[{"embeddable":true,"href":"https:\/\/www.ranciliogroup.com\/de\/wp-json\/wp\/v2\/media\/75088"}],"wp:attachment":[{"href":"https:\/\/www.ranciliogroup.com\/de\/wp-json\/wp\/v2\/media?parent=75096"}],"wp:term":[{"taxonomy":"category","embeddable":true,"href":"https:\/\/www.ranciliogroup.com\/de\/wp-json\/wp\/v2\/categories?post=75096"},{"taxonomy":"post_tag","embeddable":true,"href":"https:\/\/www.ranciliogroup.com\/de\/wp-json\/wp\/v2\/tags?post=75096"}],"curies":[{"name":"wp","href":"https:\/\/api.w.org\/{rel}","templated":true}]}}