{"id":75253,"date":"2024-09-09T12:08:07","date_gmt":"2024-09-09T10:08:07","guid":{"rendered":"https:\/\/www.ranciliogroup.com\/?p=75253"},"modified":"2024-09-09T12:08:07","modified_gmt":"2024-09-09T10:08:07","slug":"rancilio-group-auf-der-world-specialty-coffee-conference-and-exhibition-2024-in-tokio","status":"publish","type":"post","link":"https:\/\/www.ranciliogroup.com\/de\/rancilio-group-auf-der-world-specialty-coffee-conference-and-exhibition-2024-in-tokio\/","title":{"rendered":"Rancilio Group auf der World Specialty Coffee Conference and Exhibition 2024 in Tokio"},"content":{"rendered":"<p>Vom 9. bis 12. Oktober wird die SCAJ 2024 Liebhaber und Fachleute von Spezialit\u00e4tenkaffee in Tokyo Big Sight begr\u00fc\u00dfen. Die Rancilio Group ist stolz darauf, ihre gesch\u00e4tzten Partnerschaften auf diesem mit Spannung erwarteten Event, das der Welt des Spezialit\u00e4tenkaffees gewidmet ist, zu pr\u00e4sentieren.<\/p>\n<p>Am Stand von Lucky Coffee Machines, das zur UCC-Gruppe geh\u00f6rt und ein Marktf\u00fchrer der Branche ist, k\u00f6nnen die Besucher die Rancilio Classe 5 kennenlernen, eine Ein-Boiler-Kaffeemaschine, die f\u00fcr ihre Benutzerfreundlichkeit und Zuverl\u00e4ssigkeit bekannt ist. Die Egro Next, ein Highlight f\u00fcr Fans von Vollautomaten, wird ebenfalls zu sehen sein.<\/p>\n<p>Alphaespace wird eine spezielle Ecke f\u00fcr Kaffeeliebhaber einrichten. Zum ersten Mal auf einer Messe pr\u00e4sentiert Alphaespace die Rancilio Silvia und Silvia Pro X im Coffee Village und bietet den G\u00e4sten die M\u00f6glichkeit, das Design und die Benutzerfreundlichkeit dieser beliebten Kaffeemaschinen f\u00fcr den Hausgebrauch zu bewundern.<\/p>\n<p>Der neue Partner der Rancilio Group, Navy Blue, wird an seinem Stand die Multiboiler-Kaffeemaschine RS1 vorstellen, bei der die G\u00e4ste das Potenzial der Advanced Temperature Profiling-Technologie erleben k\u00f6nnen.<\/p>\n<p>Die SCAJ ist eine der f\u00fchrenden Veranstaltungen zum Thema Spezialit\u00e4tenkaffee in Asien. Bei diesem Kaffee-Event treffen sich Erzeugerl\u00e4nder und -regionen sowie verwandte Branchen und Produkte aus der ganzen Welt. Die Veranstaltung bietet eine wertvolle Gelegenheit, direkt mit Erzeugern und Importeuren in Kontakt zu treten und dabei erlesene Kaffeespezialit\u00e4ten zu verkosten und zu probieren.<\/p>\n<p>&nbsp;<\/p>\n<p>&nbsp;<\/p>\n<p><strong>SCAJ 2024<\/strong><\/p>\n<ol start=\"9\">\n<li>bis 12. Oktober<\/li>\n<\/ol>\n<p><a href=\"https:\/\/www.google.com\/maps\/place\/Tokyo+Big+Sight\/@35.6321411,139.7948835,17z\/data=!3m2!4b1!5s0x601889dc396d23d7:0xb6c29ca3b0a7d585!4m6!3m5!1s0x601889dc629d1e7b:0xa4d1509a76045a01!8m2!3d35.6321411!4d139.7974638!16s%2Fm%2F027qfk3?authuser=0&amp;entry=ttu&amp;g_ep=EgoyMDI0MDgyOC4wIKXMDSoASAFQAw%3D%3D\">Tokyo Big Sight<\/a><br \/>\n3 Chome-11-1 Ariake, Koto City<br \/>\nTokyo 135-0063, Japan<\/p>\n","protected":false},"excerpt":{"rendered":"<p>Vom 9. bis 12. Oktober wird die SCAJ 2024 Liebhaber und Fachleute von Spezialit\u00e4tenkaffee in Tokyo Big Sight begr\u00fc\u00dfen. Die&#8230;<\/p>\n","protected":false},"author":5,"featured_media":75245,"comment_status":"closed","ping_status":"closed","sticky":false,"template":"","format":"standard","meta":[],"categories":[556],"tags":[3352,2887,2687,2598,3697,2854,2738,3667],"acf":[],"yoast_head":"<!-- This site is optimized with the Yoast SEO plugin v21.5 - https:\/\/yoast.com\/wordpress\/plugins\/seo\/ -->\n<title>Latest update about Rancilio Group auf der World Specialty Coffee Conference and Exhibition 2024 in Tokio - Rancilio Group<\/title>\n<meta name=\"description\" content=\"Read Rancilio Group&#039;s latest news about Rancilio Group auf der World Specialty Coffee Conference and Exhibition 2024 in Tokio\" \/>\n<meta name=\"robots\" content=\"index, follow, max-snippet:-1, max-image-preview:large, max-video-preview:-1\" \/>\n<link rel=\"canonical\" href=\"https:\/\/www.ranciliogroup.com\/de\/rancilio-group-auf-der-world-specialty-coffee-conference-and-exhibition-2024-in-tokio\/\" \/>\n<meta property=\"og:locale\" content=\"de_DE\" \/>\n<meta property=\"og:type\" content=\"article\" \/>\n<meta property=\"og:title\" content=\"Latest update about Rancilio Group auf der World Specialty Coffee Conference and Exhibition 2024 in Tokio - Rancilio Group\" \/>\n<meta property=\"og:description\" content=\"Read Rancilio Group&#039;s latest news about Rancilio Group auf der World Specialty Coffee Conference and Exhibition 2024 in Tokio\" \/>\n<meta property=\"og:url\" content=\"https:\/\/www.ranciliogroup.com\/de\/rancilio-group-auf-der-world-specialty-coffee-conference-and-exhibition-2024-in-tokio\/\" \/>\n<meta property=\"og:site_name\" content=\"Rancilio Group\" \/>\n<meta property=\"article:publisher\" content=\"https:\/\/www.facebook.com\/RancilioGroup\" \/>\n<meta property=\"article:published_time\" content=\"2024-09-09T10:08:07+00:00\" \/>\n<meta property=\"og:image\" content=\"https:\/\/www.ranciliogroup.com\/app\/uploads\/2024\/09\/scaj2024_tokyo.jpg\" \/>\n\t<meta property=\"og:image:width\" content=\"1080\" \/>\n\t<meta property=\"og:image:height\" content=\"720\" \/>\n\t<meta property=\"og:image:type\" content=\"image\/jpeg\" \/>\n<meta name=\"author\" content=\"temp circular\" \/>\n<meta name=\"twitter:card\" content=\"summary_large_image\" \/>\n<meta name=\"twitter:creator\" content=\"@ranciliogroup\" \/>\n<meta name=\"twitter:site\" content=\"@ranciliogroup\" \/>\n<meta name=\"twitter:label1\" content=\"Written by\" \/>\n\t<meta name=\"twitter:data1\" content=\"temp circular\" \/>\n\t<meta name=\"twitter:label2\" content=\"Est. reading time\" \/>\n\t<meta name=\"twitter:data2\" content=\"2 minutes\" \/>\n<script type=\"application\/ld+json\" class=\"yoast-schema-graph\">{\"@context\":\"https:\/\/schema.org\",\"@graph\":[{\"@type\":\"Article\",\"@id\":\"https:\/\/www.ranciliogroup.com\/de\/rancilio-group-auf-der-world-specialty-coffee-conference-and-exhibition-2024-in-tokio\/#article\",\"isPartOf\":{\"@id\":\"https:\/\/www.ranciliogroup.com\/de\/rancilio-group-auf-der-world-specialty-coffee-conference-and-exhibition-2024-in-tokio\/\"},\"author\":{\"name\":\"temp circular\",\"@id\":\"https:\/\/www.ranciliogroup.com\/de\/#\/schema\/person\/d6bf0a7dfe74cded3d64da8b2c92814c\"},\"headline\":\"Rancilio Group auf der World Specialty Coffee Conference and Exhibition 2024 in Tokio\",\"datePublished\":\"2024-09-09T10:08:07+00:00\",\"dateModified\":\"2024-09-09T10:08:07+00:00\",\"mainEntityOfPage\":{\"@id\":\"https:\/\/www.ranciliogroup.com\/de\/rancilio-group-auf-der-world-specialty-coffee-conference-and-exhibition-2024-in-tokio\/\"},\"wordCount\":263,\"publisher\":{\"@id\":\"https:\/\/www.ranciliogroup.com\/de\/#organization\"},\"keywords\":[\"Advanced Temperature Profiling\",\"Classe 5\",\"Next\",\"RS1\",\"SCAJ\",\"Silvia\",\"Silvia Pro X\",\"Tokyo\"],\"articleSection\":[\"VERANSTALTUNGEN\"],\"inLanguage\":\"de-DE\"},{\"@type\":\"WebPage\",\"@id\":\"https:\/\/www.ranciliogroup.com\/de\/rancilio-group-auf-der-world-specialty-coffee-conference-and-exhibition-2024-in-tokio\/\",\"url\":\"https:\/\/www.ranciliogroup.com\/de\/rancilio-group-auf-der-world-specialty-coffee-conference-and-exhibition-2024-in-tokio\/\",\"name\":\"Latest update about Rancilio Group auf der World Specialty Coffee Conference and Exhibition 2024 in Tokio - Rancilio Group\",\"isPartOf\":{\"@id\":\"https:\/\/www.ranciliogroup.com\/de\/#website\"},\"datePublished\":\"2024-09-09T10:08:07+00:00\",\"dateModified\":\"2024-09-09T10:08:07+00:00\",\"description\":\"Read Rancilio Group's latest news about Rancilio Group auf der World Specialty Coffee Conference and Exhibition 2024 in Tokio\",\"breadcrumb\":{\"@id\":\"https:\/\/www.ranciliogroup.com\/de\/rancilio-group-auf-der-world-specialty-coffee-conference-and-exhibition-2024-in-tokio\/#breadcrumb\"},\"inLanguage\":\"de-DE\",\"potentialAction\":[{\"@type\":\"ReadAction\",\"target\":[\"https:\/\/www.ranciliogroup.com\/de\/rancilio-group-auf-der-world-specialty-coffee-conference-and-exhibition-2024-in-tokio\/\"]}]},{\"@type\":\"BreadcrumbList\",\"@id\":\"https:\/\/www.ranciliogroup.com\/de\/rancilio-group-auf-der-world-specialty-coffee-conference-and-exhibition-2024-in-tokio\/#breadcrumb\",\"itemListElement\":[{\"@type\":\"ListItem\",\"position\":1,\"name\":\"Home\",\"item\":\"https:\/\/www.ranciliogroup.com\/de\/\"},{\"@type\":\"ListItem\",\"position\":2,\"name\":\"Rancilio Group auf der World Specialty Coffee Conference and Exhibition 2024 in Tokio\"}]},{\"@type\":\"WebSite\",\"@id\":\"https:\/\/www.ranciliogroup.com\/de\/#website\",\"url\":\"https:\/\/www.ranciliogroup.com\/de\/\",\"name\":\"Rancilio Group\",\"description\":\"Professionelle Kaffeemaschinen Leader\",\"publisher\":{\"@id\":\"https:\/\/www.ranciliogroup.com\/de\/#organization\"},\"potentialAction\":[{\"@type\":\"SearchAction\",\"target\":{\"@type\":\"EntryPoint\",\"urlTemplate\":\"https:\/\/www.ranciliogroup.com\/de\/?s={search_term_string}\"},\"query-input\":\"required name=search_term_string\"}],\"inLanguage\":\"de-DE\"},{\"@type\":\"Organization\",\"@id\":\"https:\/\/www.ranciliogroup.com\/de\/#organization\",\"name\":\"Rancilio Group\",\"url\":\"https:\/\/www.ranciliogroup.com\/de\/\",\"logo\":{\"@type\":\"ImageObject\",\"inLanguage\":\"de-DE\",\"@id\":\"https:\/\/www.ranciliogroup.com\/de\/#\/schema\/logo\/image\/\",\"url\":\"https:\/\/www.ranciliogroup.com\/app\/uploads\/2019\/07\/rancilio_black_logo.png\",\"contentUrl\":\"https:\/\/www.ranciliogroup.com\/app\/uploads\/2019\/07\/rancilio_black_logo.png\",\"width\":447,\"height\":57,\"caption\":\"Rancilio Group\"},\"image\":{\"@id\":\"https:\/\/www.ranciliogroup.com\/de\/#\/schema\/logo\/image\/\"},\"sameAs\":[\"https:\/\/www.facebook.com\/RancilioGroup\",\"https:\/\/twitter.com\/ranciliogroup\",\"https:\/\/www.instagram.com\/rancilio_official\/\",\"https:\/\/www.linkedin.com\/company\/ranciliogroup\/\",\"https:\/\/www.youtube.com\/user\/rancilioadmin\"]},{\"@type\":\"Person\",\"@id\":\"https:\/\/www.ranciliogroup.com\/de\/#\/schema\/person\/d6bf0a7dfe74cded3d64da8b2c92814c\",\"name\":\"temp circular\",\"image\":{\"@type\":\"ImageObject\",\"inLanguage\":\"de-DE\",\"@id\":\"https:\/\/www.ranciliogroup.com\/de\/#\/schema\/person\/image\/\",\"url\":\"https:\/\/secure.gravatar.com\/avatar\/569e71c3b97b8bcad1854d6579b35c5f?s=96&d=mm&r=g\",\"contentUrl\":\"https:\/\/secure.gravatar.com\/avatar\/569e71c3b97b8bcad1854d6579b35c5f?s=96&d=mm&r=g\",\"caption\":\"temp circular\"}}]}<\/script>\n<!-- \/ Yoast SEO plugin. -->","yoast_head_json":{"title":"Latest update about Rancilio Group auf der World Specialty Coffee Conference and Exhibition 2024 in Tokio - Rancilio Group","description":"Read Rancilio Group's latest news about Rancilio Group auf der World Specialty Coffee Conference and Exhibition 2024 in Tokio","robots":{"index":"index","follow":"follow","max-snippet":"max-snippet:-1","max-image-preview":"max-image-preview:large","max-video-preview":"max-video-preview:-1"},"canonical":"https:\/\/www.ranciliogroup.com\/de\/rancilio-group-auf-der-world-specialty-coffee-conference-and-exhibition-2024-in-tokio\/","og_locale":"de_DE","og_type":"article","og_title":"Latest update about Rancilio Group auf der World Specialty Coffee Conference and Exhibition 2024 in Tokio - Rancilio Group","og_description":"Read Rancilio Group's latest news about Rancilio Group auf der World Specialty Coffee Conference and Exhibition 2024 in Tokio","og_url":"https:\/\/www.ranciliogroup.com\/de\/rancilio-group-auf-der-world-specialty-coffee-conference-and-exhibition-2024-in-tokio\/","og_site_name":"Rancilio Group","article_publisher":"https:\/\/www.facebook.com\/RancilioGroup","article_published_time":"2024-09-09T10:08:07+00:00","og_image":[{"width":1080,"height":720,"url":"https:\/\/www.ranciliogroup.com\/app\/uploads\/2024\/09\/scaj2024_tokyo.jpg","type":"image\/jpeg"}],"author":"temp circular","twitter_card":"summary_large_image","twitter_creator":"@ranciliogroup","twitter_site":"@ranciliogroup","twitter_misc":{"Written by":"temp circular","Est. reading time":"2 minutes"},"schema":{"@context":"https:\/\/schema.org","@graph":[{"@type":"Article","@id":"https:\/\/www.ranciliogroup.com\/de\/rancilio-group-auf-der-world-specialty-coffee-conference-and-exhibition-2024-in-tokio\/#article","isPartOf":{"@id":"https:\/\/www.ranciliogroup.com\/de\/rancilio-group-auf-der-world-specialty-coffee-conference-and-exhibition-2024-in-tokio\/"},"author":{"name":"temp circular","@id":"https:\/\/www.ranciliogroup.com\/de\/#\/schema\/person\/d6bf0a7dfe74cded3d64da8b2c92814c"},"headline":"Rancilio Group auf der World Specialty Coffee Conference and Exhibition 2024 in Tokio","datePublished":"2024-09-09T10:08:07+00:00","dateModified":"2024-09-09T10:08:07+00:00","mainEntityOfPage":{"@id":"https:\/\/www.ranciliogroup.com\/de\/rancilio-group-auf-der-world-specialty-coffee-conference-and-exhibition-2024-in-tokio\/"},"wordCount":263,"publisher":{"@id":"https:\/\/www.ranciliogroup.com\/de\/#organization"},"keywords":["Advanced Temperature Profiling","Classe 5","Next","RS1","SCAJ","Silvia","Silvia Pro X","Tokyo"],"articleSection":["VERANSTALTUNGEN"],"inLanguage":"de-DE"},{"@type":"WebPage","@id":"https:\/\/www.ranciliogroup.com\/de\/rancilio-group-auf-der-world-specialty-coffee-conference-and-exhibition-2024-in-tokio\/","url":"https:\/\/www.ranciliogroup.com\/de\/rancilio-group-auf-der-world-specialty-coffee-conference-and-exhibition-2024-in-tokio\/","name":"Latest update about Rancilio Group auf der World Specialty Coffee Conference and Exhibition 2024 in Tokio - Rancilio Group","isPartOf":{"@id":"https:\/\/www.ranciliogroup.com\/de\/#website"},"datePublished":"2024-09-09T10:08:07+00:00","dateModified":"2024-09-09T10:08:07+00:00","description":"Read Rancilio Group's latest news about Rancilio Group auf der World Specialty Coffee Conference and Exhibition 2024 in Tokio","breadcrumb":{"@id":"https:\/\/www.ranciliogroup.com\/de\/rancilio-group-auf-der-world-specialty-coffee-conference-and-exhibition-2024-in-tokio\/#breadcrumb"},"inLanguage":"de-DE","potentialAction":[{"@type":"ReadAction","target":["https:\/\/www.ranciliogroup.com\/de\/rancilio-group-auf-der-world-specialty-coffee-conference-and-exhibition-2024-in-tokio\/"]}]},{"@type":"BreadcrumbList","@id":"https:\/\/www.ranciliogroup.com\/de\/rancilio-group-auf-der-world-specialty-coffee-conference-and-exhibition-2024-in-tokio\/#breadcrumb","itemListElement":[{"@type":"ListItem","position":1,"name":"Home","item":"https:\/\/www.ranciliogroup.com\/de\/"},{"@type":"ListItem","position":2,"name":"Rancilio Group auf der World Specialty Coffee Conference and Exhibition 2024 in Tokio"}]},{"@type":"WebSite","@id":"https:\/\/www.ranciliogroup.com\/de\/#website","url":"https:\/\/www.ranciliogroup.com\/de\/","name":"Rancilio Group","description":"Professionelle Kaffeemaschinen Leader","publisher":{"@id":"https:\/\/www.ranciliogroup.com\/de\/#organization"},"potentialAction":[{"@type":"SearchAction","target":{"@type":"EntryPoint","urlTemplate":"https:\/\/www.ranciliogroup.com\/de\/?s={search_term_string}"},"query-input":"required name=search_term_string"}],"inLanguage":"de-DE"},{"@type":"Organization","@id":"https:\/\/www.ranciliogroup.com\/de\/#organization","name":"Rancilio Group","url":"https:\/\/www.ranciliogroup.com\/de\/","logo":{"@type":"ImageObject","inLanguage":"de-DE","@id":"https:\/\/www.ranciliogroup.com\/de\/#\/schema\/logo\/image\/","url":"https:\/\/www.ranciliogroup.com\/app\/uploads\/2019\/07\/rancilio_black_logo.png","contentUrl":"https:\/\/www.ranciliogroup.com\/app\/uploads\/2019\/07\/rancilio_black_logo.png","width":447,"height":57,"caption":"Rancilio Group"},"image":{"@id":"https:\/\/www.ranciliogroup.com\/de\/#\/schema\/logo\/image\/"},"sameAs":["https:\/\/www.facebook.com\/RancilioGroup","https:\/\/twitter.com\/ranciliogroup","https:\/\/www.instagram.com\/rancilio_official\/","https:\/\/www.linkedin.com\/company\/ranciliogroup\/","https:\/\/www.youtube.com\/user\/rancilioadmin"]},{"@type":"Person","@id":"https:\/\/www.ranciliogroup.com\/de\/#\/schema\/person\/d6bf0a7dfe74cded3d64da8b2c92814c","name":"temp circular","image":{"@type":"ImageObject","inLanguage":"de-DE","@id":"https:\/\/www.ranciliogroup.com\/de\/#\/schema\/person\/image\/","url":"https:\/\/secure.gravatar.com\/avatar\/569e71c3b97b8bcad1854d6579b35c5f?s=96&d=mm&r=g","contentUrl":"https:\/\/secure.gravatar.com\/avatar\/569e71c3b97b8bcad1854d6579b35c5f?s=96&d=mm&r=g","caption":"temp circular"}}]}},"_links":{"self":[{"href":"https:\/\/www.ranciliogroup.com\/de\/wp-json\/wp\/v2\/posts\/75253"}],"collection":[{"href":"https:\/\/www.ranciliogroup.com\/de\/wp-json\/wp\/v2\/posts"}],"about":[{"href":"https:\/\/www.ranciliogroup.com\/de\/wp-json\/wp\/v2\/types\/post"}],"author":[{"embeddable":true,"href":"https:\/\/www.ranciliogroup.com\/de\/wp-json\/wp\/v2\/users\/5"}],"replies":[{"embeddable":true,"href":"https:\/\/www.ranciliogroup.com\/de\/wp-json\/wp\/v2\/comments?post=75253"}],"version-history":[{"count":3,"href":"https:\/\/www.ranciliogroup.com\/de\/wp-json\/wp\/v2\/posts\/75253\/revisions"}],"predecessor-version":[{"id":75256,"href":"https:\/\/www.ranciliogroup.com\/de\/wp-json\/wp\/v2\/posts\/75253\/revisions\/75256"}],"wp:featuredmedia":[{"embeddable":true,"href":"https:\/\/www.ranciliogroup.com\/de\/wp-json\/wp\/v2\/media\/75245"}],"wp:attachment":[{"href":"https:\/\/www.ranciliogroup.com\/de\/wp-json\/wp\/v2\/media?parent=75253"}],"wp:term":[{"taxonomy":"category","embeddable":true,"href":"https:\/\/www.ranciliogroup.com\/de\/wp-json\/wp\/v2\/categories?post=75253"},{"taxonomy":"post_tag","embeddable":true,"href":"https:\/\/www.ranciliogroup.com\/de\/wp-json\/wp\/v2\/tags?post=75253"}],"curies":[{"name":"wp","href":"https:\/\/api.w.org\/{rel}","templated":true}]}}