{"id":75496,"date":"2024-10-07T09:54:20","date_gmt":"2024-10-07T07:54:20","guid":{"rendered":"https:\/\/www.ranciliogroup.com\/?p=75496"},"modified":"2024-10-07T09:54:20","modified_gmt":"2024-10-07T07:54:20","slug":"rancilio-group-auf-der-zagg-2024-in-luzern","status":"publish","type":"post","link":"https:\/\/www.ranciliogroup.com\/de\/rancilio-group-auf-der-zagg-2024-in-luzern\/","title":{"rendered":"Rancilio Group auf der ZAGG 2024 in Luzern"},"content":{"rendered":"<p>Vom 20. bis 23. Oktober empf\u00e4ngt die Rancilio Group alle Fachleute aus der Gastronomie und Hotellerie zur j\u00fcngsten Ausgabe der ZAGG 2024 im Messezentrum Luzern.<\/p>\n<p>Zu sehen sein wird auch die Ein-Boiler-Espressomaschine Rancilio Specialty Invicta mit ihrer hochmodernen Technologie, die Baristas eine au\u00dfergew\u00f6hnliche elektronische Steuerung der Kaffee-, Wasser- und Dampffunktionen bietet. Begleitend zur Invicta gibt es die professionellen Kaffem\u00fchlen Bond und Kryo Elite, die beide f\u00fcr eine schnellere Handhabung und gleichbleibende, zuverl\u00e4ssige Ergebnisse in jeder Tasse konzipiert sind.<\/p>\n<p>F\u00fcr diejenigen, die sich f\u00fcr Vollautomaten interessieren, werden in der Egro-Ecke die Egro Next NMS+ und die neue MoDe Pro Milk mit ihrer fortschrittlichen Kaffeetechnologie vorgestellt. Diese modernen Ger\u00e4te sind ideal f\u00fcr alle, die ein vielf\u00e4ltiges Kaffeeangebot suchen, einschlie\u00dflich frisch gebr\u00fchter Milchgetr\u00e4nke. F\u00fcr Profis, die ihr Angebot verbessern m\u00f6chten, wird die Egro Next X2 ihre F\u00e4higkeit demonstrieren, bis zu 600 Tassen pro Tag zu liefern.<\/p>\n<p>Alle zwei Jahre wird die ZAGG zu einem beliebten Treffpunkt f\u00fcr die gesamte Gastronomie- und Hotelbranche. Die Messe bietet eine ansprechende Plattform, um wichtige Innovationen und Trends zu entdecken und sich mit Kollegen und Gesch\u00e4ftspartnern auszutauschen. Sie ist eine unverzichtbare Vernetzungs- und Informationsdrehscheibe f\u00fcr aktuelle und angehende Fachleute der Schweizer Gastronomie und Hotellerie.<\/p>\n<p>&nbsp;<\/p>\n<p>&nbsp;<\/p>\n<p><strong>Zagg 2024<\/strong><br \/>\nVom 20. bis 23. Oktober<br \/>\nHalle 1 \/ Stand A1012<br \/>\n<a href=\"https:\/\/www.google.com\/maps\/place\/Messe+Luzern+AG\/@47.0339361,8.3014919,17z\/data=!3m2!4b1!5s0x478ffbac472f904b:0xcee3ef190c771ea0!4m6!3m5!1s0x478ffbac484d2725:0x2c533753432fd28a!8m2!3d47.0339325!4d8.3040722!16s%2Fg%2F121zjbts?authuser=0&amp;entry=ttu&amp;g_ep=EgoyMDI0MDkxNS4wIKXMDSoASAFQAw%3D%3D\">Messe Luzern AG<\/a><br \/>\nHorwerstrasse 87<br \/>\n6005 Luzern, Schweiz<\/p>\n<p>&nbsp;<\/p>\n","protected":false},"excerpt":{"rendered":"<p>Vom 20. bis 23. Oktober empf\u00e4ngt die Rancilio Group alle Fachleute aus der Gastronomie und Hotellerie zur j\u00fcngsten Ausgabe der&#8230;<\/p>\n","protected":false},"author":5,"featured_media":75488,"comment_status":"closed","ping_status":"closed","sticky":false,"template":"","format":"standard","meta":[],"categories":[556],"tags":[3804,3805,3791,3681,3153,2696,2687,2627],"acf":[],"yoast_head":"<!-- This site is optimized with the Yoast SEO plugin v21.5 - https:\/\/yoast.com\/wordpress\/plugins\/seo\/ -->\n<title>Latest update about Rancilio Group auf der ZAGG 2024 in Luzern - Rancilio Group<\/title>\n<meta name=\"description\" content=\"Read Rancilio Group&#039;s latest news about Rancilio Group auf der ZAGG 2024 in Luzern\" \/>\n<meta name=\"robots\" content=\"index, follow, max-snippet:-1, max-image-preview:large, max-video-preview:-1\" \/>\n<link rel=\"canonical\" href=\"https:\/\/www.ranciliogroup.com\/de\/rancilio-group-auf-der-zagg-2024-in-luzern\/\" \/>\n<meta property=\"og:locale\" content=\"de_DE\" \/>\n<meta property=\"og:type\" content=\"article\" \/>\n<meta property=\"og:title\" content=\"Latest update about Rancilio Group auf der ZAGG 2024 in Luzern - Rancilio Group\" \/>\n<meta property=\"og:description\" content=\"Read Rancilio Group&#039;s latest news about Rancilio Group auf der ZAGG 2024 in Luzern\" \/>\n<meta property=\"og:url\" content=\"https:\/\/www.ranciliogroup.com\/de\/rancilio-group-auf-der-zagg-2024-in-luzern\/\" \/>\n<meta property=\"og:site_name\" content=\"Rancilio Group\" \/>\n<meta property=\"article:publisher\" content=\"https:\/\/www.facebook.com\/RancilioGroup\" \/>\n<meta property=\"article:published_time\" content=\"2024-10-07T07:54:20+00:00\" \/>\n<meta property=\"og:image\" content=\"https:\/\/www.ranciliogroup.com\/app\/uploads\/2024\/10\/ZAGG_LR.jpg\" \/>\n\t<meta property=\"og:image:width\" content=\"1080\" \/>\n\t<meta property=\"og:image:height\" content=\"720\" \/>\n\t<meta property=\"og:image:type\" content=\"image\/jpeg\" \/>\n<meta name=\"author\" content=\"temp circular\" \/>\n<meta name=\"twitter:card\" content=\"summary_large_image\" \/>\n<meta name=\"twitter:creator\" content=\"@ranciliogroup\" \/>\n<meta name=\"twitter:site\" content=\"@ranciliogroup\" \/>\n<meta name=\"twitter:label1\" content=\"Written by\" \/>\n\t<meta name=\"twitter:data1\" content=\"temp circular\" \/>\n\t<meta name=\"twitter:label2\" content=\"Est. reading time\" \/>\n\t<meta name=\"twitter:data2\" content=\"1 minute\" \/>\n<script type=\"application\/ld+json\" class=\"yoast-schema-graph\">{\"@context\":\"https:\/\/schema.org\",\"@graph\":[{\"@type\":\"Article\",\"@id\":\"https:\/\/www.ranciliogroup.com\/de\/rancilio-group-auf-der-zagg-2024-in-luzern\/#article\",\"isPartOf\":{\"@id\":\"https:\/\/www.ranciliogroup.com\/de\/rancilio-group-auf-der-zagg-2024-in-luzern\/\"},\"author\":{\"name\":\"temp circular\",\"@id\":\"https:\/\/www.ranciliogroup.com\/de\/#\/schema\/person\/d6bf0a7dfe74cded3d64da8b2c92814c\"},\"headline\":\"Rancilio Group auf der ZAGG 2024 in Luzern\",\"datePublished\":\"2024-10-07T07:54:20+00:00\",\"dateModified\":\"2024-10-07T07:54:20+00:00\",\"mainEntityOfPage\":{\"@id\":\"https:\/\/www.ranciliogroup.com\/de\/rancilio-group-auf-der-zagg-2024-in-luzern\/\"},\"wordCount\":236,\"publisher\":{\"@id\":\"https:\/\/www.ranciliogroup.com\/de\/#organization\"},\"keywords\":[\"ZAGG\",\"Lucerne\",\"Next X2\",\"Pro Milk\",\"MoDe\",\"NMS+\",\"Next\",\"Invicta\"],\"articleSection\":[\"VERANSTALTUNGEN\"],\"inLanguage\":\"de-DE\"},{\"@type\":\"WebPage\",\"@id\":\"https:\/\/www.ranciliogroup.com\/de\/rancilio-group-auf-der-zagg-2024-in-luzern\/\",\"url\":\"https:\/\/www.ranciliogroup.com\/de\/rancilio-group-auf-der-zagg-2024-in-luzern\/\",\"name\":\"Latest update about Rancilio Group auf der ZAGG 2024 in Luzern - Rancilio Group\",\"isPartOf\":{\"@id\":\"https:\/\/www.ranciliogroup.com\/de\/#website\"},\"datePublished\":\"2024-10-07T07:54:20+00:00\",\"dateModified\":\"2024-10-07T07:54:20+00:00\",\"description\":\"Read Rancilio Group's latest news about Rancilio Group auf der ZAGG 2024 in Luzern\",\"breadcrumb\":{\"@id\":\"https:\/\/www.ranciliogroup.com\/de\/rancilio-group-auf-der-zagg-2024-in-luzern\/#breadcrumb\"},\"inLanguage\":\"de-DE\",\"potentialAction\":[{\"@type\":\"ReadAction\",\"target\":[\"https:\/\/www.ranciliogroup.com\/de\/rancilio-group-auf-der-zagg-2024-in-luzern\/\"]}]},{\"@type\":\"BreadcrumbList\",\"@id\":\"https:\/\/www.ranciliogroup.com\/de\/rancilio-group-auf-der-zagg-2024-in-luzern\/#breadcrumb\",\"itemListElement\":[{\"@type\":\"ListItem\",\"position\":1,\"name\":\"Home\",\"item\":\"https:\/\/www.ranciliogroup.com\/de\/\"},{\"@type\":\"ListItem\",\"position\":2,\"name\":\"Rancilio Group auf der ZAGG 2024 in Luzern\"}]},{\"@type\":\"WebSite\",\"@id\":\"https:\/\/www.ranciliogroup.com\/de\/#website\",\"url\":\"https:\/\/www.ranciliogroup.com\/de\/\",\"name\":\"Rancilio Group\",\"description\":\"Professionelle Kaffeemaschinen Leader\",\"publisher\":{\"@id\":\"https:\/\/www.ranciliogroup.com\/de\/#organization\"},\"potentialAction\":[{\"@type\":\"SearchAction\",\"target\":{\"@type\":\"EntryPoint\",\"urlTemplate\":\"https:\/\/www.ranciliogroup.com\/de\/?s={search_term_string}\"},\"query-input\":\"required name=search_term_string\"}],\"inLanguage\":\"de-DE\"},{\"@type\":\"Organization\",\"@id\":\"https:\/\/www.ranciliogroup.com\/de\/#organization\",\"name\":\"Rancilio Group\",\"url\":\"https:\/\/www.ranciliogroup.com\/de\/\",\"logo\":{\"@type\":\"ImageObject\",\"inLanguage\":\"de-DE\",\"@id\":\"https:\/\/www.ranciliogroup.com\/de\/#\/schema\/logo\/image\/\",\"url\":\"https:\/\/www.ranciliogroup.com\/app\/uploads\/2019\/07\/rancilio_black_logo.png\",\"contentUrl\":\"https:\/\/www.ranciliogroup.com\/app\/uploads\/2019\/07\/rancilio_black_logo.png\",\"width\":447,\"height\":57,\"caption\":\"Rancilio Group\"},\"image\":{\"@id\":\"https:\/\/www.ranciliogroup.com\/de\/#\/schema\/logo\/image\/\"},\"sameAs\":[\"https:\/\/www.facebook.com\/RancilioGroup\",\"https:\/\/twitter.com\/ranciliogroup\",\"https:\/\/www.instagram.com\/rancilio_official\/\",\"https:\/\/www.linkedin.com\/company\/ranciliogroup\/\",\"https:\/\/www.youtube.com\/user\/rancilioadmin\"]},{\"@type\":\"Person\",\"@id\":\"https:\/\/www.ranciliogroup.com\/de\/#\/schema\/person\/d6bf0a7dfe74cded3d64da8b2c92814c\",\"name\":\"temp circular\",\"image\":{\"@type\":\"ImageObject\",\"inLanguage\":\"de-DE\",\"@id\":\"https:\/\/www.ranciliogroup.com\/de\/#\/schema\/person\/image\/\",\"url\":\"https:\/\/secure.gravatar.com\/avatar\/569e71c3b97b8bcad1854d6579b35c5f?s=96&d=mm&r=g\",\"contentUrl\":\"https:\/\/secure.gravatar.com\/avatar\/569e71c3b97b8bcad1854d6579b35c5f?s=96&d=mm&r=g\",\"caption\":\"temp circular\"}}]}<\/script>\n<!-- \/ Yoast SEO plugin. -->","yoast_head_json":{"title":"Latest update about Rancilio Group auf der ZAGG 2024 in Luzern - Rancilio Group","description":"Read Rancilio Group's latest news about Rancilio Group auf der ZAGG 2024 in Luzern","robots":{"index":"index","follow":"follow","max-snippet":"max-snippet:-1","max-image-preview":"max-image-preview:large","max-video-preview":"max-video-preview:-1"},"canonical":"https:\/\/www.ranciliogroup.com\/de\/rancilio-group-auf-der-zagg-2024-in-luzern\/","og_locale":"de_DE","og_type":"article","og_title":"Latest update about Rancilio Group auf der ZAGG 2024 in Luzern - Rancilio Group","og_description":"Read Rancilio Group's latest news about Rancilio Group auf der ZAGG 2024 in Luzern","og_url":"https:\/\/www.ranciliogroup.com\/de\/rancilio-group-auf-der-zagg-2024-in-luzern\/","og_site_name":"Rancilio Group","article_publisher":"https:\/\/www.facebook.com\/RancilioGroup","article_published_time":"2024-10-07T07:54:20+00:00","og_image":[{"width":1080,"height":720,"url":"https:\/\/www.ranciliogroup.com\/app\/uploads\/2024\/10\/ZAGG_LR.jpg","type":"image\/jpeg"}],"author":"temp circular","twitter_card":"summary_large_image","twitter_creator":"@ranciliogroup","twitter_site":"@ranciliogroup","twitter_misc":{"Written by":"temp circular","Est. reading time":"1 minute"},"schema":{"@context":"https:\/\/schema.org","@graph":[{"@type":"Article","@id":"https:\/\/www.ranciliogroup.com\/de\/rancilio-group-auf-der-zagg-2024-in-luzern\/#article","isPartOf":{"@id":"https:\/\/www.ranciliogroup.com\/de\/rancilio-group-auf-der-zagg-2024-in-luzern\/"},"author":{"name":"temp circular","@id":"https:\/\/www.ranciliogroup.com\/de\/#\/schema\/person\/d6bf0a7dfe74cded3d64da8b2c92814c"},"headline":"Rancilio Group auf der ZAGG 2024 in Luzern","datePublished":"2024-10-07T07:54:20+00:00","dateModified":"2024-10-07T07:54:20+00:00","mainEntityOfPage":{"@id":"https:\/\/www.ranciliogroup.com\/de\/rancilio-group-auf-der-zagg-2024-in-luzern\/"},"wordCount":236,"publisher":{"@id":"https:\/\/www.ranciliogroup.com\/de\/#organization"},"keywords":["ZAGG","Lucerne","Next X2","Pro Milk","MoDe","NMS+","Next","Invicta"],"articleSection":["VERANSTALTUNGEN"],"inLanguage":"de-DE"},{"@type":"WebPage","@id":"https:\/\/www.ranciliogroup.com\/de\/rancilio-group-auf-der-zagg-2024-in-luzern\/","url":"https:\/\/www.ranciliogroup.com\/de\/rancilio-group-auf-der-zagg-2024-in-luzern\/","name":"Latest update about Rancilio Group auf der ZAGG 2024 in Luzern - Rancilio Group","isPartOf":{"@id":"https:\/\/www.ranciliogroup.com\/de\/#website"},"datePublished":"2024-10-07T07:54:20+00:00","dateModified":"2024-10-07T07:54:20+00:00","description":"Read Rancilio Group's latest news about Rancilio Group auf der ZAGG 2024 in Luzern","breadcrumb":{"@id":"https:\/\/www.ranciliogroup.com\/de\/rancilio-group-auf-der-zagg-2024-in-luzern\/#breadcrumb"},"inLanguage":"de-DE","potentialAction":[{"@type":"ReadAction","target":["https:\/\/www.ranciliogroup.com\/de\/rancilio-group-auf-der-zagg-2024-in-luzern\/"]}]},{"@type":"BreadcrumbList","@id":"https:\/\/www.ranciliogroup.com\/de\/rancilio-group-auf-der-zagg-2024-in-luzern\/#breadcrumb","itemListElement":[{"@type":"ListItem","position":1,"name":"Home","item":"https:\/\/www.ranciliogroup.com\/de\/"},{"@type":"ListItem","position":2,"name":"Rancilio Group auf der ZAGG 2024 in Luzern"}]},{"@type":"WebSite","@id":"https:\/\/www.ranciliogroup.com\/de\/#website","url":"https:\/\/www.ranciliogroup.com\/de\/","name":"Rancilio Group","description":"Professionelle Kaffeemaschinen Leader","publisher":{"@id":"https:\/\/www.ranciliogroup.com\/de\/#organization"},"potentialAction":[{"@type":"SearchAction","target":{"@type":"EntryPoint","urlTemplate":"https:\/\/www.ranciliogroup.com\/de\/?s={search_term_string}"},"query-input":"required name=search_term_string"}],"inLanguage":"de-DE"},{"@type":"Organization","@id":"https:\/\/www.ranciliogroup.com\/de\/#organization","name":"Rancilio Group","url":"https:\/\/www.ranciliogroup.com\/de\/","logo":{"@type":"ImageObject","inLanguage":"de-DE","@id":"https:\/\/www.ranciliogroup.com\/de\/#\/schema\/logo\/image\/","url":"https:\/\/www.ranciliogroup.com\/app\/uploads\/2019\/07\/rancilio_black_logo.png","contentUrl":"https:\/\/www.ranciliogroup.com\/app\/uploads\/2019\/07\/rancilio_black_logo.png","width":447,"height":57,"caption":"Rancilio Group"},"image":{"@id":"https:\/\/www.ranciliogroup.com\/de\/#\/schema\/logo\/image\/"},"sameAs":["https:\/\/www.facebook.com\/RancilioGroup","https:\/\/twitter.com\/ranciliogroup","https:\/\/www.instagram.com\/rancilio_official\/","https:\/\/www.linkedin.com\/company\/ranciliogroup\/","https:\/\/www.youtube.com\/user\/rancilioadmin"]},{"@type":"Person","@id":"https:\/\/www.ranciliogroup.com\/de\/#\/schema\/person\/d6bf0a7dfe74cded3d64da8b2c92814c","name":"temp circular","image":{"@type":"ImageObject","inLanguage":"de-DE","@id":"https:\/\/www.ranciliogroup.com\/de\/#\/schema\/person\/image\/","url":"https:\/\/secure.gravatar.com\/avatar\/569e71c3b97b8bcad1854d6579b35c5f?s=96&d=mm&r=g","contentUrl":"https:\/\/secure.gravatar.com\/avatar\/569e71c3b97b8bcad1854d6579b35c5f?s=96&d=mm&r=g","caption":"temp circular"}}]}},"_links":{"self":[{"href":"https:\/\/www.ranciliogroup.com\/de\/wp-json\/wp\/v2\/posts\/75496"}],"collection":[{"href":"https:\/\/www.ranciliogroup.com\/de\/wp-json\/wp\/v2\/posts"}],"about":[{"href":"https:\/\/www.ranciliogroup.com\/de\/wp-json\/wp\/v2\/types\/post"}],"author":[{"embeddable":true,"href":"https:\/\/www.ranciliogroup.com\/de\/wp-json\/wp\/v2\/users\/5"}],"replies":[{"embeddable":true,"href":"https:\/\/www.ranciliogroup.com\/de\/wp-json\/wp\/v2\/comments?post=75496"}],"version-history":[{"count":2,"href":"https:\/\/www.ranciliogroup.com\/de\/wp-json\/wp\/v2\/posts\/75496\/revisions"}],"predecessor-version":[{"id":75498,"href":"https:\/\/www.ranciliogroup.com\/de\/wp-json\/wp\/v2\/posts\/75496\/revisions\/75498"}],"wp:featuredmedia":[{"embeddable":true,"href":"https:\/\/www.ranciliogroup.com\/de\/wp-json\/wp\/v2\/media\/75488"}],"wp:attachment":[{"href":"https:\/\/www.ranciliogroup.com\/de\/wp-json\/wp\/v2\/media?parent=75496"}],"wp:term":[{"taxonomy":"category","embeddable":true,"href":"https:\/\/www.ranciliogroup.com\/de\/wp-json\/wp\/v2\/categories?post=75496"},{"taxonomy":"post_tag","embeddable":true,"href":"https:\/\/www.ranciliogroup.com\/de\/wp-json\/wp\/v2\/tags?post=75496"}],"curies":[{"name":"wp","href":"https:\/\/api.w.org\/{rel}","templated":true}]}}