{"id":76753,"date":"2024-11-07T10:40:42","date_gmt":"2024-11-07T09:40:42","guid":{"rendered":"https:\/\/www.ranciliogroup.com\/?p=76753"},"modified":"2024-11-07T10:40:42","modified_gmt":"2024-11-07T09:40:42","slug":"egro-suisse-bei-der-careho-2024","status":"publish","type":"post","link":"https:\/\/www.ranciliogroup.com\/de\/egro-suisse-bei-der-careho-2024\/","title":{"rendered":"Egro Suisse bei der CaReHo 2024"},"content":{"rendered":"<p>Vom 17. bis 19. November empf\u00e4ngt Egro Suisse Profis aus dem Gastgewerbe und der Gastronomie auf der CaReHo in Martigny, im Wallis in den Schweizer Alpen.<\/p>\n<p>Egro Suisse wird den Vollautomaten Egro Next, der sich ideal f\u00fcr Einrichtungen mit hohem Aufkommen eignet, in zwei Hauptkonfigurationen vorstellen: den Next Two mit der Option Kalter Milchschaum und den Next NMS+, der f\u00fcr Standorte entwickelt wurde, die Premium-Getr\u00e4nke auf Milchbasis ben\u00f6tigen. Au\u00dferdem wird der neue Egro MoDe Pro Milk vorgestellt, eine vielseitige L\u00f6sung f\u00fcr Lokale, die eine breite Palette von Kaffee-, Milch- und Instantgetr\u00e4nken anbieten m\u00f6chten.<\/p>\n<p>F\u00fcr Liebhaber von Kaffeespezialit\u00e4ten wird die Rancilio Specialty Invicta zu sehen sein, die mit der automatischen Dampflanze iSteam f\u00fcr hochwertigen Milchschaum, Sicherheit und Ergonomie ausgestattet ist. Begleitet wird die Invicta von den Rancilio Kaffeem\u00fchlen Grindtec Bond und Kryo Elite, die f\u00fcr gleichbleibende, hochwertige Qualit\u00e4t beim Mahlen sorgen.<\/p>\n<p>In ihrer dritten Ausgabe ist die CaReHo 2024 f\u00fcr Gastronomen, Hoteliers, Zulieferer und Dienstleister eine wertvolle Plattform, um mit Kunden, Partnern und Branchenf\u00fchrern in der ganzen Schweiz in Kontakt zu treten. Mit einem zentralen Networking-Zentrum, Live-Vorf\u00fchrungen und thematischen Diskussionen bietet die Messe den Teilnehmern zahlreiche M\u00f6glichkeiten zur Zusammenarbeit und zum Wachstum.<\/p>\n<p>&nbsp;<\/p>\n<p><strong>CaReHo<\/strong><\/p>\n<ol start=\"17\">\n<li>17. bis 19. November 2024<\/li>\n<\/ol>\n<p>Von 10 bis 18 Uhr<br \/>\nStand #1614<br \/>\n<a href=\"https:\/\/www.google.com\/maps\/place\/CERM\/@46.0981794,7.0754444,17z\/data=!3m1!4b1!4m6!3m5!1s0x478ec9cefb883f8f:0x52310e966d7c2207!8m2!3d46.0981794!4d7.0780247!16s%2Fg%2F1tfy_0dm?authuser=0&amp;entry=ttu&amp;g_ep=EgoyMDI0MTAyOS4wIKXMDSoASAFQAw%3D%3D\">CERM<\/a><br \/>\nRue du Levant 91<br \/>\n1920 Martigny, Schweiz<\/p>\n<p>&nbsp;<\/p>\n<p><strong>Erfahren Sie mehr \u00fcber die Veranstaltung<\/strong><br \/>\n<a href=\"https:\/\/www.careho.ch\/\">https:\/\/www.careho.ch\/<\/a><\/p>\n","protected":false},"excerpt":{"rendered":"<p>Vom 17. bis 19. November empf\u00e4ngt Egro Suisse Profis aus dem Gastgewerbe und der Gastronomie auf der CaReHo in Martigny,&#8230;<\/p>\n","protected":false},"author":5,"featured_media":76726,"comment_status":"closed","ping_status":"closed","sticky":false,"template":"","format":"standard","meta":[],"categories":[556],"tags":[3152,3879,2627,2628,3535,3153,2687],"acf":[],"yoast_head":"<!-- This site is optimized with the Yoast SEO plugin v21.5 - https:\/\/yoast.com\/wordpress\/plugins\/seo\/ -->\n<title>Latest update about Egro Suisse bei der CaReHo 2024 - Rancilio Group<\/title>\n<meta name=\"description\" content=\"Read Rancilio Group&#039;s latest news about Egro Suisse bei der CaReHo 2024\" \/>\n<meta name=\"robots\" content=\"index, follow, max-snippet:-1, max-image-preview:large, max-video-preview:-1\" \/>\n<link rel=\"canonical\" href=\"https:\/\/www.ranciliogroup.com\/de\/egro-suisse-bei-der-careho-2024\/\" \/>\n<meta property=\"og:locale\" content=\"de_DE\" \/>\n<meta property=\"og:type\" content=\"article\" \/>\n<meta property=\"og:title\" content=\"Latest update about Egro Suisse bei der CaReHo 2024 - Rancilio Group\" \/>\n<meta property=\"og:description\" content=\"Read Rancilio Group&#039;s latest news about Egro Suisse bei der CaReHo 2024\" \/>\n<meta property=\"og:url\" content=\"https:\/\/www.ranciliogroup.com\/de\/egro-suisse-bei-der-careho-2024\/\" \/>\n<meta property=\"og:site_name\" content=\"Rancilio Group\" \/>\n<meta property=\"article:publisher\" content=\"https:\/\/www.facebook.com\/RancilioGroup\" \/>\n<meta property=\"article:published_time\" content=\"2024-11-07T09:40:42+00:00\" \/>\n<meta property=\"og:image\" content=\"https:\/\/www.ranciliogroup.com\/app\/uploads\/2024\/11\/CaReHo-FR-LR.jpg\" \/>\n\t<meta property=\"og:image:width\" content=\"1080\" \/>\n\t<meta property=\"og:image:height\" content=\"608\" \/>\n\t<meta property=\"og:image:type\" content=\"image\/jpeg\" \/>\n<meta name=\"author\" content=\"temp circular\" \/>\n<meta name=\"twitter:card\" content=\"summary_large_image\" \/>\n<meta name=\"twitter:creator\" content=\"@ranciliogroup\" \/>\n<meta name=\"twitter:site\" content=\"@ranciliogroup\" \/>\n<meta name=\"twitter:label1\" content=\"Written by\" \/>\n\t<meta name=\"twitter:data1\" content=\"temp circular\" \/>\n\t<meta name=\"twitter:label2\" content=\"Est. reading time\" \/>\n\t<meta name=\"twitter:data2\" content=\"1 minute\" \/>\n<script type=\"application\/ld+json\" class=\"yoast-schema-graph\">{\"@context\":\"https:\/\/schema.org\",\"@graph\":[{\"@type\":\"Article\",\"@id\":\"https:\/\/www.ranciliogroup.com\/de\/egro-suisse-bei-der-careho-2024\/#article\",\"isPartOf\":{\"@id\":\"https:\/\/www.ranciliogroup.com\/de\/egro-suisse-bei-der-careho-2024\/\"},\"author\":{\"name\":\"temp circular\",\"@id\":\"https:\/\/www.ranciliogroup.com\/de\/#\/schema\/person\/d6bf0a7dfe74cded3d64da8b2c92814c\"},\"headline\":\"Egro Suisse bei der CaReHo 2024\",\"datePublished\":\"2024-11-07T09:40:42+00:00\",\"dateModified\":\"2024-11-07T09:40:42+00:00\",\"mainEntityOfPage\":{\"@id\":\"https:\/\/www.ranciliogroup.com\/de\/egro-suisse-bei-der-careho-2024\/\"},\"wordCount\":238,\"publisher\":{\"@id\":\"https:\/\/www.ranciliogroup.com\/de\/#organization\"},\"keywords\":[\"Bond\",\"CaReHo\",\"Invicta\",\"Kryo\",\"Kryo\",\"MoDe\",\"Next\"],\"articleSection\":[\"VERANSTALTUNGEN\"],\"inLanguage\":\"de-DE\"},{\"@type\":\"WebPage\",\"@id\":\"https:\/\/www.ranciliogroup.com\/de\/egro-suisse-bei-der-careho-2024\/\",\"url\":\"https:\/\/www.ranciliogroup.com\/de\/egro-suisse-bei-der-careho-2024\/\",\"name\":\"Latest update about Egro Suisse bei der CaReHo 2024 - Rancilio Group\",\"isPartOf\":{\"@id\":\"https:\/\/www.ranciliogroup.com\/de\/#website\"},\"datePublished\":\"2024-11-07T09:40:42+00:00\",\"dateModified\":\"2024-11-07T09:40:42+00:00\",\"description\":\"Read Rancilio Group's latest news about Egro Suisse bei der CaReHo 2024\",\"breadcrumb\":{\"@id\":\"https:\/\/www.ranciliogroup.com\/de\/egro-suisse-bei-der-careho-2024\/#breadcrumb\"},\"inLanguage\":\"de-DE\",\"potentialAction\":[{\"@type\":\"ReadAction\",\"target\":[\"https:\/\/www.ranciliogroup.com\/de\/egro-suisse-bei-der-careho-2024\/\"]}]},{\"@type\":\"BreadcrumbList\",\"@id\":\"https:\/\/www.ranciliogroup.com\/de\/egro-suisse-bei-der-careho-2024\/#breadcrumb\",\"itemListElement\":[{\"@type\":\"ListItem\",\"position\":1,\"name\":\"Home\",\"item\":\"https:\/\/www.ranciliogroup.com\/de\/\"},{\"@type\":\"ListItem\",\"position\":2,\"name\":\"Egro Suisse bei der CaReHo 2024\"}]},{\"@type\":\"WebSite\",\"@id\":\"https:\/\/www.ranciliogroup.com\/de\/#website\",\"url\":\"https:\/\/www.ranciliogroup.com\/de\/\",\"name\":\"Rancilio Group\",\"description\":\"Professionelle Kaffeemaschinen Leader\",\"publisher\":{\"@id\":\"https:\/\/www.ranciliogroup.com\/de\/#organization\"},\"potentialAction\":[{\"@type\":\"SearchAction\",\"target\":{\"@type\":\"EntryPoint\",\"urlTemplate\":\"https:\/\/www.ranciliogroup.com\/de\/?s={search_term_string}\"},\"query-input\":\"required name=search_term_string\"}],\"inLanguage\":\"de-DE\"},{\"@type\":\"Organization\",\"@id\":\"https:\/\/www.ranciliogroup.com\/de\/#organization\",\"name\":\"Rancilio Group\",\"url\":\"https:\/\/www.ranciliogroup.com\/de\/\",\"logo\":{\"@type\":\"ImageObject\",\"inLanguage\":\"de-DE\",\"@id\":\"https:\/\/www.ranciliogroup.com\/de\/#\/schema\/logo\/image\/\",\"url\":\"https:\/\/www.ranciliogroup.com\/app\/uploads\/2019\/07\/rancilio_black_logo.png\",\"contentUrl\":\"https:\/\/www.ranciliogroup.com\/app\/uploads\/2019\/07\/rancilio_black_logo.png\",\"width\":447,\"height\":57,\"caption\":\"Rancilio Group\"},\"image\":{\"@id\":\"https:\/\/www.ranciliogroup.com\/de\/#\/schema\/logo\/image\/\"},\"sameAs\":[\"https:\/\/www.facebook.com\/RancilioGroup\",\"https:\/\/twitter.com\/ranciliogroup\",\"https:\/\/www.instagram.com\/rancilio_official\/\",\"https:\/\/www.linkedin.com\/company\/ranciliogroup\/\",\"https:\/\/www.youtube.com\/user\/rancilioadmin\"]},{\"@type\":\"Person\",\"@id\":\"https:\/\/www.ranciliogroup.com\/de\/#\/schema\/person\/d6bf0a7dfe74cded3d64da8b2c92814c\",\"name\":\"temp circular\",\"image\":{\"@type\":\"ImageObject\",\"inLanguage\":\"de-DE\",\"@id\":\"https:\/\/www.ranciliogroup.com\/de\/#\/schema\/person\/image\/\",\"url\":\"https:\/\/secure.gravatar.com\/avatar\/569e71c3b97b8bcad1854d6579b35c5f?s=96&d=mm&r=g\",\"contentUrl\":\"https:\/\/secure.gravatar.com\/avatar\/569e71c3b97b8bcad1854d6579b35c5f?s=96&d=mm&r=g\",\"caption\":\"temp circular\"}}]}<\/script>\n<!-- \/ Yoast SEO plugin. -->","yoast_head_json":{"title":"Latest update about Egro Suisse bei der CaReHo 2024 - Rancilio Group","description":"Read Rancilio Group's latest news about Egro Suisse bei der CaReHo 2024","robots":{"index":"index","follow":"follow","max-snippet":"max-snippet:-1","max-image-preview":"max-image-preview:large","max-video-preview":"max-video-preview:-1"},"canonical":"https:\/\/www.ranciliogroup.com\/de\/egro-suisse-bei-der-careho-2024\/","og_locale":"de_DE","og_type":"article","og_title":"Latest update about Egro Suisse bei der CaReHo 2024 - Rancilio Group","og_description":"Read Rancilio Group's latest news about Egro Suisse bei der CaReHo 2024","og_url":"https:\/\/www.ranciliogroup.com\/de\/egro-suisse-bei-der-careho-2024\/","og_site_name":"Rancilio Group","article_publisher":"https:\/\/www.facebook.com\/RancilioGroup","article_published_time":"2024-11-07T09:40:42+00:00","og_image":[{"width":1080,"height":608,"url":"https:\/\/www.ranciliogroup.com\/app\/uploads\/2024\/11\/CaReHo-FR-LR.jpg","type":"image\/jpeg"}],"author":"temp circular","twitter_card":"summary_large_image","twitter_creator":"@ranciliogroup","twitter_site":"@ranciliogroup","twitter_misc":{"Written by":"temp circular","Est. reading time":"1 minute"},"schema":{"@context":"https:\/\/schema.org","@graph":[{"@type":"Article","@id":"https:\/\/www.ranciliogroup.com\/de\/egro-suisse-bei-der-careho-2024\/#article","isPartOf":{"@id":"https:\/\/www.ranciliogroup.com\/de\/egro-suisse-bei-der-careho-2024\/"},"author":{"name":"temp circular","@id":"https:\/\/www.ranciliogroup.com\/de\/#\/schema\/person\/d6bf0a7dfe74cded3d64da8b2c92814c"},"headline":"Egro Suisse bei der CaReHo 2024","datePublished":"2024-11-07T09:40:42+00:00","dateModified":"2024-11-07T09:40:42+00:00","mainEntityOfPage":{"@id":"https:\/\/www.ranciliogroup.com\/de\/egro-suisse-bei-der-careho-2024\/"},"wordCount":238,"publisher":{"@id":"https:\/\/www.ranciliogroup.com\/de\/#organization"},"keywords":["Bond","CaReHo","Invicta","Kryo","Kryo","MoDe","Next"],"articleSection":["VERANSTALTUNGEN"],"inLanguage":"de-DE"},{"@type":"WebPage","@id":"https:\/\/www.ranciliogroup.com\/de\/egro-suisse-bei-der-careho-2024\/","url":"https:\/\/www.ranciliogroup.com\/de\/egro-suisse-bei-der-careho-2024\/","name":"Latest update about Egro Suisse bei der CaReHo 2024 - Rancilio Group","isPartOf":{"@id":"https:\/\/www.ranciliogroup.com\/de\/#website"},"datePublished":"2024-11-07T09:40:42+00:00","dateModified":"2024-11-07T09:40:42+00:00","description":"Read Rancilio Group's latest news about Egro Suisse bei der CaReHo 2024","breadcrumb":{"@id":"https:\/\/www.ranciliogroup.com\/de\/egro-suisse-bei-der-careho-2024\/#breadcrumb"},"inLanguage":"de-DE","potentialAction":[{"@type":"ReadAction","target":["https:\/\/www.ranciliogroup.com\/de\/egro-suisse-bei-der-careho-2024\/"]}]},{"@type":"BreadcrumbList","@id":"https:\/\/www.ranciliogroup.com\/de\/egro-suisse-bei-der-careho-2024\/#breadcrumb","itemListElement":[{"@type":"ListItem","position":1,"name":"Home","item":"https:\/\/www.ranciliogroup.com\/de\/"},{"@type":"ListItem","position":2,"name":"Egro Suisse bei der CaReHo 2024"}]},{"@type":"WebSite","@id":"https:\/\/www.ranciliogroup.com\/de\/#website","url":"https:\/\/www.ranciliogroup.com\/de\/","name":"Rancilio Group","description":"Professionelle Kaffeemaschinen Leader","publisher":{"@id":"https:\/\/www.ranciliogroup.com\/de\/#organization"},"potentialAction":[{"@type":"SearchAction","target":{"@type":"EntryPoint","urlTemplate":"https:\/\/www.ranciliogroup.com\/de\/?s={search_term_string}"},"query-input":"required name=search_term_string"}],"inLanguage":"de-DE"},{"@type":"Organization","@id":"https:\/\/www.ranciliogroup.com\/de\/#organization","name":"Rancilio Group","url":"https:\/\/www.ranciliogroup.com\/de\/","logo":{"@type":"ImageObject","inLanguage":"de-DE","@id":"https:\/\/www.ranciliogroup.com\/de\/#\/schema\/logo\/image\/","url":"https:\/\/www.ranciliogroup.com\/app\/uploads\/2019\/07\/rancilio_black_logo.png","contentUrl":"https:\/\/www.ranciliogroup.com\/app\/uploads\/2019\/07\/rancilio_black_logo.png","width":447,"height":57,"caption":"Rancilio Group"},"image":{"@id":"https:\/\/www.ranciliogroup.com\/de\/#\/schema\/logo\/image\/"},"sameAs":["https:\/\/www.facebook.com\/RancilioGroup","https:\/\/twitter.com\/ranciliogroup","https:\/\/www.instagram.com\/rancilio_official\/","https:\/\/www.linkedin.com\/company\/ranciliogroup\/","https:\/\/www.youtube.com\/user\/rancilioadmin"]},{"@type":"Person","@id":"https:\/\/www.ranciliogroup.com\/de\/#\/schema\/person\/d6bf0a7dfe74cded3d64da8b2c92814c","name":"temp circular","image":{"@type":"ImageObject","inLanguage":"de-DE","@id":"https:\/\/www.ranciliogroup.com\/de\/#\/schema\/person\/image\/","url":"https:\/\/secure.gravatar.com\/avatar\/569e71c3b97b8bcad1854d6579b35c5f?s=96&d=mm&r=g","contentUrl":"https:\/\/secure.gravatar.com\/avatar\/569e71c3b97b8bcad1854d6579b35c5f?s=96&d=mm&r=g","caption":"temp circular"}}]}},"_links":{"self":[{"href":"https:\/\/www.ranciliogroup.com\/de\/wp-json\/wp\/v2\/posts\/76753"}],"collection":[{"href":"https:\/\/www.ranciliogroup.com\/de\/wp-json\/wp\/v2\/posts"}],"about":[{"href":"https:\/\/www.ranciliogroup.com\/de\/wp-json\/wp\/v2\/types\/post"}],"author":[{"embeddable":true,"href":"https:\/\/www.ranciliogroup.com\/de\/wp-json\/wp\/v2\/users\/5"}],"replies":[{"embeddable":true,"href":"https:\/\/www.ranciliogroup.com\/de\/wp-json\/wp\/v2\/comments?post=76753"}],"version-history":[{"count":2,"href":"https:\/\/www.ranciliogroup.com\/de\/wp-json\/wp\/v2\/posts\/76753\/revisions"}],"predecessor-version":[{"id":76755,"href":"https:\/\/www.ranciliogroup.com\/de\/wp-json\/wp\/v2\/posts\/76753\/revisions\/76755"}],"wp:featuredmedia":[{"embeddable":true,"href":"https:\/\/www.ranciliogroup.com\/de\/wp-json\/wp\/v2\/media\/76726"}],"wp:attachment":[{"href":"https:\/\/www.ranciliogroup.com\/de\/wp-json\/wp\/v2\/media?parent=76753"}],"wp:term":[{"taxonomy":"category","embeddable":true,"href":"https:\/\/www.ranciliogroup.com\/de\/wp-json\/wp\/v2\/categories?post=76753"},{"taxonomy":"post_tag","embeddable":true,"href":"https:\/\/www.ranciliogroup.com\/de\/wp-json\/wp\/v2\/tags?post=76753"}],"curies":[{"name":"wp","href":"https:\/\/api.w.org\/{rel}","templated":true}]}}