{"id":77142,"date":"2025-01-29T14:18:51","date_gmt":"2025-01-29T13:18:51","guid":{"rendered":"https:\/\/www.ranciliogroup.com\/?p=77142"},"modified":"2025-01-29T14:18:51","modified_gmt":"2025-01-29T13:18:51","slug":"rancilio-group-auf-der-nafem-2025","status":"publish","type":"post","link":"https:\/\/www.ranciliogroup.com\/de\/rancilio-group-auf-der-nafem-2025\/","title":{"rendered":"Rancilio Group auf der NAFEM 2025"},"content":{"rendered":"<p>Die Rancilio Group wird an der <em>NAFEM Show 2025<\/em> teilnehmen, die vom 26. bis 28. Februar im Georgia World Congress Center in Atlanta stattfindet. Hier haben die Besucher die M\u00f6glichkeit, die neuesten Innovationen der Marken <strong>Rancilio, Rancilio Specialty <\/strong>und <strong>Egro<\/strong> kennenzulernen.<\/p>\n<p>Im Rampenlicht von <strong>Rancilio Specialty<\/strong> steht die Espressomaschine <strong>Invicta<\/strong>, die mit ihrer fortschrittlichen Br\u00fchtechnologie, ihrem schlanken Design und ihrer benutzerfreundlichen Oberfl\u00e4che hervorsticht \u2013 perfekt f\u00fcr Profis im Bereich Spezialit\u00e4tenkaffee. Die <strong>Rancilio Classe 7<\/strong>, die f\u00fcr ihre Zuverl\u00e4ssigkeit und Robustheit bekannt ist, garantiert thermische Stabilit\u00e4t auf h\u00f6chstem Niveau. Dar\u00fcber hinaus sorgt die Kaffeem\u00fchle <strong>Kryo<\/strong> f\u00fcr Pr\u00e4zision und Konsistenz beim Mahlen des Kaffees und verbessert so jeden Espresso.<\/p>\n<p>Die Produktreihe <strong>Egro<\/strong> umfasst die neue <strong>MoDe Pro Milk<\/strong>, die eine breite Palette an Getr\u00e4nkem\u00f6glichkeiten bietet und sich perfekt f\u00fcr Caf\u00e9s und Selbstbedienungsbereiche eignet. Egro <strong>Touch Coffee<\/strong> liefert reichhaltigen, frisch gebr\u00fchten Kaffee auf Knopfdruck, w\u00e4hrend die vielseitige Espressomaschine <strong>Next<\/strong> gleichbleibende Ergebnisse f\u00fcr eine breite Palette von Getr\u00e4nken garantiert.<\/p>\n<p>Die NAFEM 2025 bringt die besten Fachleute aus dem Bereich Foodservice zusammen und bietet den Teilnehmern die M\u00f6glichkeit, die neuesten Ger\u00e4te kennenzulernen, an aufschlussreichen Sitzungen teilzunehmen und wertvolle Kontakte zu kn\u00fcpfen.<\/p>\n<p>&nbsp;<\/p>\n<p><strong>The NAFEM Show 2025<\/strong><\/p>\n<ol start=\"26\">\n<li>bis 28. Februar 2025<\/li>\n<\/ol>\n<p>9 bis 17 Uhr<br \/>\nStand #1749<br \/>\n<a href=\"https:\/\/www.google.com\/maps\/place\/Georgia+World+Congress+Center\/@33.7603931,-84.4049435,17z\/data=!3m2!4b1!5s0x88f5048040641377:0xb43516d7f181a5f0!4m6!3m5!1s0x88f504818f955259:0xd22b449e2718746b!8m2!3d33.7603931!4d-84.4023632!16zL20vMDJ3bDFi?authuser=0&amp;entry=ttu&amp;g_ep=EgoyMDI0MTIxMS4wIKXMDSoASAFQAw%3D%3D\">Georgia World Congress Center<\/a><br \/>\n285 Andrew Young International Blvd NW<br \/>\nAtlanta, GA 30313, Vereinigte Staaten<\/p>\n<p>&nbsp;<\/p>\n","protected":false},"excerpt":{"rendered":"<p>Die Rancilio Group wird an der NAFEM Show 2025 teilnehmen, die vom 26. bis 28. Februar im Georgia World Congress&#8230;<\/p>\n","protected":false},"author":5,"featured_media":77134,"comment_status":"closed","ping_status":"closed","sticky":false,"template":"","format":"standard","meta":[],"categories":[556],"tags":[3930,3153,2932,2888,2687,2628,2627],"acf":[],"yoast_head":"<!-- This site is optimized with the Yoast SEO plugin v21.5 - https:\/\/yoast.com\/wordpress\/plugins\/seo\/ -->\n<title>Latest update about Rancilio Group auf der NAFEM 2025 - Rancilio Group<\/title>\n<meta name=\"description\" content=\"Read Rancilio Group&#039;s latest news about Rancilio Group auf der NAFEM 2025\" \/>\n<meta name=\"robots\" content=\"index, follow, max-snippet:-1, max-image-preview:large, max-video-preview:-1\" \/>\n<link rel=\"canonical\" href=\"https:\/\/www.ranciliogroup.com\/de\/rancilio-group-auf-der-nafem-2025\/\" \/>\n<meta property=\"og:locale\" content=\"de_DE\" \/>\n<meta property=\"og:type\" content=\"article\" \/>\n<meta property=\"og:title\" content=\"Latest update about Rancilio Group auf der NAFEM 2025 - Rancilio Group\" \/>\n<meta property=\"og:description\" content=\"Read Rancilio Group&#039;s latest news about Rancilio Group auf der NAFEM 2025\" \/>\n<meta property=\"og:url\" content=\"https:\/\/www.ranciliogroup.com\/de\/rancilio-group-auf-der-nafem-2025\/\" \/>\n<meta property=\"og:site_name\" content=\"Rancilio Group\" \/>\n<meta property=\"article:publisher\" content=\"https:\/\/www.facebook.com\/RancilioGroup\" \/>\n<meta property=\"article:published_time\" content=\"2025-01-29T13:18:51+00:00\" \/>\n<meta property=\"og:image\" content=\"https:\/\/www.ranciliogroup.com\/app\/uploads\/2025\/01\/NAFEM-Show-2025.jpg\" \/>\n\t<meta property=\"og:image:width\" content=\"1200\" \/>\n\t<meta property=\"og:image:height\" content=\"628\" \/>\n\t<meta property=\"og:image:type\" content=\"image\/jpeg\" \/>\n<meta name=\"author\" content=\"temp circular\" \/>\n<meta name=\"twitter:card\" content=\"summary_large_image\" \/>\n<meta name=\"twitter:creator\" content=\"@ranciliogroup\" \/>\n<meta name=\"twitter:site\" content=\"@ranciliogroup\" \/>\n<meta name=\"twitter:label1\" content=\"Written by\" \/>\n\t<meta name=\"twitter:data1\" content=\"temp circular\" \/>\n\t<meta name=\"twitter:label2\" content=\"Est. reading time\" \/>\n\t<meta name=\"twitter:data2\" content=\"1 minute\" \/>\n<script type=\"application\/ld+json\" class=\"yoast-schema-graph\">{\"@context\":\"https:\/\/schema.org\",\"@graph\":[{\"@type\":\"Article\",\"@id\":\"https:\/\/www.ranciliogroup.com\/de\/rancilio-group-auf-der-nafem-2025\/#article\",\"isPartOf\":{\"@id\":\"https:\/\/www.ranciliogroup.com\/de\/rancilio-group-auf-der-nafem-2025\/\"},\"author\":{\"name\":\"temp circular\",\"@id\":\"https:\/\/www.ranciliogroup.com\/de\/#\/schema\/person\/d6bf0a7dfe74cded3d64da8b2c92814c\"},\"headline\":\"Rancilio Group auf der NAFEM 2025\",\"datePublished\":\"2025-01-29T13:18:51+00:00\",\"dateModified\":\"2025-01-29T13:18:51+00:00\",\"mainEntityOfPage\":{\"@id\":\"https:\/\/www.ranciliogroup.com\/de\/rancilio-group-auf-der-nafem-2025\/\"},\"wordCount\":232,\"publisher\":{\"@id\":\"https:\/\/www.ranciliogroup.com\/de\/#organization\"},\"keywords\":[\"NAFEM\",\"MoDe\",\"Touch Coffee\",\"Classe 7\",\"Next\",\"Kryo\",\"Invicta\"],\"articleSection\":[\"VERANSTALTUNGEN\"],\"inLanguage\":\"de-DE\"},{\"@type\":\"WebPage\",\"@id\":\"https:\/\/www.ranciliogroup.com\/de\/rancilio-group-auf-der-nafem-2025\/\",\"url\":\"https:\/\/www.ranciliogroup.com\/de\/rancilio-group-auf-der-nafem-2025\/\",\"name\":\"Latest update about Rancilio Group auf der NAFEM 2025 - Rancilio Group\",\"isPartOf\":{\"@id\":\"https:\/\/www.ranciliogroup.com\/de\/#website\"},\"datePublished\":\"2025-01-29T13:18:51+00:00\",\"dateModified\":\"2025-01-29T13:18:51+00:00\",\"description\":\"Read Rancilio Group's latest news about Rancilio Group auf der NAFEM 2025\",\"breadcrumb\":{\"@id\":\"https:\/\/www.ranciliogroup.com\/de\/rancilio-group-auf-der-nafem-2025\/#breadcrumb\"},\"inLanguage\":\"de-DE\",\"potentialAction\":[{\"@type\":\"ReadAction\",\"target\":[\"https:\/\/www.ranciliogroup.com\/de\/rancilio-group-auf-der-nafem-2025\/\"]}]},{\"@type\":\"BreadcrumbList\",\"@id\":\"https:\/\/www.ranciliogroup.com\/de\/rancilio-group-auf-der-nafem-2025\/#breadcrumb\",\"itemListElement\":[{\"@type\":\"ListItem\",\"position\":1,\"name\":\"Home\",\"item\":\"https:\/\/www.ranciliogroup.com\/de\/\"},{\"@type\":\"ListItem\",\"position\":2,\"name\":\"Rancilio Group auf der NAFEM 2025\"}]},{\"@type\":\"WebSite\",\"@id\":\"https:\/\/www.ranciliogroup.com\/de\/#website\",\"url\":\"https:\/\/www.ranciliogroup.com\/de\/\",\"name\":\"Rancilio Group\",\"description\":\"Professionelle Kaffeemaschinen Leader\",\"publisher\":{\"@id\":\"https:\/\/www.ranciliogroup.com\/de\/#organization\"},\"potentialAction\":[{\"@type\":\"SearchAction\",\"target\":{\"@type\":\"EntryPoint\",\"urlTemplate\":\"https:\/\/www.ranciliogroup.com\/de\/?s={search_term_string}\"},\"query-input\":\"required name=search_term_string\"}],\"inLanguage\":\"de-DE\"},{\"@type\":\"Organization\",\"@id\":\"https:\/\/www.ranciliogroup.com\/de\/#organization\",\"name\":\"Rancilio Group\",\"url\":\"https:\/\/www.ranciliogroup.com\/de\/\",\"logo\":{\"@type\":\"ImageObject\",\"inLanguage\":\"de-DE\",\"@id\":\"https:\/\/www.ranciliogroup.com\/de\/#\/schema\/logo\/image\/\",\"url\":\"https:\/\/www.ranciliogroup.com\/app\/uploads\/2019\/07\/rancilio_black_logo.png\",\"contentUrl\":\"https:\/\/www.ranciliogroup.com\/app\/uploads\/2019\/07\/rancilio_black_logo.png\",\"width\":447,\"height\":57,\"caption\":\"Rancilio Group\"},\"image\":{\"@id\":\"https:\/\/www.ranciliogroup.com\/de\/#\/schema\/logo\/image\/\"},\"sameAs\":[\"https:\/\/www.facebook.com\/RancilioGroup\",\"https:\/\/twitter.com\/ranciliogroup\",\"https:\/\/www.instagram.com\/rancilio_official\/\",\"https:\/\/www.linkedin.com\/company\/ranciliogroup\/\",\"https:\/\/www.youtube.com\/user\/rancilioadmin\"]},{\"@type\":\"Person\",\"@id\":\"https:\/\/www.ranciliogroup.com\/de\/#\/schema\/person\/d6bf0a7dfe74cded3d64da8b2c92814c\",\"name\":\"temp circular\",\"image\":{\"@type\":\"ImageObject\",\"inLanguage\":\"de-DE\",\"@id\":\"https:\/\/www.ranciliogroup.com\/de\/#\/schema\/person\/image\/\",\"url\":\"https:\/\/secure.gravatar.com\/avatar\/569e71c3b97b8bcad1854d6579b35c5f?s=96&d=mm&r=g\",\"contentUrl\":\"https:\/\/secure.gravatar.com\/avatar\/569e71c3b97b8bcad1854d6579b35c5f?s=96&d=mm&r=g\",\"caption\":\"temp circular\"}}]}<\/script>\n<!-- \/ Yoast SEO plugin. -->","yoast_head_json":{"title":"Latest update about Rancilio Group auf der NAFEM 2025 - Rancilio Group","description":"Read Rancilio Group's latest news about Rancilio Group auf der NAFEM 2025","robots":{"index":"index","follow":"follow","max-snippet":"max-snippet:-1","max-image-preview":"max-image-preview:large","max-video-preview":"max-video-preview:-1"},"canonical":"https:\/\/www.ranciliogroup.com\/de\/rancilio-group-auf-der-nafem-2025\/","og_locale":"de_DE","og_type":"article","og_title":"Latest update about Rancilio Group auf der NAFEM 2025 - Rancilio Group","og_description":"Read Rancilio Group's latest news about Rancilio Group auf der NAFEM 2025","og_url":"https:\/\/www.ranciliogroup.com\/de\/rancilio-group-auf-der-nafem-2025\/","og_site_name":"Rancilio Group","article_publisher":"https:\/\/www.facebook.com\/RancilioGroup","article_published_time":"2025-01-29T13:18:51+00:00","og_image":[{"width":1200,"height":628,"url":"https:\/\/www.ranciliogroup.com\/app\/uploads\/2025\/01\/NAFEM-Show-2025.jpg","type":"image\/jpeg"}],"author":"temp circular","twitter_card":"summary_large_image","twitter_creator":"@ranciliogroup","twitter_site":"@ranciliogroup","twitter_misc":{"Written by":"temp circular","Est. reading time":"1 minute"},"schema":{"@context":"https:\/\/schema.org","@graph":[{"@type":"Article","@id":"https:\/\/www.ranciliogroup.com\/de\/rancilio-group-auf-der-nafem-2025\/#article","isPartOf":{"@id":"https:\/\/www.ranciliogroup.com\/de\/rancilio-group-auf-der-nafem-2025\/"},"author":{"name":"temp circular","@id":"https:\/\/www.ranciliogroup.com\/de\/#\/schema\/person\/d6bf0a7dfe74cded3d64da8b2c92814c"},"headline":"Rancilio Group auf der NAFEM 2025","datePublished":"2025-01-29T13:18:51+00:00","dateModified":"2025-01-29T13:18:51+00:00","mainEntityOfPage":{"@id":"https:\/\/www.ranciliogroup.com\/de\/rancilio-group-auf-der-nafem-2025\/"},"wordCount":232,"publisher":{"@id":"https:\/\/www.ranciliogroup.com\/de\/#organization"},"keywords":["NAFEM","MoDe","Touch Coffee","Classe 7","Next","Kryo","Invicta"],"articleSection":["VERANSTALTUNGEN"],"inLanguage":"de-DE"},{"@type":"WebPage","@id":"https:\/\/www.ranciliogroup.com\/de\/rancilio-group-auf-der-nafem-2025\/","url":"https:\/\/www.ranciliogroup.com\/de\/rancilio-group-auf-der-nafem-2025\/","name":"Latest update about Rancilio Group auf der NAFEM 2025 - Rancilio Group","isPartOf":{"@id":"https:\/\/www.ranciliogroup.com\/de\/#website"},"datePublished":"2025-01-29T13:18:51+00:00","dateModified":"2025-01-29T13:18:51+00:00","description":"Read Rancilio Group's latest news about Rancilio Group auf der NAFEM 2025","breadcrumb":{"@id":"https:\/\/www.ranciliogroup.com\/de\/rancilio-group-auf-der-nafem-2025\/#breadcrumb"},"inLanguage":"de-DE","potentialAction":[{"@type":"ReadAction","target":["https:\/\/www.ranciliogroup.com\/de\/rancilio-group-auf-der-nafem-2025\/"]}]},{"@type":"BreadcrumbList","@id":"https:\/\/www.ranciliogroup.com\/de\/rancilio-group-auf-der-nafem-2025\/#breadcrumb","itemListElement":[{"@type":"ListItem","position":1,"name":"Home","item":"https:\/\/www.ranciliogroup.com\/de\/"},{"@type":"ListItem","position":2,"name":"Rancilio Group auf der NAFEM 2025"}]},{"@type":"WebSite","@id":"https:\/\/www.ranciliogroup.com\/de\/#website","url":"https:\/\/www.ranciliogroup.com\/de\/","name":"Rancilio Group","description":"Professionelle Kaffeemaschinen Leader","publisher":{"@id":"https:\/\/www.ranciliogroup.com\/de\/#organization"},"potentialAction":[{"@type":"SearchAction","target":{"@type":"EntryPoint","urlTemplate":"https:\/\/www.ranciliogroup.com\/de\/?s={search_term_string}"},"query-input":"required name=search_term_string"}],"inLanguage":"de-DE"},{"@type":"Organization","@id":"https:\/\/www.ranciliogroup.com\/de\/#organization","name":"Rancilio Group","url":"https:\/\/www.ranciliogroup.com\/de\/","logo":{"@type":"ImageObject","inLanguage":"de-DE","@id":"https:\/\/www.ranciliogroup.com\/de\/#\/schema\/logo\/image\/","url":"https:\/\/www.ranciliogroup.com\/app\/uploads\/2019\/07\/rancilio_black_logo.png","contentUrl":"https:\/\/www.ranciliogroup.com\/app\/uploads\/2019\/07\/rancilio_black_logo.png","width":447,"height":57,"caption":"Rancilio Group"},"image":{"@id":"https:\/\/www.ranciliogroup.com\/de\/#\/schema\/logo\/image\/"},"sameAs":["https:\/\/www.facebook.com\/RancilioGroup","https:\/\/twitter.com\/ranciliogroup","https:\/\/www.instagram.com\/rancilio_official\/","https:\/\/www.linkedin.com\/company\/ranciliogroup\/","https:\/\/www.youtube.com\/user\/rancilioadmin"]},{"@type":"Person","@id":"https:\/\/www.ranciliogroup.com\/de\/#\/schema\/person\/d6bf0a7dfe74cded3d64da8b2c92814c","name":"temp circular","image":{"@type":"ImageObject","inLanguage":"de-DE","@id":"https:\/\/www.ranciliogroup.com\/de\/#\/schema\/person\/image\/","url":"https:\/\/secure.gravatar.com\/avatar\/569e71c3b97b8bcad1854d6579b35c5f?s=96&d=mm&r=g","contentUrl":"https:\/\/secure.gravatar.com\/avatar\/569e71c3b97b8bcad1854d6579b35c5f?s=96&d=mm&r=g","caption":"temp circular"}}]}},"_links":{"self":[{"href":"https:\/\/www.ranciliogroup.com\/de\/wp-json\/wp\/v2\/posts\/77142"}],"collection":[{"href":"https:\/\/www.ranciliogroup.com\/de\/wp-json\/wp\/v2\/posts"}],"about":[{"href":"https:\/\/www.ranciliogroup.com\/de\/wp-json\/wp\/v2\/types\/post"}],"author":[{"embeddable":true,"href":"https:\/\/www.ranciliogroup.com\/de\/wp-json\/wp\/v2\/users\/5"}],"replies":[{"embeddable":true,"href":"https:\/\/www.ranciliogroup.com\/de\/wp-json\/wp\/v2\/comments?post=77142"}],"version-history":[{"count":2,"href":"https:\/\/www.ranciliogroup.com\/de\/wp-json\/wp\/v2\/posts\/77142\/revisions"}],"predecessor-version":[{"id":77144,"href":"https:\/\/www.ranciliogroup.com\/de\/wp-json\/wp\/v2\/posts\/77142\/revisions\/77144"}],"wp:featuredmedia":[{"embeddable":true,"href":"https:\/\/www.ranciliogroup.com\/de\/wp-json\/wp\/v2\/media\/77134"}],"wp:attachment":[{"href":"https:\/\/www.ranciliogroup.com\/de\/wp-json\/wp\/v2\/media?parent=77142"}],"wp:term":[{"taxonomy":"category","embeddable":true,"href":"https:\/\/www.ranciliogroup.com\/de\/wp-json\/wp\/v2\/categories?post=77142"},{"taxonomy":"post_tag","embeddable":true,"href":"https:\/\/www.ranciliogroup.com\/de\/wp-json\/wp\/v2\/tags?post=77142"}],"curies":[{"name":"wp","href":"https:\/\/api.w.org\/{rel}","templated":true}]}}