{"id":78699,"date":"2025-03-26T12:40:07","date_gmt":"2025-03-26T11:40:07","guid":{"rendered":"https:\/\/www.ranciliogroup.com\/?p=78699"},"modified":"2025-03-26T12:52:45","modified_gmt":"2025-03-26T11:52:45","slug":"rancilio-group-praesentiert-neue-isteam-pro","status":"publish","type":"post","link":"https:\/\/www.ranciliogroup.com\/de\/rancilio-group-praesentiert-neue-isteam-pro\/","title":{"rendered":"Rancilio Group pr\u00e4sentiert neue iSteam Pro"},"content":{"rendered":"<p><strong>Rancilio Group pr\u00e4sentiert neue iSteam Pro<\/strong><\/p>\n<p><em>Ab M\u00e4rz 2025 f\u00fchrt die Rancilio Group die <strong>neue Dampflanze iSteam Pro<\/strong> f\u00fcr die traditionellen Maschinen Rancilio Class 20 und Rancilio Specialty Invicta ein.<\/em><\/p>\n<p>iSteam Pro ist die Dampflanze zum automatischen Aufsch\u00e4umen von Milch. Sie ist so beschaffen, dass sie perfekt mit allen Milchsorten funktioniert, einschlie\u00dflich pflanzlicher Alternativen, und liefert m\u00fchelos die gleichen hochwertigen Ergebnisse wie ein professioneller Barista.<\/p>\n<p>Der Touchscreen erm\u00f6glicht die pr\u00e4zise Einstellung von Temperatur und Schaumh\u00f6he, die Speicherung von bis zu 10 individuellen Rezepten und die Aktivierung der automatischen Lanze durch einfaches Antippen.<\/p>\n<p>iSteam Pro ist leicht zu bedienen und einfach zu reinigen, auch dank der Vorsp\u00fclfunktion, die das Kondenswasser vor dem Aufsch\u00e4umen beseitigt.<\/p>\n<p>iSteam Pro ist die ideale L\u00f6sung f\u00fcr Standorte mit hohem Volumen und einer hohen Cappuccino- und Macchiato-Produktion, um den Service zu beschleunigen und gleichzeitig einen gleichbleibend perfekten Schaum f\u00fcr jedes Getr\u00e4nk zu gew\u00e4hrleisten.<\/p>\n<p>Die optional erh\u00e4ltliche Lanze iSteam Pro kann auf der rechten, linken oder beiden Seiten der Maschine installiert werden.<\/p>\n<p>Mit der Einf\u00fchrung dieser neuen Dampflanze bekr\u00e4ftigt die Rancilio Group ihr Engagement f\u00fcr Innovation und bietet hochmoderne L\u00f6sungen zur Optimierung der Ergonomie und des Arbeitsablaufs von professionellen und Hobby-Baristas sowie zur Optimierung der Betriebseffizienz von Caf\u00e9- und Barbesitzern.<\/p>\n<p>&nbsp;<\/p>\n<p><a href=\"https:\/\/we.tl\/t-tnffzinhip\"><strong>LADE DAS PRESSKIT HERUNTER<\/strong><\/a><\/p>\n","protected":false},"excerpt":{"rendered":"<p>Rancilio Group pr\u00e4sentiert neue iSteam Pro Ab M\u00e4rz 2025 f\u00fchrt die Rancilio Group die neue Dampflanze iSteam Pro f\u00fcr die&#8230;<\/p>\n","protected":false},"author":5,"featured_media":78556,"comment_status":"closed","ping_status":"closed","sticky":false,"template":"","format":"standard","meta":[],"categories":[844,851],"tags":[2828,3469,2627,4018],"acf":[],"yoast_head":"<!-- This site is optimized with the Yoast SEO plugin v21.5 - https:\/\/yoast.com\/wordpress\/plugins\/seo\/ -->\n<title>Latest update about Rancilio Group pr\u00e4sentiert neue iSteam Pro - Rancilio Group<\/title>\n<meta name=\"description\" content=\"Read Rancilio Group&#039;s latest news about Rancilio Group pr\u00e4sentiert neue iSteam Pro\" \/>\n<meta name=\"robots\" content=\"index, follow, max-snippet:-1, max-image-preview:large, max-video-preview:-1\" \/>\n<link rel=\"canonical\" href=\"https:\/\/www.ranciliogroup.com\/de\/rancilio-group-praesentiert-neue-isteam-pro\/\" \/>\n<meta property=\"og:locale\" content=\"de_DE\" \/>\n<meta property=\"og:type\" content=\"article\" \/>\n<meta property=\"og:title\" content=\"Latest update about Rancilio Group pr\u00e4sentiert neue iSteam Pro - Rancilio Group\" \/>\n<meta property=\"og:description\" content=\"Read Rancilio Group&#039;s latest news about Rancilio Group pr\u00e4sentiert neue iSteam Pro\" \/>\n<meta property=\"og:url\" content=\"https:\/\/www.ranciliogroup.com\/de\/rancilio-group-praesentiert-neue-isteam-pro\/\" \/>\n<meta property=\"og:site_name\" content=\"Rancilio Group\" \/>\n<meta property=\"article:publisher\" content=\"https:\/\/www.facebook.com\/RancilioGroup\" \/>\n<meta property=\"article:published_time\" content=\"2025-03-26T11:40:07+00:00\" \/>\n<meta property=\"article:modified_time\" content=\"2025-03-26T11:52:45+00:00\" \/>\n<meta property=\"og:image\" content=\"https:\/\/www.ranciliogroup.com\/app\/uploads\/2025\/03\/C20_ASB_3GR_BLACK_ISTEAMPRO_ISO-FRONT-DX.jpg\" \/>\n\t<meta property=\"og:image:width\" content=\"1080\" \/>\n\t<meta property=\"og:image:height\" content=\"1080\" \/>\n\t<meta property=\"og:image:type\" content=\"image\/jpeg\" \/>\n<meta name=\"author\" content=\"temp circular\" \/>\n<meta name=\"twitter:card\" content=\"summary_large_image\" \/>\n<meta name=\"twitter:creator\" content=\"@ranciliogroup\" \/>\n<meta name=\"twitter:site\" content=\"@ranciliogroup\" \/>\n<meta name=\"twitter:label1\" content=\"Written by\" \/>\n\t<meta name=\"twitter:data1\" content=\"temp circular\" \/>\n\t<meta name=\"twitter:label2\" content=\"Est. reading time\" \/>\n\t<meta name=\"twitter:data2\" content=\"1 minute\" \/>\n<script type=\"application\/ld+json\" class=\"yoast-schema-graph\">{\"@context\":\"https:\/\/schema.org\",\"@graph\":[{\"@type\":\"Article\",\"@id\":\"https:\/\/www.ranciliogroup.com\/de\/rancilio-group-praesentiert-neue-isteam-pro\/#article\",\"isPartOf\":{\"@id\":\"https:\/\/www.ranciliogroup.com\/de\/rancilio-group-praesentiert-neue-isteam-pro\/\"},\"author\":{\"name\":\"temp circular\",\"@id\":\"https:\/\/www.ranciliogroup.com\/de\/#\/schema\/person\/d6bf0a7dfe74cded3d64da8b2c92814c\"},\"headline\":\"Rancilio Group pr\u00e4sentiert neue iSteam Pro\",\"datePublished\":\"2025-03-26T11:40:07+00:00\",\"dateModified\":\"2025-03-26T11:52:45+00:00\",\"mainEntityOfPage\":{\"@id\":\"https:\/\/www.ranciliogroup.com\/de\/rancilio-group-praesentiert-neue-isteam-pro\/\"},\"wordCount\":234,\"publisher\":{\"@id\":\"https:\/\/www.ranciliogroup.com\/de\/#organization\"},\"keywords\":[\"Classe 20\",\"Classe 20\",\"Invicta\",\"iSteam PRO\"],\"articleSection\":[\"NEUIGKEITEN\",\"Presse\"],\"inLanguage\":\"de-DE\"},{\"@type\":\"WebPage\",\"@id\":\"https:\/\/www.ranciliogroup.com\/de\/rancilio-group-praesentiert-neue-isteam-pro\/\",\"url\":\"https:\/\/www.ranciliogroup.com\/de\/rancilio-group-praesentiert-neue-isteam-pro\/\",\"name\":\"Latest update about Rancilio Group pr\u00e4sentiert neue iSteam Pro - Rancilio Group\",\"isPartOf\":{\"@id\":\"https:\/\/www.ranciliogroup.com\/de\/#website\"},\"datePublished\":\"2025-03-26T11:40:07+00:00\",\"dateModified\":\"2025-03-26T11:52:45+00:00\",\"description\":\"Read Rancilio Group's latest news about Rancilio Group pr\u00e4sentiert neue iSteam Pro\",\"breadcrumb\":{\"@id\":\"https:\/\/www.ranciliogroup.com\/de\/rancilio-group-praesentiert-neue-isteam-pro\/#breadcrumb\"},\"inLanguage\":\"de-DE\",\"potentialAction\":[{\"@type\":\"ReadAction\",\"target\":[\"https:\/\/www.ranciliogroup.com\/de\/rancilio-group-praesentiert-neue-isteam-pro\/\"]}]},{\"@type\":\"BreadcrumbList\",\"@id\":\"https:\/\/www.ranciliogroup.com\/de\/rancilio-group-praesentiert-neue-isteam-pro\/#breadcrumb\",\"itemListElement\":[{\"@type\":\"ListItem\",\"position\":1,\"name\":\"Home\",\"item\":\"https:\/\/www.ranciliogroup.com\/de\/\"},{\"@type\":\"ListItem\",\"position\":2,\"name\":\"Rancilio Group pr\u00e4sentiert neue iSteam Pro\"}]},{\"@type\":\"WebSite\",\"@id\":\"https:\/\/www.ranciliogroup.com\/de\/#website\",\"url\":\"https:\/\/www.ranciliogroup.com\/de\/\",\"name\":\"Rancilio Group\",\"description\":\"Professionelle Kaffeemaschinen Leader\",\"publisher\":{\"@id\":\"https:\/\/www.ranciliogroup.com\/de\/#organization\"},\"potentialAction\":[{\"@type\":\"SearchAction\",\"target\":{\"@type\":\"EntryPoint\",\"urlTemplate\":\"https:\/\/www.ranciliogroup.com\/de\/?s={search_term_string}\"},\"query-input\":\"required name=search_term_string\"}],\"inLanguage\":\"de-DE\"},{\"@type\":\"Organization\",\"@id\":\"https:\/\/www.ranciliogroup.com\/de\/#organization\",\"name\":\"Rancilio Group\",\"url\":\"https:\/\/www.ranciliogroup.com\/de\/\",\"logo\":{\"@type\":\"ImageObject\",\"inLanguage\":\"de-DE\",\"@id\":\"https:\/\/www.ranciliogroup.com\/de\/#\/schema\/logo\/image\/\",\"url\":\"https:\/\/www.ranciliogroup.com\/app\/uploads\/2019\/07\/rancilio_black_logo.png\",\"contentUrl\":\"https:\/\/www.ranciliogroup.com\/app\/uploads\/2019\/07\/rancilio_black_logo.png\",\"width\":447,\"height\":57,\"caption\":\"Rancilio Group\"},\"image\":{\"@id\":\"https:\/\/www.ranciliogroup.com\/de\/#\/schema\/logo\/image\/\"},\"sameAs\":[\"https:\/\/www.facebook.com\/RancilioGroup\",\"https:\/\/twitter.com\/ranciliogroup\",\"https:\/\/www.instagram.com\/rancilio_official\/\",\"https:\/\/www.linkedin.com\/company\/ranciliogroup\/\",\"https:\/\/www.youtube.com\/user\/rancilioadmin\"]},{\"@type\":\"Person\",\"@id\":\"https:\/\/www.ranciliogroup.com\/de\/#\/schema\/person\/d6bf0a7dfe74cded3d64da8b2c92814c\",\"name\":\"temp circular\",\"image\":{\"@type\":\"ImageObject\",\"inLanguage\":\"de-DE\",\"@id\":\"https:\/\/www.ranciliogroup.com\/de\/#\/schema\/person\/image\/\",\"url\":\"https:\/\/secure.gravatar.com\/avatar\/569e71c3b97b8bcad1854d6579b35c5f?s=96&d=mm&r=g\",\"contentUrl\":\"https:\/\/secure.gravatar.com\/avatar\/569e71c3b97b8bcad1854d6579b35c5f?s=96&d=mm&r=g\",\"caption\":\"temp circular\"}}]}<\/script>\n<!-- \/ Yoast SEO plugin. -->","yoast_head_json":{"title":"Latest update about Rancilio Group pr\u00e4sentiert neue iSteam Pro - Rancilio Group","description":"Read Rancilio Group's latest news about Rancilio Group pr\u00e4sentiert neue iSteam Pro","robots":{"index":"index","follow":"follow","max-snippet":"max-snippet:-1","max-image-preview":"max-image-preview:large","max-video-preview":"max-video-preview:-1"},"canonical":"https:\/\/www.ranciliogroup.com\/de\/rancilio-group-praesentiert-neue-isteam-pro\/","og_locale":"de_DE","og_type":"article","og_title":"Latest update about Rancilio Group pr\u00e4sentiert neue iSteam Pro - Rancilio Group","og_description":"Read Rancilio Group's latest news about Rancilio Group pr\u00e4sentiert neue iSteam Pro","og_url":"https:\/\/www.ranciliogroup.com\/de\/rancilio-group-praesentiert-neue-isteam-pro\/","og_site_name":"Rancilio Group","article_publisher":"https:\/\/www.facebook.com\/RancilioGroup","article_published_time":"2025-03-26T11:40:07+00:00","article_modified_time":"2025-03-26T11:52:45+00:00","og_image":[{"width":1080,"height":1080,"url":"https:\/\/www.ranciliogroup.com\/app\/uploads\/2025\/03\/C20_ASB_3GR_BLACK_ISTEAMPRO_ISO-FRONT-DX.jpg","type":"image\/jpeg"}],"author":"temp circular","twitter_card":"summary_large_image","twitter_creator":"@ranciliogroup","twitter_site":"@ranciliogroup","twitter_misc":{"Written by":"temp circular","Est. reading time":"1 minute"},"schema":{"@context":"https:\/\/schema.org","@graph":[{"@type":"Article","@id":"https:\/\/www.ranciliogroup.com\/de\/rancilio-group-praesentiert-neue-isteam-pro\/#article","isPartOf":{"@id":"https:\/\/www.ranciliogroup.com\/de\/rancilio-group-praesentiert-neue-isteam-pro\/"},"author":{"name":"temp circular","@id":"https:\/\/www.ranciliogroup.com\/de\/#\/schema\/person\/d6bf0a7dfe74cded3d64da8b2c92814c"},"headline":"Rancilio Group pr\u00e4sentiert neue iSteam Pro","datePublished":"2025-03-26T11:40:07+00:00","dateModified":"2025-03-26T11:52:45+00:00","mainEntityOfPage":{"@id":"https:\/\/www.ranciliogroup.com\/de\/rancilio-group-praesentiert-neue-isteam-pro\/"},"wordCount":234,"publisher":{"@id":"https:\/\/www.ranciliogroup.com\/de\/#organization"},"keywords":["Classe 20","Classe 20","Invicta","iSteam PRO"],"articleSection":["NEUIGKEITEN","Presse"],"inLanguage":"de-DE"},{"@type":"WebPage","@id":"https:\/\/www.ranciliogroup.com\/de\/rancilio-group-praesentiert-neue-isteam-pro\/","url":"https:\/\/www.ranciliogroup.com\/de\/rancilio-group-praesentiert-neue-isteam-pro\/","name":"Latest update about Rancilio Group pr\u00e4sentiert neue iSteam Pro - Rancilio Group","isPartOf":{"@id":"https:\/\/www.ranciliogroup.com\/de\/#website"},"datePublished":"2025-03-26T11:40:07+00:00","dateModified":"2025-03-26T11:52:45+00:00","description":"Read Rancilio Group's latest news about Rancilio Group pr\u00e4sentiert neue iSteam Pro","breadcrumb":{"@id":"https:\/\/www.ranciliogroup.com\/de\/rancilio-group-praesentiert-neue-isteam-pro\/#breadcrumb"},"inLanguage":"de-DE","potentialAction":[{"@type":"ReadAction","target":["https:\/\/www.ranciliogroup.com\/de\/rancilio-group-praesentiert-neue-isteam-pro\/"]}]},{"@type":"BreadcrumbList","@id":"https:\/\/www.ranciliogroup.com\/de\/rancilio-group-praesentiert-neue-isteam-pro\/#breadcrumb","itemListElement":[{"@type":"ListItem","position":1,"name":"Home","item":"https:\/\/www.ranciliogroup.com\/de\/"},{"@type":"ListItem","position":2,"name":"Rancilio Group pr\u00e4sentiert neue iSteam Pro"}]},{"@type":"WebSite","@id":"https:\/\/www.ranciliogroup.com\/de\/#website","url":"https:\/\/www.ranciliogroup.com\/de\/","name":"Rancilio Group","description":"Professionelle Kaffeemaschinen Leader","publisher":{"@id":"https:\/\/www.ranciliogroup.com\/de\/#organization"},"potentialAction":[{"@type":"SearchAction","target":{"@type":"EntryPoint","urlTemplate":"https:\/\/www.ranciliogroup.com\/de\/?s={search_term_string}"},"query-input":"required name=search_term_string"}],"inLanguage":"de-DE"},{"@type":"Organization","@id":"https:\/\/www.ranciliogroup.com\/de\/#organization","name":"Rancilio Group","url":"https:\/\/www.ranciliogroup.com\/de\/","logo":{"@type":"ImageObject","inLanguage":"de-DE","@id":"https:\/\/www.ranciliogroup.com\/de\/#\/schema\/logo\/image\/","url":"https:\/\/www.ranciliogroup.com\/app\/uploads\/2019\/07\/rancilio_black_logo.png","contentUrl":"https:\/\/www.ranciliogroup.com\/app\/uploads\/2019\/07\/rancilio_black_logo.png","width":447,"height":57,"caption":"Rancilio Group"},"image":{"@id":"https:\/\/www.ranciliogroup.com\/de\/#\/schema\/logo\/image\/"},"sameAs":["https:\/\/www.facebook.com\/RancilioGroup","https:\/\/twitter.com\/ranciliogroup","https:\/\/www.instagram.com\/rancilio_official\/","https:\/\/www.linkedin.com\/company\/ranciliogroup\/","https:\/\/www.youtube.com\/user\/rancilioadmin"]},{"@type":"Person","@id":"https:\/\/www.ranciliogroup.com\/de\/#\/schema\/person\/d6bf0a7dfe74cded3d64da8b2c92814c","name":"temp circular","image":{"@type":"ImageObject","inLanguage":"de-DE","@id":"https:\/\/www.ranciliogroup.com\/de\/#\/schema\/person\/image\/","url":"https:\/\/secure.gravatar.com\/avatar\/569e71c3b97b8bcad1854d6579b35c5f?s=96&d=mm&r=g","contentUrl":"https:\/\/secure.gravatar.com\/avatar\/569e71c3b97b8bcad1854d6579b35c5f?s=96&d=mm&r=g","caption":"temp circular"}}]}},"_links":{"self":[{"href":"https:\/\/www.ranciliogroup.com\/de\/wp-json\/wp\/v2\/posts\/78699"}],"collection":[{"href":"https:\/\/www.ranciliogroup.com\/de\/wp-json\/wp\/v2\/posts"}],"about":[{"href":"https:\/\/www.ranciliogroup.com\/de\/wp-json\/wp\/v2\/types\/post"}],"author":[{"embeddable":true,"href":"https:\/\/www.ranciliogroup.com\/de\/wp-json\/wp\/v2\/users\/5"}],"replies":[{"embeddable":true,"href":"https:\/\/www.ranciliogroup.com\/de\/wp-json\/wp\/v2\/comments?post=78699"}],"version-history":[{"count":4,"href":"https:\/\/www.ranciliogroup.com\/de\/wp-json\/wp\/v2\/posts\/78699\/revisions"}],"predecessor-version":[{"id":78704,"href":"https:\/\/www.ranciliogroup.com\/de\/wp-json\/wp\/v2\/posts\/78699\/revisions\/78704"}],"wp:featuredmedia":[{"embeddable":true,"href":"https:\/\/www.ranciliogroup.com\/de\/wp-json\/wp\/v2\/media\/78556"}],"wp:attachment":[{"href":"https:\/\/www.ranciliogroup.com\/de\/wp-json\/wp\/v2\/media?parent=78699"}],"wp:term":[{"taxonomy":"category","embeddable":true,"href":"https:\/\/www.ranciliogroup.com\/de\/wp-json\/wp\/v2\/categories?post=78699"},{"taxonomy":"post_tag","embeddable":true,"href":"https:\/\/www.ranciliogroup.com\/de\/wp-json\/wp\/v2\/tags?post=78699"}],"curies":[{"name":"wp","href":"https:\/\/api.w.org\/{rel}","templated":true}]}}