{"id":78805,"date":"2025-04-08T12:44:42","date_gmt":"2025-04-08T10:44:42","guid":{"rendered":"https:\/\/www.ranciliogroup.com\/?p=78805"},"modified":"2025-04-08T12:44:42","modified_gmt":"2025-04-08T10:44:42","slug":"rancilio-group-auf-der-specialty-coffee-expo-2025","status":"publish","type":"post","link":"https:\/\/www.ranciliogroup.com\/de\/rancilio-group-auf-der-specialty-coffee-expo-2025\/","title":{"rendered":"Rancilio Group auf der Specialty Coffee Expo 2025"},"content":{"rendered":"<p>Vom 25. bis 27. April 2025 l\u00e4dt das Team der Rancilio Group North America alle Fachleute f\u00fcr Spezialit\u00e4tenkaffee zur Specialty Coffee Expo 2025 in Houston (Texas) ein. Am Stand der Rancilio Group k\u00f6nnen Besucher die neuesten Innovationen der Marken Rancilio, Rancilio Specialty und Egro kennenlernen.<\/p>\n<p>Die Rancilio Specialty Invicta, eine professionelle Ein-Boiler-Espressomaschine, wird mit der neuen iSteam Pro ausgestattet sein &#8211; einer Dampflanze zum automatischen Milchaufsch\u00e4umen, die Ergebnisse in Barista-Qualit\u00e4t liefert.<\/p>\n<p>Die Ein-Boiler-Espressomaschinen Classe 5 und Classe 7 sind mit der Steady Brew-Technologie ausgestattet und bereit, allen Rancilio-Liebhabern eine konstante und zuverl\u00e4ssige Leistung zu garantieren. Erg\u00e4nzend zu diesen Maschinen bietet die Kaffeem\u00fchle Kryo Elite von Rancilio eine pr\u00e4zise, bedarfsgerechte Kaffeedosierung f\u00fcr eine optimale Extraktion.<\/p>\n<p>F\u00fcr diejenigen, die vollautomatische L\u00f6sungen suchen, wird die neue Egro MoDe mit iSteam Pro ausgestattet sein. Sie ist perfekt f\u00fcr Unternehmen, die einen reibungslosen Arbeitsablauf ben\u00f6tigen und gleichzeitig f\u00fcr jedes Getr\u00e4nk eine gleichbleibend hohe Milchschaumqualit\u00e4t gew\u00e4hrleisten m\u00f6chten.<\/p>\n<p>Inmitten der gr\u00f6\u00dften B2B-Messe f\u00fcr Spezialit\u00e4tenkaffee in Nordamerika bietet der Stand der Rancilio Group ein spannendes Programm mit Gastr\u00f6stern, exklusiven Verkostungen und Einblicken in die neuesten Kaffeetrends und Innovationen.<\/p>\n<p>&nbsp;<\/p>\n<p><strong>Specialty Coffee Expo 2025<\/strong><\/p>\n<ol start=\"25\">\n<li>25. bis 27. April<\/li>\n<\/ol>\n<p>Stand #1421<br \/>\n<a href=\"https:\/\/www.google.com\/maps\/place\/George+R.+Brown+Convention+Center\/@29.751842,-95.3608843,17z\/data=!3m1!4b1!4m6!3m5!1s0x8640bf25238b1dbb:0x1c30f943271a3ed9!8m2!3d29.7518374!4d-95.358304!16zL20vMDUxNzB0?authuser=0&amp;entry=ttu&amp;g_ep=EgoyMDI1MDMxMi4wIKXMDSoJLDEwMjExNDUzSAFQAw%3D%3D\">George R. Brown Convention Center<\/a><br \/>\n1001 Avenida De Las Americas<br \/>\nHouston, TX 77010, USA<\/p>\n","protected":false},"excerpt":{"rendered":"<p>Vom 25. bis 27. April 2025 l\u00e4dt das Team der Rancilio Group North America alle Fachleute f\u00fcr Spezialit\u00e4tenkaffee zur Specialty&#8230;<\/p>\n","protected":false},"author":5,"featured_media":78796,"comment_status":"closed","ping_status":"closed","sticky":false,"template":"","format":"standard","meta":[],"categories":[556],"tags":[2887,2888,4057,2627,4018,2628,3153,2930,4056,3110],"acf":[],"yoast_head":"<!-- This site is optimized with the Yoast SEO plugin v21.5 - https:\/\/yoast.com\/wordpress\/plugins\/seo\/ -->\n<title>Latest update about Rancilio Group auf der Specialty Coffee Expo 2025 - Rancilio Group<\/title>\n<meta name=\"description\" content=\"Read Rancilio Group&#039;s latest news about Rancilio Group auf der Specialty Coffee Expo 2025\" \/>\n<meta name=\"robots\" content=\"index, follow, max-snippet:-1, max-image-preview:large, max-video-preview:-1\" \/>\n<link rel=\"canonical\" href=\"https:\/\/www.ranciliogroup.com\/de\/rancilio-group-auf-der-specialty-coffee-expo-2025\/\" \/>\n<meta property=\"og:locale\" content=\"de_DE\" \/>\n<meta property=\"og:type\" content=\"article\" \/>\n<meta property=\"og:title\" content=\"Latest update about Rancilio Group auf der Specialty Coffee Expo 2025 - Rancilio Group\" \/>\n<meta property=\"og:description\" content=\"Read Rancilio Group&#039;s latest news about Rancilio Group auf der Specialty Coffee Expo 2025\" \/>\n<meta property=\"og:url\" content=\"https:\/\/www.ranciliogroup.com\/de\/rancilio-group-auf-der-specialty-coffee-expo-2025\/\" \/>\n<meta property=\"og:site_name\" content=\"Rancilio Group\" \/>\n<meta property=\"article:publisher\" content=\"https:\/\/www.facebook.com\/RancilioGroup\" \/>\n<meta property=\"article:published_time\" content=\"2025-04-08T10:44:42+00:00\" \/>\n<meta property=\"og:image\" content=\"https:\/\/www.ranciliogroup.com\/app\/uploads\/2025\/04\/RANCILIO_SPECIALTY_COFFEE_EXPO.jpg\" \/>\n\t<meta property=\"og:image:width\" content=\"1080\" \/>\n\t<meta property=\"og:image:height\" content=\"720\" \/>\n\t<meta property=\"og:image:type\" content=\"image\/jpeg\" \/>\n<meta name=\"author\" content=\"temp circular\" \/>\n<meta name=\"twitter:card\" content=\"summary_large_image\" \/>\n<meta name=\"twitter:creator\" content=\"@ranciliogroup\" \/>\n<meta name=\"twitter:site\" content=\"@ranciliogroup\" \/>\n<meta name=\"twitter:label1\" content=\"Written by\" \/>\n\t<meta name=\"twitter:data1\" content=\"temp circular\" \/>\n\t<meta name=\"twitter:label2\" content=\"Est. reading time\" \/>\n\t<meta name=\"twitter:data2\" content=\"1 minute\" \/>\n<script type=\"application\/ld+json\" class=\"yoast-schema-graph\">{\"@context\":\"https:\/\/schema.org\",\"@graph\":[{\"@type\":\"Article\",\"@id\":\"https:\/\/www.ranciliogroup.com\/de\/rancilio-group-auf-der-specialty-coffee-expo-2025\/#article\",\"isPartOf\":{\"@id\":\"https:\/\/www.ranciliogroup.com\/de\/rancilio-group-auf-der-specialty-coffee-expo-2025\/\"},\"author\":{\"name\":\"temp circular\",\"@id\":\"https:\/\/www.ranciliogroup.com\/de\/#\/schema\/person\/d6bf0a7dfe74cded3d64da8b2c92814c\"},\"headline\":\"Rancilio Group auf der Specialty Coffee Expo 2025\",\"datePublished\":\"2025-04-08T10:44:42+00:00\",\"dateModified\":\"2025-04-08T10:44:42+00:00\",\"mainEntityOfPage\":{\"@id\":\"https:\/\/www.ranciliogroup.com\/de\/rancilio-group-auf-der-specialty-coffee-expo-2025\/\"},\"wordCount\":225,\"publisher\":{\"@id\":\"https:\/\/www.ranciliogroup.com\/de\/#organization\"},\"keywords\":[\"Classe 5\",\"Classe 7\",\"Elite\",\"Invicta\",\"iSteam PRO\",\"Kryo\",\"MoDe\",\"SCA Expo\",\"Specialty Coffee Expo\",\"Steady Brew\"],\"articleSection\":[\"VERANSTALTUNGEN\"],\"inLanguage\":\"de-DE\"},{\"@type\":\"WebPage\",\"@id\":\"https:\/\/www.ranciliogroup.com\/de\/rancilio-group-auf-der-specialty-coffee-expo-2025\/\",\"url\":\"https:\/\/www.ranciliogroup.com\/de\/rancilio-group-auf-der-specialty-coffee-expo-2025\/\",\"name\":\"Latest update about Rancilio Group auf der Specialty Coffee Expo 2025 - Rancilio Group\",\"isPartOf\":{\"@id\":\"https:\/\/www.ranciliogroup.com\/de\/#website\"},\"datePublished\":\"2025-04-08T10:44:42+00:00\",\"dateModified\":\"2025-04-08T10:44:42+00:00\",\"description\":\"Read Rancilio Group's latest news about Rancilio Group auf der Specialty Coffee Expo 2025\",\"breadcrumb\":{\"@id\":\"https:\/\/www.ranciliogroup.com\/de\/rancilio-group-auf-der-specialty-coffee-expo-2025\/#breadcrumb\"},\"inLanguage\":\"de-DE\",\"potentialAction\":[{\"@type\":\"ReadAction\",\"target\":[\"https:\/\/www.ranciliogroup.com\/de\/rancilio-group-auf-der-specialty-coffee-expo-2025\/\"]}]},{\"@type\":\"BreadcrumbList\",\"@id\":\"https:\/\/www.ranciliogroup.com\/de\/rancilio-group-auf-der-specialty-coffee-expo-2025\/#breadcrumb\",\"itemListElement\":[{\"@type\":\"ListItem\",\"position\":1,\"name\":\"Home\",\"item\":\"https:\/\/www.ranciliogroup.com\/de\/\"},{\"@type\":\"ListItem\",\"position\":2,\"name\":\"Rancilio Group auf der Specialty Coffee Expo 2025\"}]},{\"@type\":\"WebSite\",\"@id\":\"https:\/\/www.ranciliogroup.com\/de\/#website\",\"url\":\"https:\/\/www.ranciliogroup.com\/de\/\",\"name\":\"Rancilio Group\",\"description\":\"Professionelle Kaffeemaschinen Leader\",\"publisher\":{\"@id\":\"https:\/\/www.ranciliogroup.com\/de\/#organization\"},\"potentialAction\":[{\"@type\":\"SearchAction\",\"target\":{\"@type\":\"EntryPoint\",\"urlTemplate\":\"https:\/\/www.ranciliogroup.com\/de\/?s={search_term_string}\"},\"query-input\":\"required name=search_term_string\"}],\"inLanguage\":\"de-DE\"},{\"@type\":\"Organization\",\"@id\":\"https:\/\/www.ranciliogroup.com\/de\/#organization\",\"name\":\"Rancilio Group\",\"url\":\"https:\/\/www.ranciliogroup.com\/de\/\",\"logo\":{\"@type\":\"ImageObject\",\"inLanguage\":\"de-DE\",\"@id\":\"https:\/\/www.ranciliogroup.com\/de\/#\/schema\/logo\/image\/\",\"url\":\"https:\/\/www.ranciliogroup.com\/app\/uploads\/2019\/07\/rancilio_black_logo.png\",\"contentUrl\":\"https:\/\/www.ranciliogroup.com\/app\/uploads\/2019\/07\/rancilio_black_logo.png\",\"width\":447,\"height\":57,\"caption\":\"Rancilio Group\"},\"image\":{\"@id\":\"https:\/\/www.ranciliogroup.com\/de\/#\/schema\/logo\/image\/\"},\"sameAs\":[\"https:\/\/www.facebook.com\/RancilioGroup\",\"https:\/\/twitter.com\/ranciliogroup\",\"https:\/\/www.instagram.com\/rancilio_official\/\",\"https:\/\/www.linkedin.com\/company\/ranciliogroup\/\",\"https:\/\/www.youtube.com\/user\/rancilioadmin\"]},{\"@type\":\"Person\",\"@id\":\"https:\/\/www.ranciliogroup.com\/de\/#\/schema\/person\/d6bf0a7dfe74cded3d64da8b2c92814c\",\"name\":\"temp circular\",\"image\":{\"@type\":\"ImageObject\",\"inLanguage\":\"de-DE\",\"@id\":\"https:\/\/www.ranciliogroup.com\/de\/#\/schema\/person\/image\/\",\"url\":\"https:\/\/secure.gravatar.com\/avatar\/569e71c3b97b8bcad1854d6579b35c5f?s=96&d=mm&r=g\",\"contentUrl\":\"https:\/\/secure.gravatar.com\/avatar\/569e71c3b97b8bcad1854d6579b35c5f?s=96&d=mm&r=g\",\"caption\":\"temp circular\"}}]}<\/script>\n<!-- \/ Yoast SEO plugin. -->","yoast_head_json":{"title":"Latest update about Rancilio Group auf der Specialty Coffee Expo 2025 - Rancilio Group","description":"Read Rancilio Group's latest news about Rancilio Group auf der Specialty Coffee Expo 2025","robots":{"index":"index","follow":"follow","max-snippet":"max-snippet:-1","max-image-preview":"max-image-preview:large","max-video-preview":"max-video-preview:-1"},"canonical":"https:\/\/www.ranciliogroup.com\/de\/rancilio-group-auf-der-specialty-coffee-expo-2025\/","og_locale":"de_DE","og_type":"article","og_title":"Latest update about Rancilio Group auf der Specialty Coffee Expo 2025 - Rancilio Group","og_description":"Read Rancilio Group's latest news about Rancilio Group auf der Specialty Coffee Expo 2025","og_url":"https:\/\/www.ranciliogroup.com\/de\/rancilio-group-auf-der-specialty-coffee-expo-2025\/","og_site_name":"Rancilio Group","article_publisher":"https:\/\/www.facebook.com\/RancilioGroup","article_published_time":"2025-04-08T10:44:42+00:00","og_image":[{"width":1080,"height":720,"url":"https:\/\/www.ranciliogroup.com\/app\/uploads\/2025\/04\/RANCILIO_SPECIALTY_COFFEE_EXPO.jpg","type":"image\/jpeg"}],"author":"temp circular","twitter_card":"summary_large_image","twitter_creator":"@ranciliogroup","twitter_site":"@ranciliogroup","twitter_misc":{"Written by":"temp circular","Est. reading time":"1 minute"},"schema":{"@context":"https:\/\/schema.org","@graph":[{"@type":"Article","@id":"https:\/\/www.ranciliogroup.com\/de\/rancilio-group-auf-der-specialty-coffee-expo-2025\/#article","isPartOf":{"@id":"https:\/\/www.ranciliogroup.com\/de\/rancilio-group-auf-der-specialty-coffee-expo-2025\/"},"author":{"name":"temp circular","@id":"https:\/\/www.ranciliogroup.com\/de\/#\/schema\/person\/d6bf0a7dfe74cded3d64da8b2c92814c"},"headline":"Rancilio Group auf der Specialty Coffee Expo 2025","datePublished":"2025-04-08T10:44:42+00:00","dateModified":"2025-04-08T10:44:42+00:00","mainEntityOfPage":{"@id":"https:\/\/www.ranciliogroup.com\/de\/rancilio-group-auf-der-specialty-coffee-expo-2025\/"},"wordCount":225,"publisher":{"@id":"https:\/\/www.ranciliogroup.com\/de\/#organization"},"keywords":["Classe 5","Classe 7","Elite","Invicta","iSteam PRO","Kryo","MoDe","SCA Expo","Specialty Coffee Expo","Steady Brew"],"articleSection":["VERANSTALTUNGEN"],"inLanguage":"de-DE"},{"@type":"WebPage","@id":"https:\/\/www.ranciliogroup.com\/de\/rancilio-group-auf-der-specialty-coffee-expo-2025\/","url":"https:\/\/www.ranciliogroup.com\/de\/rancilio-group-auf-der-specialty-coffee-expo-2025\/","name":"Latest update about Rancilio Group auf der Specialty Coffee Expo 2025 - Rancilio Group","isPartOf":{"@id":"https:\/\/www.ranciliogroup.com\/de\/#website"},"datePublished":"2025-04-08T10:44:42+00:00","dateModified":"2025-04-08T10:44:42+00:00","description":"Read Rancilio Group's latest news about Rancilio Group auf der Specialty Coffee Expo 2025","breadcrumb":{"@id":"https:\/\/www.ranciliogroup.com\/de\/rancilio-group-auf-der-specialty-coffee-expo-2025\/#breadcrumb"},"inLanguage":"de-DE","potentialAction":[{"@type":"ReadAction","target":["https:\/\/www.ranciliogroup.com\/de\/rancilio-group-auf-der-specialty-coffee-expo-2025\/"]}]},{"@type":"BreadcrumbList","@id":"https:\/\/www.ranciliogroup.com\/de\/rancilio-group-auf-der-specialty-coffee-expo-2025\/#breadcrumb","itemListElement":[{"@type":"ListItem","position":1,"name":"Home","item":"https:\/\/www.ranciliogroup.com\/de\/"},{"@type":"ListItem","position":2,"name":"Rancilio Group auf der Specialty Coffee Expo 2025"}]},{"@type":"WebSite","@id":"https:\/\/www.ranciliogroup.com\/de\/#website","url":"https:\/\/www.ranciliogroup.com\/de\/","name":"Rancilio Group","description":"Professionelle Kaffeemaschinen Leader","publisher":{"@id":"https:\/\/www.ranciliogroup.com\/de\/#organization"},"potentialAction":[{"@type":"SearchAction","target":{"@type":"EntryPoint","urlTemplate":"https:\/\/www.ranciliogroup.com\/de\/?s={search_term_string}"},"query-input":"required name=search_term_string"}],"inLanguage":"de-DE"},{"@type":"Organization","@id":"https:\/\/www.ranciliogroup.com\/de\/#organization","name":"Rancilio Group","url":"https:\/\/www.ranciliogroup.com\/de\/","logo":{"@type":"ImageObject","inLanguage":"de-DE","@id":"https:\/\/www.ranciliogroup.com\/de\/#\/schema\/logo\/image\/","url":"https:\/\/www.ranciliogroup.com\/app\/uploads\/2019\/07\/rancilio_black_logo.png","contentUrl":"https:\/\/www.ranciliogroup.com\/app\/uploads\/2019\/07\/rancilio_black_logo.png","width":447,"height":57,"caption":"Rancilio Group"},"image":{"@id":"https:\/\/www.ranciliogroup.com\/de\/#\/schema\/logo\/image\/"},"sameAs":["https:\/\/www.facebook.com\/RancilioGroup","https:\/\/twitter.com\/ranciliogroup","https:\/\/www.instagram.com\/rancilio_official\/","https:\/\/www.linkedin.com\/company\/ranciliogroup\/","https:\/\/www.youtube.com\/user\/rancilioadmin"]},{"@type":"Person","@id":"https:\/\/www.ranciliogroup.com\/de\/#\/schema\/person\/d6bf0a7dfe74cded3d64da8b2c92814c","name":"temp circular","image":{"@type":"ImageObject","inLanguage":"de-DE","@id":"https:\/\/www.ranciliogroup.com\/de\/#\/schema\/person\/image\/","url":"https:\/\/secure.gravatar.com\/avatar\/569e71c3b97b8bcad1854d6579b35c5f?s=96&d=mm&r=g","contentUrl":"https:\/\/secure.gravatar.com\/avatar\/569e71c3b97b8bcad1854d6579b35c5f?s=96&d=mm&r=g","caption":"temp circular"}}]}},"_links":{"self":[{"href":"https:\/\/www.ranciliogroup.com\/de\/wp-json\/wp\/v2\/posts\/78805"}],"collection":[{"href":"https:\/\/www.ranciliogroup.com\/de\/wp-json\/wp\/v2\/posts"}],"about":[{"href":"https:\/\/www.ranciliogroup.com\/de\/wp-json\/wp\/v2\/types\/post"}],"author":[{"embeddable":true,"href":"https:\/\/www.ranciliogroup.com\/de\/wp-json\/wp\/v2\/users\/5"}],"replies":[{"embeddable":true,"href":"https:\/\/www.ranciliogroup.com\/de\/wp-json\/wp\/v2\/comments?post=78805"}],"version-history":[{"count":2,"href":"https:\/\/www.ranciliogroup.com\/de\/wp-json\/wp\/v2\/posts\/78805\/revisions"}],"predecessor-version":[{"id":78807,"href":"https:\/\/www.ranciliogroup.com\/de\/wp-json\/wp\/v2\/posts\/78805\/revisions\/78807"}],"wp:featuredmedia":[{"embeddable":true,"href":"https:\/\/www.ranciliogroup.com\/de\/wp-json\/wp\/v2\/media\/78796"}],"wp:attachment":[{"href":"https:\/\/www.ranciliogroup.com\/de\/wp-json\/wp\/v2\/media?parent=78805"}],"wp:term":[{"taxonomy":"category","embeddable":true,"href":"https:\/\/www.ranciliogroup.com\/de\/wp-json\/wp\/v2\/categories?post=78805"},{"taxonomy":"post_tag","embeddable":true,"href":"https:\/\/www.ranciliogroup.com\/de\/wp-json\/wp\/v2\/tags?post=78805"}],"curies":[{"name":"wp","href":"https:\/\/api.w.org\/{rel}","templated":true}]}}