{"id":78981,"date":"2025-05-08T09:41:00","date_gmt":"2025-05-08T07:41:00","guid":{"rendered":"https:\/\/www.ranciliogroup.com\/?p=78981"},"modified":"2025-05-08T14:32:06","modified_gmt":"2025-05-08T12:32:06","slug":"rancilio-specialty-und-egro-auf-dem-london-coffee-festival-2025","status":"publish","type":"post","link":"https:\/\/www.ranciliogroup.com\/de\/rancilio-specialty-und-egro-auf-dem-london-coffee-festival-2025\/","title":{"rendered":"Rancilio Specialty und Egro auf dem London Coffee Festival 2025"},"content":{"rendered":"<p>Vom 15. bis 18. Mai 2025 laden Rancilio Specialty und Egro Kaffeeliebhaber und Gastronomen in die Truman Brewery im Osten Londons zu einer neuen Ausgabe des London Coffee Festival ein.<\/p>\n<p>Die Rancilio Specialty RS1 wird in einem faszinierenden neuen Blauton vorgestellt und verf\u00fcgt \u00fcber ein spezielles, exklusiv f\u00fcr dieses Event entworfenes Design. Sie ist mit Advanced Temperature Profiling ausgestattet und darauf ausgelegt, das einzigartige Geschmacksprofil jedes Single-Origin-Kaffees und jeder Mischung hervorzuheben und bei jedem Br\u00fchvorgang eine au\u00dfergew\u00f6hnliche Tasse zu liefern.<\/p>\n<p>Die legend\u00e4re Rancilio Silvia, ie Kaffeem\u00fchlen Kryo und Stile vervollst\u00e4ndigen das Angebot von Rancilio und demonstrieren ihre Pr\u00e4zision und Konsistenz, die f\u00fcr eine perfekte Extraktion unerl\u00e4sslich sind.<\/p>\n<p>Auf der Seite von Egro werden die Besucher die M\u00f6glichkeit haben, neben der bew\u00e4hrten Egro Next auch die neue Egro MoDe zu entdecken. Beide Vollautomaten sind ideal f\u00fcr Lokale, in denen Schnelligkeit, Leistung und eine abwechslungsreiche Kaffeekarte gefragt sind, ohne dabei Kompromisse bei der Qualit\u00e4t einzugehen.<\/p>\n<p>Mit \u00fcber 23.800 Besuchern im Jahr 2024 ist das London Coffee Festival die wichtigste Veranstaltung Gro\u00dfbritanniens zur Feier der Kaffeekultur und Gastfreundschaft. Im Herzen der pulsierenden Londoner Kaffeeszene bietet das Festival Verkostungen, Live-Vorf\u00fchrungen von Weltklasse-Baristas und interaktive Workshops und damit eine einzigartige Gelegenheit, sich mit Fachleuten und anderen Enthusiasten auszutauschen.<\/p>\n<p>&nbsp;<\/p>\n<p><strong>The London Coffee Festival 2025<\/strong><\/p>\n<ol start=\"15\">\n<li>15. bis 18. Mai 2025<\/li>\n<\/ol>\n<p>10 bis 17 Uhr<br \/>\nStand G25<br \/>\n<a href=\"https:\/\/www.google.com\/maps\/place\/The+Truman+Brewery\/@51.5212729,-0.0745701,17z\/data=!3m2!4b1!5s0x48761cca7ad8f109:0x76afa4b352d0a421!4m6!3m5!1s0x48761cb681c09d1b:0xffb3966176941f91!8m2!3d51.5212729!4d-0.0719898!16zL20vMDd4cTEx?authuser=0&amp;entry=ttu&amp;g_ep=EgoyMDI1MDQwMi4xIKXMDSoJLDEwMjExNDUzSAFQAw%3D%3D\">The Truman Brewery<\/a><br \/>\n91 Brick Ln<br \/>\nLondon E1 6QR, Vereinigtes K\u00f6nigreich<\/p>\n","protected":false},"excerpt":{"rendered":"<p>Vom 15. bis 18. Mai 2025 laden Rancilio Specialty und Egro Kaffeeliebhaber und Gastronomen in die Truman Brewery im Osten&#8230;<\/p>\n","protected":false},"author":5,"featured_media":78913,"comment_status":"closed","ping_status":"closed","sticky":false,"template":"","format":"standard","meta":[],"categories":[556],"tags":[2628,4083,2910,3153,2687,2598,2854,2855],"acf":[],"yoast_head":"<!-- This site is optimized with the Yoast SEO plugin v21.5 - https:\/\/yoast.com\/wordpress\/plugins\/seo\/ -->\n<title>Latest update about Rancilio Specialty und Egro auf dem London Coffee Festival 2025 - Rancilio Group<\/title>\n<meta name=\"description\" content=\"Read Rancilio Group&#039;s latest news about Rancilio Specialty und Egro auf dem London Coffee Festival 2025\" \/>\n<meta name=\"robots\" content=\"index, follow, max-snippet:-1, max-image-preview:large, max-video-preview:-1\" \/>\n<link rel=\"canonical\" href=\"https:\/\/www.ranciliogroup.com\/de\/rancilio-specialty-und-egro-auf-dem-london-coffee-festival-2025\/\" \/>\n<meta property=\"og:locale\" content=\"de_DE\" \/>\n<meta property=\"og:type\" content=\"article\" \/>\n<meta property=\"og:title\" content=\"Latest update about Rancilio Specialty und Egro auf dem London Coffee Festival 2025 - Rancilio Group\" \/>\n<meta property=\"og:description\" content=\"Read Rancilio Group&#039;s latest news about Rancilio Specialty und Egro auf dem London Coffee Festival 2025\" \/>\n<meta property=\"og:url\" content=\"https:\/\/www.ranciliogroup.com\/de\/rancilio-specialty-und-egro-auf-dem-london-coffee-festival-2025\/\" \/>\n<meta property=\"og:site_name\" content=\"Rancilio Group\" \/>\n<meta property=\"article:publisher\" content=\"https:\/\/www.facebook.com\/RancilioGroup\" \/>\n<meta property=\"article:published_time\" content=\"2025-05-08T07:41:00+00:00\" \/>\n<meta property=\"article:modified_time\" content=\"2025-05-08T12:32:06+00:00\" \/>\n<meta property=\"og:image\" content=\"https:\/\/www.ranciliogroup.com\/app\/uploads\/2025\/04\/LCF_2025.jpg\" \/>\n\t<meta property=\"og:image:width\" content=\"1024\" \/>\n\t<meta property=\"og:image:height\" content=\"683\" \/>\n\t<meta property=\"og:image:type\" content=\"image\/jpeg\" \/>\n<meta name=\"author\" content=\"temp circular\" \/>\n<meta name=\"twitter:card\" content=\"summary_large_image\" \/>\n<meta name=\"twitter:creator\" content=\"@ranciliogroup\" \/>\n<meta name=\"twitter:site\" content=\"@ranciliogroup\" \/>\n<meta name=\"twitter:label1\" content=\"Written by\" \/>\n\t<meta name=\"twitter:data1\" content=\"temp circular\" \/>\n\t<meta name=\"twitter:label2\" content=\"Est. reading time\" \/>\n\t<meta name=\"twitter:data2\" content=\"2 minutes\" \/>\n<script type=\"application\/ld+json\" class=\"yoast-schema-graph\">{\"@context\":\"https:\/\/schema.org\",\"@graph\":[{\"@type\":\"Article\",\"@id\":\"https:\/\/www.ranciliogroup.com\/de\/rancilio-specialty-und-egro-auf-dem-london-coffee-festival-2025\/#article\",\"isPartOf\":{\"@id\":\"https:\/\/www.ranciliogroup.com\/de\/rancilio-specialty-und-egro-auf-dem-london-coffee-festival-2025\/\"},\"author\":{\"name\":\"temp circular\",\"@id\":\"https:\/\/www.ranciliogroup.com\/de\/#\/schema\/person\/d6bf0a7dfe74cded3d64da8b2c92814c\"},\"headline\":\"Rancilio Specialty und Egro auf dem London Coffee Festival 2025\",\"datePublished\":\"2025-05-08T07:41:00+00:00\",\"dateModified\":\"2025-05-08T12:32:06+00:00\",\"mainEntityOfPage\":{\"@id\":\"https:\/\/www.ranciliogroup.com\/de\/rancilio-specialty-und-egro-auf-dem-london-coffee-festival-2025\/\"},\"wordCount\":246,\"publisher\":{\"@id\":\"https:\/\/www.ranciliogroup.com\/de\/#organization\"},\"keywords\":[\"Kryo\",\"LCF\",\"London Coffee Festival\",\"MoDe\",\"Next\",\"RS1\",\"Silvia\",\"Stile\"],\"articleSection\":[\"VERANSTALTUNGEN\"],\"inLanguage\":\"de-DE\"},{\"@type\":\"WebPage\",\"@id\":\"https:\/\/www.ranciliogroup.com\/de\/rancilio-specialty-und-egro-auf-dem-london-coffee-festival-2025\/\",\"url\":\"https:\/\/www.ranciliogroup.com\/de\/rancilio-specialty-und-egro-auf-dem-london-coffee-festival-2025\/\",\"name\":\"Latest update about Rancilio Specialty und Egro auf dem London Coffee Festival 2025 - Rancilio Group\",\"isPartOf\":{\"@id\":\"https:\/\/www.ranciliogroup.com\/de\/#website\"},\"datePublished\":\"2025-05-08T07:41:00+00:00\",\"dateModified\":\"2025-05-08T12:32:06+00:00\",\"description\":\"Read Rancilio Group's latest news about Rancilio Specialty und Egro auf dem London Coffee Festival 2025\",\"breadcrumb\":{\"@id\":\"https:\/\/www.ranciliogroup.com\/de\/rancilio-specialty-und-egro-auf-dem-london-coffee-festival-2025\/#breadcrumb\"},\"inLanguage\":\"de-DE\",\"potentialAction\":[{\"@type\":\"ReadAction\",\"target\":[\"https:\/\/www.ranciliogroup.com\/de\/rancilio-specialty-und-egro-auf-dem-london-coffee-festival-2025\/\"]}]},{\"@type\":\"BreadcrumbList\",\"@id\":\"https:\/\/www.ranciliogroup.com\/de\/rancilio-specialty-und-egro-auf-dem-london-coffee-festival-2025\/#breadcrumb\",\"itemListElement\":[{\"@type\":\"ListItem\",\"position\":1,\"name\":\"Home\",\"item\":\"https:\/\/www.ranciliogroup.com\/de\/\"},{\"@type\":\"ListItem\",\"position\":2,\"name\":\"Rancilio Specialty und Egro auf dem London Coffee Festival 2025\"}]},{\"@type\":\"WebSite\",\"@id\":\"https:\/\/www.ranciliogroup.com\/de\/#website\",\"url\":\"https:\/\/www.ranciliogroup.com\/de\/\",\"name\":\"Rancilio Group\",\"description\":\"Professionelle Kaffeemaschinen Leader\",\"publisher\":{\"@id\":\"https:\/\/www.ranciliogroup.com\/de\/#organization\"},\"potentialAction\":[{\"@type\":\"SearchAction\",\"target\":{\"@type\":\"EntryPoint\",\"urlTemplate\":\"https:\/\/www.ranciliogroup.com\/de\/?s={search_term_string}\"},\"query-input\":\"required name=search_term_string\"}],\"inLanguage\":\"de-DE\"},{\"@type\":\"Organization\",\"@id\":\"https:\/\/www.ranciliogroup.com\/de\/#organization\",\"name\":\"Rancilio Group\",\"url\":\"https:\/\/www.ranciliogroup.com\/de\/\",\"logo\":{\"@type\":\"ImageObject\",\"inLanguage\":\"de-DE\",\"@id\":\"https:\/\/www.ranciliogroup.com\/de\/#\/schema\/logo\/image\/\",\"url\":\"https:\/\/www.ranciliogroup.com\/app\/uploads\/2019\/07\/rancilio_black_logo.png\",\"contentUrl\":\"https:\/\/www.ranciliogroup.com\/app\/uploads\/2019\/07\/rancilio_black_logo.png\",\"width\":447,\"height\":57,\"caption\":\"Rancilio Group\"},\"image\":{\"@id\":\"https:\/\/www.ranciliogroup.com\/de\/#\/schema\/logo\/image\/\"},\"sameAs\":[\"https:\/\/www.facebook.com\/RancilioGroup\",\"https:\/\/twitter.com\/ranciliogroup\",\"https:\/\/www.instagram.com\/rancilio_official\/\",\"https:\/\/www.linkedin.com\/company\/ranciliogroup\/\",\"https:\/\/www.youtube.com\/user\/rancilioadmin\"]},{\"@type\":\"Person\",\"@id\":\"https:\/\/www.ranciliogroup.com\/de\/#\/schema\/person\/d6bf0a7dfe74cded3d64da8b2c92814c\",\"name\":\"temp circular\",\"image\":{\"@type\":\"ImageObject\",\"inLanguage\":\"de-DE\",\"@id\":\"https:\/\/www.ranciliogroup.com\/de\/#\/schema\/person\/image\/\",\"url\":\"https:\/\/secure.gravatar.com\/avatar\/569e71c3b97b8bcad1854d6579b35c5f?s=96&d=mm&r=g\",\"contentUrl\":\"https:\/\/secure.gravatar.com\/avatar\/569e71c3b97b8bcad1854d6579b35c5f?s=96&d=mm&r=g\",\"caption\":\"temp circular\"}}]}<\/script>\n<!-- \/ Yoast SEO plugin. -->","yoast_head_json":{"title":"Latest update about Rancilio Specialty und Egro auf dem London Coffee Festival 2025 - Rancilio Group","description":"Read Rancilio Group's latest news about Rancilio Specialty und Egro auf dem London Coffee Festival 2025","robots":{"index":"index","follow":"follow","max-snippet":"max-snippet:-1","max-image-preview":"max-image-preview:large","max-video-preview":"max-video-preview:-1"},"canonical":"https:\/\/www.ranciliogroup.com\/de\/rancilio-specialty-und-egro-auf-dem-london-coffee-festival-2025\/","og_locale":"de_DE","og_type":"article","og_title":"Latest update about Rancilio Specialty und Egro auf dem London Coffee Festival 2025 - Rancilio Group","og_description":"Read Rancilio Group's latest news about Rancilio Specialty und Egro auf dem London Coffee Festival 2025","og_url":"https:\/\/www.ranciliogroup.com\/de\/rancilio-specialty-und-egro-auf-dem-london-coffee-festival-2025\/","og_site_name":"Rancilio Group","article_publisher":"https:\/\/www.facebook.com\/RancilioGroup","article_published_time":"2025-05-08T07:41:00+00:00","article_modified_time":"2025-05-08T12:32:06+00:00","og_image":[{"width":1024,"height":683,"url":"https:\/\/www.ranciliogroup.com\/app\/uploads\/2025\/04\/LCF_2025.jpg","type":"image\/jpeg"}],"author":"temp circular","twitter_card":"summary_large_image","twitter_creator":"@ranciliogroup","twitter_site":"@ranciliogroup","twitter_misc":{"Written by":"temp circular","Est. reading time":"2 minutes"},"schema":{"@context":"https:\/\/schema.org","@graph":[{"@type":"Article","@id":"https:\/\/www.ranciliogroup.com\/de\/rancilio-specialty-und-egro-auf-dem-london-coffee-festival-2025\/#article","isPartOf":{"@id":"https:\/\/www.ranciliogroup.com\/de\/rancilio-specialty-und-egro-auf-dem-london-coffee-festival-2025\/"},"author":{"name":"temp circular","@id":"https:\/\/www.ranciliogroup.com\/de\/#\/schema\/person\/d6bf0a7dfe74cded3d64da8b2c92814c"},"headline":"Rancilio Specialty und Egro auf dem London Coffee Festival 2025","datePublished":"2025-05-08T07:41:00+00:00","dateModified":"2025-05-08T12:32:06+00:00","mainEntityOfPage":{"@id":"https:\/\/www.ranciliogroup.com\/de\/rancilio-specialty-und-egro-auf-dem-london-coffee-festival-2025\/"},"wordCount":246,"publisher":{"@id":"https:\/\/www.ranciliogroup.com\/de\/#organization"},"keywords":["Kryo","LCF","London Coffee Festival","MoDe","Next","RS1","Silvia","Stile"],"articleSection":["VERANSTALTUNGEN"],"inLanguage":"de-DE"},{"@type":"WebPage","@id":"https:\/\/www.ranciliogroup.com\/de\/rancilio-specialty-und-egro-auf-dem-london-coffee-festival-2025\/","url":"https:\/\/www.ranciliogroup.com\/de\/rancilio-specialty-und-egro-auf-dem-london-coffee-festival-2025\/","name":"Latest update about Rancilio Specialty und Egro auf dem London Coffee Festival 2025 - Rancilio Group","isPartOf":{"@id":"https:\/\/www.ranciliogroup.com\/de\/#website"},"datePublished":"2025-05-08T07:41:00+00:00","dateModified":"2025-05-08T12:32:06+00:00","description":"Read Rancilio Group's latest news about Rancilio Specialty und Egro auf dem London Coffee Festival 2025","breadcrumb":{"@id":"https:\/\/www.ranciliogroup.com\/de\/rancilio-specialty-und-egro-auf-dem-london-coffee-festival-2025\/#breadcrumb"},"inLanguage":"de-DE","potentialAction":[{"@type":"ReadAction","target":["https:\/\/www.ranciliogroup.com\/de\/rancilio-specialty-und-egro-auf-dem-london-coffee-festival-2025\/"]}]},{"@type":"BreadcrumbList","@id":"https:\/\/www.ranciliogroup.com\/de\/rancilio-specialty-und-egro-auf-dem-london-coffee-festival-2025\/#breadcrumb","itemListElement":[{"@type":"ListItem","position":1,"name":"Home","item":"https:\/\/www.ranciliogroup.com\/de\/"},{"@type":"ListItem","position":2,"name":"Rancilio Specialty und Egro auf dem London Coffee Festival 2025"}]},{"@type":"WebSite","@id":"https:\/\/www.ranciliogroup.com\/de\/#website","url":"https:\/\/www.ranciliogroup.com\/de\/","name":"Rancilio Group","description":"Professionelle Kaffeemaschinen Leader","publisher":{"@id":"https:\/\/www.ranciliogroup.com\/de\/#organization"},"potentialAction":[{"@type":"SearchAction","target":{"@type":"EntryPoint","urlTemplate":"https:\/\/www.ranciliogroup.com\/de\/?s={search_term_string}"},"query-input":"required name=search_term_string"}],"inLanguage":"de-DE"},{"@type":"Organization","@id":"https:\/\/www.ranciliogroup.com\/de\/#organization","name":"Rancilio Group","url":"https:\/\/www.ranciliogroup.com\/de\/","logo":{"@type":"ImageObject","inLanguage":"de-DE","@id":"https:\/\/www.ranciliogroup.com\/de\/#\/schema\/logo\/image\/","url":"https:\/\/www.ranciliogroup.com\/app\/uploads\/2019\/07\/rancilio_black_logo.png","contentUrl":"https:\/\/www.ranciliogroup.com\/app\/uploads\/2019\/07\/rancilio_black_logo.png","width":447,"height":57,"caption":"Rancilio Group"},"image":{"@id":"https:\/\/www.ranciliogroup.com\/de\/#\/schema\/logo\/image\/"},"sameAs":["https:\/\/www.facebook.com\/RancilioGroup","https:\/\/twitter.com\/ranciliogroup","https:\/\/www.instagram.com\/rancilio_official\/","https:\/\/www.linkedin.com\/company\/ranciliogroup\/","https:\/\/www.youtube.com\/user\/rancilioadmin"]},{"@type":"Person","@id":"https:\/\/www.ranciliogroup.com\/de\/#\/schema\/person\/d6bf0a7dfe74cded3d64da8b2c92814c","name":"temp circular","image":{"@type":"ImageObject","inLanguage":"de-DE","@id":"https:\/\/www.ranciliogroup.com\/de\/#\/schema\/person\/image\/","url":"https:\/\/secure.gravatar.com\/avatar\/569e71c3b97b8bcad1854d6579b35c5f?s=96&d=mm&r=g","contentUrl":"https:\/\/secure.gravatar.com\/avatar\/569e71c3b97b8bcad1854d6579b35c5f?s=96&d=mm&r=g","caption":"temp circular"}}]}},"_links":{"self":[{"href":"https:\/\/www.ranciliogroup.com\/de\/wp-json\/wp\/v2\/posts\/78981"}],"collection":[{"href":"https:\/\/www.ranciliogroup.com\/de\/wp-json\/wp\/v2\/posts"}],"about":[{"href":"https:\/\/www.ranciliogroup.com\/de\/wp-json\/wp\/v2\/types\/post"}],"author":[{"embeddable":true,"href":"https:\/\/www.ranciliogroup.com\/de\/wp-json\/wp\/v2\/users\/5"}],"replies":[{"embeddable":true,"href":"https:\/\/www.ranciliogroup.com\/de\/wp-json\/wp\/v2\/comments?post=78981"}],"version-history":[{"count":3,"href":"https:\/\/www.ranciliogroup.com\/de\/wp-json\/wp\/v2\/posts\/78981\/revisions"}],"predecessor-version":[{"id":78997,"href":"https:\/\/www.ranciliogroup.com\/de\/wp-json\/wp\/v2\/posts\/78981\/revisions\/78997"}],"wp:featuredmedia":[{"embeddable":true,"href":"https:\/\/www.ranciliogroup.com\/de\/wp-json\/wp\/v2\/media\/78913"}],"wp:attachment":[{"href":"https:\/\/www.ranciliogroup.com\/de\/wp-json\/wp\/v2\/media?parent=78981"}],"wp:term":[{"taxonomy":"category","embeddable":true,"href":"https:\/\/www.ranciliogroup.com\/de\/wp-json\/wp\/v2\/categories?post=78981"},{"taxonomy":"post_tag","embeddable":true,"href":"https:\/\/www.ranciliogroup.com\/de\/wp-json\/wp\/v2\/tags?post=78981"}],"curies":[{"name":"wp","href":"https:\/\/api.w.org\/{rel}","templated":true}]}}