{"id":82262,"date":"2026-03-12T11:13:18","date_gmt":"2026-03-12T10:13:18","guid":{"rendered":"https:\/\/www.ranciliogroup.com\/?p=82262"},"modified":"2026-03-12T11:13:18","modified_gmt":"2026-03-12T10:13:18","slug":"rancilio-specialty-rs1-sponsert-julius-meinl-barista-cup-2026","status":"publish","type":"post","link":"https:\/\/www.ranciliogroup.com\/de\/rancilio-specialty-rs1-sponsert-julius-meinl-barista-cup-2026\/","title":{"rendered":"Rancilio Specialty RS1 sponsert Julius Meinl Barista Cup 2026"},"content":{"rendered":"<p>Der Julius Meinl Barista Cup kehrt 2026 zur\u00fcck und bringt talentierte Baristas aus aller Welt zusammen, um Handwerkskunst, Kreativit\u00e4t und Kaffeeexpertise zu feiern.<\/p>\n<p>Als offizieller Sponsor unterst\u00fctzt <strong>Rancilio Specialty<\/strong> den Wettbewerb mit der professionellen Espressomaschine <strong>RS1<\/strong>. Die RS1 wurde f\u00fcr Pr\u00e4zision entwickelt und kombiniert Multi-Boiler-Technologie mit Advanced Temperature Profiling. Dadurch erhalten Baristas mehr Kontrolle \u00fcber die Geschmacksentwicklung und k\u00f6nnen S\u00fc\u00dfe, S\u00e4ure und Ausgewogenheit in jeder Tasse optimal hervorheben.<\/p>\n<p>Von April bis Juli 2026 finden nationale Wettbewerbe in 17 L\u00e4ndern statt: \u00d6sterreich, Bosnien und Herzegowina, China, Kroatien, Tschechische Republik, Georgien, Deutschland, Ungarn, Italien, Moldawien, Polen, Rum\u00e4nien, Slowakei, Slowenien, Serbien, Vereinigte Arabische Emirate und Vereinigte Staaten von Amerika.<\/p>\n<p>Die Baristas, die in drei Kategorien (Espresso, Cappuccino und Signature Drink) gegeneinander antreten, werden von einer hochkar\u00e4tigen Jury hinsichtlich Technik, Geschmack und Pr\u00e4sentation bewertet. Nur diejenigen, die in allen drei Kategorien herausragende Leistungen erbringen, haben die M\u00f6glichkeit, am 4. September beim gro\u00dfen Finale in Wien gegen die anderen nationalen Gewinner anzutreten.<\/p>\n<p>Der Julius Meinl Barista Cup ist mehr als nur ein Wettbewerb \u2013 er ist eine Hommage an die weltweite Barista-Community und bietet eine B\u00fchne, auf der Talent, Innovation und Leidenschaft f\u00fcr Kaffee zusammenkommen.<\/p>\n<p>&nbsp;<\/p>\n<p>&nbsp;<\/p>\n<p><strong>Kommende Termine:<\/strong><\/p>\n<ol start=\"9\">\n<li>9 April \u00a0\u00a0\u00a0\u00a0\u00a0\u00a0\u00a0\u00a0\u00a0\u00a0\u00a0\u00a0\u00a0\u00a0 \u00a0\u00a0\u00a0\u00a0\u00a0\u00a0\u00a0\u00a0\u00a0\u00a0\u00a0\u00a0\u00a0 Vereinigte Arabische Emirate (noch zu best\u00e4tigen)<br \/>\n16 und 17 April \u00a0\u00a0\u00a0\u00a0\u00a0\u00a0\u00a0\u00a0\u00a0\u00a0\u00a0\u00a0\u00a0 Slowakei und Ungarn<br \/>\n29 April\u00a0\u00a0\u00a0\u00a0\u00a0\u00a0\u00a0\u00a0\u00a0\u00a0\u00a0\u00a0\u00a0\u00a0\u00a0\u00a0\u00a0\u00a0\u00a0\u00a0\u00a0\u00a0\u00a0\u00a0\u00a0\u00a0\u00a0 Bosnien und Herzegowina<br \/>\n15 bis 30 April\u00a0 \u00a0\u00a0\u00a0\u00a0\u00a0\u00a0\u00a0\u00a0\u00a0\u00a0\u00a0\u00a0\u00a0 Kroatien<br \/>\n13 Mai\u00a0\u00a0\u00a0\u00a0\u00a0\u00a0\u00a0\u00a0\u00a0\u00a0\u00a0\u00a0\u00a0\u00a0\u00a0 \u00a0\u00a0\u00a0\u00a0\u00a0\u00a0\u00a0\u00a0\u00a0\u00a0\u00a0\u00a0\u00a0 Slowenien<br \/>\n5 oder 15 Mai\u00a0\u00a0 \u00a0\u00a0\u00a0\u00a0\u00a0\u00a0\u00a0\u00a0\u00a0\u00a0\u00a0\u00a0\u00a0 Serbien<br \/>\n22 Mai\u00a0\u00a0\u00a0\u00a0\u00a0\u00a0\u00a0\u00a0\u00a0\u00a0\u00a0\u00a0\u00a0\u00a0\u00a0 \u00a0\u00a0\u00a0\u00a0\u00a0\u00a0\u00a0\u00a0\u00a0\u00a0\u00a0\u00a0\u00a0 Italien<br \/>\n1 Juni\u00a0\u00a0\u00a0\u00a0\u00a0\u00a0\u00a0\u00a0\u00a0\u00a0\u00a0\u00a0\u00a0\u00a0\u00a0\u00a0\u00a0 \u00a0\u00a0\u00a0\u00a0\u00a0\u00a0\u00a0\u00a0\u00a0\u00a0\u00a0\u00a0\u00a0 Deutschland<br \/>\n3 Juni\u00a0\u00a0\u00a0\u00a0\u00a0\u00a0\u00a0\u00a0\u00a0\u00a0\u00a0\u00a0\u00a0\u00a0\u00a0\u00a0\u00a0 \u00a0\u00a0\u00a0\u00a0\u00a0\u00a0\u00a0\u00a0\u00a0\u00a0\u00a0\u00a0\u00a0 Tschechische Republik<br \/>\n3 oder 4 Juni\u00a0\u00a0\u00a0\u00a0\u00a0\u00a0\u00a0\u00a0\u00a0\u00a0\u00a0\u00a0\u00a0\u00a0\u00a0\u00a0\u00a0\u00a0 USA<br \/>\n11 Juni\u00a0\u00a0\u00a0\u00a0\u00a0\u00a0\u00a0\u00a0\u00a0\u00a0\u00a0\u00a0\u00a0\u00a0\u00a0 \u00a0\u00a0\u00a0\u00a0\u00a0\u00a0\u00a0\u00a0\u00a0\u00a0\u00a0\u00a0\u00a0 \u00d6sterreich<br \/>\n13 Juni\u00a0\u00a0\u00a0\u00a0\u00a0\u00a0\u00a0\u00a0\u00a0\u00a0\u00a0\u00a0\u00a0\u00a0\u00a0 \u00a0\u00a0\u00a0\u00a0\u00a0\u00a0\u00a0\u00a0\u00a0\u00a0\u00a0\u00a0\u00a0 Polen<br \/>\n23 Juni \u00a0\u00a0\u00a0\u00a0\u00a0\u00a0\u00a0\u00a0\u00a0\u00a0\u00a0\u00a0\u00a0\u00a0\u00a0\u00a0\u00a0\u00a0\u00a0\u00a0\u00a0\u00a0\u00a0\u00a0\u00a0\u00a0\u00a0 Georgien<br \/>\n25 Juni\u00a0\u00a0\u00a0\u00a0\u00a0\u00a0\u00a0\u00a0\u00a0\u00a0\u00a0\u00a0\u00a0\u00a0\u00a0 \u00a0\u00a0\u00a0\u00a0\u00a0\u00a0\u00a0\u00a0\u00a0\u00a0\u00a0\u00a0\u00a0 China<br \/>\n4 Juli\u00a0\u00a0\u00a0\u00a0\u00a0\u00a0\u00a0\u00a0\u00a0\u00a0\u00a0\u00a0\u00a0\u00a0\u00a0\u00a0\u00a0\u00a0\u00a0\u00a0\u00a0\u00a0\u00a0\u00a0\u00a0\u00a0\u00a0\u00a0\u00a0\u00a0\u00a0\u00a0 Moldawien<br \/>\n9 Juli\u00a0\u00a0\u00a0\u00a0\u00a0\u00a0\u00a0\u00a0\u00a0\u00a0\u00a0\u00a0\u00a0\u00a0\u00a0\u00a0\u00a0\u00a0\u00a0\u00a0\u00a0\u00a0\u00a0\u00a0\u00a0\u00a0\u00a0\u00a0\u00a0\u00a0\u00a0\u00a0 Rum\u00e4nien<\/li>\n<li><\/li>\n<\/ol>\n","protected":false},"excerpt":{"rendered":"<p>Der Julius Meinl Barista Cup kehrt 2026 zur\u00fcck und bringt talentierte Baristas aus aller Welt zusammen, um Handwerkskunst, Kreativit\u00e4t und&#8230;<\/p>\n","protected":false},"author":5,"featured_media":82252,"comment_status":"closed","ping_status":"closed","sticky":false,"template":"","format":"standard","meta":[],"categories":[556],"tags":[4464,3456,4463,3353,2598],"acf":[],"yoast_head":"<!-- This site is optimized with the Yoast SEO plugin v21.5 - https:\/\/yoast.com\/wordpress\/plugins\/seo\/ -->\n<title>Latest update about Rancilio Specialty RS1 sponsert Julius Meinl Barista Cup 2026 - Rancilio Group<\/title>\n<meta name=\"description\" content=\"Read Rancilio Group&#039;s latest news about Rancilio Specialty RS1 sponsert Julius Meinl Barista Cup 2026\" \/>\n<meta name=\"robots\" content=\"index, follow, max-snippet:-1, max-image-preview:large, max-video-preview:-1\" \/>\n<link rel=\"canonical\" href=\"https:\/\/www.ranciliogroup.com\/de\/rancilio-specialty-rs1-sponsert-julius-meinl-barista-cup-2026\/\" \/>\n<meta property=\"og:locale\" content=\"de_DE\" \/>\n<meta property=\"og:type\" content=\"article\" \/>\n<meta property=\"og:title\" content=\"Latest update about Rancilio Specialty RS1 sponsert Julius Meinl Barista Cup 2026 - Rancilio Group\" \/>\n<meta property=\"og:description\" content=\"Read Rancilio Group&#039;s latest news about Rancilio Specialty RS1 sponsert Julius Meinl Barista Cup 2026\" \/>\n<meta property=\"og:url\" content=\"https:\/\/www.ranciliogroup.com\/de\/rancilio-specialty-rs1-sponsert-julius-meinl-barista-cup-2026\/\" \/>\n<meta property=\"og:site_name\" content=\"Rancilio Group\" \/>\n<meta property=\"article:publisher\" content=\"https:\/\/www.facebook.com\/RancilioGroup\" \/>\n<meta property=\"article:published_time\" content=\"2026-03-12T10:13:18+00:00\" \/>\n<meta property=\"og:image\" content=\"https:\/\/www.ranciliogroup.com\/app\/uploads\/2026\/03\/JM_Barista_Cup_RS_RS1.jpg\" \/>\n\t<meta property=\"og:image:width\" content=\"1920\" \/>\n\t<meta property=\"og:image:height\" content=\"1080\" \/>\n\t<meta property=\"og:image:type\" content=\"image\/jpeg\" \/>\n<meta name=\"author\" content=\"temp circular\" \/>\n<meta name=\"twitter:card\" content=\"summary_large_image\" \/>\n<meta name=\"twitter:creator\" content=\"@ranciliogroup\" \/>\n<meta name=\"twitter:site\" content=\"@ranciliogroup\" \/>\n<meta name=\"twitter:label1\" content=\"Written by\" \/>\n\t<meta name=\"twitter:data1\" content=\"temp circular\" \/>\n\t<meta name=\"twitter:label2\" content=\"Est. reading time\" \/>\n\t<meta name=\"twitter:data2\" content=\"2 minutes\" \/>\n<script type=\"application\/ld+json\" class=\"yoast-schema-graph\">{\"@context\":\"https:\/\/schema.org\",\"@graph\":[{\"@type\":\"Article\",\"@id\":\"https:\/\/www.ranciliogroup.com\/de\/rancilio-specialty-rs1-sponsert-julius-meinl-barista-cup-2026\/#article\",\"isPartOf\":{\"@id\":\"https:\/\/www.ranciliogroup.com\/de\/rancilio-specialty-rs1-sponsert-julius-meinl-barista-cup-2026\/\"},\"author\":{\"name\":\"temp circular\",\"@id\":\"https:\/\/www.ranciliogroup.com\/de\/#\/schema\/person\/d6bf0a7dfe74cded3d64da8b2c92814c\"},\"headline\":\"Rancilio Specialty RS1 sponsert Julius Meinl Barista Cup 2026\",\"datePublished\":\"2026-03-12T10:13:18+00:00\",\"dateModified\":\"2026-03-12T10:13:18+00:00\",\"mainEntityOfPage\":{\"@id\":\"https:\/\/www.ranciliogroup.com\/de\/rancilio-specialty-rs1-sponsert-julius-meinl-barista-cup-2026\/\"},\"wordCount\":261,\"publisher\":{\"@id\":\"https:\/\/www.ranciliogroup.com\/de\/#organization\"},\"keywords\":[\"Advanced Temperature Prifiling\",\"Julius Meinl\",\"Julius Meinl Barista Cup\",\"RS1\",\"RS1\"],\"articleSection\":[\"VERANSTALTUNGEN\"],\"inLanguage\":\"de-DE\"},{\"@type\":\"WebPage\",\"@id\":\"https:\/\/www.ranciliogroup.com\/de\/rancilio-specialty-rs1-sponsert-julius-meinl-barista-cup-2026\/\",\"url\":\"https:\/\/www.ranciliogroup.com\/de\/rancilio-specialty-rs1-sponsert-julius-meinl-barista-cup-2026\/\",\"name\":\"Latest update about Rancilio Specialty RS1 sponsert Julius Meinl Barista Cup 2026 - Rancilio Group\",\"isPartOf\":{\"@id\":\"https:\/\/www.ranciliogroup.com\/de\/#website\"},\"datePublished\":\"2026-03-12T10:13:18+00:00\",\"dateModified\":\"2026-03-12T10:13:18+00:00\",\"description\":\"Read Rancilio Group's latest news about Rancilio Specialty RS1 sponsert Julius Meinl Barista Cup 2026\",\"breadcrumb\":{\"@id\":\"https:\/\/www.ranciliogroup.com\/de\/rancilio-specialty-rs1-sponsert-julius-meinl-barista-cup-2026\/#breadcrumb\"},\"inLanguage\":\"de-DE\",\"potentialAction\":[{\"@type\":\"ReadAction\",\"target\":[\"https:\/\/www.ranciliogroup.com\/de\/rancilio-specialty-rs1-sponsert-julius-meinl-barista-cup-2026\/\"]}]},{\"@type\":\"BreadcrumbList\",\"@id\":\"https:\/\/www.ranciliogroup.com\/de\/rancilio-specialty-rs1-sponsert-julius-meinl-barista-cup-2026\/#breadcrumb\",\"itemListElement\":[{\"@type\":\"ListItem\",\"position\":1,\"name\":\"Home\",\"item\":\"https:\/\/www.ranciliogroup.com\/de\/\"},{\"@type\":\"ListItem\",\"position\":2,\"name\":\"Rancilio Specialty RS1 sponsert Julius Meinl Barista Cup 2026\"}]},{\"@type\":\"WebSite\",\"@id\":\"https:\/\/www.ranciliogroup.com\/de\/#website\",\"url\":\"https:\/\/www.ranciliogroup.com\/de\/\",\"name\":\"Rancilio Group\",\"description\":\"Professionelle Kaffeemaschinen Leader\",\"publisher\":{\"@id\":\"https:\/\/www.ranciliogroup.com\/de\/#organization\"},\"potentialAction\":[{\"@type\":\"SearchAction\",\"target\":{\"@type\":\"EntryPoint\",\"urlTemplate\":\"https:\/\/www.ranciliogroup.com\/de\/?s={search_term_string}\"},\"query-input\":\"required name=search_term_string\"}],\"inLanguage\":\"de-DE\"},{\"@type\":\"Organization\",\"@id\":\"https:\/\/www.ranciliogroup.com\/de\/#organization\",\"name\":\"Rancilio Group\",\"url\":\"https:\/\/www.ranciliogroup.com\/de\/\",\"logo\":{\"@type\":\"ImageObject\",\"inLanguage\":\"de-DE\",\"@id\":\"https:\/\/www.ranciliogroup.com\/de\/#\/schema\/logo\/image\/\",\"url\":\"https:\/\/www.ranciliogroup.com\/app\/uploads\/2019\/07\/rancilio_black_logo.png\",\"contentUrl\":\"https:\/\/www.ranciliogroup.com\/app\/uploads\/2019\/07\/rancilio_black_logo.png\",\"width\":447,\"height\":57,\"caption\":\"Rancilio Group\"},\"image\":{\"@id\":\"https:\/\/www.ranciliogroup.com\/de\/#\/schema\/logo\/image\/\"},\"sameAs\":[\"https:\/\/www.facebook.com\/RancilioGroup\",\"https:\/\/twitter.com\/ranciliogroup\",\"https:\/\/www.instagram.com\/rancilio_official\/\",\"https:\/\/www.linkedin.com\/company\/ranciliogroup\/\",\"https:\/\/www.youtube.com\/user\/rancilioadmin\"]},{\"@type\":\"Person\",\"@id\":\"https:\/\/www.ranciliogroup.com\/de\/#\/schema\/person\/d6bf0a7dfe74cded3d64da8b2c92814c\",\"name\":\"temp circular\",\"image\":{\"@type\":\"ImageObject\",\"inLanguage\":\"de-DE\",\"@id\":\"https:\/\/www.ranciliogroup.com\/de\/#\/schema\/person\/image\/\",\"url\":\"https:\/\/secure.gravatar.com\/avatar\/569e71c3b97b8bcad1854d6579b35c5f?s=96&d=mm&r=g\",\"contentUrl\":\"https:\/\/secure.gravatar.com\/avatar\/569e71c3b97b8bcad1854d6579b35c5f?s=96&d=mm&r=g\",\"caption\":\"temp circular\"}}]}<\/script>\n<!-- \/ Yoast SEO plugin. -->","yoast_head_json":{"title":"Latest update about Rancilio Specialty RS1 sponsert Julius Meinl Barista Cup 2026 - Rancilio Group","description":"Read Rancilio Group's latest news about Rancilio Specialty RS1 sponsert Julius Meinl Barista Cup 2026","robots":{"index":"index","follow":"follow","max-snippet":"max-snippet:-1","max-image-preview":"max-image-preview:large","max-video-preview":"max-video-preview:-1"},"canonical":"https:\/\/www.ranciliogroup.com\/de\/rancilio-specialty-rs1-sponsert-julius-meinl-barista-cup-2026\/","og_locale":"de_DE","og_type":"article","og_title":"Latest update about Rancilio Specialty RS1 sponsert Julius Meinl Barista Cup 2026 - Rancilio Group","og_description":"Read Rancilio Group's latest news about Rancilio Specialty RS1 sponsert Julius Meinl Barista Cup 2026","og_url":"https:\/\/www.ranciliogroup.com\/de\/rancilio-specialty-rs1-sponsert-julius-meinl-barista-cup-2026\/","og_site_name":"Rancilio Group","article_publisher":"https:\/\/www.facebook.com\/RancilioGroup","article_published_time":"2026-03-12T10:13:18+00:00","og_image":[{"width":1920,"height":1080,"url":"https:\/\/www.ranciliogroup.com\/app\/uploads\/2026\/03\/JM_Barista_Cup_RS_RS1.jpg","type":"image\/jpeg"}],"author":"temp circular","twitter_card":"summary_large_image","twitter_creator":"@ranciliogroup","twitter_site":"@ranciliogroup","twitter_misc":{"Written by":"temp circular","Est. reading time":"2 minutes"},"schema":{"@context":"https:\/\/schema.org","@graph":[{"@type":"Article","@id":"https:\/\/www.ranciliogroup.com\/de\/rancilio-specialty-rs1-sponsert-julius-meinl-barista-cup-2026\/#article","isPartOf":{"@id":"https:\/\/www.ranciliogroup.com\/de\/rancilio-specialty-rs1-sponsert-julius-meinl-barista-cup-2026\/"},"author":{"name":"temp circular","@id":"https:\/\/www.ranciliogroup.com\/de\/#\/schema\/person\/d6bf0a7dfe74cded3d64da8b2c92814c"},"headline":"Rancilio Specialty RS1 sponsert Julius Meinl Barista Cup 2026","datePublished":"2026-03-12T10:13:18+00:00","dateModified":"2026-03-12T10:13:18+00:00","mainEntityOfPage":{"@id":"https:\/\/www.ranciliogroup.com\/de\/rancilio-specialty-rs1-sponsert-julius-meinl-barista-cup-2026\/"},"wordCount":261,"publisher":{"@id":"https:\/\/www.ranciliogroup.com\/de\/#organization"},"keywords":["Advanced Temperature Prifiling","Julius Meinl","Julius Meinl Barista Cup","RS1","RS1"],"articleSection":["VERANSTALTUNGEN"],"inLanguage":"de-DE"},{"@type":"WebPage","@id":"https:\/\/www.ranciliogroup.com\/de\/rancilio-specialty-rs1-sponsert-julius-meinl-barista-cup-2026\/","url":"https:\/\/www.ranciliogroup.com\/de\/rancilio-specialty-rs1-sponsert-julius-meinl-barista-cup-2026\/","name":"Latest update about Rancilio Specialty RS1 sponsert Julius Meinl Barista Cup 2026 - Rancilio Group","isPartOf":{"@id":"https:\/\/www.ranciliogroup.com\/de\/#website"},"datePublished":"2026-03-12T10:13:18+00:00","dateModified":"2026-03-12T10:13:18+00:00","description":"Read Rancilio Group's latest news about Rancilio Specialty RS1 sponsert Julius Meinl Barista Cup 2026","breadcrumb":{"@id":"https:\/\/www.ranciliogroup.com\/de\/rancilio-specialty-rs1-sponsert-julius-meinl-barista-cup-2026\/#breadcrumb"},"inLanguage":"de-DE","potentialAction":[{"@type":"ReadAction","target":["https:\/\/www.ranciliogroup.com\/de\/rancilio-specialty-rs1-sponsert-julius-meinl-barista-cup-2026\/"]}]},{"@type":"BreadcrumbList","@id":"https:\/\/www.ranciliogroup.com\/de\/rancilio-specialty-rs1-sponsert-julius-meinl-barista-cup-2026\/#breadcrumb","itemListElement":[{"@type":"ListItem","position":1,"name":"Home","item":"https:\/\/www.ranciliogroup.com\/de\/"},{"@type":"ListItem","position":2,"name":"Rancilio Specialty RS1 sponsert Julius Meinl Barista Cup 2026"}]},{"@type":"WebSite","@id":"https:\/\/www.ranciliogroup.com\/de\/#website","url":"https:\/\/www.ranciliogroup.com\/de\/","name":"Rancilio Group","description":"Professionelle Kaffeemaschinen Leader","publisher":{"@id":"https:\/\/www.ranciliogroup.com\/de\/#organization"},"potentialAction":[{"@type":"SearchAction","target":{"@type":"EntryPoint","urlTemplate":"https:\/\/www.ranciliogroup.com\/de\/?s={search_term_string}"},"query-input":"required name=search_term_string"}],"inLanguage":"de-DE"},{"@type":"Organization","@id":"https:\/\/www.ranciliogroup.com\/de\/#organization","name":"Rancilio Group","url":"https:\/\/www.ranciliogroup.com\/de\/","logo":{"@type":"ImageObject","inLanguage":"de-DE","@id":"https:\/\/www.ranciliogroup.com\/de\/#\/schema\/logo\/image\/","url":"https:\/\/www.ranciliogroup.com\/app\/uploads\/2019\/07\/rancilio_black_logo.png","contentUrl":"https:\/\/www.ranciliogroup.com\/app\/uploads\/2019\/07\/rancilio_black_logo.png","width":447,"height":57,"caption":"Rancilio Group"},"image":{"@id":"https:\/\/www.ranciliogroup.com\/de\/#\/schema\/logo\/image\/"},"sameAs":["https:\/\/www.facebook.com\/RancilioGroup","https:\/\/twitter.com\/ranciliogroup","https:\/\/www.instagram.com\/rancilio_official\/","https:\/\/www.linkedin.com\/company\/ranciliogroup\/","https:\/\/www.youtube.com\/user\/rancilioadmin"]},{"@type":"Person","@id":"https:\/\/www.ranciliogroup.com\/de\/#\/schema\/person\/d6bf0a7dfe74cded3d64da8b2c92814c","name":"temp circular","image":{"@type":"ImageObject","inLanguage":"de-DE","@id":"https:\/\/www.ranciliogroup.com\/de\/#\/schema\/person\/image\/","url":"https:\/\/secure.gravatar.com\/avatar\/569e71c3b97b8bcad1854d6579b35c5f?s=96&d=mm&r=g","contentUrl":"https:\/\/secure.gravatar.com\/avatar\/569e71c3b97b8bcad1854d6579b35c5f?s=96&d=mm&r=g","caption":"temp circular"}}]}},"_links":{"self":[{"href":"https:\/\/www.ranciliogroup.com\/de\/wp-json\/wp\/v2\/posts\/82262"}],"collection":[{"href":"https:\/\/www.ranciliogroup.com\/de\/wp-json\/wp\/v2\/posts"}],"about":[{"href":"https:\/\/www.ranciliogroup.com\/de\/wp-json\/wp\/v2\/types\/post"}],"author":[{"embeddable":true,"href":"https:\/\/www.ranciliogroup.com\/de\/wp-json\/wp\/v2\/users\/5"}],"replies":[{"embeddable":true,"href":"https:\/\/www.ranciliogroup.com\/de\/wp-json\/wp\/v2\/comments?post=82262"}],"version-history":[{"count":2,"href":"https:\/\/www.ranciliogroup.com\/de\/wp-json\/wp\/v2\/posts\/82262\/revisions"}],"predecessor-version":[{"id":82264,"href":"https:\/\/www.ranciliogroup.com\/de\/wp-json\/wp\/v2\/posts\/82262\/revisions\/82264"}],"wp:featuredmedia":[{"embeddable":true,"href":"https:\/\/www.ranciliogroup.com\/de\/wp-json\/wp\/v2\/media\/82252"}],"wp:attachment":[{"href":"https:\/\/www.ranciliogroup.com\/de\/wp-json\/wp\/v2\/media?parent=82262"}],"wp:term":[{"taxonomy":"category","embeddable":true,"href":"https:\/\/www.ranciliogroup.com\/de\/wp-json\/wp\/v2\/categories?post=82262"},{"taxonomy":"post_tag","embeddable":true,"href":"https:\/\/www.ranciliogroup.com\/de\/wp-json\/wp\/v2\/tags?post=82262"}],"curies":[{"name":"wp","href":"https:\/\/api.w.org\/{rel}","templated":true}]}}