{"id":82290,"date":"2026-03-12T12:55:07","date_gmt":"2026-03-12T11:55:07","guid":{"rendered":"https:\/\/www.ranciliogroup.com\/?p=82290"},"modified":"2026-03-12T12:55:07","modified_gmt":"2026-03-12T11:55:07","slug":"rancilio-specialty-kehrt-fuer-die-barista-league-europe-nach-prag-zurueck","status":"publish","type":"post","link":"https:\/\/www.ranciliogroup.com\/de\/rancilio-specialty-kehrt-fuer-die-barista-league-europe-nach-prag-zurueck\/","title":{"rendered":"Rancilio Specialty kehrt f\u00fcr die Barista League:  Europe nach Prag zur\u00fcck"},"content":{"rendered":"<p>Rancilio Specialty bereitet sich auf eine Reihe neuer Kaffee-Herausforderungen bei der Barista League 2026:\u00a0 Europe vor, die am <strong>28. M\u00e4rz<\/strong> im historischen und charmanten Gabriel Loci in Prag stattfindet.<\/p>\n<p>Unterst\u00fctzt durch die fortschrittliche Technologie der <strong>Rancilio Specialty Invicta<\/strong> werden 6 Teams talentierter Baristas den Wettbewerb auf ein ganz neues Niveau heben und G\u00e4sten und Juroren ein unvergessliches Kaffeeerlebnis bieten.<\/p>\n<p>Die neue Saison der Barista League basiert auf drei S\u00e4ulen \u2013 Konzept, Service und Produkt \u2013 und stellt die Teilnehmer vor Herausforderungen, die \u00fcber die reine Getr\u00e4nkezubereitung hinausgehen. Die Juroren bewerten Erlebnisdesign, Storytelling und Servicestil und f\u00fchren das Publikum durch eine multisensorische Kaffeereise.<\/p>\n<p>Am Stand von Rancilio Specialty wird die <strong>Rancilio Specialty RS1<\/strong> die Besucher begr\u00fc\u00dfen. Dort k\u00f6nnen die G\u00e4ste ihr Kaffeewissen und ihre sensorischen F\u00e4higkeiten beim Spiel \u201e<strong><em>Guess the Temperature Profile<\/em>\u201d<\/strong> (Errate das Temperaturprofil) testen. Das Spiel pr\u00e4sentiert die hochmoderne Advanced Temperature Profiling-Technologie der RS1 und bietet den Teilnehmern die M\u00f6glichkeit, ihr K\u00f6nnen unter Beweis zu stellen und ein besonderes Souvenir zu gewinnen.<\/p>\n<p>Mit Branchenf\u00fchrern, Wettbewerbern und Kaffee-Enthusiasten aus ganz Europa verspricht der Wettbewerb 2026 \u2013 der sowohl live als auch online verfolgt werden kann \u2013 spannende neue Highlights, gepaart mit der f\u00fcr die Barista League typischen Community-Atmosph\u00e4re mit Musik, Essen, Getr\u00e4nken und spannenden Spielen.<\/p>\n<p>&nbsp;<\/p>\n<p>&nbsp;<\/p>\n<p><strong>The Barista League: Europe<\/strong><\/p>\n<ol start=\"28\">\n<li>M\u00e4rz 2026<\/li>\n<\/ol>\n<p>Ab 16 Uhr<br \/>\n<a href=\"https:\/\/maps.app.goo.gl\/dbpDoJxhEetqDxnd7\">Gabriel Loci<\/a><br \/>\nHole\u010dkova 106\/10, 150 00<br \/>\n5-Sm\u00edchov, Prag, Tschechische Republik<\/p>\n<p>&nbsp;<\/p>\n","protected":false},"excerpt":{"rendered":"<p>Rancilio Specialty bereitet sich auf eine Reihe neuer Kaffee-Herausforderungen bei der Barista League 2026:\u00a0 Europe vor, die am 28. M\u00e4rz&#8230;<\/p>\n","protected":false},"author":5,"featured_media":82283,"comment_status":"closed","ping_status":"closed","sticky":false,"template":"","format":"standard","meta":[],"categories":[556],"tags":[3352,2600,2627,4002,2598,3110],"acf":[],"yoast_head":"<!-- This site is optimized with the Yoast SEO plugin v21.5 - https:\/\/yoast.com\/wordpress\/plugins\/seo\/ -->\n<title>Latest update about Rancilio Specialty kehrt f\u00fcr die Barista League: Europe nach Prag zur\u00fcck - Rancilio Group<\/title>\n<meta name=\"description\" content=\"Read Rancilio Group&#039;s latest news about Rancilio Specialty kehrt f\u00fcr die Barista League: Europe nach Prag zur\u00fcck\" \/>\n<meta name=\"robots\" content=\"index, follow, max-snippet:-1, max-image-preview:large, max-video-preview:-1\" \/>\n<link rel=\"canonical\" href=\"https:\/\/www.ranciliogroup.com\/de\/rancilio-specialty-kehrt-fuer-die-barista-league-europe-nach-prag-zurueck\/\" \/>\n<meta property=\"og:locale\" content=\"de_DE\" \/>\n<meta property=\"og:type\" content=\"article\" \/>\n<meta property=\"og:title\" content=\"Latest update about Rancilio Specialty kehrt f\u00fcr die Barista League: Europe nach Prag zur\u00fcck - Rancilio Group\" \/>\n<meta property=\"og:description\" content=\"Read Rancilio Group&#039;s latest news about Rancilio Specialty kehrt f\u00fcr die Barista League: Europe nach Prag zur\u00fcck\" \/>\n<meta property=\"og:url\" content=\"https:\/\/www.ranciliogroup.com\/de\/rancilio-specialty-kehrt-fuer-die-barista-league-europe-nach-prag-zurueck\/\" \/>\n<meta property=\"og:site_name\" content=\"Rancilio Group\" \/>\n<meta property=\"article:publisher\" content=\"https:\/\/www.facebook.com\/RancilioGroup\" \/>\n<meta property=\"article:published_time\" content=\"2026-03-12T11:55:07+00:00\" \/>\n<meta property=\"og:image\" content=\"https:\/\/www.ranciliogroup.com\/app\/uploads\/2026\/03\/RS1_TBL_PRAGUE_2025-1024x683.jpg\" \/>\n\t<meta property=\"og:image:width\" content=\"1024\" \/>\n\t<meta property=\"og:image:height\" content=\"683\" \/>\n\t<meta property=\"og:image:type\" content=\"image\/jpeg\" \/>\n<meta name=\"author\" content=\"temp circular\" \/>\n<meta name=\"twitter:card\" content=\"summary_large_image\" \/>\n<meta name=\"twitter:creator\" content=\"@ranciliogroup\" \/>\n<meta name=\"twitter:site\" content=\"@ranciliogroup\" \/>\n<meta name=\"twitter:label1\" content=\"Written by\" \/>\n\t<meta name=\"twitter:data1\" content=\"temp circular\" \/>\n\t<meta name=\"twitter:label2\" content=\"Est. reading time\" \/>\n\t<meta name=\"twitter:data2\" content=\"1 minute\" \/>\n<script type=\"application\/ld+json\" class=\"yoast-schema-graph\">{\"@context\":\"https:\/\/schema.org\",\"@graph\":[{\"@type\":\"Article\",\"@id\":\"https:\/\/www.ranciliogroup.com\/de\/rancilio-specialty-kehrt-fuer-die-barista-league-europe-nach-prag-zurueck\/#article\",\"isPartOf\":{\"@id\":\"https:\/\/www.ranciliogroup.com\/de\/rancilio-specialty-kehrt-fuer-die-barista-league-europe-nach-prag-zurueck\/\"},\"author\":{\"name\":\"temp circular\",\"@id\":\"https:\/\/www.ranciliogroup.com\/de\/#\/schema\/person\/d6bf0a7dfe74cded3d64da8b2c92814c\"},\"headline\":\"Rancilio Specialty kehrt f\u00fcr die Barista League: Europe nach Prag zur\u00fcck\",\"datePublished\":\"2026-03-12T11:55:07+00:00\",\"dateModified\":\"2026-03-12T11:55:07+00:00\",\"mainEntityOfPage\":{\"@id\":\"https:\/\/www.ranciliogroup.com\/de\/rancilio-specialty-kehrt-fuer-die-barista-league-europe-nach-prag-zurueck\/\"},\"wordCount\":247,\"publisher\":{\"@id\":\"https:\/\/www.ranciliogroup.com\/de\/#organization\"},\"keywords\":[\"Advanced Temperature Profiling\",\"Barista League\",\"Invicta\",\"Prague\",\"RS1\",\"Steady Brew\"],\"articleSection\":[\"VERANSTALTUNGEN\"],\"inLanguage\":\"de-DE\"},{\"@type\":\"WebPage\",\"@id\":\"https:\/\/www.ranciliogroup.com\/de\/rancilio-specialty-kehrt-fuer-die-barista-league-europe-nach-prag-zurueck\/\",\"url\":\"https:\/\/www.ranciliogroup.com\/de\/rancilio-specialty-kehrt-fuer-die-barista-league-europe-nach-prag-zurueck\/\",\"name\":\"Latest update about Rancilio Specialty kehrt f\u00fcr die Barista League: Europe nach Prag zur\u00fcck - Rancilio Group\",\"isPartOf\":{\"@id\":\"https:\/\/www.ranciliogroup.com\/de\/#website\"},\"datePublished\":\"2026-03-12T11:55:07+00:00\",\"dateModified\":\"2026-03-12T11:55:07+00:00\",\"description\":\"Read Rancilio Group's latest news about Rancilio Specialty kehrt f\u00fcr die Barista League: Europe nach Prag zur\u00fcck\",\"breadcrumb\":{\"@id\":\"https:\/\/www.ranciliogroup.com\/de\/rancilio-specialty-kehrt-fuer-die-barista-league-europe-nach-prag-zurueck\/#breadcrumb\"},\"inLanguage\":\"de-DE\",\"potentialAction\":[{\"@type\":\"ReadAction\",\"target\":[\"https:\/\/www.ranciliogroup.com\/de\/rancilio-specialty-kehrt-fuer-die-barista-league-europe-nach-prag-zurueck\/\"]}]},{\"@type\":\"BreadcrumbList\",\"@id\":\"https:\/\/www.ranciliogroup.com\/de\/rancilio-specialty-kehrt-fuer-die-barista-league-europe-nach-prag-zurueck\/#breadcrumb\",\"itemListElement\":[{\"@type\":\"ListItem\",\"position\":1,\"name\":\"Home\",\"item\":\"https:\/\/www.ranciliogroup.com\/de\/\"},{\"@type\":\"ListItem\",\"position\":2,\"name\":\"Rancilio Specialty kehrt f\u00fcr die Barista League: Europe nach Prag zur\u00fcck\"}]},{\"@type\":\"WebSite\",\"@id\":\"https:\/\/www.ranciliogroup.com\/de\/#website\",\"url\":\"https:\/\/www.ranciliogroup.com\/de\/\",\"name\":\"Rancilio Group\",\"description\":\"Professionelle Kaffeemaschinen Leader\",\"publisher\":{\"@id\":\"https:\/\/www.ranciliogroup.com\/de\/#organization\"},\"potentialAction\":[{\"@type\":\"SearchAction\",\"target\":{\"@type\":\"EntryPoint\",\"urlTemplate\":\"https:\/\/www.ranciliogroup.com\/de\/?s={search_term_string}\"},\"query-input\":\"required name=search_term_string\"}],\"inLanguage\":\"de-DE\"},{\"@type\":\"Organization\",\"@id\":\"https:\/\/www.ranciliogroup.com\/de\/#organization\",\"name\":\"Rancilio Group\",\"url\":\"https:\/\/www.ranciliogroup.com\/de\/\",\"logo\":{\"@type\":\"ImageObject\",\"inLanguage\":\"de-DE\",\"@id\":\"https:\/\/www.ranciliogroup.com\/de\/#\/schema\/logo\/image\/\",\"url\":\"https:\/\/www.ranciliogroup.com\/app\/uploads\/2019\/07\/rancilio_black_logo.png\",\"contentUrl\":\"https:\/\/www.ranciliogroup.com\/app\/uploads\/2019\/07\/rancilio_black_logo.png\",\"width\":447,\"height\":57,\"caption\":\"Rancilio Group\"},\"image\":{\"@id\":\"https:\/\/www.ranciliogroup.com\/de\/#\/schema\/logo\/image\/\"},\"sameAs\":[\"https:\/\/www.facebook.com\/RancilioGroup\",\"https:\/\/twitter.com\/ranciliogroup\",\"https:\/\/www.instagram.com\/rancilio_official\/\",\"https:\/\/www.linkedin.com\/company\/ranciliogroup\/\",\"https:\/\/www.youtube.com\/user\/rancilioadmin\"]},{\"@type\":\"Person\",\"@id\":\"https:\/\/www.ranciliogroup.com\/de\/#\/schema\/person\/d6bf0a7dfe74cded3d64da8b2c92814c\",\"name\":\"temp circular\",\"image\":{\"@type\":\"ImageObject\",\"inLanguage\":\"de-DE\",\"@id\":\"https:\/\/www.ranciliogroup.com\/de\/#\/schema\/person\/image\/\",\"url\":\"https:\/\/secure.gravatar.com\/avatar\/569e71c3b97b8bcad1854d6579b35c5f?s=96&d=mm&r=g\",\"contentUrl\":\"https:\/\/secure.gravatar.com\/avatar\/569e71c3b97b8bcad1854d6579b35c5f?s=96&d=mm&r=g\",\"caption\":\"temp circular\"}}]}<\/script>\n<!-- \/ Yoast SEO plugin. -->","yoast_head_json":{"title":"Latest update about Rancilio Specialty kehrt f\u00fcr die Barista League: Europe nach Prag zur\u00fcck - Rancilio Group","description":"Read Rancilio Group's latest news about Rancilio Specialty kehrt f\u00fcr die Barista League: Europe nach Prag zur\u00fcck","robots":{"index":"index","follow":"follow","max-snippet":"max-snippet:-1","max-image-preview":"max-image-preview:large","max-video-preview":"max-video-preview:-1"},"canonical":"https:\/\/www.ranciliogroup.com\/de\/rancilio-specialty-kehrt-fuer-die-barista-league-europe-nach-prag-zurueck\/","og_locale":"de_DE","og_type":"article","og_title":"Latest update about Rancilio Specialty kehrt f\u00fcr die Barista League: Europe nach Prag zur\u00fcck - Rancilio Group","og_description":"Read Rancilio Group's latest news about Rancilio Specialty kehrt f\u00fcr die Barista League: Europe nach Prag zur\u00fcck","og_url":"https:\/\/www.ranciliogroup.com\/de\/rancilio-specialty-kehrt-fuer-die-barista-league-europe-nach-prag-zurueck\/","og_site_name":"Rancilio Group","article_publisher":"https:\/\/www.facebook.com\/RancilioGroup","article_published_time":"2026-03-12T11:55:07+00:00","og_image":[{"width":1024,"height":683,"url":"https:\/\/www.ranciliogroup.com\/app\/uploads\/2026\/03\/RS1_TBL_PRAGUE_2025-1024x683.jpg","type":"image\/jpeg"}],"author":"temp circular","twitter_card":"summary_large_image","twitter_creator":"@ranciliogroup","twitter_site":"@ranciliogroup","twitter_misc":{"Written by":"temp circular","Est. reading time":"1 minute"},"schema":{"@context":"https:\/\/schema.org","@graph":[{"@type":"Article","@id":"https:\/\/www.ranciliogroup.com\/de\/rancilio-specialty-kehrt-fuer-die-barista-league-europe-nach-prag-zurueck\/#article","isPartOf":{"@id":"https:\/\/www.ranciliogroup.com\/de\/rancilio-specialty-kehrt-fuer-die-barista-league-europe-nach-prag-zurueck\/"},"author":{"name":"temp circular","@id":"https:\/\/www.ranciliogroup.com\/de\/#\/schema\/person\/d6bf0a7dfe74cded3d64da8b2c92814c"},"headline":"Rancilio Specialty kehrt f\u00fcr die Barista League: Europe nach Prag zur\u00fcck","datePublished":"2026-03-12T11:55:07+00:00","dateModified":"2026-03-12T11:55:07+00:00","mainEntityOfPage":{"@id":"https:\/\/www.ranciliogroup.com\/de\/rancilio-specialty-kehrt-fuer-die-barista-league-europe-nach-prag-zurueck\/"},"wordCount":247,"publisher":{"@id":"https:\/\/www.ranciliogroup.com\/de\/#organization"},"keywords":["Advanced Temperature Profiling","Barista League","Invicta","Prague","RS1","Steady Brew"],"articleSection":["VERANSTALTUNGEN"],"inLanguage":"de-DE"},{"@type":"WebPage","@id":"https:\/\/www.ranciliogroup.com\/de\/rancilio-specialty-kehrt-fuer-die-barista-league-europe-nach-prag-zurueck\/","url":"https:\/\/www.ranciliogroup.com\/de\/rancilio-specialty-kehrt-fuer-die-barista-league-europe-nach-prag-zurueck\/","name":"Latest update about Rancilio Specialty kehrt f\u00fcr die Barista League: Europe nach Prag zur\u00fcck - Rancilio Group","isPartOf":{"@id":"https:\/\/www.ranciliogroup.com\/de\/#website"},"datePublished":"2026-03-12T11:55:07+00:00","dateModified":"2026-03-12T11:55:07+00:00","description":"Read Rancilio Group's latest news about Rancilio Specialty kehrt f\u00fcr die Barista League: Europe nach Prag zur\u00fcck","breadcrumb":{"@id":"https:\/\/www.ranciliogroup.com\/de\/rancilio-specialty-kehrt-fuer-die-barista-league-europe-nach-prag-zurueck\/#breadcrumb"},"inLanguage":"de-DE","potentialAction":[{"@type":"ReadAction","target":["https:\/\/www.ranciliogroup.com\/de\/rancilio-specialty-kehrt-fuer-die-barista-league-europe-nach-prag-zurueck\/"]}]},{"@type":"BreadcrumbList","@id":"https:\/\/www.ranciliogroup.com\/de\/rancilio-specialty-kehrt-fuer-die-barista-league-europe-nach-prag-zurueck\/#breadcrumb","itemListElement":[{"@type":"ListItem","position":1,"name":"Home","item":"https:\/\/www.ranciliogroup.com\/de\/"},{"@type":"ListItem","position":2,"name":"Rancilio Specialty kehrt f\u00fcr die Barista League: Europe nach Prag zur\u00fcck"}]},{"@type":"WebSite","@id":"https:\/\/www.ranciliogroup.com\/de\/#website","url":"https:\/\/www.ranciliogroup.com\/de\/","name":"Rancilio Group","description":"Professionelle Kaffeemaschinen Leader","publisher":{"@id":"https:\/\/www.ranciliogroup.com\/de\/#organization"},"potentialAction":[{"@type":"SearchAction","target":{"@type":"EntryPoint","urlTemplate":"https:\/\/www.ranciliogroup.com\/de\/?s={search_term_string}"},"query-input":"required name=search_term_string"}],"inLanguage":"de-DE"},{"@type":"Organization","@id":"https:\/\/www.ranciliogroup.com\/de\/#organization","name":"Rancilio Group","url":"https:\/\/www.ranciliogroup.com\/de\/","logo":{"@type":"ImageObject","inLanguage":"de-DE","@id":"https:\/\/www.ranciliogroup.com\/de\/#\/schema\/logo\/image\/","url":"https:\/\/www.ranciliogroup.com\/app\/uploads\/2019\/07\/rancilio_black_logo.png","contentUrl":"https:\/\/www.ranciliogroup.com\/app\/uploads\/2019\/07\/rancilio_black_logo.png","width":447,"height":57,"caption":"Rancilio Group"},"image":{"@id":"https:\/\/www.ranciliogroup.com\/de\/#\/schema\/logo\/image\/"},"sameAs":["https:\/\/www.facebook.com\/RancilioGroup","https:\/\/twitter.com\/ranciliogroup","https:\/\/www.instagram.com\/rancilio_official\/","https:\/\/www.linkedin.com\/company\/ranciliogroup\/","https:\/\/www.youtube.com\/user\/rancilioadmin"]},{"@type":"Person","@id":"https:\/\/www.ranciliogroup.com\/de\/#\/schema\/person\/d6bf0a7dfe74cded3d64da8b2c92814c","name":"temp circular","image":{"@type":"ImageObject","inLanguage":"de-DE","@id":"https:\/\/www.ranciliogroup.com\/de\/#\/schema\/person\/image\/","url":"https:\/\/secure.gravatar.com\/avatar\/569e71c3b97b8bcad1854d6579b35c5f?s=96&d=mm&r=g","contentUrl":"https:\/\/secure.gravatar.com\/avatar\/569e71c3b97b8bcad1854d6579b35c5f?s=96&d=mm&r=g","caption":"temp circular"}}]}},"_links":{"self":[{"href":"https:\/\/www.ranciliogroup.com\/de\/wp-json\/wp\/v2\/posts\/82290"}],"collection":[{"href":"https:\/\/www.ranciliogroup.com\/de\/wp-json\/wp\/v2\/posts"}],"about":[{"href":"https:\/\/www.ranciliogroup.com\/de\/wp-json\/wp\/v2\/types\/post"}],"author":[{"embeddable":true,"href":"https:\/\/www.ranciliogroup.com\/de\/wp-json\/wp\/v2\/users\/5"}],"replies":[{"embeddable":true,"href":"https:\/\/www.ranciliogroup.com\/de\/wp-json\/wp\/v2\/comments?post=82290"}],"version-history":[{"count":2,"href":"https:\/\/www.ranciliogroup.com\/de\/wp-json\/wp\/v2\/posts\/82290\/revisions"}],"predecessor-version":[{"id":82292,"href":"https:\/\/www.ranciliogroup.com\/de\/wp-json\/wp\/v2\/posts\/82290\/revisions\/82292"}],"wp:featuredmedia":[{"embeddable":true,"href":"https:\/\/www.ranciliogroup.com\/de\/wp-json\/wp\/v2\/media\/82283"}],"wp:attachment":[{"href":"https:\/\/www.ranciliogroup.com\/de\/wp-json\/wp\/v2\/media?parent=82290"}],"wp:term":[{"taxonomy":"category","embeddable":true,"href":"https:\/\/www.ranciliogroup.com\/de\/wp-json\/wp\/v2\/categories?post=82290"},{"taxonomy":"post_tag","embeddable":true,"href":"https:\/\/www.ranciliogroup.com\/de\/wp-json\/wp\/v2\/tags?post=82290"}],"curies":[{"name":"wp","href":"https:\/\/api.w.org\/{rel}","templated":true}]}}