{"id":83664,"date":"2026-04-28T11:43:33","date_gmt":"2026-04-28T09:43:33","guid":{"rendered":"https:\/\/www.ranciliogroup.com\/?p=83664"},"modified":"2026-04-28T11:43:33","modified_gmt":"2026-04-28T09:43:33","slug":"rancilio-rancilio-specialty-und-egro-im-mittelpunkt-beim-london-coffee-festival-2026","status":"publish","type":"post","link":"https:\/\/www.ranciliogroup.com\/de\/rancilio-rancilio-specialty-und-egro-im-mittelpunkt-beim-london-coffee-festival-2026\/","title":{"rendered":"Rancilio, Rancilio Specialty und Egro im Mittelpunkt beim London Coffee Festival 2026"},"content":{"rendered":"<p>Vom 14. bis 17. Mai findet in der Truman Brewery, dem pulsierenden Herzen der Londoner Spezialit\u00e4tenkaffee-Szene, das London Coffee Festival statt. Rancilio, Rancilio Specialty und Egro freuen sich darauf, Branchenexperten und Kaffeeliebhaber mit einem umfassenden Erlebnis zu begr\u00fc\u00dfen, bei dem Innovation und Leistung im Mittelpunkt stehen.<\/p>\n<p>Im Rampenlicht stehen die professionelle Multi-Boiler-Maschine Rancilio Specialty RS1 mit Advanced Temperature Profiling-Technologie sowie die traditionelle Ein-Boiler-Maschine Invicta \u2013 beide in einer eigens f\u00fcr diesen Anlass entworfenen Sonderfarbe.<\/p>\n<p>Rancilio pr\u00e4sentiert au\u00dferdem die neue Classe 5 Crono, die mit einem digitalen Display und integriertem Shot-Timer ausgestattet ist, um jeden Br\u00fchvorgang in Echtzeit zu \u00fcberwachen und maximale Konsistenz im Kaffee zu gew\u00e4hrleisten. Komplettiert wird das Sortiment durch die professionelle Kaffeem\u00fchle Kryo Elite sowie durch die Modelle Stile, Silvia und Silvia Pro X f\u00fcr den fortgeschrittenen Heimbarista.<\/p>\n<p>Im Egro-Bereich werden mit MoDe Pro Milk und Next NMS+ vollautomatische L\u00f6sungen vorgestellt, die sich ideal f\u00fcr stark frequentierte Standorte eignen, die eine umfangreiche Kaffeekarte und gleichbleibende Qualit\u00e4t erfordern.<\/p>\n<p>Mit Live-Vorf\u00fchrungen, Workshops, Verkostungen und Gelegenheiten zum Networking wird das London Coffee Festival zu einem wichtigen Treffpunkt, um fortschrittliche Technologien und die neuesten Trends sowohl im professionellen als auch im privaten Kaffeebereich zu entdecken.<\/p>\n<p><strong>\u00a0<\/strong><\/p>\n<p><strong>\u00a0<\/strong><\/p>\n<p><strong>The London Coffee Festival 2026 <\/strong><br \/>\n14-17. Mai 2026<br \/>\n10 bis 17 Uhr<br \/>\nStand HP10<br \/>\n<a href=\"https:\/\/www.google.com\/maps\/place\/The+Truman+Brewery\/@51.5212729,-0.0745701,17z\/data=!3m2!4b1!5s0x48761cca7ad8f109:0x76afa4b352d0a421!4m6!3m5!1s0x48761cb681c09d1b:0xffb3966176941f91!8m2!3d51.5212729!4d-0.0719898!16zL20vMDd4cTEx?authuser=0&amp;entry=ttu&amp;g_ep=EgoyMDI1MDQwMi4xIKXMDSoJLDEwMjExNDUzSAFQAw%3D%3D\">The Truman Brewery<\/a><br \/>\n91 Brick Ln, E1 6QR<br \/>\nLondon, Vereinigtes K\u00f6nigreich<\/p>\n","protected":false},"excerpt":{"rendered":"<p>Vom 14. bis 17. Mai findet in der Truman Brewery, dem pulsierenden Herzen der Londoner Spezialit\u00e4tenkaffee-Szene, das London Coffee Festival&#8230;<\/p>\n","protected":false},"author":5,"featured_media":83656,"comment_status":"closed","ping_status":"closed","sticky":false,"template":"","format":"standard","meta":[],"categories":[556],"tags":[4511,4282,4083,3153,2910,2854,2855,2738,2687,2628,2627,2598],"acf":[],"yoast_head":"<!-- This site is optimized with the Yoast SEO plugin v21.5 - https:\/\/yoast.com\/wordpress\/plugins\/seo\/ -->\n<title>Latest update about Rancilio, Rancilio Specialty und Egro im Mittelpunkt beim London Coffee Festival 2026 - Rancilio Group<\/title>\n<meta name=\"description\" content=\"Read Rancilio Group&#039;s latest news about Rancilio, Rancilio Specialty und Egro im Mittelpunkt beim London Coffee Festival 2026\" \/>\n<meta name=\"robots\" content=\"index, follow, max-snippet:-1, max-image-preview:large, max-video-preview:-1\" \/>\n<link rel=\"canonical\" href=\"https:\/\/www.ranciliogroup.com\/de\/rancilio-rancilio-specialty-und-egro-im-mittelpunkt-beim-london-coffee-festival-2026\/\" \/>\n<meta property=\"og:locale\" content=\"de_DE\" \/>\n<meta property=\"og:type\" content=\"article\" \/>\n<meta property=\"og:title\" content=\"Latest update about Rancilio, Rancilio Specialty und Egro im Mittelpunkt beim London Coffee Festival 2026 - Rancilio Group\" \/>\n<meta property=\"og:description\" content=\"Read Rancilio Group&#039;s latest news about Rancilio, Rancilio Specialty und Egro im Mittelpunkt beim London Coffee Festival 2026\" \/>\n<meta property=\"og:url\" content=\"https:\/\/www.ranciliogroup.com\/de\/rancilio-rancilio-specialty-und-egro-im-mittelpunkt-beim-london-coffee-festival-2026\/\" \/>\n<meta property=\"og:site_name\" content=\"Rancilio Group\" \/>\n<meta property=\"article:publisher\" content=\"https:\/\/www.facebook.com\/RancilioGroup\" \/>\n<meta property=\"article:published_time\" content=\"2026-04-28T09:43:33+00:00\" \/>\n<meta property=\"og:image\" content=\"https:\/\/www.ranciliogroup.com\/app\/uploads\/2026\/04\/2026_LCF_WEB.jpg\" \/>\n\t<meta property=\"og:image:width\" content=\"1920\" \/>\n\t<meta property=\"og:image:height\" content=\"1080\" \/>\n\t<meta property=\"og:image:type\" content=\"image\/jpeg\" \/>\n<meta name=\"author\" content=\"temp circular\" \/>\n<meta name=\"twitter:card\" content=\"summary_large_image\" \/>\n<meta name=\"twitter:creator\" content=\"@ranciliogroup\" \/>\n<meta name=\"twitter:site\" content=\"@ranciliogroup\" \/>\n<meta name=\"twitter:label1\" content=\"Written by\" \/>\n\t<meta name=\"twitter:data1\" content=\"temp circular\" \/>\n\t<meta name=\"twitter:label2\" content=\"Est. reading time\" \/>\n\t<meta name=\"twitter:data2\" content=\"1 minute\" \/>\n<script type=\"application\/ld+json\" class=\"yoast-schema-graph\">{\"@context\":\"https:\/\/schema.org\",\"@graph\":[{\"@type\":\"Article\",\"@id\":\"https:\/\/www.ranciliogroup.com\/de\/rancilio-rancilio-specialty-und-egro-im-mittelpunkt-beim-london-coffee-festival-2026\/#article\",\"isPartOf\":{\"@id\":\"https:\/\/www.ranciliogroup.com\/de\/rancilio-rancilio-specialty-und-egro-im-mittelpunkt-beim-london-coffee-festival-2026\/\"},\"author\":{\"name\":\"temp circular\",\"@id\":\"https:\/\/www.ranciliogroup.com\/de\/#\/schema\/person\/d6bf0a7dfe74cded3d64da8b2c92814c\"},\"headline\":\"Rancilio, Rancilio Specialty und Egro im Mittelpunkt beim London Coffee Festival 2026\",\"datePublished\":\"2026-04-28T09:43:33+00:00\",\"dateModified\":\"2026-04-28T09:43:33+00:00\",\"mainEntityOfPage\":{\"@id\":\"https:\/\/www.ranciliogroup.com\/de\/rancilio-rancilio-specialty-und-egro-im-mittelpunkt-beim-london-coffee-festival-2026\/\"},\"wordCount\":234,\"publisher\":{\"@id\":\"https:\/\/www.ranciliogroup.com\/de\/#organization\"},\"keywords\":[\"London\",\"Classe 5 Crono\",\"LCF\",\"MoDe\",\"London Coffee Festival\",\"Silvia\",\"Stile\",\"Silvia Pro X\",\"Next\",\"Kryo\",\"Invicta\",\"RS1\"],\"articleSection\":[\"VERANSTALTUNGEN\"],\"inLanguage\":\"de-DE\"},{\"@type\":\"WebPage\",\"@id\":\"https:\/\/www.ranciliogroup.com\/de\/rancilio-rancilio-specialty-und-egro-im-mittelpunkt-beim-london-coffee-festival-2026\/\",\"url\":\"https:\/\/www.ranciliogroup.com\/de\/rancilio-rancilio-specialty-und-egro-im-mittelpunkt-beim-london-coffee-festival-2026\/\",\"name\":\"Latest update about Rancilio, Rancilio Specialty und Egro im Mittelpunkt beim London Coffee Festival 2026 - Rancilio Group\",\"isPartOf\":{\"@id\":\"https:\/\/www.ranciliogroup.com\/de\/#website\"},\"datePublished\":\"2026-04-28T09:43:33+00:00\",\"dateModified\":\"2026-04-28T09:43:33+00:00\",\"description\":\"Read Rancilio Group's latest news about Rancilio, Rancilio Specialty und Egro im Mittelpunkt beim London Coffee Festival 2026\",\"breadcrumb\":{\"@id\":\"https:\/\/www.ranciliogroup.com\/de\/rancilio-rancilio-specialty-und-egro-im-mittelpunkt-beim-london-coffee-festival-2026\/#breadcrumb\"},\"inLanguage\":\"de-DE\",\"potentialAction\":[{\"@type\":\"ReadAction\",\"target\":[\"https:\/\/www.ranciliogroup.com\/de\/rancilio-rancilio-specialty-und-egro-im-mittelpunkt-beim-london-coffee-festival-2026\/\"]}]},{\"@type\":\"BreadcrumbList\",\"@id\":\"https:\/\/www.ranciliogroup.com\/de\/rancilio-rancilio-specialty-und-egro-im-mittelpunkt-beim-london-coffee-festival-2026\/#breadcrumb\",\"itemListElement\":[{\"@type\":\"ListItem\",\"position\":1,\"name\":\"Home\",\"item\":\"https:\/\/www.ranciliogroup.com\/de\/\"},{\"@type\":\"ListItem\",\"position\":2,\"name\":\"Rancilio, Rancilio Specialty und Egro im Mittelpunkt beim London Coffee Festival 2026\"}]},{\"@type\":\"WebSite\",\"@id\":\"https:\/\/www.ranciliogroup.com\/de\/#website\",\"url\":\"https:\/\/www.ranciliogroup.com\/de\/\",\"name\":\"Rancilio Group\",\"description\":\"Professionelle Kaffeemaschinen Leader\",\"publisher\":{\"@id\":\"https:\/\/www.ranciliogroup.com\/de\/#organization\"},\"potentialAction\":[{\"@type\":\"SearchAction\",\"target\":{\"@type\":\"EntryPoint\",\"urlTemplate\":\"https:\/\/www.ranciliogroup.com\/de\/?s={search_term_string}\"},\"query-input\":\"required name=search_term_string\"}],\"inLanguage\":\"de-DE\"},{\"@type\":\"Organization\",\"@id\":\"https:\/\/www.ranciliogroup.com\/de\/#organization\",\"name\":\"Rancilio Group\",\"url\":\"https:\/\/www.ranciliogroup.com\/de\/\",\"logo\":{\"@type\":\"ImageObject\",\"inLanguage\":\"de-DE\",\"@id\":\"https:\/\/www.ranciliogroup.com\/de\/#\/schema\/logo\/image\/\",\"url\":\"https:\/\/www.ranciliogroup.com\/app\/uploads\/2019\/07\/rancilio_black_logo.png\",\"contentUrl\":\"https:\/\/www.ranciliogroup.com\/app\/uploads\/2019\/07\/rancilio_black_logo.png\",\"width\":447,\"height\":57,\"caption\":\"Rancilio Group\"},\"image\":{\"@id\":\"https:\/\/www.ranciliogroup.com\/de\/#\/schema\/logo\/image\/\"},\"sameAs\":[\"https:\/\/www.facebook.com\/RancilioGroup\",\"https:\/\/twitter.com\/ranciliogroup\",\"https:\/\/www.instagram.com\/rancilio_official\/\",\"https:\/\/www.linkedin.com\/company\/ranciliogroup\/\",\"https:\/\/www.youtube.com\/user\/rancilioadmin\"]},{\"@type\":\"Person\",\"@id\":\"https:\/\/www.ranciliogroup.com\/de\/#\/schema\/person\/d6bf0a7dfe74cded3d64da8b2c92814c\",\"name\":\"temp circular\",\"image\":{\"@type\":\"ImageObject\",\"inLanguage\":\"de-DE\",\"@id\":\"https:\/\/www.ranciliogroup.com\/de\/#\/schema\/person\/image\/\",\"url\":\"https:\/\/secure.gravatar.com\/avatar\/569e71c3b97b8bcad1854d6579b35c5f?s=96&d=mm&r=g\",\"contentUrl\":\"https:\/\/secure.gravatar.com\/avatar\/569e71c3b97b8bcad1854d6579b35c5f?s=96&d=mm&r=g\",\"caption\":\"temp circular\"}}]}<\/script>\n<!-- \/ Yoast SEO plugin. -->","yoast_head_json":{"title":"Latest update about Rancilio, Rancilio Specialty und Egro im Mittelpunkt beim London Coffee Festival 2026 - Rancilio Group","description":"Read Rancilio Group's latest news about Rancilio, Rancilio Specialty und Egro im Mittelpunkt beim London Coffee Festival 2026","robots":{"index":"index","follow":"follow","max-snippet":"max-snippet:-1","max-image-preview":"max-image-preview:large","max-video-preview":"max-video-preview:-1"},"canonical":"https:\/\/www.ranciliogroup.com\/de\/rancilio-rancilio-specialty-und-egro-im-mittelpunkt-beim-london-coffee-festival-2026\/","og_locale":"de_DE","og_type":"article","og_title":"Latest update about Rancilio, Rancilio Specialty und Egro im Mittelpunkt beim London Coffee Festival 2026 - Rancilio Group","og_description":"Read Rancilio Group's latest news about Rancilio, Rancilio Specialty und Egro im Mittelpunkt beim London Coffee Festival 2026","og_url":"https:\/\/www.ranciliogroup.com\/de\/rancilio-rancilio-specialty-und-egro-im-mittelpunkt-beim-london-coffee-festival-2026\/","og_site_name":"Rancilio Group","article_publisher":"https:\/\/www.facebook.com\/RancilioGroup","article_published_time":"2026-04-28T09:43:33+00:00","og_image":[{"width":1920,"height":1080,"url":"https:\/\/www.ranciliogroup.com\/app\/uploads\/2026\/04\/2026_LCF_WEB.jpg","type":"image\/jpeg"}],"author":"temp circular","twitter_card":"summary_large_image","twitter_creator":"@ranciliogroup","twitter_site":"@ranciliogroup","twitter_misc":{"Written by":"temp circular","Est. reading time":"1 minute"},"schema":{"@context":"https:\/\/schema.org","@graph":[{"@type":"Article","@id":"https:\/\/www.ranciliogroup.com\/de\/rancilio-rancilio-specialty-und-egro-im-mittelpunkt-beim-london-coffee-festival-2026\/#article","isPartOf":{"@id":"https:\/\/www.ranciliogroup.com\/de\/rancilio-rancilio-specialty-und-egro-im-mittelpunkt-beim-london-coffee-festival-2026\/"},"author":{"name":"temp circular","@id":"https:\/\/www.ranciliogroup.com\/de\/#\/schema\/person\/d6bf0a7dfe74cded3d64da8b2c92814c"},"headline":"Rancilio, Rancilio Specialty und Egro im Mittelpunkt beim London Coffee Festival 2026","datePublished":"2026-04-28T09:43:33+00:00","dateModified":"2026-04-28T09:43:33+00:00","mainEntityOfPage":{"@id":"https:\/\/www.ranciliogroup.com\/de\/rancilio-rancilio-specialty-und-egro-im-mittelpunkt-beim-london-coffee-festival-2026\/"},"wordCount":234,"publisher":{"@id":"https:\/\/www.ranciliogroup.com\/de\/#organization"},"keywords":["London","Classe 5 Crono","LCF","MoDe","London Coffee Festival","Silvia","Stile","Silvia Pro X","Next","Kryo","Invicta","RS1"],"articleSection":["VERANSTALTUNGEN"],"inLanguage":"de-DE"},{"@type":"WebPage","@id":"https:\/\/www.ranciliogroup.com\/de\/rancilio-rancilio-specialty-und-egro-im-mittelpunkt-beim-london-coffee-festival-2026\/","url":"https:\/\/www.ranciliogroup.com\/de\/rancilio-rancilio-specialty-und-egro-im-mittelpunkt-beim-london-coffee-festival-2026\/","name":"Latest update about Rancilio, Rancilio Specialty und Egro im Mittelpunkt beim London Coffee Festival 2026 - Rancilio Group","isPartOf":{"@id":"https:\/\/www.ranciliogroup.com\/de\/#website"},"datePublished":"2026-04-28T09:43:33+00:00","dateModified":"2026-04-28T09:43:33+00:00","description":"Read Rancilio Group's latest news about Rancilio, Rancilio Specialty und Egro im Mittelpunkt beim London Coffee Festival 2026","breadcrumb":{"@id":"https:\/\/www.ranciliogroup.com\/de\/rancilio-rancilio-specialty-und-egro-im-mittelpunkt-beim-london-coffee-festival-2026\/#breadcrumb"},"inLanguage":"de-DE","potentialAction":[{"@type":"ReadAction","target":["https:\/\/www.ranciliogroup.com\/de\/rancilio-rancilio-specialty-und-egro-im-mittelpunkt-beim-london-coffee-festival-2026\/"]}]},{"@type":"BreadcrumbList","@id":"https:\/\/www.ranciliogroup.com\/de\/rancilio-rancilio-specialty-und-egro-im-mittelpunkt-beim-london-coffee-festival-2026\/#breadcrumb","itemListElement":[{"@type":"ListItem","position":1,"name":"Home","item":"https:\/\/www.ranciliogroup.com\/de\/"},{"@type":"ListItem","position":2,"name":"Rancilio, Rancilio Specialty und Egro im Mittelpunkt beim London Coffee Festival 2026"}]},{"@type":"WebSite","@id":"https:\/\/www.ranciliogroup.com\/de\/#website","url":"https:\/\/www.ranciliogroup.com\/de\/","name":"Rancilio Group","description":"Professionelle Kaffeemaschinen Leader","publisher":{"@id":"https:\/\/www.ranciliogroup.com\/de\/#organization"},"potentialAction":[{"@type":"SearchAction","target":{"@type":"EntryPoint","urlTemplate":"https:\/\/www.ranciliogroup.com\/de\/?s={search_term_string}"},"query-input":"required name=search_term_string"}],"inLanguage":"de-DE"},{"@type":"Organization","@id":"https:\/\/www.ranciliogroup.com\/de\/#organization","name":"Rancilio Group","url":"https:\/\/www.ranciliogroup.com\/de\/","logo":{"@type":"ImageObject","inLanguage":"de-DE","@id":"https:\/\/www.ranciliogroup.com\/de\/#\/schema\/logo\/image\/","url":"https:\/\/www.ranciliogroup.com\/app\/uploads\/2019\/07\/rancilio_black_logo.png","contentUrl":"https:\/\/www.ranciliogroup.com\/app\/uploads\/2019\/07\/rancilio_black_logo.png","width":447,"height":57,"caption":"Rancilio Group"},"image":{"@id":"https:\/\/www.ranciliogroup.com\/de\/#\/schema\/logo\/image\/"},"sameAs":["https:\/\/www.facebook.com\/RancilioGroup","https:\/\/twitter.com\/ranciliogroup","https:\/\/www.instagram.com\/rancilio_official\/","https:\/\/www.linkedin.com\/company\/ranciliogroup\/","https:\/\/www.youtube.com\/user\/rancilioadmin"]},{"@type":"Person","@id":"https:\/\/www.ranciliogroup.com\/de\/#\/schema\/person\/d6bf0a7dfe74cded3d64da8b2c92814c","name":"temp circular","image":{"@type":"ImageObject","inLanguage":"de-DE","@id":"https:\/\/www.ranciliogroup.com\/de\/#\/schema\/person\/image\/","url":"https:\/\/secure.gravatar.com\/avatar\/569e71c3b97b8bcad1854d6579b35c5f?s=96&d=mm&r=g","contentUrl":"https:\/\/secure.gravatar.com\/avatar\/569e71c3b97b8bcad1854d6579b35c5f?s=96&d=mm&r=g","caption":"temp circular"}}]}},"_links":{"self":[{"href":"https:\/\/www.ranciliogroup.com\/de\/wp-json\/wp\/v2\/posts\/83664"}],"collection":[{"href":"https:\/\/www.ranciliogroup.com\/de\/wp-json\/wp\/v2\/posts"}],"about":[{"href":"https:\/\/www.ranciliogroup.com\/de\/wp-json\/wp\/v2\/types\/post"}],"author":[{"embeddable":true,"href":"https:\/\/www.ranciliogroup.com\/de\/wp-json\/wp\/v2\/users\/5"}],"replies":[{"embeddable":true,"href":"https:\/\/www.ranciliogroup.com\/de\/wp-json\/wp\/v2\/comments?post=83664"}],"version-history":[{"count":1,"href":"https:\/\/www.ranciliogroup.com\/de\/wp-json\/wp\/v2\/posts\/83664\/revisions"}],"predecessor-version":[{"id":83665,"href":"https:\/\/www.ranciliogroup.com\/de\/wp-json\/wp\/v2\/posts\/83664\/revisions\/83665"}],"wp:featuredmedia":[{"embeddable":true,"href":"https:\/\/www.ranciliogroup.com\/de\/wp-json\/wp\/v2\/media\/83656"}],"wp:attachment":[{"href":"https:\/\/www.ranciliogroup.com\/de\/wp-json\/wp\/v2\/media?parent=83664"}],"wp:term":[{"taxonomy":"category","embeddable":true,"href":"https:\/\/www.ranciliogroup.com\/de\/wp-json\/wp\/v2\/categories?post=83664"},{"taxonomy":"post_tag","embeddable":true,"href":"https:\/\/www.ranciliogroup.com\/de\/wp-json\/wp\/v2\/tags?post=83664"}],"curies":[{"name":"wp","href":"https:\/\/api.w.org\/{rel}","templated":true}]}}