{"id":29342,"date":"2018-11-02T21:56:34","date_gmt":"2018-11-02T20:56:34","guid":{"rendered":"https:\/\/www.ranciliogroup.com\/rancilio-group-will-be-in-lucerne-from-21-to-24-october-for-zagg-2018\/"},"modified":"2023-11-29T10:39:14","modified_gmt":"2023-11-29T09:39:14","slug":"rancilio-group-will-be-in-lucerne-from-21-to-24-october-for-zagg-2018","status":"publish","type":"post","link":"https:\/\/www.ranciliogroup.com\/es\/rancilio-group-will-be-in-lucerne-from-21-to-24-october-for-zagg-2018\/","title":{"rendered":"Rancilio Group will be in Lucerne from 21 to 24 October for ZAGG 2018"},"content":{"rendered":"<h2><strong>Lucerne<\/strong><\/h2>\n<p><strong><span class=\"fs18\">The team from Egro Suisse AG will be presenting Egro Next and the Connect telemetry system<\/span><\/strong><\/p>\n<div class=\"sep20H\"><\/div>\n<p><span class=\"fs14\">ZAGG is one of the most important international trade fairs for the catering and hospitality industries. Every two years it unites the principal players of the trade in Lucerne and welcomes thousands of visitors, fostering direct contacts between exhibitors and customers. Rancilio Group will be one of the protagonists of the coming edition, together with the team of Egro Suisse AG. Along with the entire product range branded Egro (Zero, Zero+, One, Byo) and Rancilio&#8217;s traditional coffee machines (Classe 7, Classe 9, Classe 11 Xcelsius), visitors will also be invited to discover the new fully automatic Egro Next machine and the Connect telemetry system. This will be an important chance for the public not only to interact personally with the new Egro Next touch screen interface, based on the Android system, but also to discover the advantages of the Easy Switch mode, which enables operators to set different menus according to the service requested. The possibility to programme various configurations in the course of the day meets the needs of different types of venues which, in this way, can exploit the infinite variety of coffee-based beverages on the menu to please their customers. These functions represent the new frontier of fully automatic coffee machines and reveal the quality of the work carried out by Egro&#8217;s entire R&amp;D department. The novelties being presented at ZAGG are not restricted to products. An area of the Rancilio Group stand will be given over to the Connect telemetry system, which may be installed equally successfully on Egro products and traditional coffee machines branded Rancilio. Connect is a IoT application, which enables managers to monitor the coffee machine remotely and, thanks to a constant elaboration of the data collected, even to optimize the operations and profitability of an entire fleet of machines. The bar on the Rancilio Group stand, with Manuele Verlato behind the counter, will be a gathering place for the entire trade fair with corners for espresso tasting sessions and tables for networking.<\/span><\/p>\n<p>Rancilio Group looks forward to seeing you in Lucerne for ZAGG from 21 to 24 October<\/p>\n<p>Rancilio Group<br \/>\nZAGG 2018<br \/>\nHall 2 &#8211; Stand 286<\/p>\n","protected":false},"excerpt":{"rendered":"<p>Lucerne The team from Egro Suisse AG will be presenting Egro Next and the Connect telemetry system ZAGG is one&#8230;<\/p>\n","protected":false},"author":2,"featured_media":22681,"comment_status":"closed","ping_status":"closed","sticky":false,"template":"","format":"standard","meta":[],"categories":[862],"tags":[],"acf":[],"yoast_head":"<!-- This site is optimized with the Yoast SEO plugin v21.5 - https:\/\/yoast.com\/wordpress\/plugins\/seo\/ -->\n<title>Lucerne - Rancilio Group<\/title>\n<meta name=\"description\" content=\"Read Rancilio Group&#039;s latest news about Rancilio Group will be in Lucerne from 21 to 24 October for ZAGG 2018\" \/>\n<meta name=\"robots\" content=\"index, follow, max-snippet:-1, max-image-preview:large, max-video-preview:-1\" \/>\n<link rel=\"canonical\" href=\"https:\/\/www.ranciliogroup.com\/es\/rancilio-group-will-be-in-lucerne-from-21-to-24-october-for-zagg-2018\/\" \/>\n<meta property=\"og:locale\" content=\"es_ES\" \/>\n<meta property=\"og:type\" content=\"article\" \/>\n<meta property=\"og:title\" content=\"Lucerne - Rancilio Group\" \/>\n<meta property=\"og:description\" content=\"Read Rancilio Group&#039;s latest news about Rancilio Group will be in Lucerne from 21 to 24 October for ZAGG 2018\" \/>\n<meta property=\"og:url\" content=\"https:\/\/www.ranciliogroup.com\/es\/rancilio-group-will-be-in-lucerne-from-21-to-24-october-for-zagg-2018\/\" \/>\n<meta property=\"og:site_name\" content=\"Rancilio Group\" \/>\n<meta property=\"article:publisher\" content=\"https:\/\/www.facebook.com\/RancilioGroup\" \/>\n<meta property=\"article:published_time\" content=\"2018-11-02T20:56:34+00:00\" \/>\n<meta property=\"article:modified_time\" content=\"2023-11-29T09:39:14+00:00\" \/>\n<meta property=\"og:image\" content=\"https:\/\/www.ranciliogroup.com\/app\/uploads\/2019\/10\/2018_09_28_RancilioGroup-ZAGG_002-4.jpg\" \/>\n\t<meta property=\"og:image:width\" content=\"1920\" \/>\n\t<meta property=\"og:image:height\" content=\"1280\" \/>\n\t<meta property=\"og:image:type\" content=\"image\/jpeg\" \/>\n<meta name=\"author\" content=\"Leo\" \/>\n<meta name=\"twitter:card\" content=\"summary_large_image\" \/>\n<meta name=\"twitter:creator\" content=\"@ranciliogroup\" \/>\n<meta name=\"twitter:site\" content=\"@ranciliogroup\" \/>\n<meta name=\"twitter:label1\" content=\"Written by\" \/>\n\t<meta name=\"twitter:data1\" content=\"Leo\" \/>\n\t<meta name=\"twitter:label2\" content=\"Est. reading time\" \/>\n\t<meta name=\"twitter:data2\" content=\"2 minutes\" \/>\n<script type=\"application\/ld+json\" class=\"yoast-schema-graph\">{\"@context\":\"https:\/\/schema.org\",\"@graph\":[{\"@type\":\"Article\",\"@id\":\"https:\/\/www.ranciliogroup.com\/es\/rancilio-group-will-be-in-lucerne-from-21-to-24-october-for-zagg-2018\/#article\",\"isPartOf\":{\"@id\":\"https:\/\/www.ranciliogroup.com\/es\/rancilio-group-will-be-in-lucerne-from-21-to-24-october-for-zagg-2018\/\"},\"author\":{\"name\":\"Leo\",\"@id\":\"https:\/\/www.ranciliogroup.com\/es\/#\/schema\/person\/308c9cc609c571bfb3f04639f7c48c0e\"},\"headline\":\"Rancilio Group will be in Lucerne from 21 to 24 October for ZAGG 2018\",\"datePublished\":\"2018-11-02T20:56:34+00:00\",\"dateModified\":\"2023-11-29T09:39:14+00:00\",\"mainEntityOfPage\":{\"@id\":\"https:\/\/www.ranciliogroup.com\/es\/rancilio-group-will-be-in-lucerne-from-21-to-24-october-for-zagg-2018\/\"},\"wordCount\":377,\"publisher\":{\"@id\":\"https:\/\/www.ranciliogroup.com\/es\/#organization\"},\"articleSection\":[\"Eventos\"],\"inLanguage\":\"es-ES\"},{\"@type\":\"WebPage\",\"@id\":\"https:\/\/www.ranciliogroup.com\/es\/rancilio-group-will-be-in-lucerne-from-21-to-24-october-for-zagg-2018\/\",\"url\":\"https:\/\/www.ranciliogroup.com\/es\/rancilio-group-will-be-in-lucerne-from-21-to-24-october-for-zagg-2018\/\",\"name\":\"Lucerne - Rancilio Group\",\"isPartOf\":{\"@id\":\"https:\/\/www.ranciliogroup.com\/es\/#website\"},\"datePublished\":\"2018-11-02T20:56:34+00:00\",\"dateModified\":\"2023-11-29T09:39:14+00:00\",\"description\":\"Read Rancilio Group's latest news about Rancilio Group will be in Lucerne from 21 to 24 October for ZAGG 2018\",\"breadcrumb\":{\"@id\":\"https:\/\/www.ranciliogroup.com\/es\/rancilio-group-will-be-in-lucerne-from-21-to-24-october-for-zagg-2018\/#breadcrumb\"},\"inLanguage\":\"es-ES\",\"potentialAction\":[{\"@type\":\"ReadAction\",\"target\":[\"https:\/\/www.ranciliogroup.com\/es\/rancilio-group-will-be-in-lucerne-from-21-to-24-october-for-zagg-2018\/\"]}]},{\"@type\":\"BreadcrumbList\",\"@id\":\"https:\/\/www.ranciliogroup.com\/es\/rancilio-group-will-be-in-lucerne-from-21-to-24-october-for-zagg-2018\/#breadcrumb\",\"itemListElement\":[{\"@type\":\"ListItem\",\"position\":1,\"name\":\"Home\",\"item\":\"https:\/\/www.ranciliogroup.com\/es\/\"},{\"@type\":\"ListItem\",\"position\":2,\"name\":\"Rancilio Group will be in Lucerne from 21 to 24 October for ZAGG 2018\"}]},{\"@type\":\"WebSite\",\"@id\":\"https:\/\/www.ranciliogroup.com\/es\/#website\",\"url\":\"https:\/\/www.ranciliogroup.com\/es\/\",\"name\":\"Rancilio Group\",\"description\":\"L\u00edder en M\u00e1quinas de Caf\u00e9 Profesionales\",\"publisher\":{\"@id\":\"https:\/\/www.ranciliogroup.com\/es\/#organization\"},\"potentialAction\":[{\"@type\":\"SearchAction\",\"target\":{\"@type\":\"EntryPoint\",\"urlTemplate\":\"https:\/\/www.ranciliogroup.com\/es\/?s={search_term_string}\"},\"query-input\":\"required name=search_term_string\"}],\"inLanguage\":\"es-ES\"},{\"@type\":\"Organization\",\"@id\":\"https:\/\/www.ranciliogroup.com\/es\/#organization\",\"name\":\"Rancilio Group\",\"url\":\"https:\/\/www.ranciliogroup.com\/es\/\",\"logo\":{\"@type\":\"ImageObject\",\"inLanguage\":\"es-ES\",\"@id\":\"https:\/\/www.ranciliogroup.com\/es\/#\/schema\/logo\/image\/\",\"url\":\"https:\/\/www.ranciliogroup.com\/app\/uploads\/2019\/07\/rancilio_black_logo.png\",\"contentUrl\":\"https:\/\/www.ranciliogroup.com\/app\/uploads\/2019\/07\/rancilio_black_logo.png\",\"width\":447,\"height\":57,\"caption\":\"Rancilio Group\"},\"image\":{\"@id\":\"https:\/\/www.ranciliogroup.com\/es\/#\/schema\/logo\/image\/\"},\"sameAs\":[\"https:\/\/www.facebook.com\/RancilioGroup\",\"https:\/\/twitter.com\/ranciliogroup\",\"https:\/\/www.instagram.com\/rancilio_official\/\",\"https:\/\/www.linkedin.com\/company\/ranciliogroup\/\",\"https:\/\/www.youtube.com\/user\/rancilioadmin\"]},{\"@type\":\"Person\",\"@id\":\"https:\/\/www.ranciliogroup.com\/es\/#\/schema\/person\/308c9cc609c571bfb3f04639f7c48c0e\",\"name\":\"Leo\",\"image\":{\"@type\":\"ImageObject\",\"inLanguage\":\"es-ES\",\"@id\":\"https:\/\/www.ranciliogroup.com\/es\/#\/schema\/person\/image\/\",\"url\":\"https:\/\/secure.gravatar.com\/avatar\/be661210d2340629d38fdb4e71a1488b?s=96&d=mm&r=g\",\"contentUrl\":\"https:\/\/secure.gravatar.com\/avatar\/be661210d2340629d38fdb4e71a1488b?s=96&d=mm&r=g\",\"caption\":\"Leo\"}}]}<\/script>\n<!-- \/ Yoast SEO plugin. -->","yoast_head_json":{"title":"Lucerne - Rancilio Group","description":"Read Rancilio Group's latest news about Rancilio Group will be in Lucerne from 21 to 24 October for ZAGG 2018","robots":{"index":"index","follow":"follow","max-snippet":"max-snippet:-1","max-image-preview":"max-image-preview:large","max-video-preview":"max-video-preview:-1"},"canonical":"https:\/\/www.ranciliogroup.com\/es\/rancilio-group-will-be-in-lucerne-from-21-to-24-october-for-zagg-2018\/","og_locale":"es_ES","og_type":"article","og_title":"Lucerne - Rancilio Group","og_description":"Read Rancilio Group's latest news about Rancilio Group will be in Lucerne from 21 to 24 October for ZAGG 2018","og_url":"https:\/\/www.ranciliogroup.com\/es\/rancilio-group-will-be-in-lucerne-from-21-to-24-october-for-zagg-2018\/","og_site_name":"Rancilio Group","article_publisher":"https:\/\/www.facebook.com\/RancilioGroup","article_published_time":"2018-11-02T20:56:34+00:00","article_modified_time":"2023-11-29T09:39:14+00:00","og_image":[{"width":1920,"height":1280,"url":"https:\/\/www.ranciliogroup.com\/app\/uploads\/2019\/10\/2018_09_28_RancilioGroup-ZAGG_002-4.jpg","type":"image\/jpeg"}],"author":"Leo","twitter_card":"summary_large_image","twitter_creator":"@ranciliogroup","twitter_site":"@ranciliogroup","twitter_misc":{"Written by":"Leo","Est. reading time":"2 minutes"},"schema":{"@context":"https:\/\/schema.org","@graph":[{"@type":"Article","@id":"https:\/\/www.ranciliogroup.com\/es\/rancilio-group-will-be-in-lucerne-from-21-to-24-october-for-zagg-2018\/#article","isPartOf":{"@id":"https:\/\/www.ranciliogroup.com\/es\/rancilio-group-will-be-in-lucerne-from-21-to-24-october-for-zagg-2018\/"},"author":{"name":"Leo","@id":"https:\/\/www.ranciliogroup.com\/es\/#\/schema\/person\/308c9cc609c571bfb3f04639f7c48c0e"},"headline":"Rancilio Group will be in Lucerne from 21 to 24 October for ZAGG 2018","datePublished":"2018-11-02T20:56:34+00:00","dateModified":"2023-11-29T09:39:14+00:00","mainEntityOfPage":{"@id":"https:\/\/www.ranciliogroup.com\/es\/rancilio-group-will-be-in-lucerne-from-21-to-24-october-for-zagg-2018\/"},"wordCount":377,"publisher":{"@id":"https:\/\/www.ranciliogroup.com\/es\/#organization"},"articleSection":["Eventos"],"inLanguage":"es-ES"},{"@type":"WebPage","@id":"https:\/\/www.ranciliogroup.com\/es\/rancilio-group-will-be-in-lucerne-from-21-to-24-october-for-zagg-2018\/","url":"https:\/\/www.ranciliogroup.com\/es\/rancilio-group-will-be-in-lucerne-from-21-to-24-october-for-zagg-2018\/","name":"Lucerne - Rancilio Group","isPartOf":{"@id":"https:\/\/www.ranciliogroup.com\/es\/#website"},"datePublished":"2018-11-02T20:56:34+00:00","dateModified":"2023-11-29T09:39:14+00:00","description":"Read Rancilio Group's latest news about Rancilio Group will be in Lucerne from 21 to 24 October for ZAGG 2018","breadcrumb":{"@id":"https:\/\/www.ranciliogroup.com\/es\/rancilio-group-will-be-in-lucerne-from-21-to-24-october-for-zagg-2018\/#breadcrumb"},"inLanguage":"es-ES","potentialAction":[{"@type":"ReadAction","target":["https:\/\/www.ranciliogroup.com\/es\/rancilio-group-will-be-in-lucerne-from-21-to-24-october-for-zagg-2018\/"]}]},{"@type":"BreadcrumbList","@id":"https:\/\/www.ranciliogroup.com\/es\/rancilio-group-will-be-in-lucerne-from-21-to-24-october-for-zagg-2018\/#breadcrumb","itemListElement":[{"@type":"ListItem","position":1,"name":"Home","item":"https:\/\/www.ranciliogroup.com\/es\/"},{"@type":"ListItem","position":2,"name":"Rancilio Group will be in Lucerne from 21 to 24 October for ZAGG 2018"}]},{"@type":"WebSite","@id":"https:\/\/www.ranciliogroup.com\/es\/#website","url":"https:\/\/www.ranciliogroup.com\/es\/","name":"Rancilio Group","description":"L\u00edder en M\u00e1quinas de Caf\u00e9 Profesionales","publisher":{"@id":"https:\/\/www.ranciliogroup.com\/es\/#organization"},"potentialAction":[{"@type":"SearchAction","target":{"@type":"EntryPoint","urlTemplate":"https:\/\/www.ranciliogroup.com\/es\/?s={search_term_string}"},"query-input":"required name=search_term_string"}],"inLanguage":"es-ES"},{"@type":"Organization","@id":"https:\/\/www.ranciliogroup.com\/es\/#organization","name":"Rancilio Group","url":"https:\/\/www.ranciliogroup.com\/es\/","logo":{"@type":"ImageObject","inLanguage":"es-ES","@id":"https:\/\/www.ranciliogroup.com\/es\/#\/schema\/logo\/image\/","url":"https:\/\/www.ranciliogroup.com\/app\/uploads\/2019\/07\/rancilio_black_logo.png","contentUrl":"https:\/\/www.ranciliogroup.com\/app\/uploads\/2019\/07\/rancilio_black_logo.png","width":447,"height":57,"caption":"Rancilio Group"},"image":{"@id":"https:\/\/www.ranciliogroup.com\/es\/#\/schema\/logo\/image\/"},"sameAs":["https:\/\/www.facebook.com\/RancilioGroup","https:\/\/twitter.com\/ranciliogroup","https:\/\/www.instagram.com\/rancilio_official\/","https:\/\/www.linkedin.com\/company\/ranciliogroup\/","https:\/\/www.youtube.com\/user\/rancilioadmin"]},{"@type":"Person","@id":"https:\/\/www.ranciliogroup.com\/es\/#\/schema\/person\/308c9cc609c571bfb3f04639f7c48c0e","name":"Leo","image":{"@type":"ImageObject","inLanguage":"es-ES","@id":"https:\/\/www.ranciliogroup.com\/es\/#\/schema\/person\/image\/","url":"https:\/\/secure.gravatar.com\/avatar\/be661210d2340629d38fdb4e71a1488b?s=96&d=mm&r=g","contentUrl":"https:\/\/secure.gravatar.com\/avatar\/be661210d2340629d38fdb4e71a1488b?s=96&d=mm&r=g","caption":"Leo"}}]}},"_links":{"self":[{"href":"https:\/\/www.ranciliogroup.com\/es\/wp-json\/wp\/v2\/posts\/29342"}],"collection":[{"href":"https:\/\/www.ranciliogroup.com\/es\/wp-json\/wp\/v2\/posts"}],"about":[{"href":"https:\/\/www.ranciliogroup.com\/es\/wp-json\/wp\/v2\/types\/post"}],"author":[{"embeddable":true,"href":"https:\/\/www.ranciliogroup.com\/es\/wp-json\/wp\/v2\/users\/2"}],"replies":[{"embeddable":true,"href":"https:\/\/www.ranciliogroup.com\/es\/wp-json\/wp\/v2\/comments?post=29342"}],"version-history":[{"count":1,"href":"https:\/\/www.ranciliogroup.com\/es\/wp-json\/wp\/v2\/posts\/29342\/revisions"}],"predecessor-version":[{"id":29348,"href":"https:\/\/www.ranciliogroup.com\/es\/wp-json\/wp\/v2\/posts\/29342\/revisions\/29348"}],"wp:featuredmedia":[{"embeddable":true,"href":"https:\/\/www.ranciliogroup.com\/es\/wp-json\/wp\/v2\/media\/22681"}],"wp:attachment":[{"href":"https:\/\/www.ranciliogroup.com\/es\/wp-json\/wp\/v2\/media?parent=29342"}],"wp:term":[{"taxonomy":"category","embeddable":true,"href":"https:\/\/www.ranciliogroup.com\/es\/wp-json\/wp\/v2\/categories?post=29342"},{"taxonomy":"post_tag","embeddable":true,"href":"https:\/\/www.ranciliogroup.com\/es\/wp-json\/wp\/v2\/tags?post=29342"}],"curies":[{"name":"wp","href":"https:\/\/api.w.org\/{rel}","templated":true}]}}