{"id":31250,"date":"2021-09-17T09:40:35","date_gmt":"2021-09-17T07:40:35","guid":{"rendered":"https:\/\/www.ranciliogroup.com\/rancilio-group-for-international-coffee-day\/"},"modified":"2023-11-29T10:34:04","modified_gmt":"2023-11-29T09:34:04","slug":"rancilio-group-for-international-coffee-day","status":"publish","type":"post","link":"https:\/\/www.ranciliogroup.com\/es\/rancilio-group-for-international-coffee-day\/","title":{"rendered":"Rancilio Group for International Coffee Day"},"content":{"rendered":"<p><img decoding=\"async\" loading=\"lazy\" class=\"alignnone size-medium wp-image-15317\" src=\"https:\/\/www.ranciliogroup.com\/app\/uploads\/2021\/09\/COFFEE-BOOM-LOGO-ORIZZ-300x93.jpg\" alt=\"\" width=\"300\" height=\"93\" srcset=\"https:\/\/www.ranciliogroup.com\/app\/uploads\/2021\/09\/COFFEE-BOOM-LOGO-ORIZZ-300x93.jpg 300w, https:\/\/www.ranciliogroup.com\/app\/uploads\/2021\/09\/COFFEE-BOOM-LOGO-ORIZZ-70x22.jpg 70w, https:\/\/www.ranciliogroup.com\/app\/uploads\/2021\/09\/COFFEE-BOOM-LOGO-ORIZZ.jpg 595w\" sizes=\"(max-width: 300px) 100vw, 300px\" \/><br \/>\nTo mark International Coffee Day on 1st October, SCA Italy is organising Coffee Boom. The event will take place across Italy and will see coffee machine manufacturers, roasters and baristas opening their doors and revealing the inner world of the specialty coffee industry. In this way, Coffee Boom aims to raise awareness of the value of coffee and the coffee supply chain, and to champion consumption of specialty coffee.<\/p>\n<p>As a member of SCA Italy, Rancilio Group will be participating in the packed line-up of Coffee Boom events with \u201cA Question of Profiling\u201d, an in-depth panel discussion led by Carles Gonzales, Rancilio Group Coffee Competence Manager. The panel discussion will include coffee tastings and will be a chance for the company to present its vision of how to achieve great quality coffee.<\/p>\n<p>&nbsp;<\/p>\n<p>Booking is required for <em>\u201cA Question of Profiling\u201d<\/em>.<\/p>\n<p>&nbsp;<\/p>\n<p><strong><em>\u201cA Question of Profiling\u201d<\/em><\/strong><br \/>\nExtraction Lab c\/o Rancilio Group SpA<br \/>\nViale della Repubblica 40<br \/>\nVillastanza di Parabiago (Milan)<\/p>\n<p><img decoding=\"async\" loading=\"lazy\" class=\"alignnone wp-image-15312 size-large\" src=\"https:\/\/www.ranciliogroup.com\/app\/uploads\/2021\/09\/RancilioGroup_VideoBackstage-8116-1024x683.jpg\" alt=\"\" width=\"1024\" height=\"683\" srcset=\"https:\/\/www.ranciliogroup.com\/app\/uploads\/2021\/09\/RancilioGroup_VideoBackstage-8116-1024x683.jpg 1024w, https:\/\/www.ranciliogroup.com\/app\/uploads\/2021\/09\/RancilioGroup_VideoBackstage-8116-300x200.jpg 300w, https:\/\/www.ranciliogroup.com\/app\/uploads\/2021\/09\/RancilioGroup_VideoBackstage-8116-768x512.jpg 768w, https:\/\/www.ranciliogroup.com\/app\/uploads\/2021\/09\/RancilioGroup_VideoBackstage-8116-1536x1024.jpg 1536w, https:\/\/www.ranciliogroup.com\/app\/uploads\/2021\/09\/RancilioGroup_VideoBackstage-8116-2048x1365.jpg 2048w, https:\/\/www.ranciliogroup.com\/app\/uploads\/2021\/09\/RancilioGroup_VideoBackstage-8116-70x47.jpg 70w, https:\/\/www.ranciliogroup.com\/app\/uploads\/2021\/09\/RancilioGroup_VideoBackstage-8116-scaled.jpg 1920w\" sizes=\"(max-width: 1024px) 100vw, 1024px\" \/><\/p>\n<p>&nbsp;<\/p>\n<p>&nbsp;<\/p>\n<p>&nbsp;<\/p>\n<p>&nbsp;<\/p>\n","protected":false},"excerpt":{"rendered":"<p>To mark International Coffee Day on 1st October, SCA Italy is organising Coffee Boom. The event will take place across&#8230;<\/p>\n","protected":false},"author":5,"featured_media":31252,"comment_status":"closed","ping_status":"closed","sticky":false,"template":"","format":"standard","meta":[],"categories":[862],"tags":[],"acf":[],"yoast_head":"<!-- This site is optimized with the Yoast SEO plugin v21.5 - https:\/\/yoast.com\/wordpress\/plugins\/seo\/ -->\n<title>Latest update about Rancilio Group for International Coffee Day - Rancilio Group<\/title>\n<meta name=\"description\" content=\"Read Rancilio Group&#039;s latest news about Rancilio Group for International Coffee Day\" \/>\n<meta name=\"robots\" content=\"index, follow, max-snippet:-1, max-image-preview:large, max-video-preview:-1\" \/>\n<link rel=\"canonical\" href=\"https:\/\/www.ranciliogroup.com\/es\/rancilio-group-for-international-coffee-day\/\" \/>\n<meta property=\"og:locale\" content=\"es_ES\" \/>\n<meta property=\"og:type\" content=\"article\" \/>\n<meta property=\"og:title\" content=\"Latest update about Rancilio Group for International Coffee Day - Rancilio Group\" \/>\n<meta property=\"og:description\" content=\"Read Rancilio Group&#039;s latest news about Rancilio Group for International Coffee Day\" \/>\n<meta property=\"og:url\" content=\"https:\/\/www.ranciliogroup.com\/es\/rancilio-group-for-international-coffee-day\/\" \/>\n<meta property=\"og:site_name\" content=\"Rancilio Group\" \/>\n<meta property=\"article:publisher\" content=\"https:\/\/www.facebook.com\/RancilioGroup\" \/>\n<meta property=\"article:published_time\" content=\"2021-09-17T07:40:35+00:00\" \/>\n<meta property=\"article:modified_time\" content=\"2023-11-29T09:34:04+00:00\" \/>\n<meta property=\"og:image\" content=\"https:\/\/www.ranciliogroup.com\/app\/uploads\/2021\/09\/COFFEE-BOOM-GRAFICA.jpg\" \/>\n\t<meta property=\"og:image:width\" content=\"1200\" \/>\n\t<meta property=\"og:image:height\" content=\"800\" \/>\n\t<meta property=\"og:image:type\" content=\"image\/jpeg\" \/>\n<meta name=\"author\" content=\"temp circular\" \/>\n<meta name=\"twitter:card\" content=\"summary_large_image\" \/>\n<meta name=\"twitter:creator\" content=\"@ranciliogroup\" \/>\n<meta name=\"twitter:site\" content=\"@ranciliogroup\" \/>\n<meta name=\"twitter:label1\" content=\"Written by\" \/>\n\t<meta name=\"twitter:data1\" content=\"temp circular\" \/>\n\t<meta name=\"twitter:label2\" content=\"Est. reading time\" \/>\n\t<meta name=\"twitter:data2\" content=\"1 minute\" \/>\n<script type=\"application\/ld+json\" class=\"yoast-schema-graph\">{\"@context\":\"https:\/\/schema.org\",\"@graph\":[{\"@type\":\"Article\",\"@id\":\"https:\/\/www.ranciliogroup.com\/es\/rancilio-group-for-international-coffee-day\/#article\",\"isPartOf\":{\"@id\":\"https:\/\/www.ranciliogroup.com\/es\/rancilio-group-for-international-coffee-day\/\"},\"author\":{\"name\":\"temp circular\",\"@id\":\"https:\/\/www.ranciliogroup.com\/es\/#\/schema\/person\/d6bf0a7dfe74cded3d64da8b2c92814c\"},\"headline\":\"Rancilio Group for International Coffee Day\",\"datePublished\":\"2021-09-17T07:40:35+00:00\",\"dateModified\":\"2023-11-29T09:34:04+00:00\",\"mainEntityOfPage\":{\"@id\":\"https:\/\/www.ranciliogroup.com\/es\/rancilio-group-for-international-coffee-day\/\"},\"wordCount\":170,\"publisher\":{\"@id\":\"https:\/\/www.ranciliogroup.com\/es\/#organization\"},\"articleSection\":[\"Eventos\"],\"inLanguage\":\"es-ES\"},{\"@type\":\"WebPage\",\"@id\":\"https:\/\/www.ranciliogroup.com\/es\/rancilio-group-for-international-coffee-day\/\",\"url\":\"https:\/\/www.ranciliogroup.com\/es\/rancilio-group-for-international-coffee-day\/\",\"name\":\"Latest update about Rancilio Group for International Coffee Day - Rancilio Group\",\"isPartOf\":{\"@id\":\"https:\/\/www.ranciliogroup.com\/es\/#website\"},\"datePublished\":\"2021-09-17T07:40:35+00:00\",\"dateModified\":\"2023-11-29T09:34:04+00:00\",\"description\":\"Read Rancilio Group's latest news about Rancilio Group for International Coffee Day\",\"breadcrumb\":{\"@id\":\"https:\/\/www.ranciliogroup.com\/es\/rancilio-group-for-international-coffee-day\/#breadcrumb\"},\"inLanguage\":\"es-ES\",\"potentialAction\":[{\"@type\":\"ReadAction\",\"target\":[\"https:\/\/www.ranciliogroup.com\/es\/rancilio-group-for-international-coffee-day\/\"]}]},{\"@type\":\"BreadcrumbList\",\"@id\":\"https:\/\/www.ranciliogroup.com\/es\/rancilio-group-for-international-coffee-day\/#breadcrumb\",\"itemListElement\":[{\"@type\":\"ListItem\",\"position\":1,\"name\":\"Home\",\"item\":\"https:\/\/www.ranciliogroup.com\/es\/\"},{\"@type\":\"ListItem\",\"position\":2,\"name\":\"Rancilio Group for International Coffee Day\"}]},{\"@type\":\"WebSite\",\"@id\":\"https:\/\/www.ranciliogroup.com\/es\/#website\",\"url\":\"https:\/\/www.ranciliogroup.com\/es\/\",\"name\":\"Rancilio Group\",\"description\":\"L\u00edder en M\u00e1quinas de Caf\u00e9 Profesionales\",\"publisher\":{\"@id\":\"https:\/\/www.ranciliogroup.com\/es\/#organization\"},\"potentialAction\":[{\"@type\":\"SearchAction\",\"target\":{\"@type\":\"EntryPoint\",\"urlTemplate\":\"https:\/\/www.ranciliogroup.com\/es\/?s={search_term_string}\"},\"query-input\":\"required name=search_term_string\"}],\"inLanguage\":\"es-ES\"},{\"@type\":\"Organization\",\"@id\":\"https:\/\/www.ranciliogroup.com\/es\/#organization\",\"name\":\"Rancilio Group\",\"url\":\"https:\/\/www.ranciliogroup.com\/es\/\",\"logo\":{\"@type\":\"ImageObject\",\"inLanguage\":\"es-ES\",\"@id\":\"https:\/\/www.ranciliogroup.com\/es\/#\/schema\/logo\/image\/\",\"url\":\"https:\/\/www.ranciliogroup.com\/app\/uploads\/2019\/07\/rancilio_black_logo.png\",\"contentUrl\":\"https:\/\/www.ranciliogroup.com\/app\/uploads\/2019\/07\/rancilio_black_logo.png\",\"width\":447,\"height\":57,\"caption\":\"Rancilio Group\"},\"image\":{\"@id\":\"https:\/\/www.ranciliogroup.com\/es\/#\/schema\/logo\/image\/\"},\"sameAs\":[\"https:\/\/www.facebook.com\/RancilioGroup\",\"https:\/\/twitter.com\/ranciliogroup\",\"https:\/\/www.instagram.com\/rancilio_official\/\",\"https:\/\/www.linkedin.com\/company\/ranciliogroup\/\",\"https:\/\/www.youtube.com\/user\/rancilioadmin\"]},{\"@type\":\"Person\",\"@id\":\"https:\/\/www.ranciliogroup.com\/es\/#\/schema\/person\/d6bf0a7dfe74cded3d64da8b2c92814c\",\"name\":\"temp circular\",\"image\":{\"@type\":\"ImageObject\",\"inLanguage\":\"es-ES\",\"@id\":\"https:\/\/www.ranciliogroup.com\/es\/#\/schema\/person\/image\/\",\"url\":\"https:\/\/secure.gravatar.com\/avatar\/569e71c3b97b8bcad1854d6579b35c5f?s=96&d=mm&r=g\",\"contentUrl\":\"https:\/\/secure.gravatar.com\/avatar\/569e71c3b97b8bcad1854d6579b35c5f?s=96&d=mm&r=g\",\"caption\":\"temp circular\"}}]}<\/script>\n<!-- \/ Yoast SEO plugin. -->","yoast_head_json":{"title":"Latest update about Rancilio Group for International Coffee Day - Rancilio Group","description":"Read Rancilio Group's latest news about Rancilio Group for International Coffee Day","robots":{"index":"index","follow":"follow","max-snippet":"max-snippet:-1","max-image-preview":"max-image-preview:large","max-video-preview":"max-video-preview:-1"},"canonical":"https:\/\/www.ranciliogroup.com\/es\/rancilio-group-for-international-coffee-day\/","og_locale":"es_ES","og_type":"article","og_title":"Latest update about Rancilio Group for International Coffee Day - Rancilio Group","og_description":"Read Rancilio Group's latest news about Rancilio Group for International Coffee Day","og_url":"https:\/\/www.ranciliogroup.com\/es\/rancilio-group-for-international-coffee-day\/","og_site_name":"Rancilio Group","article_publisher":"https:\/\/www.facebook.com\/RancilioGroup","article_published_time":"2021-09-17T07:40:35+00:00","article_modified_time":"2023-11-29T09:34:04+00:00","og_image":[{"width":1200,"height":800,"url":"https:\/\/www.ranciliogroup.com\/app\/uploads\/2021\/09\/COFFEE-BOOM-GRAFICA.jpg","type":"image\/jpeg"}],"author":"temp circular","twitter_card":"summary_large_image","twitter_creator":"@ranciliogroup","twitter_site":"@ranciliogroup","twitter_misc":{"Written by":"temp circular","Est. reading time":"1 minute"},"schema":{"@context":"https:\/\/schema.org","@graph":[{"@type":"Article","@id":"https:\/\/www.ranciliogroup.com\/es\/rancilio-group-for-international-coffee-day\/#article","isPartOf":{"@id":"https:\/\/www.ranciliogroup.com\/es\/rancilio-group-for-international-coffee-day\/"},"author":{"name":"temp circular","@id":"https:\/\/www.ranciliogroup.com\/es\/#\/schema\/person\/d6bf0a7dfe74cded3d64da8b2c92814c"},"headline":"Rancilio Group for International Coffee Day","datePublished":"2021-09-17T07:40:35+00:00","dateModified":"2023-11-29T09:34:04+00:00","mainEntityOfPage":{"@id":"https:\/\/www.ranciliogroup.com\/es\/rancilio-group-for-international-coffee-day\/"},"wordCount":170,"publisher":{"@id":"https:\/\/www.ranciliogroup.com\/es\/#organization"},"articleSection":["Eventos"],"inLanguage":"es-ES"},{"@type":"WebPage","@id":"https:\/\/www.ranciliogroup.com\/es\/rancilio-group-for-international-coffee-day\/","url":"https:\/\/www.ranciliogroup.com\/es\/rancilio-group-for-international-coffee-day\/","name":"Latest update about Rancilio Group for International Coffee Day - Rancilio Group","isPartOf":{"@id":"https:\/\/www.ranciliogroup.com\/es\/#website"},"datePublished":"2021-09-17T07:40:35+00:00","dateModified":"2023-11-29T09:34:04+00:00","description":"Read Rancilio Group's latest news about Rancilio Group for International Coffee Day","breadcrumb":{"@id":"https:\/\/www.ranciliogroup.com\/es\/rancilio-group-for-international-coffee-day\/#breadcrumb"},"inLanguage":"es-ES","potentialAction":[{"@type":"ReadAction","target":["https:\/\/www.ranciliogroup.com\/es\/rancilio-group-for-international-coffee-day\/"]}]},{"@type":"BreadcrumbList","@id":"https:\/\/www.ranciliogroup.com\/es\/rancilio-group-for-international-coffee-day\/#breadcrumb","itemListElement":[{"@type":"ListItem","position":1,"name":"Home","item":"https:\/\/www.ranciliogroup.com\/es\/"},{"@type":"ListItem","position":2,"name":"Rancilio Group for International Coffee Day"}]},{"@type":"WebSite","@id":"https:\/\/www.ranciliogroup.com\/es\/#website","url":"https:\/\/www.ranciliogroup.com\/es\/","name":"Rancilio Group","description":"L\u00edder en M\u00e1quinas de Caf\u00e9 Profesionales","publisher":{"@id":"https:\/\/www.ranciliogroup.com\/es\/#organization"},"potentialAction":[{"@type":"SearchAction","target":{"@type":"EntryPoint","urlTemplate":"https:\/\/www.ranciliogroup.com\/es\/?s={search_term_string}"},"query-input":"required name=search_term_string"}],"inLanguage":"es-ES"},{"@type":"Organization","@id":"https:\/\/www.ranciliogroup.com\/es\/#organization","name":"Rancilio Group","url":"https:\/\/www.ranciliogroup.com\/es\/","logo":{"@type":"ImageObject","inLanguage":"es-ES","@id":"https:\/\/www.ranciliogroup.com\/es\/#\/schema\/logo\/image\/","url":"https:\/\/www.ranciliogroup.com\/app\/uploads\/2019\/07\/rancilio_black_logo.png","contentUrl":"https:\/\/www.ranciliogroup.com\/app\/uploads\/2019\/07\/rancilio_black_logo.png","width":447,"height":57,"caption":"Rancilio Group"},"image":{"@id":"https:\/\/www.ranciliogroup.com\/es\/#\/schema\/logo\/image\/"},"sameAs":["https:\/\/www.facebook.com\/RancilioGroup","https:\/\/twitter.com\/ranciliogroup","https:\/\/www.instagram.com\/rancilio_official\/","https:\/\/www.linkedin.com\/company\/ranciliogroup\/","https:\/\/www.youtube.com\/user\/rancilioadmin"]},{"@type":"Person","@id":"https:\/\/www.ranciliogroup.com\/es\/#\/schema\/person\/d6bf0a7dfe74cded3d64da8b2c92814c","name":"temp circular","image":{"@type":"ImageObject","inLanguage":"es-ES","@id":"https:\/\/www.ranciliogroup.com\/es\/#\/schema\/person\/image\/","url":"https:\/\/secure.gravatar.com\/avatar\/569e71c3b97b8bcad1854d6579b35c5f?s=96&d=mm&r=g","contentUrl":"https:\/\/secure.gravatar.com\/avatar\/569e71c3b97b8bcad1854d6579b35c5f?s=96&d=mm&r=g","caption":"temp circular"}}]}},"_links":{"self":[{"href":"https:\/\/www.ranciliogroup.com\/es\/wp-json\/wp\/v2\/posts\/31250"}],"collection":[{"href":"https:\/\/www.ranciliogroup.com\/es\/wp-json\/wp\/v2\/posts"}],"about":[{"href":"https:\/\/www.ranciliogroup.com\/es\/wp-json\/wp\/v2\/types\/post"}],"author":[{"embeddable":true,"href":"https:\/\/www.ranciliogroup.com\/es\/wp-json\/wp\/v2\/users\/5"}],"replies":[{"embeddable":true,"href":"https:\/\/www.ranciliogroup.com\/es\/wp-json\/wp\/v2\/comments?post=31250"}],"version-history":[{"count":1,"href":"https:\/\/www.ranciliogroup.com\/es\/wp-json\/wp\/v2\/posts\/31250\/revisions"}],"predecessor-version":[{"id":66450,"href":"https:\/\/www.ranciliogroup.com\/es\/wp-json\/wp\/v2\/posts\/31250\/revisions\/66450"}],"wp:featuredmedia":[{"embeddable":true,"href":"https:\/\/www.ranciliogroup.com\/es\/wp-json\/wp\/v2\/media\/31252"}],"wp:attachment":[{"href":"https:\/\/www.ranciliogroup.com\/es\/wp-json\/wp\/v2\/media?parent=31250"}],"wp:term":[{"taxonomy":"category","embeddable":true,"href":"https:\/\/www.ranciliogroup.com\/es\/wp-json\/wp\/v2\/categories?post=31250"},{"taxonomy":"post_tag","embeddable":true,"href":"https:\/\/www.ranciliogroup.com\/es\/wp-json\/wp\/v2\/tags?post=31250"}],"curies":[{"name":"wp","href":"https:\/\/api.w.org\/{rel}","templated":true}]}}