{"id":32902,"date":"2022-03-17T14:06:54","date_gmt":"2022-03-17T13:06:54","guid":{"rendered":"https:\/\/www.ranciliogroup.com\/?p=32902"},"modified":"2022-03-24T16:44:24","modified_gmt":"2022-03-24T15:44:24","slug":"rancilio-group-at-the-lisbon-coffee-fest","status":"publish","type":"post","link":"https:\/\/www.ranciliogroup.com\/es\/rancilio-group-at-the-lisbon-coffee-fest\/","title":{"rendered":"Rancilio Group acudir\u00e1 al Lisbon Coffee Fest"},"content":{"rendered":"<p><em>El equipo portugu\u00e9s de Rancilio Group estar\u00e1 presente en la pr\u00f3xima edici\u00f3n del Lisbon Coffee Fest, que se celebrar\u00e1 del 25 al 27 de marzo de 2022 en la LX Factory, ubicada en la antigua zona industrial de Alc\u00e2ntara.  <\/em><\/p>\n<p>Una gran anticipaci\u00f3n envuelve a este evento que, adem\u00e1s, de acoger las finales de los SCA Barista Championships, ofrece un calendario integral de eventos con numerosos talleres, una competici\u00f3n para tostadores y una exhibici\u00f3n dedicada a la historia del caf\u00e9. Asimismo, el p\u00fablico portugu\u00e9s tendr\u00e1 la oportunidad de descubrir las \u00faltimas innovaciones de la m\u00e1quina de caf\u00e9 espresso Rancilio Specialty RS1. Adem\u00e1s de la nueva interfaz, desarrollada para destacar las funciones principales de la cafetera y simplificar el trabajo del barista, la RS1 incorpora una nueva tecnolog\u00eda est\u00e1ndar que permite controlar las fases de preinfusi\u00f3n y postinfusi\u00f3n. Esta nueva tecnolog\u00eda, en combinaci\u00f3n con la ya incluida Advanced Temperature Profiling, hace posible intervenir tanto en la temperatura como en la presi\u00f3n, las dos variables que m\u00e1s influyen en el resultado de cada extracci\u00f3n de caf\u00e9. La RS1 se presentar\u00e1 tanto en acero inoxidable como en negro; este \u00faltimo, al igual que el blanco, se convertir\u00e1 en color est\u00e1ndar para este producto a partir de este a\u00f1o. Pero esto no es todo; el Lisbon Coffee Fest tambi\u00e9n acoger\u00e1 la presentaci\u00f3n de Kryo Evo OD, la nueva versi\u00f3n por encargo del molinillo de la l\u00ednea Rancilio Grindtec. <\/p>\n<p><strong>Lisbon Coffee Fest<\/strong><br \/>\nDel 25 al 27 de marzo de 2022<br \/>\nXL Factory &#8211; Lisboa<br \/>\nRancilio Group<br \/>\nStand G4<\/p>\n","protected":false},"excerpt":{"rendered":"<p>El equipo portugu\u00e9s de Rancilio Group estar\u00e1 presente en la pr\u00f3xima edici\u00f3n del Lisbon Coffee Fest, que se celebrar\u00e1 del&#8230;<\/p>\n","protected":false},"author":5,"featured_media":32895,"comment_status":"closed","ping_status":"closed","sticky":false,"template":"","format":"standard","meta":[],"categories":[862],"tags":[],"acf":[],"yoast_head":"<!-- This site is optimized with the Yoast SEO plugin v21.5 - https:\/\/yoast.com\/wordpress\/plugins\/seo\/ -->\n<title>Latest update about Rancilio Group acudir\u00e1 al Lisbon Coffee Fest - Rancilio Group<\/title>\n<meta name=\"description\" content=\"Read Rancilio Group&#039;s latest news about Rancilio Group acudir\u00e1 al Lisbon Coffee Fest\" \/>\n<meta name=\"robots\" content=\"index, follow, max-snippet:-1, max-image-preview:large, max-video-preview:-1\" \/>\n<link rel=\"canonical\" href=\"https:\/\/www.ranciliogroup.com\/es\/rancilio-group-at-the-lisbon-coffee-fest\/\" \/>\n<meta property=\"og:locale\" content=\"es_ES\" \/>\n<meta property=\"og:type\" content=\"article\" \/>\n<meta property=\"og:title\" content=\"Latest update about Rancilio Group acudir\u00e1 al Lisbon Coffee Fest - Rancilio Group\" \/>\n<meta property=\"og:description\" content=\"Read Rancilio Group&#039;s latest news about Rancilio Group acudir\u00e1 al Lisbon Coffee Fest\" \/>\n<meta property=\"og:url\" content=\"https:\/\/www.ranciliogroup.com\/es\/rancilio-group-at-the-lisbon-coffee-fest\/\" \/>\n<meta property=\"og:site_name\" content=\"Rancilio Group\" \/>\n<meta property=\"article:publisher\" content=\"https:\/\/www.facebook.com\/RancilioGroup\" \/>\n<meta property=\"article:published_time\" content=\"2022-03-17T13:06:54+00:00\" \/>\n<meta property=\"article:modified_time\" content=\"2022-03-24T15:44:24+00:00\" \/>\n<meta property=\"og:image\" content=\"https:\/\/www.ranciliogroup.com\/app\/uploads\/2022\/03\/RG_LISBON-COFFEE-FEST_03-1024x682.png\" \/>\n\t<meta property=\"og:image:width\" content=\"1024\" \/>\n\t<meta property=\"og:image:height\" content=\"682\" \/>\n\t<meta property=\"og:image:type\" content=\"image\/png\" \/>\n<meta name=\"author\" content=\"temp circular\" \/>\n<meta name=\"twitter:card\" content=\"summary_large_image\" \/>\n<meta name=\"twitter:creator\" content=\"@ranciliogroup\" \/>\n<meta name=\"twitter:site\" content=\"@ranciliogroup\" \/>\n<meta name=\"twitter:label1\" content=\"Written by\" \/>\n\t<meta name=\"twitter:data1\" content=\"temp circular\" \/>\n\t<meta name=\"twitter:label2\" content=\"Est. reading time\" \/>\n\t<meta name=\"twitter:data2\" content=\"1 minute\" \/>\n<script type=\"application\/ld+json\" class=\"yoast-schema-graph\">{\"@context\":\"https:\/\/schema.org\",\"@graph\":[{\"@type\":\"Article\",\"@id\":\"https:\/\/www.ranciliogroup.com\/es\/rancilio-group-at-the-lisbon-coffee-fest\/#article\",\"isPartOf\":{\"@id\":\"https:\/\/www.ranciliogroup.com\/es\/rancilio-group-at-the-lisbon-coffee-fest\/\"},\"author\":{\"name\":\"temp circular\",\"@id\":\"https:\/\/www.ranciliogroup.com\/es\/#\/schema\/person\/d6bf0a7dfe74cded3d64da8b2c92814c\"},\"headline\":\"Rancilio Group acudir\u00e1 al Lisbon Coffee Fest\",\"datePublished\":\"2022-03-17T13:06:54+00:00\",\"dateModified\":\"2022-03-24T15:44:24+00:00\",\"mainEntityOfPage\":{\"@id\":\"https:\/\/www.ranciliogroup.com\/es\/rancilio-group-at-the-lisbon-coffee-fest\/\"},\"wordCount\":280,\"publisher\":{\"@id\":\"https:\/\/www.ranciliogroup.com\/es\/#organization\"},\"articleSection\":[\"Eventos\"],\"inLanguage\":\"es-ES\"},{\"@type\":\"WebPage\",\"@id\":\"https:\/\/www.ranciliogroup.com\/es\/rancilio-group-at-the-lisbon-coffee-fest\/\",\"url\":\"https:\/\/www.ranciliogroup.com\/es\/rancilio-group-at-the-lisbon-coffee-fest\/\",\"name\":\"Latest update about Rancilio Group acudir\u00e1 al Lisbon Coffee Fest - Rancilio Group\",\"isPartOf\":{\"@id\":\"https:\/\/www.ranciliogroup.com\/es\/#website\"},\"datePublished\":\"2022-03-17T13:06:54+00:00\",\"dateModified\":\"2022-03-24T15:44:24+00:00\",\"description\":\"Read Rancilio Group's latest news about Rancilio Group acudir\u00e1 al Lisbon Coffee Fest\",\"breadcrumb\":{\"@id\":\"https:\/\/www.ranciliogroup.com\/es\/rancilio-group-at-the-lisbon-coffee-fest\/#breadcrumb\"},\"inLanguage\":\"es-ES\",\"potentialAction\":[{\"@type\":\"ReadAction\",\"target\":[\"https:\/\/www.ranciliogroup.com\/es\/rancilio-group-at-the-lisbon-coffee-fest\/\"]}]},{\"@type\":\"BreadcrumbList\",\"@id\":\"https:\/\/www.ranciliogroup.com\/es\/rancilio-group-at-the-lisbon-coffee-fest\/#breadcrumb\",\"itemListElement\":[{\"@type\":\"ListItem\",\"position\":1,\"name\":\"Home\",\"item\":\"https:\/\/www.ranciliogroup.com\/es\/\"},{\"@type\":\"ListItem\",\"position\":2,\"name\":\"Rancilio Group acudir\u00e1 al Lisbon Coffee Fest\"}]},{\"@type\":\"WebSite\",\"@id\":\"https:\/\/www.ranciliogroup.com\/es\/#website\",\"url\":\"https:\/\/www.ranciliogroup.com\/es\/\",\"name\":\"Rancilio Group\",\"description\":\"L\u00edder en M\u00e1quinas de Caf\u00e9 Profesionales\",\"publisher\":{\"@id\":\"https:\/\/www.ranciliogroup.com\/es\/#organization\"},\"potentialAction\":[{\"@type\":\"SearchAction\",\"target\":{\"@type\":\"EntryPoint\",\"urlTemplate\":\"https:\/\/www.ranciliogroup.com\/es\/?s={search_term_string}\"},\"query-input\":\"required name=search_term_string\"}],\"inLanguage\":\"es-ES\"},{\"@type\":\"Organization\",\"@id\":\"https:\/\/www.ranciliogroup.com\/es\/#organization\",\"name\":\"Rancilio Group\",\"url\":\"https:\/\/www.ranciliogroup.com\/es\/\",\"logo\":{\"@type\":\"ImageObject\",\"inLanguage\":\"es-ES\",\"@id\":\"https:\/\/www.ranciliogroup.com\/es\/#\/schema\/logo\/image\/\",\"url\":\"https:\/\/www.ranciliogroup.com\/app\/uploads\/2019\/07\/rancilio_black_logo.png\",\"contentUrl\":\"https:\/\/www.ranciliogroup.com\/app\/uploads\/2019\/07\/rancilio_black_logo.png\",\"width\":447,\"height\":57,\"caption\":\"Rancilio Group\"},\"image\":{\"@id\":\"https:\/\/www.ranciliogroup.com\/es\/#\/schema\/logo\/image\/\"},\"sameAs\":[\"https:\/\/www.facebook.com\/RancilioGroup\",\"https:\/\/twitter.com\/ranciliogroup\",\"https:\/\/www.instagram.com\/rancilio_official\/\",\"https:\/\/www.linkedin.com\/company\/ranciliogroup\/\",\"https:\/\/www.youtube.com\/user\/rancilioadmin\"]},{\"@type\":\"Person\",\"@id\":\"https:\/\/www.ranciliogroup.com\/es\/#\/schema\/person\/d6bf0a7dfe74cded3d64da8b2c92814c\",\"name\":\"temp circular\",\"image\":{\"@type\":\"ImageObject\",\"inLanguage\":\"es-ES\",\"@id\":\"https:\/\/www.ranciliogroup.com\/es\/#\/schema\/person\/image\/\",\"url\":\"https:\/\/secure.gravatar.com\/avatar\/569e71c3b97b8bcad1854d6579b35c5f?s=96&d=mm&r=g\",\"contentUrl\":\"https:\/\/secure.gravatar.com\/avatar\/569e71c3b97b8bcad1854d6579b35c5f?s=96&d=mm&r=g\",\"caption\":\"temp circular\"}}]}<\/script>\n<!-- \/ Yoast SEO plugin. -->","yoast_head_json":{"title":"Latest update about Rancilio Group acudir\u00e1 al Lisbon Coffee Fest - Rancilio Group","description":"Read Rancilio Group's latest news about Rancilio Group acudir\u00e1 al Lisbon Coffee Fest","robots":{"index":"index","follow":"follow","max-snippet":"max-snippet:-1","max-image-preview":"max-image-preview:large","max-video-preview":"max-video-preview:-1"},"canonical":"https:\/\/www.ranciliogroup.com\/es\/rancilio-group-at-the-lisbon-coffee-fest\/","og_locale":"es_ES","og_type":"article","og_title":"Latest update about Rancilio Group acudir\u00e1 al Lisbon Coffee Fest - Rancilio Group","og_description":"Read Rancilio Group's latest news about Rancilio Group acudir\u00e1 al Lisbon Coffee Fest","og_url":"https:\/\/www.ranciliogroup.com\/es\/rancilio-group-at-the-lisbon-coffee-fest\/","og_site_name":"Rancilio Group","article_publisher":"https:\/\/www.facebook.com\/RancilioGroup","article_published_time":"2022-03-17T13:06:54+00:00","article_modified_time":"2022-03-24T15:44:24+00:00","og_image":[{"width":1024,"height":682,"url":"https:\/\/www.ranciliogroup.com\/app\/uploads\/2022\/03\/RG_LISBON-COFFEE-FEST_03-1024x682.png","type":"image\/png"}],"author":"temp circular","twitter_card":"summary_large_image","twitter_creator":"@ranciliogroup","twitter_site":"@ranciliogroup","twitter_misc":{"Written by":"temp circular","Est. reading time":"1 minute"},"schema":{"@context":"https:\/\/schema.org","@graph":[{"@type":"Article","@id":"https:\/\/www.ranciliogroup.com\/es\/rancilio-group-at-the-lisbon-coffee-fest\/#article","isPartOf":{"@id":"https:\/\/www.ranciliogroup.com\/es\/rancilio-group-at-the-lisbon-coffee-fest\/"},"author":{"name":"temp circular","@id":"https:\/\/www.ranciliogroup.com\/es\/#\/schema\/person\/d6bf0a7dfe74cded3d64da8b2c92814c"},"headline":"Rancilio Group acudir\u00e1 al Lisbon Coffee Fest","datePublished":"2022-03-17T13:06:54+00:00","dateModified":"2022-03-24T15:44:24+00:00","mainEntityOfPage":{"@id":"https:\/\/www.ranciliogroup.com\/es\/rancilio-group-at-the-lisbon-coffee-fest\/"},"wordCount":280,"publisher":{"@id":"https:\/\/www.ranciliogroup.com\/es\/#organization"},"articleSection":["Eventos"],"inLanguage":"es-ES"},{"@type":"WebPage","@id":"https:\/\/www.ranciliogroup.com\/es\/rancilio-group-at-the-lisbon-coffee-fest\/","url":"https:\/\/www.ranciliogroup.com\/es\/rancilio-group-at-the-lisbon-coffee-fest\/","name":"Latest update about Rancilio Group acudir\u00e1 al Lisbon Coffee Fest - Rancilio Group","isPartOf":{"@id":"https:\/\/www.ranciliogroup.com\/es\/#website"},"datePublished":"2022-03-17T13:06:54+00:00","dateModified":"2022-03-24T15:44:24+00:00","description":"Read Rancilio Group's latest news about Rancilio Group acudir\u00e1 al Lisbon Coffee Fest","breadcrumb":{"@id":"https:\/\/www.ranciliogroup.com\/es\/rancilio-group-at-the-lisbon-coffee-fest\/#breadcrumb"},"inLanguage":"es-ES","potentialAction":[{"@type":"ReadAction","target":["https:\/\/www.ranciliogroup.com\/es\/rancilio-group-at-the-lisbon-coffee-fest\/"]}]},{"@type":"BreadcrumbList","@id":"https:\/\/www.ranciliogroup.com\/es\/rancilio-group-at-the-lisbon-coffee-fest\/#breadcrumb","itemListElement":[{"@type":"ListItem","position":1,"name":"Home","item":"https:\/\/www.ranciliogroup.com\/es\/"},{"@type":"ListItem","position":2,"name":"Rancilio Group acudir\u00e1 al Lisbon Coffee Fest"}]},{"@type":"WebSite","@id":"https:\/\/www.ranciliogroup.com\/es\/#website","url":"https:\/\/www.ranciliogroup.com\/es\/","name":"Rancilio Group","description":"L\u00edder en M\u00e1quinas de Caf\u00e9 Profesionales","publisher":{"@id":"https:\/\/www.ranciliogroup.com\/es\/#organization"},"potentialAction":[{"@type":"SearchAction","target":{"@type":"EntryPoint","urlTemplate":"https:\/\/www.ranciliogroup.com\/es\/?s={search_term_string}"},"query-input":"required name=search_term_string"}],"inLanguage":"es-ES"},{"@type":"Organization","@id":"https:\/\/www.ranciliogroup.com\/es\/#organization","name":"Rancilio Group","url":"https:\/\/www.ranciliogroup.com\/es\/","logo":{"@type":"ImageObject","inLanguage":"es-ES","@id":"https:\/\/www.ranciliogroup.com\/es\/#\/schema\/logo\/image\/","url":"https:\/\/www.ranciliogroup.com\/app\/uploads\/2019\/07\/rancilio_black_logo.png","contentUrl":"https:\/\/www.ranciliogroup.com\/app\/uploads\/2019\/07\/rancilio_black_logo.png","width":447,"height":57,"caption":"Rancilio Group"},"image":{"@id":"https:\/\/www.ranciliogroup.com\/es\/#\/schema\/logo\/image\/"},"sameAs":["https:\/\/www.facebook.com\/RancilioGroup","https:\/\/twitter.com\/ranciliogroup","https:\/\/www.instagram.com\/rancilio_official\/","https:\/\/www.linkedin.com\/company\/ranciliogroup\/","https:\/\/www.youtube.com\/user\/rancilioadmin"]},{"@type":"Person","@id":"https:\/\/www.ranciliogroup.com\/es\/#\/schema\/person\/d6bf0a7dfe74cded3d64da8b2c92814c","name":"temp circular","image":{"@type":"ImageObject","inLanguage":"es-ES","@id":"https:\/\/www.ranciliogroup.com\/es\/#\/schema\/person\/image\/","url":"https:\/\/secure.gravatar.com\/avatar\/569e71c3b97b8bcad1854d6579b35c5f?s=96&d=mm&r=g","contentUrl":"https:\/\/secure.gravatar.com\/avatar\/569e71c3b97b8bcad1854d6579b35c5f?s=96&d=mm&r=g","caption":"temp circular"}}]}},"_links":{"self":[{"href":"https:\/\/www.ranciliogroup.com\/es\/wp-json\/wp\/v2\/posts\/32902"}],"collection":[{"href":"https:\/\/www.ranciliogroup.com\/es\/wp-json\/wp\/v2\/posts"}],"about":[{"href":"https:\/\/www.ranciliogroup.com\/es\/wp-json\/wp\/v2\/types\/post"}],"author":[{"embeddable":true,"href":"https:\/\/www.ranciliogroup.com\/es\/wp-json\/wp\/v2\/users\/5"}],"replies":[{"embeddable":true,"href":"https:\/\/www.ranciliogroup.com\/es\/wp-json\/wp\/v2\/comments?post=32902"}],"version-history":[{"count":2,"href":"https:\/\/www.ranciliogroup.com\/es\/wp-json\/wp\/v2\/posts\/32902\/revisions"}],"predecessor-version":[{"id":44053,"href":"https:\/\/www.ranciliogroup.com\/es\/wp-json\/wp\/v2\/posts\/32902\/revisions\/44053"}],"wp:featuredmedia":[{"embeddable":true,"href":"https:\/\/www.ranciliogroup.com\/es\/wp-json\/wp\/v2\/media\/32895"}],"wp:attachment":[{"href":"https:\/\/www.ranciliogroup.com\/es\/wp-json\/wp\/v2\/media?parent=32902"}],"wp:term":[{"taxonomy":"category","embeddable":true,"href":"https:\/\/www.ranciliogroup.com\/es\/wp-json\/wp\/v2\/categories?post=32902"},{"taxonomy":"post_tag","embeddable":true,"href":"https:\/\/www.ranciliogroup.com\/es\/wp-json\/wp\/v2\/tags?post=32902"}],"curies":[{"name":"wp","href":"https:\/\/api.w.org\/{rel}","templated":true}]}}