{"id":58917,"date":"2022-06-20T10:11:14","date_gmt":"2022-06-20T08:11:14","guid":{"rendered":"https:\/\/www.ranciliogroup.com\/the-effect-of-temperature-on-extraction-and-flavour\/"},"modified":"2022-06-20T10:36:47","modified_gmt":"2022-06-20T08:36:47","slug":"the-effect-of-temperature-on-extraction-and-flavour","status":"publish","type":"post","link":"https:\/\/www.ranciliogroup.com\/es\/the-effect-of-temperature-on-extraction-and-flavour\/","title":{"rendered":"EL EFECTO DE LA TEMPERATURA EN LA EXTRACCI\u00d3N Y EL SABOR"},"content":{"rendered":"<p><em>Hay muchas variables que intervienen en la extracci\u00f3n del espresso, como el tama\u00f1o de la molienda, la dosis, el apisonado, el rendimiento de la extracci\u00f3n, la proporci\u00f3n de infusi\u00f3n, el tiempo (como consecuencia) y la temperatura del agua, por nombrar s\u00f3lo algunas.<\/em><\/p>\n<p>Las m\u00e1quinas de caf\u00e9 espresso de alta calidad, como la <a href=\"https:\/\/www.ranciliogroup.com\/es\/rancilio\/silvia-pro-x\/\">Rancilio Silvia Pro X<\/a>\u00a0 , suelen tener mayores niveles de inercia t\u00e9rmica gracias a un dise\u00f1o que tiene en cuenta c\u00f3mo se dispersa el calor de forma natural. Al anticipar esto en su dise\u00f1o, la m\u00e1quina es m\u00e1s eficiente y sostenible.<\/p>\n<p>Para saber m\u00e1s sobre la estabilidad t\u00e9rmica en las m\u00e1quinas de caf\u00e9 espresso, Carles Gonz\u00e1lez, Director de Competencia de Caf\u00e9 del Grupo Rancilio, en una entrevista con <a href=\"https:\/\/perfectdailygrind.com\/\">Perfectdailygrind.com<\/a> habla y profundiza en este argumento.<\/p>\n<p>&nbsp;<\/p>\n<p>&nbsp;<\/p>\n<p><a href=\"https:\/\/perfectdailygrind.com\/2022\/06\/how-does-temperature-stability-affect-espresso\/\">LEER EL ART\u00cdCULO COMPLETO<\/a><\/p>\n","protected":false},"excerpt":{"rendered":"<p>Hay muchas variables que intervienen en la extracci\u00f3n del espresso, como el tama\u00f1o de la molienda, la dosis, el apisonado,&#8230;<\/p>\n","protected":false},"author":5,"featured_media":58990,"comment_status":"closed","ping_status":"closed","sticky":false,"template":"","format":"standard","meta":[],"categories":[889],"tags":[],"acf":[],"yoast_head":"<!-- This site is optimized with the Yoast SEO plugin v21.5 - https:\/\/yoast.com\/wordpress\/plugins\/seo\/ -->\n<title>Latest update about EL EFECTO DE LA TEMPERATURA EN LA EXTRACCI\u00d3N Y EL SABOR - Rancilio Group<\/title>\n<meta name=\"description\" content=\"Read Rancilio Group&#039;s latest news about EL EFECTO DE LA TEMPERATURA EN LA EXTRACCI\u00d3N Y EL SABOR\" \/>\n<meta name=\"robots\" content=\"index, follow, max-snippet:-1, max-image-preview:large, max-video-preview:-1\" \/>\n<link rel=\"canonical\" href=\"https:\/\/www.ranciliogroup.com\/es\/the-effect-of-temperature-on-extraction-and-flavour\/\" \/>\n<meta property=\"og:locale\" content=\"es_ES\" \/>\n<meta property=\"og:type\" content=\"article\" \/>\n<meta property=\"og:title\" content=\"Latest update about EL EFECTO DE LA TEMPERATURA EN LA EXTRACCI\u00d3N Y EL SABOR - Rancilio Group\" \/>\n<meta property=\"og:description\" content=\"Read Rancilio Group&#039;s latest news about EL EFECTO DE LA TEMPERATURA EN LA EXTRACCI\u00d3N Y EL SABOR\" \/>\n<meta property=\"og:url\" content=\"https:\/\/www.ranciliogroup.com\/es\/the-effect-of-temperature-on-extraction-and-flavour\/\" \/>\n<meta property=\"og:site_name\" content=\"Rancilio Group\" \/>\n<meta property=\"article:publisher\" content=\"https:\/\/www.facebook.com\/RancilioGroup\" \/>\n<meta property=\"article:published_time\" content=\"2022-06-20T08:11:14+00:00\" \/>\n<meta property=\"article:modified_time\" content=\"2022-06-20T08:36:47+00:00\" \/>\n<meta property=\"og:image\" content=\"https:\/\/www.ranciliogroup.com\/app\/uploads\/2022\/06\/RancilioGroup_HomelineLifestyle_SilviaPRO_0127-scaled.jpg\" \/>\n\t<meta property=\"og:image:width\" content=\"2560\" \/>\n\t<meta property=\"og:image:height\" content=\"1946\" \/>\n\t<meta property=\"og:image:type\" content=\"image\/jpeg\" \/>\n<meta name=\"author\" content=\"temp circular\" \/>\n<meta name=\"twitter:card\" content=\"summary_large_image\" \/>\n<meta name=\"twitter:creator\" content=\"@ranciliogroup\" \/>\n<meta name=\"twitter:site\" content=\"@ranciliogroup\" \/>\n<meta name=\"twitter:label1\" content=\"Written by\" \/>\n\t<meta name=\"twitter:data1\" content=\"temp circular\" \/>\n\t<meta name=\"twitter:label2\" content=\"Est. reading time\" \/>\n\t<meta name=\"twitter:data2\" content=\"1 minute\" \/>\n<script type=\"application\/ld+json\" class=\"yoast-schema-graph\">{\"@context\":\"https:\/\/schema.org\",\"@graph\":[{\"@type\":\"Article\",\"@id\":\"https:\/\/www.ranciliogroup.com\/es\/the-effect-of-temperature-on-extraction-and-flavour\/#article\",\"isPartOf\":{\"@id\":\"https:\/\/www.ranciliogroup.com\/es\/the-effect-of-temperature-on-extraction-and-flavour\/\"},\"author\":{\"name\":\"temp circular\",\"@id\":\"https:\/\/www.ranciliogroup.com\/es\/#\/schema\/person\/d6bf0a7dfe74cded3d64da8b2c92814c\"},\"headline\":\"EL EFECTO DE LA TEMPERATURA EN LA EXTRACCI\u00d3N Y EL SABOR\",\"datePublished\":\"2022-06-20T08:11:14+00:00\",\"dateModified\":\"2022-06-20T08:36:47+00:00\",\"mainEntityOfPage\":{\"@id\":\"https:\/\/www.ranciliogroup.com\/es\/the-effect-of-temperature-on-extraction-and-flavour\/\"},\"wordCount\":163,\"publisher\":{\"@id\":\"https:\/\/www.ranciliogroup.com\/es\/#organization\"},\"articleSection\":[\"Lab\"],\"inLanguage\":\"es-ES\"},{\"@type\":\"WebPage\",\"@id\":\"https:\/\/www.ranciliogroup.com\/es\/the-effect-of-temperature-on-extraction-and-flavour\/\",\"url\":\"https:\/\/www.ranciliogroup.com\/es\/the-effect-of-temperature-on-extraction-and-flavour\/\",\"name\":\"Latest update about EL EFECTO DE LA TEMPERATURA EN LA EXTRACCI\u00d3N Y EL SABOR - Rancilio Group\",\"isPartOf\":{\"@id\":\"https:\/\/www.ranciliogroup.com\/es\/#website\"},\"datePublished\":\"2022-06-20T08:11:14+00:00\",\"dateModified\":\"2022-06-20T08:36:47+00:00\",\"description\":\"Read Rancilio Group's latest news about EL EFECTO DE LA TEMPERATURA EN LA EXTRACCI\u00d3N Y EL SABOR\",\"breadcrumb\":{\"@id\":\"https:\/\/www.ranciliogroup.com\/es\/the-effect-of-temperature-on-extraction-and-flavour\/#breadcrumb\"},\"inLanguage\":\"es-ES\",\"potentialAction\":[{\"@type\":\"ReadAction\",\"target\":[\"https:\/\/www.ranciliogroup.com\/es\/the-effect-of-temperature-on-extraction-and-flavour\/\"]}]},{\"@type\":\"BreadcrumbList\",\"@id\":\"https:\/\/www.ranciliogroup.com\/es\/the-effect-of-temperature-on-extraction-and-flavour\/#breadcrumb\",\"itemListElement\":[{\"@type\":\"ListItem\",\"position\":1,\"name\":\"Home\",\"item\":\"https:\/\/www.ranciliogroup.com\/es\/\"},{\"@type\":\"ListItem\",\"position\":2,\"name\":\"EL EFECTO DE LA TEMPERATURA EN LA EXTRACCI\u00d3N Y EL SABOR\"}]},{\"@type\":\"WebSite\",\"@id\":\"https:\/\/www.ranciliogroup.com\/es\/#website\",\"url\":\"https:\/\/www.ranciliogroup.com\/es\/\",\"name\":\"Rancilio Group\",\"description\":\"L\u00edder en M\u00e1quinas de Caf\u00e9 Profesionales\",\"publisher\":{\"@id\":\"https:\/\/www.ranciliogroup.com\/es\/#organization\"},\"potentialAction\":[{\"@type\":\"SearchAction\",\"target\":{\"@type\":\"EntryPoint\",\"urlTemplate\":\"https:\/\/www.ranciliogroup.com\/es\/?s={search_term_string}\"},\"query-input\":\"required name=search_term_string\"}],\"inLanguage\":\"es-ES\"},{\"@type\":\"Organization\",\"@id\":\"https:\/\/www.ranciliogroup.com\/es\/#organization\",\"name\":\"Rancilio Group\",\"url\":\"https:\/\/www.ranciliogroup.com\/es\/\",\"logo\":{\"@type\":\"ImageObject\",\"inLanguage\":\"es-ES\",\"@id\":\"https:\/\/www.ranciliogroup.com\/es\/#\/schema\/logo\/image\/\",\"url\":\"https:\/\/www.ranciliogroup.com\/app\/uploads\/2019\/07\/rancilio_black_logo.png\",\"contentUrl\":\"https:\/\/www.ranciliogroup.com\/app\/uploads\/2019\/07\/rancilio_black_logo.png\",\"width\":447,\"height\":57,\"caption\":\"Rancilio Group\"},\"image\":{\"@id\":\"https:\/\/www.ranciliogroup.com\/es\/#\/schema\/logo\/image\/\"},\"sameAs\":[\"https:\/\/www.facebook.com\/RancilioGroup\",\"https:\/\/twitter.com\/ranciliogroup\",\"https:\/\/www.instagram.com\/rancilio_official\/\",\"https:\/\/www.linkedin.com\/company\/ranciliogroup\/\",\"https:\/\/www.youtube.com\/user\/rancilioadmin\"]},{\"@type\":\"Person\",\"@id\":\"https:\/\/www.ranciliogroup.com\/es\/#\/schema\/person\/d6bf0a7dfe74cded3d64da8b2c92814c\",\"name\":\"temp circular\",\"image\":{\"@type\":\"ImageObject\",\"inLanguage\":\"es-ES\",\"@id\":\"https:\/\/www.ranciliogroup.com\/es\/#\/schema\/person\/image\/\",\"url\":\"https:\/\/secure.gravatar.com\/avatar\/569e71c3b97b8bcad1854d6579b35c5f?s=96&d=mm&r=g\",\"contentUrl\":\"https:\/\/secure.gravatar.com\/avatar\/569e71c3b97b8bcad1854d6579b35c5f?s=96&d=mm&r=g\",\"caption\":\"temp circular\"}}]}<\/script>\n<!-- \/ Yoast SEO plugin. -->","yoast_head_json":{"title":"Latest update about EL EFECTO DE LA TEMPERATURA EN LA EXTRACCI\u00d3N Y EL SABOR - Rancilio Group","description":"Read Rancilio Group's latest news about EL EFECTO DE LA TEMPERATURA EN LA EXTRACCI\u00d3N Y EL SABOR","robots":{"index":"index","follow":"follow","max-snippet":"max-snippet:-1","max-image-preview":"max-image-preview:large","max-video-preview":"max-video-preview:-1"},"canonical":"https:\/\/www.ranciliogroup.com\/es\/the-effect-of-temperature-on-extraction-and-flavour\/","og_locale":"es_ES","og_type":"article","og_title":"Latest update about EL EFECTO DE LA TEMPERATURA EN LA EXTRACCI\u00d3N Y EL SABOR - Rancilio Group","og_description":"Read Rancilio Group's latest news about EL EFECTO DE LA TEMPERATURA EN LA EXTRACCI\u00d3N Y EL SABOR","og_url":"https:\/\/www.ranciliogroup.com\/es\/the-effect-of-temperature-on-extraction-and-flavour\/","og_site_name":"Rancilio Group","article_publisher":"https:\/\/www.facebook.com\/RancilioGroup","article_published_time":"2022-06-20T08:11:14+00:00","article_modified_time":"2022-06-20T08:36:47+00:00","og_image":[{"width":2560,"height":1946,"url":"https:\/\/www.ranciliogroup.com\/app\/uploads\/2022\/06\/RancilioGroup_HomelineLifestyle_SilviaPRO_0127-scaled.jpg","type":"image\/jpeg"}],"author":"temp circular","twitter_card":"summary_large_image","twitter_creator":"@ranciliogroup","twitter_site":"@ranciliogroup","twitter_misc":{"Written by":"temp circular","Est. reading time":"1 minute"},"schema":{"@context":"https:\/\/schema.org","@graph":[{"@type":"Article","@id":"https:\/\/www.ranciliogroup.com\/es\/the-effect-of-temperature-on-extraction-and-flavour\/#article","isPartOf":{"@id":"https:\/\/www.ranciliogroup.com\/es\/the-effect-of-temperature-on-extraction-and-flavour\/"},"author":{"name":"temp circular","@id":"https:\/\/www.ranciliogroup.com\/es\/#\/schema\/person\/d6bf0a7dfe74cded3d64da8b2c92814c"},"headline":"EL EFECTO DE LA TEMPERATURA EN LA EXTRACCI\u00d3N Y EL SABOR","datePublished":"2022-06-20T08:11:14+00:00","dateModified":"2022-06-20T08:36:47+00:00","mainEntityOfPage":{"@id":"https:\/\/www.ranciliogroup.com\/es\/the-effect-of-temperature-on-extraction-and-flavour\/"},"wordCount":163,"publisher":{"@id":"https:\/\/www.ranciliogroup.com\/es\/#organization"},"articleSection":["Lab"],"inLanguage":"es-ES"},{"@type":"WebPage","@id":"https:\/\/www.ranciliogroup.com\/es\/the-effect-of-temperature-on-extraction-and-flavour\/","url":"https:\/\/www.ranciliogroup.com\/es\/the-effect-of-temperature-on-extraction-and-flavour\/","name":"Latest update about EL EFECTO DE LA TEMPERATURA EN LA EXTRACCI\u00d3N Y EL SABOR - Rancilio Group","isPartOf":{"@id":"https:\/\/www.ranciliogroup.com\/es\/#website"},"datePublished":"2022-06-20T08:11:14+00:00","dateModified":"2022-06-20T08:36:47+00:00","description":"Read Rancilio Group's latest news about EL EFECTO DE LA TEMPERATURA EN LA EXTRACCI\u00d3N Y EL SABOR","breadcrumb":{"@id":"https:\/\/www.ranciliogroup.com\/es\/the-effect-of-temperature-on-extraction-and-flavour\/#breadcrumb"},"inLanguage":"es-ES","potentialAction":[{"@type":"ReadAction","target":["https:\/\/www.ranciliogroup.com\/es\/the-effect-of-temperature-on-extraction-and-flavour\/"]}]},{"@type":"BreadcrumbList","@id":"https:\/\/www.ranciliogroup.com\/es\/the-effect-of-temperature-on-extraction-and-flavour\/#breadcrumb","itemListElement":[{"@type":"ListItem","position":1,"name":"Home","item":"https:\/\/www.ranciliogroup.com\/es\/"},{"@type":"ListItem","position":2,"name":"EL EFECTO DE LA TEMPERATURA EN LA EXTRACCI\u00d3N Y EL SABOR"}]},{"@type":"WebSite","@id":"https:\/\/www.ranciliogroup.com\/es\/#website","url":"https:\/\/www.ranciliogroup.com\/es\/","name":"Rancilio Group","description":"L\u00edder en M\u00e1quinas de Caf\u00e9 Profesionales","publisher":{"@id":"https:\/\/www.ranciliogroup.com\/es\/#organization"},"potentialAction":[{"@type":"SearchAction","target":{"@type":"EntryPoint","urlTemplate":"https:\/\/www.ranciliogroup.com\/es\/?s={search_term_string}"},"query-input":"required name=search_term_string"}],"inLanguage":"es-ES"},{"@type":"Organization","@id":"https:\/\/www.ranciliogroup.com\/es\/#organization","name":"Rancilio Group","url":"https:\/\/www.ranciliogroup.com\/es\/","logo":{"@type":"ImageObject","inLanguage":"es-ES","@id":"https:\/\/www.ranciliogroup.com\/es\/#\/schema\/logo\/image\/","url":"https:\/\/www.ranciliogroup.com\/app\/uploads\/2019\/07\/rancilio_black_logo.png","contentUrl":"https:\/\/www.ranciliogroup.com\/app\/uploads\/2019\/07\/rancilio_black_logo.png","width":447,"height":57,"caption":"Rancilio Group"},"image":{"@id":"https:\/\/www.ranciliogroup.com\/es\/#\/schema\/logo\/image\/"},"sameAs":["https:\/\/www.facebook.com\/RancilioGroup","https:\/\/twitter.com\/ranciliogroup","https:\/\/www.instagram.com\/rancilio_official\/","https:\/\/www.linkedin.com\/company\/ranciliogroup\/","https:\/\/www.youtube.com\/user\/rancilioadmin"]},{"@type":"Person","@id":"https:\/\/www.ranciliogroup.com\/es\/#\/schema\/person\/d6bf0a7dfe74cded3d64da8b2c92814c","name":"temp circular","image":{"@type":"ImageObject","inLanguage":"es-ES","@id":"https:\/\/www.ranciliogroup.com\/es\/#\/schema\/person\/image\/","url":"https:\/\/secure.gravatar.com\/avatar\/569e71c3b97b8bcad1854d6579b35c5f?s=96&d=mm&r=g","contentUrl":"https:\/\/secure.gravatar.com\/avatar\/569e71c3b97b8bcad1854d6579b35c5f?s=96&d=mm&r=g","caption":"temp circular"}}]}},"_links":{"self":[{"href":"https:\/\/www.ranciliogroup.com\/es\/wp-json\/wp\/v2\/posts\/58917"}],"collection":[{"href":"https:\/\/www.ranciliogroup.com\/es\/wp-json\/wp\/v2\/posts"}],"about":[{"href":"https:\/\/www.ranciliogroup.com\/es\/wp-json\/wp\/v2\/types\/post"}],"author":[{"embeddable":true,"href":"https:\/\/www.ranciliogroup.com\/es\/wp-json\/wp\/v2\/users\/5"}],"replies":[{"embeddable":true,"href":"https:\/\/www.ranciliogroup.com\/es\/wp-json\/wp\/v2\/comments?post=58917"}],"version-history":[{"count":3,"href":"https:\/\/www.ranciliogroup.com\/es\/wp-json\/wp\/v2\/posts\/58917\/revisions"}],"predecessor-version":[{"id":58933,"href":"https:\/\/www.ranciliogroup.com\/es\/wp-json\/wp\/v2\/posts\/58917\/revisions\/58933"}],"wp:featuredmedia":[{"embeddable":true,"href":"https:\/\/www.ranciliogroup.com\/es\/wp-json\/wp\/v2\/media\/58990"}],"wp:attachment":[{"href":"https:\/\/www.ranciliogroup.com\/es\/wp-json\/wp\/v2\/media?parent=58917"}],"wp:term":[{"taxonomy":"category","embeddable":true,"href":"https:\/\/www.ranciliogroup.com\/es\/wp-json\/wp\/v2\/categories?post=58917"},{"taxonomy":"post_tag","embeddable":true,"href":"https:\/\/www.ranciliogroup.com\/es\/wp-json\/wp\/v2\/tags?post=58917"}],"curies":[{"name":"wp","href":"https:\/\/api.w.org\/{rel}","templated":true}]}}