{"id":61744,"date":"2022-10-26T16:31:46","date_gmt":"2022-10-26T14:31:46","guid":{"rendered":"https:\/\/www.ranciliogroup.com\/?p=61744"},"modified":"2022-10-26T16:31:46","modified_gmt":"2022-10-26T14:31:46","slug":"rancilio-group-en-el-2022-international-cafe-show-en-seul-con-enr-international","status":"publish","type":"post","link":"https:\/\/www.ranciliogroup.com\/es\/rancilio-group-en-el-2022-international-cafe-show-en-seul-con-enr-international\/","title":{"rendered":"Rancilio Group en el 2022 International Caf\u00e9 Show en Se\u00fal con ENR International"},"content":{"rendered":"<p style=\"text-align: justify;\">Del mi\u00e9rcoles 23 al s\u00e1bado 26 de noviembre, Se\u00fal est\u00e1 preparada para acoger la 21\u00aa edici\u00f3n del International Caf\u00e9 Show Seoul, una de las mayores plataformas de Asia en la industria mundial del caf\u00e9 y el sector de alimentaci\u00f3n y bebidas. Se espera que m\u00e1s de 600 exhibidores de 40 pa\u00edses y m\u00e1s de 100.000 visitantes de 80 pa\u00edses participen en el evento.<\/p>\n<p style=\"text-align: justify;\">Rancilio Group se complace en participar en la exposici\u00f3n en el stand de ENR International, el apreciado y viejo socio de Rancilio Group. La exposici\u00f3n representa una ocasi\u00f3n \u00fanica para conocer a otros profesionales del sector y compartir experiencias, conocimientos y cultura en el amplio Centro de Convenciones y Exposiciones Coex de Se\u00fal.<\/p>\n<p style=\"text-align: justify;\">Los visitantes tendr\u00e1n la oportunidad de descubrir de primera mano la amplia oferta de productos de Rancilio Group, desde las m\u00e1quinas de caf\u00e9 tradicionales, hasta las m\u00e1quinas de caf\u00e9 espresso de especialidad y las m\u00e1quinas de caf\u00e9 totalmente autom\u00e1ticas.<\/p>\n<p style=\"text-align: justify;\"><img decoding=\"async\" loading=\"lazy\" class=\" wp-image-61564 alignleft\" src=\"https:\/\/www.ranciliogroup.com\/app\/uploads\/2022\/10\/World-Latte-Art-Battle-300x300.jpg\" alt=\"\" width=\"200\" height=\"200\" srcset=\"https:\/\/www.ranciliogroup.com\/app\/uploads\/2022\/10\/World-Latte-Art-Battle-300x300.jpg 300w, https:\/\/www.ranciliogroup.com\/app\/uploads\/2022\/10\/World-Latte-Art-Battle-150x150.jpg 150w, https:\/\/www.ranciliogroup.com\/app\/uploads\/2022\/10\/World-Latte-Art-Battle-70x70.jpg 70w, https:\/\/www.ranciliogroup.com\/app\/uploads\/2022\/10\/World-Latte-Art-Battle.jpg 681w\" sizes=\"(max-width: 200px) 100vw, 200px\" \/>Adem\u00e1s, como patrocinadores oficiales de la competici\u00f3n, la cafetera espresso Specialty Invicta de Rancilio y el molinillo profesional Kryo Evo 65 OD de Rancilio subir\u00e1n al escenario durante la World Latte Art Battle junto a 32 ambiciosos baristas de todo el mundo. Los artistas tendr\u00e1n que hacer uso de sus diferentes habilidades y experiencia para ganarse a un jurado profesional que, adem\u00e1s de sus habilidades t\u00e9cnicas, pondr\u00e1 a prueba su creatividad y calidad de ejecuci\u00f3n. Entre adrenalina, diversi\u00f3n e incre\u00edbles premios, los dise\u00f1os m\u00e1s originales decretar\u00e1n el Campe\u00f3n del World Latte Art 2022 del concurso World Coffee Battle.<\/p>\n<p>&nbsp;<\/p>\n<h1><strong>ENR International \/ Rancilio Group<\/strong><\/h1>\n<h1><strong>Caf\u00e9 Show Seoul<\/strong><\/h1>\n<h1>Mi\u00e9rcoles 23 &#8211; S\u00e1bado 26 de noviembre de 2022<\/h1>\n<h1>Mi\u00e9 &#8211; Vie de 10:00 a 18:00<\/h1>\n<h1>S\u00e1b de 10:00 a 16:00<\/h1>\n<h1><a href=\"https:\/\/www.google.com\/maps\/place\/COEX\/@37.5116828,127.059151,15z\/data=!4m5!3m4!1s0x0:0x336c7537649c9fe4!8m2!3d37.5116828!4d127.059151\"><strong>Coex Convention &amp; Exhibition Center (Coex)<\/strong><\/a><\/h1>\n<h1>Pabellones A-D<\/h1>\n<h1>513, Yeongdong-daero, Gangnam-gu,<\/h1>\n<h1>06164, Se\u00fal, Corea del Sur<\/h1>\n<h1><\/h1>\n<p>&nbsp;<\/p>\n<h1><strong>Sigue el evento a trav\u00e9s de nuestra p\u00e1gina oficial de Instagram<br \/>\n<\/strong>@ranciliospecialty #ranciliospecialty<\/h1>\n<h1><strong>\u00a0<\/strong><\/h1>\n<h1><a href=\"https:\/\/www.ranciliogroup.com\/es\/specialty\/invicta\/\"><strong>M\u00e1s informaci\u00f3n sobre Invicta <\/strong><\/a><\/h1>\n<h1><a href=\"https:\/\/www.ranciliogroup.com\/es\/rancilio\/kryo\/\"><strong>M\u00e1s informaci\u00f3n sobre Kryo<\/strong><\/a><\/h1>\n<h1><\/h1>\n<p>&nbsp;<\/p>\n<h1><a href=\"http:\/\/www.cafeshow.com\/eng\/main.asp\"><strong>Para m\u00e1s informaci\u00f3n sobre el Caf\u00e9 Show Seoul<\/strong><\/a><\/h1>\n<h1><a href=\"http:\/\/worldcoffeebattle.com\/22\"><strong>Para m\u00e1s informaci\u00f3n sobre The World Latte Art Battle y World Coffee Battle<\/strong><\/a><\/h1>\n","protected":false},"excerpt":{"rendered":"<p>Del mi\u00e9rcoles 23 al s\u00e1bado 26 de noviembre, Se\u00fal est\u00e1 preparada para acoger la 21\u00aa edici\u00f3n del International Caf\u00e9 Show&#8230;<\/p>\n","protected":false},"author":5,"featured_media":61571,"comment_status":"closed","ping_status":"closed","sticky":false,"template":"","format":"standard","meta":[],"categories":[862],"tags":[2636,2637,2635,2590],"acf":[],"yoast_head":"<!-- This site is optimized with the Yoast SEO plugin v21.5 - https:\/\/yoast.com\/wordpress\/plugins\/seo\/ -->\n<title>Latest update about Rancilio Group en el 2022 International Caf\u00e9 Show en Se\u00fal con ENR International - Rancilio Group<\/title>\n<meta name=\"description\" content=\"Read Rancilio Group&#039;s latest news about Rancilio Group en el 2022 International Caf\u00e9 Show en Se\u00fal con ENR International\" \/>\n<meta name=\"robots\" content=\"index, follow, max-snippet:-1, max-image-preview:large, max-video-preview:-1\" \/>\n<link rel=\"canonical\" href=\"https:\/\/www.ranciliogroup.com\/es\/rancilio-group-en-el-2022-international-cafe-show-en-seul-con-enr-international\/\" \/>\n<meta property=\"og:locale\" content=\"es_ES\" \/>\n<meta property=\"og:type\" content=\"article\" \/>\n<meta property=\"og:title\" content=\"Latest update about Rancilio Group en el 2022 International Caf\u00e9 Show en Se\u00fal con ENR International - Rancilio Group\" \/>\n<meta property=\"og:description\" content=\"Read Rancilio Group&#039;s latest news about Rancilio Group en el 2022 International Caf\u00e9 Show en Se\u00fal con ENR International\" \/>\n<meta property=\"og:url\" content=\"https:\/\/www.ranciliogroup.com\/es\/rancilio-group-en-el-2022-international-cafe-show-en-seul-con-enr-international\/\" \/>\n<meta property=\"og:site_name\" content=\"Rancilio Group\" \/>\n<meta property=\"article:publisher\" content=\"https:\/\/www.facebook.com\/RancilioGroup\" \/>\n<meta property=\"article:published_time\" content=\"2022-10-26T14:31:46+00:00\" \/>\n<meta property=\"og:image\" content=\"https:\/\/www.ranciliogroup.com\/app\/uploads\/2022\/10\/20211030162426-copia_02.png\" \/>\n\t<meta property=\"og:image:width\" content=\"680\" \/>\n\t<meta property=\"og:image:height\" content=\"352\" \/>\n\t<meta property=\"og:image:type\" content=\"image\/png\" \/>\n<meta name=\"author\" content=\"temp circular\" \/>\n<meta name=\"twitter:card\" content=\"summary_large_image\" \/>\n<meta name=\"twitter:creator\" content=\"@ranciliogroup\" \/>\n<meta name=\"twitter:site\" content=\"@ranciliogroup\" \/>\n<meta name=\"twitter:label1\" content=\"Written by\" \/>\n\t<meta name=\"twitter:data1\" content=\"temp circular\" \/>\n\t<meta name=\"twitter:label2\" content=\"Est. reading time\" \/>\n\t<meta name=\"twitter:data2\" content=\"2 minutes\" \/>\n<script type=\"application\/ld+json\" class=\"yoast-schema-graph\">{\"@context\":\"https:\/\/schema.org\",\"@graph\":[{\"@type\":\"Article\",\"@id\":\"https:\/\/www.ranciliogroup.com\/es\/rancilio-group-en-el-2022-international-cafe-show-en-seul-con-enr-international\/#article\",\"isPartOf\":{\"@id\":\"https:\/\/www.ranciliogroup.com\/es\/rancilio-group-en-el-2022-international-cafe-show-en-seul-con-enr-international\/\"},\"author\":{\"name\":\"temp circular\",\"@id\":\"https:\/\/www.ranciliogroup.com\/es\/#\/schema\/person\/d6bf0a7dfe74cded3d64da8b2c92814c\"},\"headline\":\"Rancilio Group en el 2022 International Caf\u00e9 Show en Se\u00fal con ENR International\",\"datePublished\":\"2022-10-26T14:31:46+00:00\",\"dateModified\":\"2022-10-26T14:31:46+00:00\",\"mainEntityOfPage\":{\"@id\":\"https:\/\/www.ranciliogroup.com\/es\/rancilio-group-en-el-2022-international-cafe-show-en-seul-con-enr-international\/\"},\"wordCount\":381,\"publisher\":{\"@id\":\"https:\/\/www.ranciliogroup.com\/es\/#organization\"},\"keywords\":[\"Invicta\",\"Kryo\",\"Rancilio Group\",\"Rancilio Specialty\"],\"articleSection\":[\"Eventos\"],\"inLanguage\":\"es-ES\"},{\"@type\":\"WebPage\",\"@id\":\"https:\/\/www.ranciliogroup.com\/es\/rancilio-group-en-el-2022-international-cafe-show-en-seul-con-enr-international\/\",\"url\":\"https:\/\/www.ranciliogroup.com\/es\/rancilio-group-en-el-2022-international-cafe-show-en-seul-con-enr-international\/\",\"name\":\"Latest update about Rancilio Group en el 2022 International Caf\u00e9 Show en Se\u00fal con ENR International - Rancilio Group\",\"isPartOf\":{\"@id\":\"https:\/\/www.ranciliogroup.com\/es\/#website\"},\"datePublished\":\"2022-10-26T14:31:46+00:00\",\"dateModified\":\"2022-10-26T14:31:46+00:00\",\"description\":\"Read Rancilio Group's latest news about Rancilio Group en el 2022 International Caf\u00e9 Show en Se\u00fal con ENR International\",\"breadcrumb\":{\"@id\":\"https:\/\/www.ranciliogroup.com\/es\/rancilio-group-en-el-2022-international-cafe-show-en-seul-con-enr-international\/#breadcrumb\"},\"inLanguage\":\"es-ES\",\"potentialAction\":[{\"@type\":\"ReadAction\",\"target\":[\"https:\/\/www.ranciliogroup.com\/es\/rancilio-group-en-el-2022-international-cafe-show-en-seul-con-enr-international\/\"]}]},{\"@type\":\"BreadcrumbList\",\"@id\":\"https:\/\/www.ranciliogroup.com\/es\/rancilio-group-en-el-2022-international-cafe-show-en-seul-con-enr-international\/#breadcrumb\",\"itemListElement\":[{\"@type\":\"ListItem\",\"position\":1,\"name\":\"Home\",\"item\":\"https:\/\/www.ranciliogroup.com\/es\/\"},{\"@type\":\"ListItem\",\"position\":2,\"name\":\"Rancilio Group en el 2022 International Caf\u00e9 Show en Se\u00fal con ENR International\"}]},{\"@type\":\"WebSite\",\"@id\":\"https:\/\/www.ranciliogroup.com\/es\/#website\",\"url\":\"https:\/\/www.ranciliogroup.com\/es\/\",\"name\":\"Rancilio Group\",\"description\":\"L\u00edder en M\u00e1quinas de Caf\u00e9 Profesionales\",\"publisher\":{\"@id\":\"https:\/\/www.ranciliogroup.com\/es\/#organization\"},\"potentialAction\":[{\"@type\":\"SearchAction\",\"target\":{\"@type\":\"EntryPoint\",\"urlTemplate\":\"https:\/\/www.ranciliogroup.com\/es\/?s={search_term_string}\"},\"query-input\":\"required name=search_term_string\"}],\"inLanguage\":\"es-ES\"},{\"@type\":\"Organization\",\"@id\":\"https:\/\/www.ranciliogroup.com\/es\/#organization\",\"name\":\"Rancilio Group\",\"url\":\"https:\/\/www.ranciliogroup.com\/es\/\",\"logo\":{\"@type\":\"ImageObject\",\"inLanguage\":\"es-ES\",\"@id\":\"https:\/\/www.ranciliogroup.com\/es\/#\/schema\/logo\/image\/\",\"url\":\"https:\/\/www.ranciliogroup.com\/app\/uploads\/2019\/07\/rancilio_black_logo.png\",\"contentUrl\":\"https:\/\/www.ranciliogroup.com\/app\/uploads\/2019\/07\/rancilio_black_logo.png\",\"width\":447,\"height\":57,\"caption\":\"Rancilio Group\"},\"image\":{\"@id\":\"https:\/\/www.ranciliogroup.com\/es\/#\/schema\/logo\/image\/\"},\"sameAs\":[\"https:\/\/www.facebook.com\/RancilioGroup\",\"https:\/\/twitter.com\/ranciliogroup\",\"https:\/\/www.instagram.com\/rancilio_official\/\",\"https:\/\/www.linkedin.com\/company\/ranciliogroup\/\",\"https:\/\/www.youtube.com\/user\/rancilioadmin\"]},{\"@type\":\"Person\",\"@id\":\"https:\/\/www.ranciliogroup.com\/es\/#\/schema\/person\/d6bf0a7dfe74cded3d64da8b2c92814c\",\"name\":\"temp circular\",\"image\":{\"@type\":\"ImageObject\",\"inLanguage\":\"es-ES\",\"@id\":\"https:\/\/www.ranciliogroup.com\/es\/#\/schema\/person\/image\/\",\"url\":\"https:\/\/secure.gravatar.com\/avatar\/569e71c3b97b8bcad1854d6579b35c5f?s=96&d=mm&r=g\",\"contentUrl\":\"https:\/\/secure.gravatar.com\/avatar\/569e71c3b97b8bcad1854d6579b35c5f?s=96&d=mm&r=g\",\"caption\":\"temp circular\"}}]}<\/script>\n<!-- \/ Yoast SEO plugin. -->","yoast_head_json":{"title":"Latest update about Rancilio Group en el 2022 International Caf\u00e9 Show en Se\u00fal con ENR International - Rancilio Group","description":"Read Rancilio Group's latest news about Rancilio Group en el 2022 International Caf\u00e9 Show en Se\u00fal con ENR International","robots":{"index":"index","follow":"follow","max-snippet":"max-snippet:-1","max-image-preview":"max-image-preview:large","max-video-preview":"max-video-preview:-1"},"canonical":"https:\/\/www.ranciliogroup.com\/es\/rancilio-group-en-el-2022-international-cafe-show-en-seul-con-enr-international\/","og_locale":"es_ES","og_type":"article","og_title":"Latest update about Rancilio Group en el 2022 International Caf\u00e9 Show en Se\u00fal con ENR International - Rancilio Group","og_description":"Read Rancilio Group's latest news about Rancilio Group en el 2022 International Caf\u00e9 Show en Se\u00fal con ENR International","og_url":"https:\/\/www.ranciliogroup.com\/es\/rancilio-group-en-el-2022-international-cafe-show-en-seul-con-enr-international\/","og_site_name":"Rancilio Group","article_publisher":"https:\/\/www.facebook.com\/RancilioGroup","article_published_time":"2022-10-26T14:31:46+00:00","og_image":[{"width":680,"height":352,"url":"https:\/\/www.ranciliogroup.com\/app\/uploads\/2022\/10\/20211030162426-copia_02.png","type":"image\/png"}],"author":"temp circular","twitter_card":"summary_large_image","twitter_creator":"@ranciliogroup","twitter_site":"@ranciliogroup","twitter_misc":{"Written by":"temp circular","Est. reading time":"2 minutes"},"schema":{"@context":"https:\/\/schema.org","@graph":[{"@type":"Article","@id":"https:\/\/www.ranciliogroup.com\/es\/rancilio-group-en-el-2022-international-cafe-show-en-seul-con-enr-international\/#article","isPartOf":{"@id":"https:\/\/www.ranciliogroup.com\/es\/rancilio-group-en-el-2022-international-cafe-show-en-seul-con-enr-international\/"},"author":{"name":"temp circular","@id":"https:\/\/www.ranciliogroup.com\/es\/#\/schema\/person\/d6bf0a7dfe74cded3d64da8b2c92814c"},"headline":"Rancilio Group en el 2022 International Caf\u00e9 Show en Se\u00fal con ENR International","datePublished":"2022-10-26T14:31:46+00:00","dateModified":"2022-10-26T14:31:46+00:00","mainEntityOfPage":{"@id":"https:\/\/www.ranciliogroup.com\/es\/rancilio-group-en-el-2022-international-cafe-show-en-seul-con-enr-international\/"},"wordCount":381,"publisher":{"@id":"https:\/\/www.ranciliogroup.com\/es\/#organization"},"keywords":["Invicta","Kryo","Rancilio Group","Rancilio Specialty"],"articleSection":["Eventos"],"inLanguage":"es-ES"},{"@type":"WebPage","@id":"https:\/\/www.ranciliogroup.com\/es\/rancilio-group-en-el-2022-international-cafe-show-en-seul-con-enr-international\/","url":"https:\/\/www.ranciliogroup.com\/es\/rancilio-group-en-el-2022-international-cafe-show-en-seul-con-enr-international\/","name":"Latest update about Rancilio Group en el 2022 International Caf\u00e9 Show en Se\u00fal con ENR International - Rancilio Group","isPartOf":{"@id":"https:\/\/www.ranciliogroup.com\/es\/#website"},"datePublished":"2022-10-26T14:31:46+00:00","dateModified":"2022-10-26T14:31:46+00:00","description":"Read Rancilio Group's latest news about Rancilio Group en el 2022 International Caf\u00e9 Show en Se\u00fal con ENR International","breadcrumb":{"@id":"https:\/\/www.ranciliogroup.com\/es\/rancilio-group-en-el-2022-international-cafe-show-en-seul-con-enr-international\/#breadcrumb"},"inLanguage":"es-ES","potentialAction":[{"@type":"ReadAction","target":["https:\/\/www.ranciliogroup.com\/es\/rancilio-group-en-el-2022-international-cafe-show-en-seul-con-enr-international\/"]}]},{"@type":"BreadcrumbList","@id":"https:\/\/www.ranciliogroup.com\/es\/rancilio-group-en-el-2022-international-cafe-show-en-seul-con-enr-international\/#breadcrumb","itemListElement":[{"@type":"ListItem","position":1,"name":"Home","item":"https:\/\/www.ranciliogroup.com\/es\/"},{"@type":"ListItem","position":2,"name":"Rancilio Group en el 2022 International Caf\u00e9 Show en Se\u00fal con ENR International"}]},{"@type":"WebSite","@id":"https:\/\/www.ranciliogroup.com\/es\/#website","url":"https:\/\/www.ranciliogroup.com\/es\/","name":"Rancilio Group","description":"L\u00edder en M\u00e1quinas de Caf\u00e9 Profesionales","publisher":{"@id":"https:\/\/www.ranciliogroup.com\/es\/#organization"},"potentialAction":[{"@type":"SearchAction","target":{"@type":"EntryPoint","urlTemplate":"https:\/\/www.ranciliogroup.com\/es\/?s={search_term_string}"},"query-input":"required name=search_term_string"}],"inLanguage":"es-ES"},{"@type":"Organization","@id":"https:\/\/www.ranciliogroup.com\/es\/#organization","name":"Rancilio Group","url":"https:\/\/www.ranciliogroup.com\/es\/","logo":{"@type":"ImageObject","inLanguage":"es-ES","@id":"https:\/\/www.ranciliogroup.com\/es\/#\/schema\/logo\/image\/","url":"https:\/\/www.ranciliogroup.com\/app\/uploads\/2019\/07\/rancilio_black_logo.png","contentUrl":"https:\/\/www.ranciliogroup.com\/app\/uploads\/2019\/07\/rancilio_black_logo.png","width":447,"height":57,"caption":"Rancilio Group"},"image":{"@id":"https:\/\/www.ranciliogroup.com\/es\/#\/schema\/logo\/image\/"},"sameAs":["https:\/\/www.facebook.com\/RancilioGroup","https:\/\/twitter.com\/ranciliogroup","https:\/\/www.instagram.com\/rancilio_official\/","https:\/\/www.linkedin.com\/company\/ranciliogroup\/","https:\/\/www.youtube.com\/user\/rancilioadmin"]},{"@type":"Person","@id":"https:\/\/www.ranciliogroup.com\/es\/#\/schema\/person\/d6bf0a7dfe74cded3d64da8b2c92814c","name":"temp circular","image":{"@type":"ImageObject","inLanguage":"es-ES","@id":"https:\/\/www.ranciliogroup.com\/es\/#\/schema\/person\/image\/","url":"https:\/\/secure.gravatar.com\/avatar\/569e71c3b97b8bcad1854d6579b35c5f?s=96&d=mm&r=g","contentUrl":"https:\/\/secure.gravatar.com\/avatar\/569e71c3b97b8bcad1854d6579b35c5f?s=96&d=mm&r=g","caption":"temp circular"}}]}},"_links":{"self":[{"href":"https:\/\/www.ranciliogroup.com\/es\/wp-json\/wp\/v2\/posts\/61744"}],"collection":[{"href":"https:\/\/www.ranciliogroup.com\/es\/wp-json\/wp\/v2\/posts"}],"about":[{"href":"https:\/\/www.ranciliogroup.com\/es\/wp-json\/wp\/v2\/types\/post"}],"author":[{"embeddable":true,"href":"https:\/\/www.ranciliogroup.com\/es\/wp-json\/wp\/v2\/users\/5"}],"replies":[{"embeddable":true,"href":"https:\/\/www.ranciliogroup.com\/es\/wp-json\/wp\/v2\/comments?post=61744"}],"version-history":[{"count":2,"href":"https:\/\/www.ranciliogroup.com\/es\/wp-json\/wp\/v2\/posts\/61744\/revisions"}],"predecessor-version":[{"id":61746,"href":"https:\/\/www.ranciliogroup.com\/es\/wp-json\/wp\/v2\/posts\/61744\/revisions\/61746"}],"wp:featuredmedia":[{"embeddable":true,"href":"https:\/\/www.ranciliogroup.com\/es\/wp-json\/wp\/v2\/media\/61571"}],"wp:attachment":[{"href":"https:\/\/www.ranciliogroup.com\/es\/wp-json\/wp\/v2\/media?parent=61744"}],"wp:term":[{"taxonomy":"category","embeddable":true,"href":"https:\/\/www.ranciliogroup.com\/es\/wp-json\/wp\/v2\/categories?post=61744"},{"taxonomy":"post_tag","embeddable":true,"href":"https:\/\/www.ranciliogroup.com\/es\/wp-json\/wp\/v2\/tags?post=61744"}],"curies":[{"name":"wp","href":"https:\/\/api.w.org\/{rel}","templated":true}]}}