{"id":65668,"date":"2023-02-07T12:27:53","date_gmt":"2023-02-07T11:27:53","guid":{"rendered":"https:\/\/www.ranciliogroup.com\/?p=65668"},"modified":"2023-02-24T11:27:59","modified_gmt":"2023-02-24T10:27:59","slug":"reunete-con-rancilio-specialty-y-the-barista-league-en-colombia-para-la-rumba-barista","status":"publish","type":"post","link":"https:\/\/www.ranciliogroup.com\/es\/reunete-con-rancilio-specialty-y-the-barista-league-en-colombia-para-la-rumba-barista\/","title":{"rendered":"Re\u00fanete con Rancilio Specialty y The Barista League en Colombia para la Rumba Barista"},"content":{"rendered":"<p>El 24 de febrero de 2023 tendr\u00e1 lugar en el colorido patio de Varietale en Bogot\u00e1, Colombia, un nuevo proyecto organizado por The Barista League: La Rumba Barista.<\/p>\n<p>The Barista League y Rancilio Specialty te invitan a una emocionante noche para todos los amantes del caf\u00e9 el \u00faltimo d\u00eda del 2022 Mystery Coffee Vacation, un viaje de cinco d\u00edas organizado para los ganadores de los anteriores eventos de The Barista League. La Rumba Barista es, de hecho, la conclusi\u00f3n de una apasionante experiencia de viaje por Colombia conectando con baristas locales, visitando fincas cafeteras y experimentando este incre\u00edble pa\u00eds.<\/p>\n<p>Durante esta \u00faltima velada, 12 equipos de dos personas se emparejar\u00e1n con dos baristas internacionales \u2013 ganadores de ediciones anteriores e invitados de la Barista League Mystery Coffee Vacation \u2013 para competir en un desaf\u00edo de tres rondas en torno al caf\u00e9.<\/p>\n<p>Como patrocinadora oficial del concurso, Rancilio Specialty Invicta estar\u00e1 presente ofreciendo su distintiva tecnolog\u00eda de extracci\u00f3n y su sencillez de uso al servicio de los concursantes. En una noche pensada para reunir a la comunidad cafetera local, habr\u00e1 mucha m\u00fasica, luces y diversi\u00f3n con un toque colombiano.<\/p>\n<p>Ya se ha confirmado la participaci\u00f3n de los siguientes campeones: Kat Melheim (EE. UU.), Kendra Sledzinski (EE. UU.), MiMo (EE. UU.), Said Bacar (CAN), Pauline M\u00e9nard (CAN), An Nguyen (NZ), Viszneki Vivien (HUN), Haddad Nassim (HUN), Valeriia Kan (DE), G\u00f6rkem Yildirim (DE), Kate Blackman (EE. UU.), Erica Jackson (EE. UU.).<\/p>\n<p>Las entradas est\u00e1n a la venta en <a href=\"https:\/\/www.tickettailor.com\/events\/thebaristaleague\/826097\/\">tickettailor.com<\/a><\/p>\n<p><strong>\u00a0<\/strong><\/p>\n<p><strong>\u00a0<\/strong><\/p>\n<h1><strong>La Rumba Barista<\/strong><\/h1>\n<h1>Viernes, 24 febrero 2023<\/h1>\n<h1>De 18:00 a 23:00<\/h1>\n<h1><a href=\"https:\/\/www.google.com\/maps\/place\/Varietale\/@4.6287653,-74.0663644,17z\/data=!3m1!4b1!4m5!3m4!1s0x8e3f9a28616e2947:0x52ecfaa65606806a!8m2!3d4.6287653!4d-74.0663644\">Varietale<\/a><\/h1>\n<h1>Calle 41 #8-43<\/h1>\n<h1>Bogot\u00e1, Colombia<\/h1>\n<p>&nbsp;<\/p>\n<h1><strong>\u00a0<\/strong><strong>Sigue el evento a trav\u00e9s de nuestra p\u00e1gina oficial de Instagram<\/strong><\/h1>\n<h1>@ranciliospecialty #ranciliospecialty<\/h1>\n<p>&nbsp;<\/p>\n<h1><a href=\"https:\/\/www.ranciliogroup.com\/es\/specialty\/invicta\/\"><strong>M\u00e1s informaci\u00f3n sobre la Rancilio Specialty Invicta<\/strong><\/a><\/h1>\n<h1><\/h1>\n","protected":false},"excerpt":{"rendered":"<p>El 24 de febrero de 2023 tendr\u00e1 lugar en el colorido patio de Varietale en Bogot\u00e1, Colombia, un nuevo proyecto&#8230;<\/p>\n","protected":false},"author":5,"featured_media":65653,"comment_status":"closed","ping_status":"closed","sticky":false,"template":"","format":"standard","meta":[],"categories":[862],"tags":[2636,2590,2591],"acf":[],"yoast_head":"<!-- This site is optimized with the Yoast SEO plugin v21.5 - https:\/\/yoast.com\/wordpress\/plugins\/seo\/ -->\n<title>Latest update about Re\u00fanete con Rancilio Specialty y The Barista League en Colombia para la Rumba Barista - Rancilio Group<\/title>\n<meta name=\"description\" content=\"Read Rancilio Group&#039;s latest news about Re\u00fanete con Rancilio Specialty y The Barista League en Colombia para la Rumba Barista\" \/>\n<meta name=\"robots\" content=\"index, follow, max-snippet:-1, max-image-preview:large, max-video-preview:-1\" \/>\n<link rel=\"canonical\" href=\"https:\/\/www.ranciliogroup.com\/es\/reunete-con-rancilio-specialty-y-the-barista-league-en-colombia-para-la-rumba-barista\/\" \/>\n<meta property=\"og:locale\" content=\"es_ES\" \/>\n<meta property=\"og:type\" content=\"article\" \/>\n<meta property=\"og:title\" content=\"Latest update about Re\u00fanete con Rancilio Specialty y The Barista League en Colombia para la Rumba Barista - Rancilio Group\" \/>\n<meta property=\"og:description\" content=\"Read Rancilio Group&#039;s latest news about Re\u00fanete con Rancilio Specialty y The Barista League en Colombia para la Rumba Barista\" \/>\n<meta property=\"og:url\" content=\"https:\/\/www.ranciliogroup.com\/es\/reunete-con-rancilio-specialty-y-the-barista-league-en-colombia-para-la-rumba-barista\/\" \/>\n<meta property=\"og:site_name\" content=\"Rancilio Group\" \/>\n<meta property=\"article:publisher\" content=\"https:\/\/www.facebook.com\/RancilioGroup\" \/>\n<meta property=\"article:published_time\" content=\"2023-02-07T11:27:53+00:00\" \/>\n<meta property=\"article:modified_time\" content=\"2023-02-24T10:27:59+00:00\" \/>\n<meta property=\"og:image\" content=\"https:\/\/www.ranciliogroup.com\/app\/uploads\/2023\/02\/TheBaristaLeague01_web.jpg\" \/>\n\t<meta property=\"og:image:width\" content=\"1080\" \/>\n\t<meta property=\"og:image:height\" content=\"720\" \/>\n\t<meta property=\"og:image:type\" content=\"image\/jpeg\" \/>\n<meta name=\"author\" content=\"temp circular\" \/>\n<meta name=\"twitter:card\" content=\"summary_large_image\" \/>\n<meta name=\"twitter:creator\" content=\"@ranciliogroup\" \/>\n<meta name=\"twitter:site\" content=\"@ranciliogroup\" \/>\n<meta name=\"twitter:label1\" content=\"Written by\" \/>\n\t<meta name=\"twitter:data1\" content=\"temp circular\" \/>\n\t<meta name=\"twitter:label2\" content=\"Est. reading time\" \/>\n\t<meta name=\"twitter:data2\" content=\"2 minutes\" \/>\n<script type=\"application\/ld+json\" class=\"yoast-schema-graph\">{\"@context\":\"https:\/\/schema.org\",\"@graph\":[{\"@type\":\"Article\",\"@id\":\"https:\/\/www.ranciliogroup.com\/es\/reunete-con-rancilio-specialty-y-the-barista-league-en-colombia-para-la-rumba-barista\/#article\",\"isPartOf\":{\"@id\":\"https:\/\/www.ranciliogroup.com\/es\/reunete-con-rancilio-specialty-y-the-barista-league-en-colombia-para-la-rumba-barista\/\"},\"author\":{\"name\":\"temp circular\",\"@id\":\"https:\/\/www.ranciliogroup.com\/es\/#\/schema\/person\/d6bf0a7dfe74cded3d64da8b2c92814c\"},\"headline\":\"Re\u00fanete con Rancilio Specialty y The Barista League en Colombia para la Rumba Barista\",\"datePublished\":\"2023-02-07T11:27:53+00:00\",\"dateModified\":\"2023-02-24T10:27:59+00:00\",\"mainEntityOfPage\":{\"@id\":\"https:\/\/www.ranciliogroup.com\/es\/reunete-con-rancilio-specialty-y-the-barista-league-en-colombia-para-la-rumba-barista\/\"},\"wordCount\":309,\"publisher\":{\"@id\":\"https:\/\/www.ranciliogroup.com\/es\/#organization\"},\"keywords\":[\"Invicta\",\"Rancilio Specialty\",\"Barista League\"],\"articleSection\":[\"Eventos\"],\"inLanguage\":\"es-ES\"},{\"@type\":\"WebPage\",\"@id\":\"https:\/\/www.ranciliogroup.com\/es\/reunete-con-rancilio-specialty-y-the-barista-league-en-colombia-para-la-rumba-barista\/\",\"url\":\"https:\/\/www.ranciliogroup.com\/es\/reunete-con-rancilio-specialty-y-the-barista-league-en-colombia-para-la-rumba-barista\/\",\"name\":\"Latest update about Re\u00fanete con Rancilio Specialty y The Barista League en Colombia para la Rumba Barista - Rancilio Group\",\"isPartOf\":{\"@id\":\"https:\/\/www.ranciliogroup.com\/es\/#website\"},\"datePublished\":\"2023-02-07T11:27:53+00:00\",\"dateModified\":\"2023-02-24T10:27:59+00:00\",\"description\":\"Read Rancilio Group's latest news about Re\u00fanete con Rancilio Specialty y The Barista League en Colombia para la Rumba Barista\",\"breadcrumb\":{\"@id\":\"https:\/\/www.ranciliogroup.com\/es\/reunete-con-rancilio-specialty-y-the-barista-league-en-colombia-para-la-rumba-barista\/#breadcrumb\"},\"inLanguage\":\"es-ES\",\"potentialAction\":[{\"@type\":\"ReadAction\",\"target\":[\"https:\/\/www.ranciliogroup.com\/es\/reunete-con-rancilio-specialty-y-the-barista-league-en-colombia-para-la-rumba-barista\/\"]}]},{\"@type\":\"BreadcrumbList\",\"@id\":\"https:\/\/www.ranciliogroup.com\/es\/reunete-con-rancilio-specialty-y-the-barista-league-en-colombia-para-la-rumba-barista\/#breadcrumb\",\"itemListElement\":[{\"@type\":\"ListItem\",\"position\":1,\"name\":\"Home\",\"item\":\"https:\/\/www.ranciliogroup.com\/es\/\"},{\"@type\":\"ListItem\",\"position\":2,\"name\":\"Re\u00fanete con Rancilio Specialty y The Barista League en Colombia para la Rumba Barista\"}]},{\"@type\":\"WebSite\",\"@id\":\"https:\/\/www.ranciliogroup.com\/es\/#website\",\"url\":\"https:\/\/www.ranciliogroup.com\/es\/\",\"name\":\"Rancilio Group\",\"description\":\"L\u00edder en M\u00e1quinas de Caf\u00e9 Profesionales\",\"publisher\":{\"@id\":\"https:\/\/www.ranciliogroup.com\/es\/#organization\"},\"potentialAction\":[{\"@type\":\"SearchAction\",\"target\":{\"@type\":\"EntryPoint\",\"urlTemplate\":\"https:\/\/www.ranciliogroup.com\/es\/?s={search_term_string}\"},\"query-input\":\"required name=search_term_string\"}],\"inLanguage\":\"es-ES\"},{\"@type\":\"Organization\",\"@id\":\"https:\/\/www.ranciliogroup.com\/es\/#organization\",\"name\":\"Rancilio Group\",\"url\":\"https:\/\/www.ranciliogroup.com\/es\/\",\"logo\":{\"@type\":\"ImageObject\",\"inLanguage\":\"es-ES\",\"@id\":\"https:\/\/www.ranciliogroup.com\/es\/#\/schema\/logo\/image\/\",\"url\":\"https:\/\/www.ranciliogroup.com\/app\/uploads\/2019\/07\/rancilio_black_logo.png\",\"contentUrl\":\"https:\/\/www.ranciliogroup.com\/app\/uploads\/2019\/07\/rancilio_black_logo.png\",\"width\":447,\"height\":57,\"caption\":\"Rancilio Group\"},\"image\":{\"@id\":\"https:\/\/www.ranciliogroup.com\/es\/#\/schema\/logo\/image\/\"},\"sameAs\":[\"https:\/\/www.facebook.com\/RancilioGroup\",\"https:\/\/twitter.com\/ranciliogroup\",\"https:\/\/www.instagram.com\/rancilio_official\/\",\"https:\/\/www.linkedin.com\/company\/ranciliogroup\/\",\"https:\/\/www.youtube.com\/user\/rancilioadmin\"]},{\"@type\":\"Person\",\"@id\":\"https:\/\/www.ranciliogroup.com\/es\/#\/schema\/person\/d6bf0a7dfe74cded3d64da8b2c92814c\",\"name\":\"temp circular\",\"image\":{\"@type\":\"ImageObject\",\"inLanguage\":\"es-ES\",\"@id\":\"https:\/\/www.ranciliogroup.com\/es\/#\/schema\/person\/image\/\",\"url\":\"https:\/\/secure.gravatar.com\/avatar\/569e71c3b97b8bcad1854d6579b35c5f?s=96&d=mm&r=g\",\"contentUrl\":\"https:\/\/secure.gravatar.com\/avatar\/569e71c3b97b8bcad1854d6579b35c5f?s=96&d=mm&r=g\",\"caption\":\"temp circular\"}}]}<\/script>\n<!-- \/ Yoast SEO plugin. -->","yoast_head_json":{"title":"Latest update about Re\u00fanete con Rancilio Specialty y The Barista League en Colombia para la Rumba Barista - Rancilio Group","description":"Read Rancilio Group's latest news about Re\u00fanete con Rancilio Specialty y The Barista League en Colombia para la Rumba Barista","robots":{"index":"index","follow":"follow","max-snippet":"max-snippet:-1","max-image-preview":"max-image-preview:large","max-video-preview":"max-video-preview:-1"},"canonical":"https:\/\/www.ranciliogroup.com\/es\/reunete-con-rancilio-specialty-y-the-barista-league-en-colombia-para-la-rumba-barista\/","og_locale":"es_ES","og_type":"article","og_title":"Latest update about Re\u00fanete con Rancilio Specialty y The Barista League en Colombia para la Rumba Barista - Rancilio Group","og_description":"Read Rancilio Group's latest news about Re\u00fanete con Rancilio Specialty y The Barista League en Colombia para la Rumba Barista","og_url":"https:\/\/www.ranciliogroup.com\/es\/reunete-con-rancilio-specialty-y-the-barista-league-en-colombia-para-la-rumba-barista\/","og_site_name":"Rancilio Group","article_publisher":"https:\/\/www.facebook.com\/RancilioGroup","article_published_time":"2023-02-07T11:27:53+00:00","article_modified_time":"2023-02-24T10:27:59+00:00","og_image":[{"width":1080,"height":720,"url":"https:\/\/www.ranciliogroup.com\/app\/uploads\/2023\/02\/TheBaristaLeague01_web.jpg","type":"image\/jpeg"}],"author":"temp circular","twitter_card":"summary_large_image","twitter_creator":"@ranciliogroup","twitter_site":"@ranciliogroup","twitter_misc":{"Written by":"temp circular","Est. reading time":"2 minutes"},"schema":{"@context":"https:\/\/schema.org","@graph":[{"@type":"Article","@id":"https:\/\/www.ranciliogroup.com\/es\/reunete-con-rancilio-specialty-y-the-barista-league-en-colombia-para-la-rumba-barista\/#article","isPartOf":{"@id":"https:\/\/www.ranciliogroup.com\/es\/reunete-con-rancilio-specialty-y-the-barista-league-en-colombia-para-la-rumba-barista\/"},"author":{"name":"temp circular","@id":"https:\/\/www.ranciliogroup.com\/es\/#\/schema\/person\/d6bf0a7dfe74cded3d64da8b2c92814c"},"headline":"Re\u00fanete con Rancilio Specialty y The Barista League en Colombia para la Rumba Barista","datePublished":"2023-02-07T11:27:53+00:00","dateModified":"2023-02-24T10:27:59+00:00","mainEntityOfPage":{"@id":"https:\/\/www.ranciliogroup.com\/es\/reunete-con-rancilio-specialty-y-the-barista-league-en-colombia-para-la-rumba-barista\/"},"wordCount":309,"publisher":{"@id":"https:\/\/www.ranciliogroup.com\/es\/#organization"},"keywords":["Invicta","Rancilio Specialty","Barista League"],"articleSection":["Eventos"],"inLanguage":"es-ES"},{"@type":"WebPage","@id":"https:\/\/www.ranciliogroup.com\/es\/reunete-con-rancilio-specialty-y-the-barista-league-en-colombia-para-la-rumba-barista\/","url":"https:\/\/www.ranciliogroup.com\/es\/reunete-con-rancilio-specialty-y-the-barista-league-en-colombia-para-la-rumba-barista\/","name":"Latest update about Re\u00fanete con Rancilio Specialty y The Barista League en Colombia para la Rumba Barista - Rancilio Group","isPartOf":{"@id":"https:\/\/www.ranciliogroup.com\/es\/#website"},"datePublished":"2023-02-07T11:27:53+00:00","dateModified":"2023-02-24T10:27:59+00:00","description":"Read Rancilio Group's latest news about Re\u00fanete con Rancilio Specialty y The Barista League en Colombia para la Rumba Barista","breadcrumb":{"@id":"https:\/\/www.ranciliogroup.com\/es\/reunete-con-rancilio-specialty-y-the-barista-league-en-colombia-para-la-rumba-barista\/#breadcrumb"},"inLanguage":"es-ES","potentialAction":[{"@type":"ReadAction","target":["https:\/\/www.ranciliogroup.com\/es\/reunete-con-rancilio-specialty-y-the-barista-league-en-colombia-para-la-rumba-barista\/"]}]},{"@type":"BreadcrumbList","@id":"https:\/\/www.ranciliogroup.com\/es\/reunete-con-rancilio-specialty-y-the-barista-league-en-colombia-para-la-rumba-barista\/#breadcrumb","itemListElement":[{"@type":"ListItem","position":1,"name":"Home","item":"https:\/\/www.ranciliogroup.com\/es\/"},{"@type":"ListItem","position":2,"name":"Re\u00fanete con Rancilio Specialty y The Barista League en Colombia para la Rumba Barista"}]},{"@type":"WebSite","@id":"https:\/\/www.ranciliogroup.com\/es\/#website","url":"https:\/\/www.ranciliogroup.com\/es\/","name":"Rancilio Group","description":"L\u00edder en M\u00e1quinas de Caf\u00e9 Profesionales","publisher":{"@id":"https:\/\/www.ranciliogroup.com\/es\/#organization"},"potentialAction":[{"@type":"SearchAction","target":{"@type":"EntryPoint","urlTemplate":"https:\/\/www.ranciliogroup.com\/es\/?s={search_term_string}"},"query-input":"required name=search_term_string"}],"inLanguage":"es-ES"},{"@type":"Organization","@id":"https:\/\/www.ranciliogroup.com\/es\/#organization","name":"Rancilio Group","url":"https:\/\/www.ranciliogroup.com\/es\/","logo":{"@type":"ImageObject","inLanguage":"es-ES","@id":"https:\/\/www.ranciliogroup.com\/es\/#\/schema\/logo\/image\/","url":"https:\/\/www.ranciliogroup.com\/app\/uploads\/2019\/07\/rancilio_black_logo.png","contentUrl":"https:\/\/www.ranciliogroup.com\/app\/uploads\/2019\/07\/rancilio_black_logo.png","width":447,"height":57,"caption":"Rancilio Group"},"image":{"@id":"https:\/\/www.ranciliogroup.com\/es\/#\/schema\/logo\/image\/"},"sameAs":["https:\/\/www.facebook.com\/RancilioGroup","https:\/\/twitter.com\/ranciliogroup","https:\/\/www.instagram.com\/rancilio_official\/","https:\/\/www.linkedin.com\/company\/ranciliogroup\/","https:\/\/www.youtube.com\/user\/rancilioadmin"]},{"@type":"Person","@id":"https:\/\/www.ranciliogroup.com\/es\/#\/schema\/person\/d6bf0a7dfe74cded3d64da8b2c92814c","name":"temp circular","image":{"@type":"ImageObject","inLanguage":"es-ES","@id":"https:\/\/www.ranciliogroup.com\/es\/#\/schema\/person\/image\/","url":"https:\/\/secure.gravatar.com\/avatar\/569e71c3b97b8bcad1854d6579b35c5f?s=96&d=mm&r=g","contentUrl":"https:\/\/secure.gravatar.com\/avatar\/569e71c3b97b8bcad1854d6579b35c5f?s=96&d=mm&r=g","caption":"temp circular"}}]}},"_links":{"self":[{"href":"https:\/\/www.ranciliogroup.com\/es\/wp-json\/wp\/v2\/posts\/65668"}],"collection":[{"href":"https:\/\/www.ranciliogroup.com\/es\/wp-json\/wp\/v2\/posts"}],"about":[{"href":"https:\/\/www.ranciliogroup.com\/es\/wp-json\/wp\/v2\/types\/post"}],"author":[{"embeddable":true,"href":"https:\/\/www.ranciliogroup.com\/es\/wp-json\/wp\/v2\/users\/5"}],"replies":[{"embeddable":true,"href":"https:\/\/www.ranciliogroup.com\/es\/wp-json\/wp\/v2\/comments?post=65668"}],"version-history":[{"count":3,"href":"https:\/\/www.ranciliogroup.com\/es\/wp-json\/wp\/v2\/posts\/65668\/revisions"}],"predecessor-version":[{"id":65826,"href":"https:\/\/www.ranciliogroup.com\/es\/wp-json\/wp\/v2\/posts\/65668\/revisions\/65826"}],"wp:featuredmedia":[{"embeddable":true,"href":"https:\/\/www.ranciliogroup.com\/es\/wp-json\/wp\/v2\/media\/65653"}],"wp:attachment":[{"href":"https:\/\/www.ranciliogroup.com\/es\/wp-json\/wp\/v2\/media?parent=65668"}],"wp:term":[{"taxonomy":"category","embeddable":true,"href":"https:\/\/www.ranciliogroup.com\/es\/wp-json\/wp\/v2\/categories?post=65668"},{"taxonomy":"post_tag","embeddable":true,"href":"https:\/\/www.ranciliogroup.com\/es\/wp-json\/wp\/v2\/tags?post=65668"}],"curies":[{"name":"wp","href":"https:\/\/api.w.org\/{rel}","templated":true}]}}