{"id":66042,"date":"2023-03-30T15:05:39","date_gmt":"2023-03-30T13:05:39","guid":{"rendered":"https:\/\/www.ranciliogroup.com\/?p=66042"},"modified":"2023-03-30T15:05:39","modified_gmt":"2023-03-30T13:05:39","slug":"rancilio-group-estara-en-madrid-para-la-36a-edicion-del-salon-gourmets","status":"publish","type":"post","link":"https:\/\/www.ranciliogroup.com\/es\/rancilio-group-estara-en-madrid-para-la-36a-edicion-del-salon-gourmets\/","title":{"rendered":"Rancilio Group estar\u00e1 en Madrid para la 36\u00aa edici\u00f3n del Sal\u00f3n Gourmets"},"content":{"rendered":"<p>Del 17 al 20 de abril de 2023, Rancilio Group dar\u00e1 la bienvenida a todos los profesionales y amantes del caf\u00e9 de todo el mundo a la 36\u00aa edici\u00f3n del Sal\u00f3n Gourmets en IFEMA Madrid.<\/p>\n<p>Rancilio Group participa en el evento con una selecci\u00f3n especial de su amplia gama de productos. Rancilio Classe 5 ser\u00e1 la estrella del stand de Rancilio Group con una nueva versi\u00f3n dise\u00f1ada espec\u00edficamente para los baristas conscientes, siempre atentos al ahorro de energ\u00eda. La m\u00e1quina de caf\u00e9 espresso de una sola caldera, f\u00e1cil de usar y equipada con la tecnolog\u00eda Steady Brew para una estabilidad t\u00e9rmica de gama alta, estar\u00e1 de hecho presente con nuevas funciones en exclusiva para quienes acudan al evento.<\/p>\n<p>Quienes visiten nuestro stand tambi\u00e9n tendr\u00e1n la oportunidad de degustar las especialidades de caf\u00e9 de la m\u00e1quina de caf\u00e9 espresso de caldera \u00fanica Invicta, conocida por su dise\u00f1o ic\u00f3nico y su facilidad de uso.<\/p>\n<p>Egro estar\u00e1 presente con la nueva m\u00e1quina totalmente autom\u00e1tica QuBe, ideal para los sectores de Hospitalidad y OCS y para todos los locales, oficinas y rincones de caf\u00e9 de bajo consumo diario que requieran una carta de caf\u00e9 variada.<\/p>\n<p>Sal\u00f3n Gourmets re\u00fane cada a\u00f1o a todos los profesionales del sector gastron\u00f3mico a nivel internacional en un sensacional escaparate de alimentos y bebidas de primera calidad. Los visitantes podr\u00e1n apreciar las especialidades gastron\u00f3micas \u2013 desde productos tradicionales hasta las tendencias m\u00e1s novedosas \u2013 mientras disfrutan del variado programa de actos previsto para este a\u00f1o.<\/p>\n<p>&nbsp;<\/p>\n<p><strong>SAL\u00d3N GOURMETS<\/strong><strong> \/ Rancilio Group<\/strong><br \/>\n17 y 20 de abril de 2023<br \/>\nStand 4G18<br \/>\n<a href=\"https:\/\/www.google.com\/maps\/place\/IFEMA+Madrid\/@40.4678304,-3.6195005,17z\/data=!3m1!5s0xd422e5a3f0ffc4b:0xcae365e0f0e79d14!4m6!3m5!1s0xd422e50d152df37:0x801ce4be7e7a5eec!8m2!3d40.4678304!4d-3.6173065!16s%2Fg%2F120w89y8\">Ifema Madrid<\/a><br \/>\nAv. Parten\u00f3n, 5<br \/>\n28042 Madrid, Espa\u00f1a<\/p>\n<p>&nbsp;<\/p>\n<p><a href=\"https:\/\/www.linkedin.com\/company\/ranciliogroup\/posts\/\"><strong>Sigue el evento en Linkedin<\/strong><\/a><\/p>\n<p>&nbsp;<\/p>\n<p><strong>Descubre nuestros productos expuestos<\/strong><br \/>\n<a href=\"https:\/\/www.ranciliogroup.com\/es\/rancilio\/classe-5\/\">Rancilio Classe 5<\/a><br \/>\n<a href=\"https:\/\/www.ranciliogroup.com\/es\/rancilio\/classe-7\/\">Rancilio Classe 7<\/a><br \/>\n<a href=\"https:\/\/www.ranciliogroup.com\/es\/rancilio\/classe-20\/\">Rancilio Classe 20<\/a><br \/>\n<a href=\"https:\/\/www.ranciliogroup.com\/es\/rancilio\/kryo\/\">Rancilio Kryo<\/a><br \/>\n<a href=\"https:\/\/www.ranciliogroup.com\/es\/rancilio\/stile\/\">Rancilio Stile<\/a><br \/>\n<a href=\"https:\/\/www.ranciliogroup.com\/es\/specialty\/invicta\/\">Rancilio Specialty Invicta<\/a><br \/>\n<a href=\"https:\/\/www.ranciliogroup.com\/es\/egro\/qube\/\">Egro Qube<\/a><br \/>\n<a href=\"https:\/\/www.ranciliogroup.com\/es\/egro\/one\/\">Egro One<\/a><br \/>\n<a href=\"https:\/\/www.ranciliogroup.com\/es\/egro\/next\/\">Egro Next<\/a><\/p>\n","protected":false},"excerpt":{"rendered":"<p>Del 17 al 20 de abril de 2023, Rancilio Group dar\u00e1 la bienvenida a todos los profesionales y amantes del&#8230;<\/p>\n","protected":false},"author":5,"featured_media":66036,"comment_status":"closed","ping_status":"closed","sticky":false,"template":"","format":"standard","meta":[],"categories":[862],"tags":[2838,2874,2875,2691,2636,2637,2880,2692,2878,2877,2837,2635,2590,2879,2876],"acf":[],"yoast_head":"<!-- This site is optimized with the Yoast SEO plugin v21.5 - https:\/\/yoast.com\/wordpress\/plugins\/seo\/ -->\n<title>Latest update about Rancilio Group estar\u00e1 en Madrid para la 36\u00aa edici\u00f3n del Sal\u00f3n Gourmets - Rancilio Group<\/title>\n<meta name=\"description\" content=\"Read Rancilio Group&#039;s latest news about Rancilio Group estar\u00e1 en Madrid para la 36\u00aa edici\u00f3n del Sal\u00f3n Gourmets\" \/>\n<meta name=\"robots\" content=\"index, follow, max-snippet:-1, max-image-preview:large, max-video-preview:-1\" \/>\n<link rel=\"canonical\" href=\"https:\/\/www.ranciliogroup.com\/es\/rancilio-group-estara-en-madrid-para-la-36a-edicion-del-salon-gourmets\/\" \/>\n<meta property=\"og:locale\" content=\"es_ES\" \/>\n<meta property=\"og:type\" content=\"article\" \/>\n<meta property=\"og:title\" content=\"Latest update about Rancilio Group estar\u00e1 en Madrid para la 36\u00aa edici\u00f3n del Sal\u00f3n Gourmets - Rancilio Group\" \/>\n<meta property=\"og:description\" content=\"Read Rancilio Group&#039;s latest news about Rancilio Group estar\u00e1 en Madrid para la 36\u00aa edici\u00f3n del Sal\u00f3n Gourmets\" \/>\n<meta property=\"og:url\" content=\"https:\/\/www.ranciliogroup.com\/es\/rancilio-group-estara-en-madrid-para-la-36a-edicion-del-salon-gourmets\/\" \/>\n<meta property=\"og:site_name\" content=\"Rancilio Group\" \/>\n<meta property=\"article:publisher\" content=\"https:\/\/www.facebook.com\/RancilioGroup\" \/>\n<meta property=\"article:published_time\" content=\"2023-03-30T13:05:39+00:00\" \/>\n<meta property=\"og:image\" content=\"https:\/\/www.ranciliogroup.com\/app\/uploads\/2023\/03\/salon-gourmets-gmb-web.jpg\" \/>\n\t<meta property=\"og:image:width\" content=\"1080\" \/>\n\t<meta property=\"og:image:height\" content=\"720\" \/>\n\t<meta property=\"og:image:type\" content=\"image\/jpeg\" \/>\n<meta name=\"author\" content=\"temp circular\" \/>\n<meta name=\"twitter:card\" content=\"summary_large_image\" \/>\n<meta name=\"twitter:creator\" content=\"@ranciliogroup\" \/>\n<meta name=\"twitter:site\" content=\"@ranciliogroup\" \/>\n<meta name=\"twitter:label1\" content=\"Written by\" \/>\n\t<meta name=\"twitter:data1\" content=\"temp circular\" \/>\n\t<meta name=\"twitter:label2\" content=\"Est. reading time\" \/>\n\t<meta name=\"twitter:data2\" content=\"2 minutes\" \/>\n<script type=\"application\/ld+json\" class=\"yoast-schema-graph\">{\"@context\":\"https:\/\/schema.org\",\"@graph\":[{\"@type\":\"Article\",\"@id\":\"https:\/\/www.ranciliogroup.com\/es\/rancilio-group-estara-en-madrid-para-la-36a-edicion-del-salon-gourmets\/#article\",\"isPartOf\":{\"@id\":\"https:\/\/www.ranciliogroup.com\/es\/rancilio-group-estara-en-madrid-para-la-36a-edicion-del-salon-gourmets\/\"},\"author\":{\"name\":\"temp circular\",\"@id\":\"https:\/\/www.ranciliogroup.com\/es\/#\/schema\/person\/d6bf0a7dfe74cded3d64da8b2c92814c\"},\"headline\":\"Rancilio Group estar\u00e1 en Madrid para la 36\u00aa edici\u00f3n del Sal\u00f3n Gourmets\",\"datePublished\":\"2023-03-30T13:05:39+00:00\",\"dateModified\":\"2023-03-30T13:05:39+00:00\",\"mainEntityOfPage\":{\"@id\":\"https:\/\/www.ranciliogroup.com\/es\/rancilio-group-estara-en-madrid-para-la-36a-edicion-del-salon-gourmets\/\"},\"wordCount\":327,\"publisher\":{\"@id\":\"https:\/\/www.ranciliogroup.com\/es\/#organization\"},\"keywords\":[\"Classe 20\",\"Classe 5\",\"Classe 7\",\"Egro\",\"Invicta\",\"Kryo\",\"Madrid\",\"Next\",\"One\",\"QuBe\",\"Rancilio\",\"Rancilio Group\",\"Rancilio Specialty\",\"Salon Gourmets\",\"Stile\"],\"articleSection\":[\"Eventos\"],\"inLanguage\":\"es-ES\"},{\"@type\":\"WebPage\",\"@id\":\"https:\/\/www.ranciliogroup.com\/es\/rancilio-group-estara-en-madrid-para-la-36a-edicion-del-salon-gourmets\/\",\"url\":\"https:\/\/www.ranciliogroup.com\/es\/rancilio-group-estara-en-madrid-para-la-36a-edicion-del-salon-gourmets\/\",\"name\":\"Latest update about Rancilio Group estar\u00e1 en Madrid para la 36\u00aa edici\u00f3n del Sal\u00f3n Gourmets - Rancilio Group\",\"isPartOf\":{\"@id\":\"https:\/\/www.ranciliogroup.com\/es\/#website\"},\"datePublished\":\"2023-03-30T13:05:39+00:00\",\"dateModified\":\"2023-03-30T13:05:39+00:00\",\"description\":\"Read Rancilio Group's latest news about Rancilio Group estar\u00e1 en Madrid para la 36\u00aa edici\u00f3n del Sal\u00f3n Gourmets\",\"breadcrumb\":{\"@id\":\"https:\/\/www.ranciliogroup.com\/es\/rancilio-group-estara-en-madrid-para-la-36a-edicion-del-salon-gourmets\/#breadcrumb\"},\"inLanguage\":\"es-ES\",\"potentialAction\":[{\"@type\":\"ReadAction\",\"target\":[\"https:\/\/www.ranciliogroup.com\/es\/rancilio-group-estara-en-madrid-para-la-36a-edicion-del-salon-gourmets\/\"]}]},{\"@type\":\"BreadcrumbList\",\"@id\":\"https:\/\/www.ranciliogroup.com\/es\/rancilio-group-estara-en-madrid-para-la-36a-edicion-del-salon-gourmets\/#breadcrumb\",\"itemListElement\":[{\"@type\":\"ListItem\",\"position\":1,\"name\":\"Home\",\"item\":\"https:\/\/www.ranciliogroup.com\/es\/\"},{\"@type\":\"ListItem\",\"position\":2,\"name\":\"Rancilio Group estar\u00e1 en Madrid para la 36\u00aa edici\u00f3n del Sal\u00f3n Gourmets\"}]},{\"@type\":\"WebSite\",\"@id\":\"https:\/\/www.ranciliogroup.com\/es\/#website\",\"url\":\"https:\/\/www.ranciliogroup.com\/es\/\",\"name\":\"Rancilio Group\",\"description\":\"L\u00edder en M\u00e1quinas de Caf\u00e9 Profesionales\",\"publisher\":{\"@id\":\"https:\/\/www.ranciliogroup.com\/es\/#organization\"},\"potentialAction\":[{\"@type\":\"SearchAction\",\"target\":{\"@type\":\"EntryPoint\",\"urlTemplate\":\"https:\/\/www.ranciliogroup.com\/es\/?s={search_term_string}\"},\"query-input\":\"required name=search_term_string\"}],\"inLanguage\":\"es-ES\"},{\"@type\":\"Organization\",\"@id\":\"https:\/\/www.ranciliogroup.com\/es\/#organization\",\"name\":\"Rancilio Group\",\"url\":\"https:\/\/www.ranciliogroup.com\/es\/\",\"logo\":{\"@type\":\"ImageObject\",\"inLanguage\":\"es-ES\",\"@id\":\"https:\/\/www.ranciliogroup.com\/es\/#\/schema\/logo\/image\/\",\"url\":\"https:\/\/www.ranciliogroup.com\/app\/uploads\/2019\/07\/rancilio_black_logo.png\",\"contentUrl\":\"https:\/\/www.ranciliogroup.com\/app\/uploads\/2019\/07\/rancilio_black_logo.png\",\"width\":447,\"height\":57,\"caption\":\"Rancilio Group\"},\"image\":{\"@id\":\"https:\/\/www.ranciliogroup.com\/es\/#\/schema\/logo\/image\/\"},\"sameAs\":[\"https:\/\/www.facebook.com\/RancilioGroup\",\"https:\/\/twitter.com\/ranciliogroup\",\"https:\/\/www.instagram.com\/rancilio_official\/\",\"https:\/\/www.linkedin.com\/company\/ranciliogroup\/\",\"https:\/\/www.youtube.com\/user\/rancilioadmin\"]},{\"@type\":\"Person\",\"@id\":\"https:\/\/www.ranciliogroup.com\/es\/#\/schema\/person\/d6bf0a7dfe74cded3d64da8b2c92814c\",\"name\":\"temp circular\",\"image\":{\"@type\":\"ImageObject\",\"inLanguage\":\"es-ES\",\"@id\":\"https:\/\/www.ranciliogroup.com\/es\/#\/schema\/person\/image\/\",\"url\":\"https:\/\/secure.gravatar.com\/avatar\/569e71c3b97b8bcad1854d6579b35c5f?s=96&d=mm&r=g\",\"contentUrl\":\"https:\/\/secure.gravatar.com\/avatar\/569e71c3b97b8bcad1854d6579b35c5f?s=96&d=mm&r=g\",\"caption\":\"temp circular\"}}]}<\/script>\n<!-- \/ Yoast SEO plugin. -->","yoast_head_json":{"title":"Latest update about Rancilio Group estar\u00e1 en Madrid para la 36\u00aa edici\u00f3n del Sal\u00f3n Gourmets - Rancilio Group","description":"Read Rancilio Group's latest news about Rancilio Group estar\u00e1 en Madrid para la 36\u00aa edici\u00f3n del Sal\u00f3n Gourmets","robots":{"index":"index","follow":"follow","max-snippet":"max-snippet:-1","max-image-preview":"max-image-preview:large","max-video-preview":"max-video-preview:-1"},"canonical":"https:\/\/www.ranciliogroup.com\/es\/rancilio-group-estara-en-madrid-para-la-36a-edicion-del-salon-gourmets\/","og_locale":"es_ES","og_type":"article","og_title":"Latest update about Rancilio Group estar\u00e1 en Madrid para la 36\u00aa edici\u00f3n del Sal\u00f3n Gourmets - Rancilio Group","og_description":"Read Rancilio Group's latest news about Rancilio Group estar\u00e1 en Madrid para la 36\u00aa edici\u00f3n del Sal\u00f3n Gourmets","og_url":"https:\/\/www.ranciliogroup.com\/es\/rancilio-group-estara-en-madrid-para-la-36a-edicion-del-salon-gourmets\/","og_site_name":"Rancilio Group","article_publisher":"https:\/\/www.facebook.com\/RancilioGroup","article_published_time":"2023-03-30T13:05:39+00:00","og_image":[{"width":1080,"height":720,"url":"https:\/\/www.ranciliogroup.com\/app\/uploads\/2023\/03\/salon-gourmets-gmb-web.jpg","type":"image\/jpeg"}],"author":"temp circular","twitter_card":"summary_large_image","twitter_creator":"@ranciliogroup","twitter_site":"@ranciliogroup","twitter_misc":{"Written by":"temp circular","Est. reading time":"2 minutes"},"schema":{"@context":"https:\/\/schema.org","@graph":[{"@type":"Article","@id":"https:\/\/www.ranciliogroup.com\/es\/rancilio-group-estara-en-madrid-para-la-36a-edicion-del-salon-gourmets\/#article","isPartOf":{"@id":"https:\/\/www.ranciliogroup.com\/es\/rancilio-group-estara-en-madrid-para-la-36a-edicion-del-salon-gourmets\/"},"author":{"name":"temp circular","@id":"https:\/\/www.ranciliogroup.com\/es\/#\/schema\/person\/d6bf0a7dfe74cded3d64da8b2c92814c"},"headline":"Rancilio Group estar\u00e1 en Madrid para la 36\u00aa edici\u00f3n del Sal\u00f3n Gourmets","datePublished":"2023-03-30T13:05:39+00:00","dateModified":"2023-03-30T13:05:39+00:00","mainEntityOfPage":{"@id":"https:\/\/www.ranciliogroup.com\/es\/rancilio-group-estara-en-madrid-para-la-36a-edicion-del-salon-gourmets\/"},"wordCount":327,"publisher":{"@id":"https:\/\/www.ranciliogroup.com\/es\/#organization"},"keywords":["Classe 20","Classe 5","Classe 7","Egro","Invicta","Kryo","Madrid","Next","One","QuBe","Rancilio","Rancilio Group","Rancilio Specialty","Salon Gourmets","Stile"],"articleSection":["Eventos"],"inLanguage":"es-ES"},{"@type":"WebPage","@id":"https:\/\/www.ranciliogroup.com\/es\/rancilio-group-estara-en-madrid-para-la-36a-edicion-del-salon-gourmets\/","url":"https:\/\/www.ranciliogroup.com\/es\/rancilio-group-estara-en-madrid-para-la-36a-edicion-del-salon-gourmets\/","name":"Latest update about Rancilio Group estar\u00e1 en Madrid para la 36\u00aa edici\u00f3n del Sal\u00f3n Gourmets - Rancilio Group","isPartOf":{"@id":"https:\/\/www.ranciliogroup.com\/es\/#website"},"datePublished":"2023-03-30T13:05:39+00:00","dateModified":"2023-03-30T13:05:39+00:00","description":"Read Rancilio Group's latest news about Rancilio Group estar\u00e1 en Madrid para la 36\u00aa edici\u00f3n del Sal\u00f3n Gourmets","breadcrumb":{"@id":"https:\/\/www.ranciliogroup.com\/es\/rancilio-group-estara-en-madrid-para-la-36a-edicion-del-salon-gourmets\/#breadcrumb"},"inLanguage":"es-ES","potentialAction":[{"@type":"ReadAction","target":["https:\/\/www.ranciliogroup.com\/es\/rancilio-group-estara-en-madrid-para-la-36a-edicion-del-salon-gourmets\/"]}]},{"@type":"BreadcrumbList","@id":"https:\/\/www.ranciliogroup.com\/es\/rancilio-group-estara-en-madrid-para-la-36a-edicion-del-salon-gourmets\/#breadcrumb","itemListElement":[{"@type":"ListItem","position":1,"name":"Home","item":"https:\/\/www.ranciliogroup.com\/es\/"},{"@type":"ListItem","position":2,"name":"Rancilio Group estar\u00e1 en Madrid para la 36\u00aa edici\u00f3n del Sal\u00f3n Gourmets"}]},{"@type":"WebSite","@id":"https:\/\/www.ranciliogroup.com\/es\/#website","url":"https:\/\/www.ranciliogroup.com\/es\/","name":"Rancilio Group","description":"L\u00edder en M\u00e1quinas de Caf\u00e9 Profesionales","publisher":{"@id":"https:\/\/www.ranciliogroup.com\/es\/#organization"},"potentialAction":[{"@type":"SearchAction","target":{"@type":"EntryPoint","urlTemplate":"https:\/\/www.ranciliogroup.com\/es\/?s={search_term_string}"},"query-input":"required name=search_term_string"}],"inLanguage":"es-ES"},{"@type":"Organization","@id":"https:\/\/www.ranciliogroup.com\/es\/#organization","name":"Rancilio Group","url":"https:\/\/www.ranciliogroup.com\/es\/","logo":{"@type":"ImageObject","inLanguage":"es-ES","@id":"https:\/\/www.ranciliogroup.com\/es\/#\/schema\/logo\/image\/","url":"https:\/\/www.ranciliogroup.com\/app\/uploads\/2019\/07\/rancilio_black_logo.png","contentUrl":"https:\/\/www.ranciliogroup.com\/app\/uploads\/2019\/07\/rancilio_black_logo.png","width":447,"height":57,"caption":"Rancilio Group"},"image":{"@id":"https:\/\/www.ranciliogroup.com\/es\/#\/schema\/logo\/image\/"},"sameAs":["https:\/\/www.facebook.com\/RancilioGroup","https:\/\/twitter.com\/ranciliogroup","https:\/\/www.instagram.com\/rancilio_official\/","https:\/\/www.linkedin.com\/company\/ranciliogroup\/","https:\/\/www.youtube.com\/user\/rancilioadmin"]},{"@type":"Person","@id":"https:\/\/www.ranciliogroup.com\/es\/#\/schema\/person\/d6bf0a7dfe74cded3d64da8b2c92814c","name":"temp circular","image":{"@type":"ImageObject","inLanguage":"es-ES","@id":"https:\/\/www.ranciliogroup.com\/es\/#\/schema\/person\/image\/","url":"https:\/\/secure.gravatar.com\/avatar\/569e71c3b97b8bcad1854d6579b35c5f?s=96&d=mm&r=g","contentUrl":"https:\/\/secure.gravatar.com\/avatar\/569e71c3b97b8bcad1854d6579b35c5f?s=96&d=mm&r=g","caption":"temp circular"}}]}},"_links":{"self":[{"href":"https:\/\/www.ranciliogroup.com\/es\/wp-json\/wp\/v2\/posts\/66042"}],"collection":[{"href":"https:\/\/www.ranciliogroup.com\/es\/wp-json\/wp\/v2\/posts"}],"about":[{"href":"https:\/\/www.ranciliogroup.com\/es\/wp-json\/wp\/v2\/types\/post"}],"author":[{"embeddable":true,"href":"https:\/\/www.ranciliogroup.com\/es\/wp-json\/wp\/v2\/users\/5"}],"replies":[{"embeddable":true,"href":"https:\/\/www.ranciliogroup.com\/es\/wp-json\/wp\/v2\/comments?post=66042"}],"version-history":[{"count":1,"href":"https:\/\/www.ranciliogroup.com\/es\/wp-json\/wp\/v2\/posts\/66042\/revisions"}],"predecessor-version":[{"id":66043,"href":"https:\/\/www.ranciliogroup.com\/es\/wp-json\/wp\/v2\/posts\/66042\/revisions\/66043"}],"wp:featuredmedia":[{"embeddable":true,"href":"https:\/\/www.ranciliogroup.com\/es\/wp-json\/wp\/v2\/media\/66036"}],"wp:attachment":[{"href":"https:\/\/www.ranciliogroup.com\/es\/wp-json\/wp\/v2\/media?parent=66042"}],"wp:term":[{"taxonomy":"category","embeddable":true,"href":"https:\/\/www.ranciliogroup.com\/es\/wp-json\/wp\/v2\/categories?post=66042"},{"taxonomy":"post_tag","embeddable":true,"href":"https:\/\/www.ranciliogroup.com\/es\/wp-json\/wp\/v2\/tags?post=66042"}],"curies":[{"name":"wp","href":"https:\/\/api.w.org\/{rel}","templated":true}]}}