{"id":66149,"date":"2023-04-06T10:44:47","date_gmt":"2023-04-06T08:44:47","guid":{"rendered":"https:\/\/www.ranciliogroup.com\/?p=66149"},"modified":"2023-04-06T11:17:21","modified_gmt":"2023-04-06T09:17:21","slug":"podcast-a-history-of-coffee-la-historia-del-cafe-en-el-london-coffee-festival-con-rancilio","status":"publish","type":"post","link":"https:\/\/www.ranciliogroup.com\/es\/podcast-a-history-of-coffee-la-historia-del-cafe-en-el-london-coffee-festival-con-rancilio\/","title":{"rendered":"Podcast A History of Coffee en el London Coffee Festival con Rancilio"},"content":{"rendered":"<p>El s\u00e1bado 22 y el domingo 23 de abril, Rancilio te invita a un evento especial organizado con motivo de la segunda temporada del podcast A History of Coffee, que se estrenar\u00e1 el 17 de abril en Spotify y Apple Podcast.<\/p>\n<p>La nueva temporada del podcast se ha desarrollado con contenidos editoriales gratuitos ofrecidos por Rancilio y est\u00e1 presentada por el documentalista y creador del podcast sobre caf\u00e9 <em>Filter Stories<\/em>, James Harper, y el profesor Jonathan Morris, historiador profesional y autor de <em>Coffee: A Global History<\/em>.<\/p>\n<p>James Harper y el profesor Jonathan Morris recorren la historia de c\u00f3mo una diminuta semilla psicoactiva cambi\u00f3 el mundo y ha configurado nuestra vida actual. Las cafeter\u00edas, el colonialismo y la revoluci\u00f3n de Hait\u00ed, el caf\u00e9 americano y los or\u00edgenes de la venerada cultura italiana del espresso se narran a trav\u00e9s de cuatro episodios inmersivos que har\u00e1n las delicias de todos los amantes del caf\u00e9.<\/p>\n<p>Los autores est\u00e1n listos para ofrecer un primer vistazo exclusivo a esta emocionante nueva serie creada en colaboraci\u00f3n con Rancilio en el escenario <em>The Lab<\/em> del London Coffee Festival de este a\u00f1o con el evento en directo <em>The Dark Days of Espresso<\/em>. El evento celebra la segunda temporada del podcast <em>A History of Coffee<\/em> y presenta una versi\u00f3n corta del episodio sobre la cultura italiana del espresso en tres citas ineludibles.<\/p>\n<p>&nbsp;<\/p>\n<p><strong>The Dark Days of Espresso: : conoce a los anfitriones<\/strong><br \/>\n<strong>S\u00e1bado, 22 de abril<\/strong><br \/>\nDe 11:00 a 11:30<br \/>\nDe 14:30 a 15:00<br \/>\n<em>Anfitriones: James Harper y el profesor Jonathan Morris<\/em><br \/>\n<em>The Lab \/ London Coffee Festival<\/em><\/p>\n<p>&nbsp;<\/p>\n<p><strong>Domingo, 23 de abril<\/strong><br \/>\nDe 14:30 a 15:00<br \/>\n<em>Anfitriones: James Harper y el profesor Jonathan Morris<\/em><br \/>\n<em>The Lab \/ London Coffee Festival<\/em><\/p>\n<p>&nbsp;<\/p>\n<p><strong>London Coffee Festival<\/strong><br \/>\n22-23 de abril de 2023<br \/>\nThe Lab<br \/>\n<a href=\"https:\/\/www.google.com\/maps\/place\/The+Truman+Brewery\/@51.5212729,-0.0719898,15z\/data=!4m6!3m5!1s0x48761cb681c09d1b:0xffb3966176941f91!8m2!3d51.5212729!4d-0.0719898!16zL20vMDd4cTEx\">The Truman Brewery<\/a><br \/>\nBrick Lane<br \/>\nE1 6QR Londres<\/p>\n<p>&nbsp;<\/p>\n<p><strong>Sigue el evento en Instagram<\/strong><br \/>\n@rancilio_official #rancilio<br \/>\n@ranciliospecialty #ranciliospecialty<br \/>\n@londoncoffeefestival #londoncoffeefestival2023<br \/>\n@filterstoriespodcast<br \/>\n@coffeehistoryjm<\/p>\n","protected":false},"excerpt":{"rendered":"<p>El s\u00e1bado 22 y el domingo 23 de abril, Rancilio te invita a un evento especial organizado con motivo de&#8230;<\/p>\n","protected":false},"author":5,"featured_media":66110,"comment_status":"closed","ping_status":"closed","sticky":false,"template":"","format":"standard","meta":[],"categories":[862],"tags":[2923,2924,2837],"acf":[],"yoast_head":"<!-- This site is optimized with the Yoast SEO plugin v21.5 - https:\/\/yoast.com\/wordpress\/plugins\/seo\/ -->\n<title>Latest update about Podcast A History of Coffee en el London Coffee Festival con Rancilio - Rancilio Group<\/title>\n<meta name=\"description\" content=\"Read Rancilio Group&#039;s latest news about Podcast A History of Coffee en el London Coffee Festival con Rancilio\" \/>\n<meta name=\"robots\" content=\"index, follow, max-snippet:-1, max-image-preview:large, max-video-preview:-1\" \/>\n<link rel=\"canonical\" href=\"https:\/\/www.ranciliogroup.com\/es\/podcast-a-history-of-coffee-la-historia-del-cafe-en-el-london-coffee-festival-con-rancilio\/\" \/>\n<meta property=\"og:locale\" content=\"es_ES\" \/>\n<meta property=\"og:type\" content=\"article\" \/>\n<meta property=\"og:title\" content=\"Latest update about Podcast A History of Coffee en el London Coffee Festival con Rancilio - Rancilio Group\" \/>\n<meta property=\"og:description\" content=\"Read Rancilio Group&#039;s latest news about Podcast A History of Coffee en el London Coffee Festival con Rancilio\" \/>\n<meta property=\"og:url\" content=\"https:\/\/www.ranciliogroup.com\/es\/podcast-a-history-of-coffee-la-historia-del-cafe-en-el-london-coffee-festival-con-rancilio\/\" \/>\n<meta property=\"og:site_name\" content=\"Rancilio Group\" \/>\n<meta property=\"article:publisher\" content=\"https:\/\/www.facebook.com\/RancilioGroup\" \/>\n<meta property=\"article:published_time\" content=\"2023-04-06T08:44:47+00:00\" \/>\n<meta property=\"article:modified_time\" content=\"2023-04-06T09:17:21+00:00\" \/>\n<meta property=\"og:image\" content=\"https:\/\/www.ranciliogroup.com\/app\/uploads\/2023\/04\/Rancilio-A-History-of-Coffee_web02.jpg\" \/>\n\t<meta property=\"og:image:width\" content=\"1280\" \/>\n\t<meta property=\"og:image:height\" content=\"720\" \/>\n\t<meta property=\"og:image:type\" content=\"image\/jpeg\" \/>\n<meta name=\"author\" content=\"temp circular\" \/>\n<meta name=\"twitter:card\" content=\"summary_large_image\" \/>\n<meta name=\"twitter:creator\" content=\"@ranciliogroup\" \/>\n<meta name=\"twitter:site\" content=\"@ranciliogroup\" \/>\n<meta name=\"twitter:label1\" content=\"Written by\" \/>\n\t<meta name=\"twitter:data1\" content=\"temp circular\" \/>\n\t<meta name=\"twitter:label2\" content=\"Est. reading time\" \/>\n\t<meta name=\"twitter:data2\" content=\"2 minutes\" \/>\n<script type=\"application\/ld+json\" class=\"yoast-schema-graph\">{\"@context\":\"https:\/\/schema.org\",\"@graph\":[{\"@type\":\"Article\",\"@id\":\"https:\/\/www.ranciliogroup.com\/es\/podcast-a-history-of-coffee-la-historia-del-cafe-en-el-london-coffee-festival-con-rancilio\/#article\",\"isPartOf\":{\"@id\":\"https:\/\/www.ranciliogroup.com\/es\/podcast-a-history-of-coffee-la-historia-del-cafe-en-el-london-coffee-festival-con-rancilio\/\"},\"author\":{\"name\":\"temp circular\",\"@id\":\"https:\/\/www.ranciliogroup.com\/es\/#\/schema\/person\/d6bf0a7dfe74cded3d64da8b2c92814c\"},\"headline\":\"Podcast A History of Coffee en el London Coffee Festival con Rancilio\",\"datePublished\":\"2023-04-06T08:44:47+00:00\",\"dateModified\":\"2023-04-06T09:17:21+00:00\",\"mainEntityOfPage\":{\"@id\":\"https:\/\/www.ranciliogroup.com\/es\/podcast-a-history-of-coffee-la-historia-del-cafe-en-el-london-coffee-festival-con-rancilio\/\"},\"wordCount\":325,\"publisher\":{\"@id\":\"https:\/\/www.ranciliogroup.com\/es\/#organization\"},\"keywords\":[\"London Coffee Festival\",\"A History of Coffee\",\"Rancilio\"],\"articleSection\":[\"Eventos\"],\"inLanguage\":\"es-ES\"},{\"@type\":\"WebPage\",\"@id\":\"https:\/\/www.ranciliogroup.com\/es\/podcast-a-history-of-coffee-la-historia-del-cafe-en-el-london-coffee-festival-con-rancilio\/\",\"url\":\"https:\/\/www.ranciliogroup.com\/es\/podcast-a-history-of-coffee-la-historia-del-cafe-en-el-london-coffee-festival-con-rancilio\/\",\"name\":\"Latest update about Podcast A History of Coffee en el London Coffee Festival con Rancilio - Rancilio Group\",\"isPartOf\":{\"@id\":\"https:\/\/www.ranciliogroup.com\/es\/#website\"},\"datePublished\":\"2023-04-06T08:44:47+00:00\",\"dateModified\":\"2023-04-06T09:17:21+00:00\",\"description\":\"Read Rancilio Group's latest news about Podcast A History of Coffee en el London Coffee Festival con Rancilio\",\"breadcrumb\":{\"@id\":\"https:\/\/www.ranciliogroup.com\/es\/podcast-a-history-of-coffee-la-historia-del-cafe-en-el-london-coffee-festival-con-rancilio\/#breadcrumb\"},\"inLanguage\":\"es-ES\",\"potentialAction\":[{\"@type\":\"ReadAction\",\"target\":[\"https:\/\/www.ranciliogroup.com\/es\/podcast-a-history-of-coffee-la-historia-del-cafe-en-el-london-coffee-festival-con-rancilio\/\"]}]},{\"@type\":\"BreadcrumbList\",\"@id\":\"https:\/\/www.ranciliogroup.com\/es\/podcast-a-history-of-coffee-la-historia-del-cafe-en-el-london-coffee-festival-con-rancilio\/#breadcrumb\",\"itemListElement\":[{\"@type\":\"ListItem\",\"position\":1,\"name\":\"Home\",\"item\":\"https:\/\/www.ranciliogroup.com\/es\/\"},{\"@type\":\"ListItem\",\"position\":2,\"name\":\"Podcast A History of Coffee en el London Coffee Festival con Rancilio\"}]},{\"@type\":\"WebSite\",\"@id\":\"https:\/\/www.ranciliogroup.com\/es\/#website\",\"url\":\"https:\/\/www.ranciliogroup.com\/es\/\",\"name\":\"Rancilio Group\",\"description\":\"L\u00edder en M\u00e1quinas de Caf\u00e9 Profesionales\",\"publisher\":{\"@id\":\"https:\/\/www.ranciliogroup.com\/es\/#organization\"},\"potentialAction\":[{\"@type\":\"SearchAction\",\"target\":{\"@type\":\"EntryPoint\",\"urlTemplate\":\"https:\/\/www.ranciliogroup.com\/es\/?s={search_term_string}\"},\"query-input\":\"required name=search_term_string\"}],\"inLanguage\":\"es-ES\"},{\"@type\":\"Organization\",\"@id\":\"https:\/\/www.ranciliogroup.com\/es\/#organization\",\"name\":\"Rancilio Group\",\"url\":\"https:\/\/www.ranciliogroup.com\/es\/\",\"logo\":{\"@type\":\"ImageObject\",\"inLanguage\":\"es-ES\",\"@id\":\"https:\/\/www.ranciliogroup.com\/es\/#\/schema\/logo\/image\/\",\"url\":\"https:\/\/www.ranciliogroup.com\/app\/uploads\/2019\/07\/rancilio_black_logo.png\",\"contentUrl\":\"https:\/\/www.ranciliogroup.com\/app\/uploads\/2019\/07\/rancilio_black_logo.png\",\"width\":447,\"height\":57,\"caption\":\"Rancilio Group\"},\"image\":{\"@id\":\"https:\/\/www.ranciliogroup.com\/es\/#\/schema\/logo\/image\/\"},\"sameAs\":[\"https:\/\/www.facebook.com\/RancilioGroup\",\"https:\/\/twitter.com\/ranciliogroup\",\"https:\/\/www.instagram.com\/rancilio_official\/\",\"https:\/\/www.linkedin.com\/company\/ranciliogroup\/\",\"https:\/\/www.youtube.com\/user\/rancilioadmin\"]},{\"@type\":\"Person\",\"@id\":\"https:\/\/www.ranciliogroup.com\/es\/#\/schema\/person\/d6bf0a7dfe74cded3d64da8b2c92814c\",\"name\":\"temp circular\",\"image\":{\"@type\":\"ImageObject\",\"inLanguage\":\"es-ES\",\"@id\":\"https:\/\/www.ranciliogroup.com\/es\/#\/schema\/person\/image\/\",\"url\":\"https:\/\/secure.gravatar.com\/avatar\/569e71c3b97b8bcad1854d6579b35c5f?s=96&d=mm&r=g\",\"contentUrl\":\"https:\/\/secure.gravatar.com\/avatar\/569e71c3b97b8bcad1854d6579b35c5f?s=96&d=mm&r=g\",\"caption\":\"temp circular\"}}]}<\/script>\n<!-- \/ Yoast SEO plugin. -->","yoast_head_json":{"title":"Latest update about Podcast A History of Coffee en el London Coffee Festival con Rancilio - Rancilio Group","description":"Read Rancilio Group's latest news about Podcast A History of Coffee en el London Coffee Festival con Rancilio","robots":{"index":"index","follow":"follow","max-snippet":"max-snippet:-1","max-image-preview":"max-image-preview:large","max-video-preview":"max-video-preview:-1"},"canonical":"https:\/\/www.ranciliogroup.com\/es\/podcast-a-history-of-coffee-la-historia-del-cafe-en-el-london-coffee-festival-con-rancilio\/","og_locale":"es_ES","og_type":"article","og_title":"Latest update about Podcast A History of Coffee en el London Coffee Festival con Rancilio - Rancilio Group","og_description":"Read Rancilio Group's latest news about Podcast A History of Coffee en el London Coffee Festival con Rancilio","og_url":"https:\/\/www.ranciliogroup.com\/es\/podcast-a-history-of-coffee-la-historia-del-cafe-en-el-london-coffee-festival-con-rancilio\/","og_site_name":"Rancilio Group","article_publisher":"https:\/\/www.facebook.com\/RancilioGroup","article_published_time":"2023-04-06T08:44:47+00:00","article_modified_time":"2023-04-06T09:17:21+00:00","og_image":[{"width":1280,"height":720,"url":"https:\/\/www.ranciliogroup.com\/app\/uploads\/2023\/04\/Rancilio-A-History-of-Coffee_web02.jpg","type":"image\/jpeg"}],"author":"temp circular","twitter_card":"summary_large_image","twitter_creator":"@ranciliogroup","twitter_site":"@ranciliogroup","twitter_misc":{"Written by":"temp circular","Est. reading time":"2 minutes"},"schema":{"@context":"https:\/\/schema.org","@graph":[{"@type":"Article","@id":"https:\/\/www.ranciliogroup.com\/es\/podcast-a-history-of-coffee-la-historia-del-cafe-en-el-london-coffee-festival-con-rancilio\/#article","isPartOf":{"@id":"https:\/\/www.ranciliogroup.com\/es\/podcast-a-history-of-coffee-la-historia-del-cafe-en-el-london-coffee-festival-con-rancilio\/"},"author":{"name":"temp circular","@id":"https:\/\/www.ranciliogroup.com\/es\/#\/schema\/person\/d6bf0a7dfe74cded3d64da8b2c92814c"},"headline":"Podcast A History of Coffee en el London Coffee Festival con Rancilio","datePublished":"2023-04-06T08:44:47+00:00","dateModified":"2023-04-06T09:17:21+00:00","mainEntityOfPage":{"@id":"https:\/\/www.ranciliogroup.com\/es\/podcast-a-history-of-coffee-la-historia-del-cafe-en-el-london-coffee-festival-con-rancilio\/"},"wordCount":325,"publisher":{"@id":"https:\/\/www.ranciliogroup.com\/es\/#organization"},"keywords":["London Coffee Festival","A History of Coffee","Rancilio"],"articleSection":["Eventos"],"inLanguage":"es-ES"},{"@type":"WebPage","@id":"https:\/\/www.ranciliogroup.com\/es\/podcast-a-history-of-coffee-la-historia-del-cafe-en-el-london-coffee-festival-con-rancilio\/","url":"https:\/\/www.ranciliogroup.com\/es\/podcast-a-history-of-coffee-la-historia-del-cafe-en-el-london-coffee-festival-con-rancilio\/","name":"Latest update about Podcast A History of Coffee en el London Coffee Festival con Rancilio - Rancilio Group","isPartOf":{"@id":"https:\/\/www.ranciliogroup.com\/es\/#website"},"datePublished":"2023-04-06T08:44:47+00:00","dateModified":"2023-04-06T09:17:21+00:00","description":"Read Rancilio Group's latest news about Podcast A History of Coffee en el London Coffee Festival con Rancilio","breadcrumb":{"@id":"https:\/\/www.ranciliogroup.com\/es\/podcast-a-history-of-coffee-la-historia-del-cafe-en-el-london-coffee-festival-con-rancilio\/#breadcrumb"},"inLanguage":"es-ES","potentialAction":[{"@type":"ReadAction","target":["https:\/\/www.ranciliogroup.com\/es\/podcast-a-history-of-coffee-la-historia-del-cafe-en-el-london-coffee-festival-con-rancilio\/"]}]},{"@type":"BreadcrumbList","@id":"https:\/\/www.ranciliogroup.com\/es\/podcast-a-history-of-coffee-la-historia-del-cafe-en-el-london-coffee-festival-con-rancilio\/#breadcrumb","itemListElement":[{"@type":"ListItem","position":1,"name":"Home","item":"https:\/\/www.ranciliogroup.com\/es\/"},{"@type":"ListItem","position":2,"name":"Podcast A History of Coffee en el London Coffee Festival con Rancilio"}]},{"@type":"WebSite","@id":"https:\/\/www.ranciliogroup.com\/es\/#website","url":"https:\/\/www.ranciliogroup.com\/es\/","name":"Rancilio Group","description":"L\u00edder en M\u00e1quinas de Caf\u00e9 Profesionales","publisher":{"@id":"https:\/\/www.ranciliogroup.com\/es\/#organization"},"potentialAction":[{"@type":"SearchAction","target":{"@type":"EntryPoint","urlTemplate":"https:\/\/www.ranciliogroup.com\/es\/?s={search_term_string}"},"query-input":"required name=search_term_string"}],"inLanguage":"es-ES"},{"@type":"Organization","@id":"https:\/\/www.ranciliogroup.com\/es\/#organization","name":"Rancilio Group","url":"https:\/\/www.ranciliogroup.com\/es\/","logo":{"@type":"ImageObject","inLanguage":"es-ES","@id":"https:\/\/www.ranciliogroup.com\/es\/#\/schema\/logo\/image\/","url":"https:\/\/www.ranciliogroup.com\/app\/uploads\/2019\/07\/rancilio_black_logo.png","contentUrl":"https:\/\/www.ranciliogroup.com\/app\/uploads\/2019\/07\/rancilio_black_logo.png","width":447,"height":57,"caption":"Rancilio Group"},"image":{"@id":"https:\/\/www.ranciliogroup.com\/es\/#\/schema\/logo\/image\/"},"sameAs":["https:\/\/www.facebook.com\/RancilioGroup","https:\/\/twitter.com\/ranciliogroup","https:\/\/www.instagram.com\/rancilio_official\/","https:\/\/www.linkedin.com\/company\/ranciliogroup\/","https:\/\/www.youtube.com\/user\/rancilioadmin"]},{"@type":"Person","@id":"https:\/\/www.ranciliogroup.com\/es\/#\/schema\/person\/d6bf0a7dfe74cded3d64da8b2c92814c","name":"temp circular","image":{"@type":"ImageObject","inLanguage":"es-ES","@id":"https:\/\/www.ranciliogroup.com\/es\/#\/schema\/person\/image\/","url":"https:\/\/secure.gravatar.com\/avatar\/569e71c3b97b8bcad1854d6579b35c5f?s=96&d=mm&r=g","contentUrl":"https:\/\/secure.gravatar.com\/avatar\/569e71c3b97b8bcad1854d6579b35c5f?s=96&d=mm&r=g","caption":"temp circular"}}]}},"_links":{"self":[{"href":"https:\/\/www.ranciliogroup.com\/es\/wp-json\/wp\/v2\/posts\/66149"}],"collection":[{"href":"https:\/\/www.ranciliogroup.com\/es\/wp-json\/wp\/v2\/posts"}],"about":[{"href":"https:\/\/www.ranciliogroup.com\/es\/wp-json\/wp\/v2\/types\/post"}],"author":[{"embeddable":true,"href":"https:\/\/www.ranciliogroup.com\/es\/wp-json\/wp\/v2\/users\/5"}],"replies":[{"embeddable":true,"href":"https:\/\/www.ranciliogroup.com\/es\/wp-json\/wp\/v2\/comments?post=66149"}],"version-history":[{"count":2,"href":"https:\/\/www.ranciliogroup.com\/es\/wp-json\/wp\/v2\/posts\/66149\/revisions"}],"predecessor-version":[{"id":66158,"href":"https:\/\/www.ranciliogroup.com\/es\/wp-json\/wp\/v2\/posts\/66149\/revisions\/66158"}],"wp:featuredmedia":[{"embeddable":true,"href":"https:\/\/www.ranciliogroup.com\/es\/wp-json\/wp\/v2\/media\/66110"}],"wp:attachment":[{"href":"https:\/\/www.ranciliogroup.com\/es\/wp-json\/wp\/v2\/media?parent=66149"}],"wp:term":[{"taxonomy":"category","embeddable":true,"href":"https:\/\/www.ranciliogroup.com\/es\/wp-json\/wp\/v2\/categories?post=66149"},{"taxonomy":"post_tag","embeddable":true,"href":"https:\/\/www.ranciliogroup.com\/es\/wp-json\/wp\/v2\/tags?post=66149"}],"curies":[{"name":"wp","href":"https:\/\/api.w.org\/{rel}","templated":true}]}}