{"id":66405,"date":"2023-04-27T09:35:13","date_gmt":"2023-04-27T07:35:13","guid":{"rendered":"https:\/\/www.ranciliogroup.com\/?p=66405"},"modified":"2023-04-27T09:35:13","modified_gmt":"2023-04-27T07:35:13","slug":"rancilio-presenta-la-segunda-temporada-del-podcast-a-history-of-coffee","status":"publish","type":"post","link":"https:\/\/www.ranciliogroup.com\/es\/rancilio-presenta-la-segunda-temporada-del-podcast-a-history-of-coffee\/","title":{"rendered":"Rancilio presenta la segunda temporada del podcast A History of Coffee"},"content":{"rendered":"<p>El podcast<em> A History of Coffee<\/em> (La historia del caf\u00e9) vuelve en su segunda temporada para explorar nuevas historias fascinantes sobre el caf\u00e9, con contenidos educativos gratuitos ofrecidos por Rancilio.<\/p>\n<p>Los anfitriones de esta serie \u2013 el documentalista y creador del podcast sobre caf\u00e9 <em>Filter Stories<\/em> James Harper, y el historiador profesional y autor de <em>Coffee: A Global History<\/em> Professor Jonathan Morris \u2013 est\u00e1n dispuestos a desvelar la historia oculta del caf\u00e9 en cuatro nuevos episodios inmersivos que har\u00e1n las delicias de todos los amantes del caf\u00e9.<\/p>\n<p>Empezando por su origen, <em>A History of Coffee<\/em> sigue la historia de c\u00f3mo una diminuta semilla psicoactiva cambi\u00f3 el mundo y sigue dando forma a nuestras vidas hoy en d\u00eda. La primera temporada fue una visi\u00f3n cronol\u00f3gica de la historia del caf\u00e9, centrada en la sostenibilidad social, medioambiental y econ\u00f3mica.<\/p>\n<p>En la segunda temporada, James Harper y el profesor Jonathan Morris revelan c\u00f3mo la invenci\u00f3n de las cafeter\u00edas revolucion\u00f3 la sociedad, por qu\u00e9 el colonialismo, el racismo y el caf\u00e9 han hecho que Hait\u00ed, anta\u00f1o pr\u00f3spero, siga siendo hoy un pa\u00eds pobre, y desmienten muchos mitos en torno al supuesto idilio de Estados Unidos con el caf\u00e9.<\/p>\n<p>Descubre con Rancilio c\u00f3mo surgi\u00f3 la venerada cultura italiana del espresso, sigue los pasos de la empresa hasta 1926, cuando naci\u00f3 su primer taller, y conoce mejor las ideas de Rancilio sobre el futuro del caf\u00e9 en un episodio especial dedicado \u00edntegramente al espresso italiano.<\/p>\n<p>El podcast est\u00e1 dirigido a todos los profesionales y amantes del caf\u00e9 que quieran hacer de \u00e9l una industria m\u00e1s equitativa y respetuosa con el medio ambiente. La mejor manera de iniciar este cambio es comprender las historias y los sistemas que ponen el caf\u00e9 en nuestra taza cada ma\u00f1ana.<\/p>\n<p>La nueva temporada se estrena el lunes 17 de abril de 2023 y est\u00e1 disponible en Spotify y Apple Podcast.<\/p>\n<p>&nbsp;<\/p>\n<p><strong>Sobre los creadores<\/strong><\/p>\n<p><strong><em>James Harper <\/em><\/strong><em>es el creador de Filter Stories, un podcast documental que utiliza nuestro caf\u00e9 matutino como lente a trav\u00e9s de la que entender el mundo. Sus relatos exploran la historia, la ciencia y la sostenibilidad, y \u00e9l mismo escribe la m\u00fasica de piano que acompa\u00f1a a las historias. <\/em><\/p>\n<p><strong><em>El profesor Jonathan Morris<\/em><\/strong><em> es Director de Investigaci\u00f3n, Cultura y Medio Ambiente de la Universidad de Hertfordshire y Vicepresidente de la Royal Historical Society. Es el autor de Coffee A Global History.<\/em><\/p>\n<p>&nbsp;<\/p>\n<p><strong>Escuchar ahora en<\/strong><\/p>\n<p><a href=\"https:\/\/spoti.fi\/3zRXV0B\">Spotify<\/a><\/p>\n<p>&nbsp;<\/p>\n<p>&nbsp;<\/p>\n","protected":false},"excerpt":{"rendered":"<p>El podcast A History of Coffee (La historia del caf\u00e9) vuelve en su segunda temporada para explorar nuevas historias fascinantes&#8230;<\/p>\n","protected":false},"author":5,"featured_media":66333,"comment_status":"closed","ping_status":"closed","sticky":false,"template":"","format":"standard","meta":[],"categories":[879],"tags":[2956,2924,2837],"acf":[],"yoast_head":"<!-- This site is optimized with the Yoast SEO plugin v21.5 - https:\/\/yoast.com\/wordpress\/plugins\/seo\/ -->\n<title>Latest update about Rancilio presenta la segunda temporada del podcast A History of Coffee - Rancilio Group<\/title>\n<meta name=\"description\" content=\"Read Rancilio Group&#039;s latest news about Rancilio presenta la segunda temporada del podcast A History of Coffee\" \/>\n<meta name=\"robots\" content=\"index, follow, max-snippet:-1, max-image-preview:large, max-video-preview:-1\" \/>\n<link rel=\"canonical\" href=\"https:\/\/www.ranciliogroup.com\/es\/rancilio-presenta-la-segunda-temporada-del-podcast-a-history-of-coffee\/\" \/>\n<meta property=\"og:locale\" content=\"es_ES\" \/>\n<meta property=\"og:type\" content=\"article\" \/>\n<meta property=\"og:title\" content=\"Latest update about Rancilio presenta la segunda temporada del podcast A History of Coffee - Rancilio Group\" \/>\n<meta property=\"og:description\" content=\"Read Rancilio Group&#039;s latest news about Rancilio presenta la segunda temporada del podcast A History of Coffee\" \/>\n<meta property=\"og:url\" content=\"https:\/\/www.ranciliogroup.com\/es\/rancilio-presenta-la-segunda-temporada-del-podcast-a-history-of-coffee\/\" \/>\n<meta property=\"og:site_name\" content=\"Rancilio Group\" \/>\n<meta property=\"article:publisher\" content=\"https:\/\/www.facebook.com\/RancilioGroup\" \/>\n<meta property=\"article:published_time\" content=\"2023-04-27T07:35:13+00:00\" \/>\n<meta property=\"og:image\" content=\"https:\/\/www.ranciliogroup.com\/app\/uploads\/2023\/04\/PODCAST_web.jpg\" \/>\n\t<meta property=\"og:image:width\" content=\"1080\" \/>\n\t<meta property=\"og:image:height\" content=\"720\" \/>\n\t<meta property=\"og:image:type\" content=\"image\/jpeg\" \/>\n<meta name=\"author\" content=\"temp circular\" \/>\n<meta name=\"twitter:card\" content=\"summary_large_image\" \/>\n<meta name=\"twitter:creator\" content=\"@ranciliogroup\" \/>\n<meta name=\"twitter:site\" content=\"@ranciliogroup\" \/>\n<meta name=\"twitter:label1\" content=\"Written by\" \/>\n\t<meta name=\"twitter:data1\" content=\"temp circular\" \/>\n\t<meta name=\"twitter:label2\" content=\"Est. reading time\" \/>\n\t<meta name=\"twitter:data2\" content=\"2 minutes\" \/>\n<script type=\"application\/ld+json\" class=\"yoast-schema-graph\">{\"@context\":\"https:\/\/schema.org\",\"@graph\":[{\"@type\":\"Article\",\"@id\":\"https:\/\/www.ranciliogroup.com\/es\/rancilio-presenta-la-segunda-temporada-del-podcast-a-history-of-coffee\/#article\",\"isPartOf\":{\"@id\":\"https:\/\/www.ranciliogroup.com\/es\/rancilio-presenta-la-segunda-temporada-del-podcast-a-history-of-coffee\/\"},\"author\":{\"name\":\"temp circular\",\"@id\":\"https:\/\/www.ranciliogroup.com\/es\/#\/schema\/person\/d6bf0a7dfe74cded3d64da8b2c92814c\"},\"headline\":\"Rancilio presenta la segunda temporada del podcast A History of Coffee\",\"datePublished\":\"2023-04-27T07:35:13+00:00\",\"dateModified\":\"2023-04-27T07:35:13+00:00\",\"mainEntityOfPage\":{\"@id\":\"https:\/\/www.ranciliogroup.com\/es\/rancilio-presenta-la-segunda-temporada-del-podcast-a-history-of-coffee\/\"},\"wordCount\":427,\"publisher\":{\"@id\":\"https:\/\/www.ranciliogroup.com\/es\/#organization\"},\"keywords\":[\"Podcast\",\"A History of Coffee\",\"Rancilio\"],\"articleSection\":[\"Novedades\"],\"inLanguage\":\"es-ES\"},{\"@type\":\"WebPage\",\"@id\":\"https:\/\/www.ranciliogroup.com\/es\/rancilio-presenta-la-segunda-temporada-del-podcast-a-history-of-coffee\/\",\"url\":\"https:\/\/www.ranciliogroup.com\/es\/rancilio-presenta-la-segunda-temporada-del-podcast-a-history-of-coffee\/\",\"name\":\"Latest update about Rancilio presenta la segunda temporada del podcast A History of Coffee - Rancilio Group\",\"isPartOf\":{\"@id\":\"https:\/\/www.ranciliogroup.com\/es\/#website\"},\"datePublished\":\"2023-04-27T07:35:13+00:00\",\"dateModified\":\"2023-04-27T07:35:13+00:00\",\"description\":\"Read Rancilio Group's latest news about Rancilio presenta la segunda temporada del podcast A History of Coffee\",\"breadcrumb\":{\"@id\":\"https:\/\/www.ranciliogroup.com\/es\/rancilio-presenta-la-segunda-temporada-del-podcast-a-history-of-coffee\/#breadcrumb\"},\"inLanguage\":\"es-ES\",\"potentialAction\":[{\"@type\":\"ReadAction\",\"target\":[\"https:\/\/www.ranciliogroup.com\/es\/rancilio-presenta-la-segunda-temporada-del-podcast-a-history-of-coffee\/\"]}]},{\"@type\":\"BreadcrumbList\",\"@id\":\"https:\/\/www.ranciliogroup.com\/es\/rancilio-presenta-la-segunda-temporada-del-podcast-a-history-of-coffee\/#breadcrumb\",\"itemListElement\":[{\"@type\":\"ListItem\",\"position\":1,\"name\":\"Home\",\"item\":\"https:\/\/www.ranciliogroup.com\/es\/\"},{\"@type\":\"ListItem\",\"position\":2,\"name\":\"Rancilio presenta la segunda temporada del podcast A History of Coffee\"}]},{\"@type\":\"WebSite\",\"@id\":\"https:\/\/www.ranciliogroup.com\/es\/#website\",\"url\":\"https:\/\/www.ranciliogroup.com\/es\/\",\"name\":\"Rancilio Group\",\"description\":\"L\u00edder en M\u00e1quinas de Caf\u00e9 Profesionales\",\"publisher\":{\"@id\":\"https:\/\/www.ranciliogroup.com\/es\/#organization\"},\"potentialAction\":[{\"@type\":\"SearchAction\",\"target\":{\"@type\":\"EntryPoint\",\"urlTemplate\":\"https:\/\/www.ranciliogroup.com\/es\/?s={search_term_string}\"},\"query-input\":\"required name=search_term_string\"}],\"inLanguage\":\"es-ES\"},{\"@type\":\"Organization\",\"@id\":\"https:\/\/www.ranciliogroup.com\/es\/#organization\",\"name\":\"Rancilio Group\",\"url\":\"https:\/\/www.ranciliogroup.com\/es\/\",\"logo\":{\"@type\":\"ImageObject\",\"inLanguage\":\"es-ES\",\"@id\":\"https:\/\/www.ranciliogroup.com\/es\/#\/schema\/logo\/image\/\",\"url\":\"https:\/\/www.ranciliogroup.com\/app\/uploads\/2019\/07\/rancilio_black_logo.png\",\"contentUrl\":\"https:\/\/www.ranciliogroup.com\/app\/uploads\/2019\/07\/rancilio_black_logo.png\",\"width\":447,\"height\":57,\"caption\":\"Rancilio Group\"},\"image\":{\"@id\":\"https:\/\/www.ranciliogroup.com\/es\/#\/schema\/logo\/image\/\"},\"sameAs\":[\"https:\/\/www.facebook.com\/RancilioGroup\",\"https:\/\/twitter.com\/ranciliogroup\",\"https:\/\/www.instagram.com\/rancilio_official\/\",\"https:\/\/www.linkedin.com\/company\/ranciliogroup\/\",\"https:\/\/www.youtube.com\/user\/rancilioadmin\"]},{\"@type\":\"Person\",\"@id\":\"https:\/\/www.ranciliogroup.com\/es\/#\/schema\/person\/d6bf0a7dfe74cded3d64da8b2c92814c\",\"name\":\"temp circular\",\"image\":{\"@type\":\"ImageObject\",\"inLanguage\":\"es-ES\",\"@id\":\"https:\/\/www.ranciliogroup.com\/es\/#\/schema\/person\/image\/\",\"url\":\"https:\/\/secure.gravatar.com\/avatar\/569e71c3b97b8bcad1854d6579b35c5f?s=96&d=mm&r=g\",\"contentUrl\":\"https:\/\/secure.gravatar.com\/avatar\/569e71c3b97b8bcad1854d6579b35c5f?s=96&d=mm&r=g\",\"caption\":\"temp circular\"}}]}<\/script>\n<!-- \/ Yoast SEO plugin. -->","yoast_head_json":{"title":"Latest update about Rancilio presenta la segunda temporada del podcast A History of Coffee - Rancilio Group","description":"Read Rancilio Group's latest news about Rancilio presenta la segunda temporada del podcast A History of Coffee","robots":{"index":"index","follow":"follow","max-snippet":"max-snippet:-1","max-image-preview":"max-image-preview:large","max-video-preview":"max-video-preview:-1"},"canonical":"https:\/\/www.ranciliogroup.com\/es\/rancilio-presenta-la-segunda-temporada-del-podcast-a-history-of-coffee\/","og_locale":"es_ES","og_type":"article","og_title":"Latest update about Rancilio presenta la segunda temporada del podcast A History of Coffee - Rancilio Group","og_description":"Read Rancilio Group's latest news about Rancilio presenta la segunda temporada del podcast A History of Coffee","og_url":"https:\/\/www.ranciliogroup.com\/es\/rancilio-presenta-la-segunda-temporada-del-podcast-a-history-of-coffee\/","og_site_name":"Rancilio Group","article_publisher":"https:\/\/www.facebook.com\/RancilioGroup","article_published_time":"2023-04-27T07:35:13+00:00","og_image":[{"width":1080,"height":720,"url":"https:\/\/www.ranciliogroup.com\/app\/uploads\/2023\/04\/PODCAST_web.jpg","type":"image\/jpeg"}],"author":"temp circular","twitter_card":"summary_large_image","twitter_creator":"@ranciliogroup","twitter_site":"@ranciliogroup","twitter_misc":{"Written by":"temp circular","Est. reading time":"2 minutes"},"schema":{"@context":"https:\/\/schema.org","@graph":[{"@type":"Article","@id":"https:\/\/www.ranciliogroup.com\/es\/rancilio-presenta-la-segunda-temporada-del-podcast-a-history-of-coffee\/#article","isPartOf":{"@id":"https:\/\/www.ranciliogroup.com\/es\/rancilio-presenta-la-segunda-temporada-del-podcast-a-history-of-coffee\/"},"author":{"name":"temp circular","@id":"https:\/\/www.ranciliogroup.com\/es\/#\/schema\/person\/d6bf0a7dfe74cded3d64da8b2c92814c"},"headline":"Rancilio presenta la segunda temporada del podcast A History of Coffee","datePublished":"2023-04-27T07:35:13+00:00","dateModified":"2023-04-27T07:35:13+00:00","mainEntityOfPage":{"@id":"https:\/\/www.ranciliogroup.com\/es\/rancilio-presenta-la-segunda-temporada-del-podcast-a-history-of-coffee\/"},"wordCount":427,"publisher":{"@id":"https:\/\/www.ranciliogroup.com\/es\/#organization"},"keywords":["Podcast","A History of Coffee","Rancilio"],"articleSection":["Novedades"],"inLanguage":"es-ES"},{"@type":"WebPage","@id":"https:\/\/www.ranciliogroup.com\/es\/rancilio-presenta-la-segunda-temporada-del-podcast-a-history-of-coffee\/","url":"https:\/\/www.ranciliogroup.com\/es\/rancilio-presenta-la-segunda-temporada-del-podcast-a-history-of-coffee\/","name":"Latest update about Rancilio presenta la segunda temporada del podcast A History of Coffee - Rancilio Group","isPartOf":{"@id":"https:\/\/www.ranciliogroup.com\/es\/#website"},"datePublished":"2023-04-27T07:35:13+00:00","dateModified":"2023-04-27T07:35:13+00:00","description":"Read Rancilio Group's latest news about Rancilio presenta la segunda temporada del podcast A History of Coffee","breadcrumb":{"@id":"https:\/\/www.ranciliogroup.com\/es\/rancilio-presenta-la-segunda-temporada-del-podcast-a-history-of-coffee\/#breadcrumb"},"inLanguage":"es-ES","potentialAction":[{"@type":"ReadAction","target":["https:\/\/www.ranciliogroup.com\/es\/rancilio-presenta-la-segunda-temporada-del-podcast-a-history-of-coffee\/"]}]},{"@type":"BreadcrumbList","@id":"https:\/\/www.ranciliogroup.com\/es\/rancilio-presenta-la-segunda-temporada-del-podcast-a-history-of-coffee\/#breadcrumb","itemListElement":[{"@type":"ListItem","position":1,"name":"Home","item":"https:\/\/www.ranciliogroup.com\/es\/"},{"@type":"ListItem","position":2,"name":"Rancilio presenta la segunda temporada del podcast A History of Coffee"}]},{"@type":"WebSite","@id":"https:\/\/www.ranciliogroup.com\/es\/#website","url":"https:\/\/www.ranciliogroup.com\/es\/","name":"Rancilio Group","description":"L\u00edder en M\u00e1quinas de Caf\u00e9 Profesionales","publisher":{"@id":"https:\/\/www.ranciliogroup.com\/es\/#organization"},"potentialAction":[{"@type":"SearchAction","target":{"@type":"EntryPoint","urlTemplate":"https:\/\/www.ranciliogroup.com\/es\/?s={search_term_string}"},"query-input":"required name=search_term_string"}],"inLanguage":"es-ES"},{"@type":"Organization","@id":"https:\/\/www.ranciliogroup.com\/es\/#organization","name":"Rancilio Group","url":"https:\/\/www.ranciliogroup.com\/es\/","logo":{"@type":"ImageObject","inLanguage":"es-ES","@id":"https:\/\/www.ranciliogroup.com\/es\/#\/schema\/logo\/image\/","url":"https:\/\/www.ranciliogroup.com\/app\/uploads\/2019\/07\/rancilio_black_logo.png","contentUrl":"https:\/\/www.ranciliogroup.com\/app\/uploads\/2019\/07\/rancilio_black_logo.png","width":447,"height":57,"caption":"Rancilio Group"},"image":{"@id":"https:\/\/www.ranciliogroup.com\/es\/#\/schema\/logo\/image\/"},"sameAs":["https:\/\/www.facebook.com\/RancilioGroup","https:\/\/twitter.com\/ranciliogroup","https:\/\/www.instagram.com\/rancilio_official\/","https:\/\/www.linkedin.com\/company\/ranciliogroup\/","https:\/\/www.youtube.com\/user\/rancilioadmin"]},{"@type":"Person","@id":"https:\/\/www.ranciliogroup.com\/es\/#\/schema\/person\/d6bf0a7dfe74cded3d64da8b2c92814c","name":"temp circular","image":{"@type":"ImageObject","inLanguage":"es-ES","@id":"https:\/\/www.ranciliogroup.com\/es\/#\/schema\/person\/image\/","url":"https:\/\/secure.gravatar.com\/avatar\/569e71c3b97b8bcad1854d6579b35c5f?s=96&d=mm&r=g","contentUrl":"https:\/\/secure.gravatar.com\/avatar\/569e71c3b97b8bcad1854d6579b35c5f?s=96&d=mm&r=g","caption":"temp circular"}}]}},"_links":{"self":[{"href":"https:\/\/www.ranciliogroup.com\/es\/wp-json\/wp\/v2\/posts\/66405"}],"collection":[{"href":"https:\/\/www.ranciliogroup.com\/es\/wp-json\/wp\/v2\/posts"}],"about":[{"href":"https:\/\/www.ranciliogroup.com\/es\/wp-json\/wp\/v2\/types\/post"}],"author":[{"embeddable":true,"href":"https:\/\/www.ranciliogroup.com\/es\/wp-json\/wp\/v2\/users\/5"}],"replies":[{"embeddable":true,"href":"https:\/\/www.ranciliogroup.com\/es\/wp-json\/wp\/v2\/comments?post=66405"}],"version-history":[{"count":1,"href":"https:\/\/www.ranciliogroup.com\/es\/wp-json\/wp\/v2\/posts\/66405\/revisions"}],"predecessor-version":[{"id":66406,"href":"https:\/\/www.ranciliogroup.com\/es\/wp-json\/wp\/v2\/posts\/66405\/revisions\/66406"}],"wp:featuredmedia":[{"embeddable":true,"href":"https:\/\/www.ranciliogroup.com\/es\/wp-json\/wp\/v2\/media\/66333"}],"wp:attachment":[{"href":"https:\/\/www.ranciliogroup.com\/es\/wp-json\/wp\/v2\/media?parent=66405"}],"wp:term":[{"taxonomy":"category","embeddable":true,"href":"https:\/\/www.ranciliogroup.com\/es\/wp-json\/wp\/v2\/categories?post=66405"},{"taxonomy":"post_tag","embeddable":true,"href":"https:\/\/www.ranciliogroup.com\/es\/wp-json\/wp\/v2\/tags?post=66405"}],"curies":[{"name":"wp","href":"https:\/\/api.w.org\/{rel}","templated":true}]}}