{"id":67167,"date":"2023-05-15T11:05:02","date_gmt":"2023-05-15T09:05:02","guid":{"rendered":"https:\/\/www.ranciliogroup.com\/?p=67167"},"modified":"2023-05-15T11:05:02","modified_gmt":"2023-05-15T09:05:02","slug":"rancilio-group-asistira-a-la-31-a-edicion-de-hotelex-en-shanghai","status":"publish","type":"post","link":"https:\/\/www.ranciliogroup.com\/es\/rancilio-group-asistira-a-la-31-a-edicion-de-hotelex-en-shanghai\/","title":{"rendered":"Rancilio Group asistir\u00e1 a la 31.\u00aa edici\u00f3n de Hotelex en Shangh\u00e1i"},"content":{"rendered":"<p>Rancilio Group ser\u00e1 uno de los protagonistas de la pr\u00f3xima edici\u00f3n de Hotelex, la feria m\u00e1s prominente del sector de la hosteler\u00eda en China, que se celebrar\u00e1 en Shangh\u00e1i Del 29 de mayo al 1 de junio.<\/p>\n<p>El stand de Rancilio Group en China exhibir\u00e1 las novedades m\u00e1s recientes de las marcas Rancilio, Egro, Rancilio Specialty y Rancilio Grindtec.<\/p>\n<p>Los nuevos modelos de Classe 5 Eco y 7 irrumpir\u00e1n en el mercado chino con el sistema Steady Brew est\u00e1ndar, el grifo T-Switch que permite ajustar distintas temperaturas para cada grupo (opcional, solo para Classe 7), un sistema de iluminaci\u00f3n actualizado, portafiltros renovados y tres nuevos colores: negro, blanco y gris piedra.<\/p>\n<p>Asimismo, el stand albergar\u00e1 productos de la l\u00ednea para el hogar de Rancilio, que incluye la Silvia Pro X, la evoluci\u00f3n de la Silvia Pro que incorpora man\u00f3metro, un nuevo portafiltro y preinfusi\u00f3n suave.<\/p>\n<p>Pero esto no es todo; habr\u00e1 otras innovaciones relevantes en Rancilio Grindtec, con los molinillos por encargo Kryo Evo y Stile, as\u00ed como en Rancilio Specialty, que presenta RS1 con tecnolog\u00eda para controlar las fases de preinfusi\u00f3n y postinfusi\u00f3n.<\/p>\n<p>En el \u00e1rea dedicada a los productos Egro, el p\u00fablico puede descubrir las superautom\u00e1ticas Next, Zero+ y QuBe, la cafetera superautom\u00e1tica dise\u00f1ada para los sectores de la hosteler\u00eda y el servicio de caf\u00e9 en las oficinas (OCS, por las siglas en ingl\u00e9s de \u00abOffice Coffee Service\u00bb), y la nueva versi\u00f3n de la Touch Coffee con Coffee Cooler integrado para preparar caf\u00e9 de goteo.<\/p>\n<p><strong>\u00a0<\/strong><\/p>\n<p><strong>Hotelex Shanghai \/ Rancilio Group<\/strong><br \/>\nDel 29 de mayo al 1 de junio de 2023<br \/>\nBooth 1.2 M16<br \/>\n<a href=\"https:\/\/www.google.com\/maps\/place\/National+Convention+%26+Exhibition+Center\/@31.190706,121.306102,15z\/data=!4m2!3m1!1s0x0:0x1d337367692cd85e?sa=X&amp;ved=2ahUKEwjWzvqx68f-AhVHDewKHdeHAAoQ_BJ6BAhqEAg\">National Exhibition and Convention Center Shanghai<\/a><br \/>\n58R4+7CQ, Laigang Rd, Qingpu District<br \/>\n201106 Shangh\u00e1i, Cina<\/p>\n<p>&nbsp;<\/p>\n<p><a href=\"https:\/\/www.linkedin.com\/company\/ranciliogroup\/posts\/\"><strong>Sigue el evento en Linkedin<\/strong><\/a><\/p>\n<p>&nbsp;<\/p>\n<p><strong>Descubre el evento<\/strong><br \/>\n<a href=\"https:\/\/www.hotelex.cn\/en\">https:\/\/www.hotelex.cn\/en<\/a><\/p>\n<p>&nbsp;<\/p>\n","protected":false},"excerpt":{"rendered":"<p>Rancilio Group ser\u00e1 uno de los protagonistas de la pr\u00f3xima edici\u00f3n de Hotelex, la feria m\u00e1s prominente del sector de&#8230;<\/p>\n","protected":false},"author":5,"featured_media":67153,"comment_status":"closed","ping_status":"closed","sticky":false,"template":"","format":"standard","meta":[],"categories":[862],"tags":[2983,2980,2981,2982,2875,2876,2877,2747,2692,2637,2589],"acf":[],"yoast_head":"<!-- This site is optimized with the Yoast SEO plugin v21.5 - https:\/\/yoast.com\/wordpress\/plugins\/seo\/ -->\n<title>Latest update about Rancilio Group asistir\u00e1 a la 31.\u00aa edici\u00f3n de Hotelex en Shangh\u00e1i - Rancilio Group<\/title>\n<meta name=\"description\" content=\"Read Rancilio Group&#039;s latest news about Rancilio Group asistir\u00e1 a la 31.\u00aa edici\u00f3n de Hotelex en Shangh\u00e1i\" \/>\n<meta name=\"robots\" content=\"index, follow, max-snippet:-1, max-image-preview:large, max-video-preview:-1\" \/>\n<link rel=\"canonical\" href=\"https:\/\/www.ranciliogroup.com\/es\/rancilio-group-asistira-a-la-31-a-edicion-de-hotelex-en-shanghai\/\" \/>\n<meta property=\"og:locale\" content=\"es_ES\" \/>\n<meta property=\"og:type\" content=\"article\" \/>\n<meta property=\"og:title\" content=\"Latest update about Rancilio Group asistir\u00e1 a la 31.\u00aa edici\u00f3n de Hotelex en Shangh\u00e1i - Rancilio Group\" \/>\n<meta property=\"og:description\" content=\"Read Rancilio Group&#039;s latest news about Rancilio Group asistir\u00e1 a la 31.\u00aa edici\u00f3n de Hotelex en Shangh\u00e1i\" \/>\n<meta property=\"og:url\" content=\"https:\/\/www.ranciliogroup.com\/es\/rancilio-group-asistira-a-la-31-a-edicion-de-hotelex-en-shanghai\/\" \/>\n<meta property=\"og:site_name\" content=\"Rancilio Group\" \/>\n<meta property=\"article:publisher\" content=\"https:\/\/www.facebook.com\/RancilioGroup\" \/>\n<meta property=\"article:published_time\" content=\"2023-05-15T09:05:02+00:00\" \/>\n<meta property=\"og:image\" content=\"https:\/\/www.ranciliogroup.com\/app\/uploads\/2023\/05\/RancilioGroup-Hotelex-web.jpg\" \/>\n\t<meta property=\"og:image:width\" content=\"1080\" \/>\n\t<meta property=\"og:image:height\" content=\"706\" \/>\n\t<meta property=\"og:image:type\" content=\"image\/jpeg\" \/>\n<meta name=\"author\" content=\"temp circular\" \/>\n<meta name=\"twitter:card\" content=\"summary_large_image\" \/>\n<meta name=\"twitter:creator\" content=\"@ranciliogroup\" \/>\n<meta name=\"twitter:site\" content=\"@ranciliogroup\" \/>\n<meta name=\"twitter:label1\" content=\"Written by\" \/>\n\t<meta name=\"twitter:data1\" content=\"temp circular\" \/>\n\t<meta name=\"twitter:label2\" content=\"Est. reading time\" \/>\n\t<meta name=\"twitter:data2\" content=\"2 minutes\" \/>\n<script type=\"application\/ld+json\" class=\"yoast-schema-graph\">{\"@context\":\"https:\/\/schema.org\",\"@graph\":[{\"@type\":\"Article\",\"@id\":\"https:\/\/www.ranciliogroup.com\/es\/rancilio-group-asistira-a-la-31-a-edicion-de-hotelex-en-shanghai\/#article\",\"isPartOf\":{\"@id\":\"https:\/\/www.ranciliogroup.com\/es\/rancilio-group-asistira-a-la-31-a-edicion-de-hotelex-en-shanghai\/\"},\"author\":{\"name\":\"temp circular\",\"@id\":\"https:\/\/www.ranciliogroup.com\/es\/#\/schema\/person\/d6bf0a7dfe74cded3d64da8b2c92814c\"},\"headline\":\"Rancilio Group asistir\u00e1 a la 31.\u00aa edici\u00f3n de Hotelex en Shangh\u00e1i\",\"datePublished\":\"2023-05-15T09:05:02+00:00\",\"dateModified\":\"2023-05-15T09:05:02+00:00\",\"mainEntityOfPage\":{\"@id\":\"https:\/\/www.ranciliogroup.com\/es\/rancilio-group-asistira-a-la-31-a-edicion-de-hotelex-en-shanghai\/\"},\"wordCount\":321,\"publisher\":{\"@id\":\"https:\/\/www.ranciliogroup.com\/es\/#organization\"},\"keywords\":[\"Zero+\",\"Hotelex\",\"Shanghai\",\"Classe 5 Eco\",\"Classe 7\",\"Stile\",\"QuBe\",\"Silvia Pro X\",\"Next\",\"Kryo\",\"RS1\"],\"articleSection\":[\"Eventos\"],\"inLanguage\":\"es-ES\"},{\"@type\":\"WebPage\",\"@id\":\"https:\/\/www.ranciliogroup.com\/es\/rancilio-group-asistira-a-la-31-a-edicion-de-hotelex-en-shanghai\/\",\"url\":\"https:\/\/www.ranciliogroup.com\/es\/rancilio-group-asistira-a-la-31-a-edicion-de-hotelex-en-shanghai\/\",\"name\":\"Latest update about Rancilio Group asistir\u00e1 a la 31.\u00aa edici\u00f3n de Hotelex en Shangh\u00e1i - Rancilio Group\",\"isPartOf\":{\"@id\":\"https:\/\/www.ranciliogroup.com\/es\/#website\"},\"datePublished\":\"2023-05-15T09:05:02+00:00\",\"dateModified\":\"2023-05-15T09:05:02+00:00\",\"description\":\"Read Rancilio Group's latest news about Rancilio Group asistir\u00e1 a la 31.\u00aa edici\u00f3n de Hotelex en Shangh\u00e1i\",\"breadcrumb\":{\"@id\":\"https:\/\/www.ranciliogroup.com\/es\/rancilio-group-asistira-a-la-31-a-edicion-de-hotelex-en-shanghai\/#breadcrumb\"},\"inLanguage\":\"es-ES\",\"potentialAction\":[{\"@type\":\"ReadAction\",\"target\":[\"https:\/\/www.ranciliogroup.com\/es\/rancilio-group-asistira-a-la-31-a-edicion-de-hotelex-en-shanghai\/\"]}]},{\"@type\":\"BreadcrumbList\",\"@id\":\"https:\/\/www.ranciliogroup.com\/es\/rancilio-group-asistira-a-la-31-a-edicion-de-hotelex-en-shanghai\/#breadcrumb\",\"itemListElement\":[{\"@type\":\"ListItem\",\"position\":1,\"name\":\"Home\",\"item\":\"https:\/\/www.ranciliogroup.com\/es\/\"},{\"@type\":\"ListItem\",\"position\":2,\"name\":\"Rancilio Group asistir\u00e1 a la 31.\u00aa edici\u00f3n de Hotelex en Shangh\u00e1i\"}]},{\"@type\":\"WebSite\",\"@id\":\"https:\/\/www.ranciliogroup.com\/es\/#website\",\"url\":\"https:\/\/www.ranciliogroup.com\/es\/\",\"name\":\"Rancilio Group\",\"description\":\"L\u00edder en M\u00e1quinas de Caf\u00e9 Profesionales\",\"publisher\":{\"@id\":\"https:\/\/www.ranciliogroup.com\/es\/#organization\"},\"potentialAction\":[{\"@type\":\"SearchAction\",\"target\":{\"@type\":\"EntryPoint\",\"urlTemplate\":\"https:\/\/www.ranciliogroup.com\/es\/?s={search_term_string}\"},\"query-input\":\"required name=search_term_string\"}],\"inLanguage\":\"es-ES\"},{\"@type\":\"Organization\",\"@id\":\"https:\/\/www.ranciliogroup.com\/es\/#organization\",\"name\":\"Rancilio Group\",\"url\":\"https:\/\/www.ranciliogroup.com\/es\/\",\"logo\":{\"@type\":\"ImageObject\",\"inLanguage\":\"es-ES\",\"@id\":\"https:\/\/www.ranciliogroup.com\/es\/#\/schema\/logo\/image\/\",\"url\":\"https:\/\/www.ranciliogroup.com\/app\/uploads\/2019\/07\/rancilio_black_logo.png\",\"contentUrl\":\"https:\/\/www.ranciliogroup.com\/app\/uploads\/2019\/07\/rancilio_black_logo.png\",\"width\":447,\"height\":57,\"caption\":\"Rancilio Group\"},\"image\":{\"@id\":\"https:\/\/www.ranciliogroup.com\/es\/#\/schema\/logo\/image\/\"},\"sameAs\":[\"https:\/\/www.facebook.com\/RancilioGroup\",\"https:\/\/twitter.com\/ranciliogroup\",\"https:\/\/www.instagram.com\/rancilio_official\/\",\"https:\/\/www.linkedin.com\/company\/ranciliogroup\/\",\"https:\/\/www.youtube.com\/user\/rancilioadmin\"]},{\"@type\":\"Person\",\"@id\":\"https:\/\/www.ranciliogroup.com\/es\/#\/schema\/person\/d6bf0a7dfe74cded3d64da8b2c92814c\",\"name\":\"temp circular\",\"image\":{\"@type\":\"ImageObject\",\"inLanguage\":\"es-ES\",\"@id\":\"https:\/\/www.ranciliogroup.com\/es\/#\/schema\/person\/image\/\",\"url\":\"https:\/\/secure.gravatar.com\/avatar\/569e71c3b97b8bcad1854d6579b35c5f?s=96&d=mm&r=g\",\"contentUrl\":\"https:\/\/secure.gravatar.com\/avatar\/569e71c3b97b8bcad1854d6579b35c5f?s=96&d=mm&r=g\",\"caption\":\"temp circular\"}}]}<\/script>\n<!-- \/ Yoast SEO plugin. -->","yoast_head_json":{"title":"Latest update about Rancilio Group asistir\u00e1 a la 31.\u00aa edici\u00f3n de Hotelex en Shangh\u00e1i - Rancilio Group","description":"Read Rancilio Group's latest news about Rancilio Group asistir\u00e1 a la 31.\u00aa edici\u00f3n de Hotelex en Shangh\u00e1i","robots":{"index":"index","follow":"follow","max-snippet":"max-snippet:-1","max-image-preview":"max-image-preview:large","max-video-preview":"max-video-preview:-1"},"canonical":"https:\/\/www.ranciliogroup.com\/es\/rancilio-group-asistira-a-la-31-a-edicion-de-hotelex-en-shanghai\/","og_locale":"es_ES","og_type":"article","og_title":"Latest update about Rancilio Group asistir\u00e1 a la 31.\u00aa edici\u00f3n de Hotelex en Shangh\u00e1i - Rancilio Group","og_description":"Read Rancilio Group's latest news about Rancilio Group asistir\u00e1 a la 31.\u00aa edici\u00f3n de Hotelex en Shangh\u00e1i","og_url":"https:\/\/www.ranciliogroup.com\/es\/rancilio-group-asistira-a-la-31-a-edicion-de-hotelex-en-shanghai\/","og_site_name":"Rancilio Group","article_publisher":"https:\/\/www.facebook.com\/RancilioGroup","article_published_time":"2023-05-15T09:05:02+00:00","og_image":[{"width":1080,"height":706,"url":"https:\/\/www.ranciliogroup.com\/app\/uploads\/2023\/05\/RancilioGroup-Hotelex-web.jpg","type":"image\/jpeg"}],"author":"temp circular","twitter_card":"summary_large_image","twitter_creator":"@ranciliogroup","twitter_site":"@ranciliogroup","twitter_misc":{"Written by":"temp circular","Est. reading time":"2 minutes"},"schema":{"@context":"https:\/\/schema.org","@graph":[{"@type":"Article","@id":"https:\/\/www.ranciliogroup.com\/es\/rancilio-group-asistira-a-la-31-a-edicion-de-hotelex-en-shanghai\/#article","isPartOf":{"@id":"https:\/\/www.ranciliogroup.com\/es\/rancilio-group-asistira-a-la-31-a-edicion-de-hotelex-en-shanghai\/"},"author":{"name":"temp circular","@id":"https:\/\/www.ranciliogroup.com\/es\/#\/schema\/person\/d6bf0a7dfe74cded3d64da8b2c92814c"},"headline":"Rancilio Group asistir\u00e1 a la 31.\u00aa edici\u00f3n de Hotelex en Shangh\u00e1i","datePublished":"2023-05-15T09:05:02+00:00","dateModified":"2023-05-15T09:05:02+00:00","mainEntityOfPage":{"@id":"https:\/\/www.ranciliogroup.com\/es\/rancilio-group-asistira-a-la-31-a-edicion-de-hotelex-en-shanghai\/"},"wordCount":321,"publisher":{"@id":"https:\/\/www.ranciliogroup.com\/es\/#organization"},"keywords":["Zero+","Hotelex","Shanghai","Classe 5 Eco","Classe 7","Stile","QuBe","Silvia Pro X","Next","Kryo","RS1"],"articleSection":["Eventos"],"inLanguage":"es-ES"},{"@type":"WebPage","@id":"https:\/\/www.ranciliogroup.com\/es\/rancilio-group-asistira-a-la-31-a-edicion-de-hotelex-en-shanghai\/","url":"https:\/\/www.ranciliogroup.com\/es\/rancilio-group-asistira-a-la-31-a-edicion-de-hotelex-en-shanghai\/","name":"Latest update about Rancilio Group asistir\u00e1 a la 31.\u00aa edici\u00f3n de Hotelex en Shangh\u00e1i - Rancilio Group","isPartOf":{"@id":"https:\/\/www.ranciliogroup.com\/es\/#website"},"datePublished":"2023-05-15T09:05:02+00:00","dateModified":"2023-05-15T09:05:02+00:00","description":"Read Rancilio Group's latest news about Rancilio Group asistir\u00e1 a la 31.\u00aa edici\u00f3n de Hotelex en Shangh\u00e1i","breadcrumb":{"@id":"https:\/\/www.ranciliogroup.com\/es\/rancilio-group-asistira-a-la-31-a-edicion-de-hotelex-en-shanghai\/#breadcrumb"},"inLanguage":"es-ES","potentialAction":[{"@type":"ReadAction","target":["https:\/\/www.ranciliogroup.com\/es\/rancilio-group-asistira-a-la-31-a-edicion-de-hotelex-en-shanghai\/"]}]},{"@type":"BreadcrumbList","@id":"https:\/\/www.ranciliogroup.com\/es\/rancilio-group-asistira-a-la-31-a-edicion-de-hotelex-en-shanghai\/#breadcrumb","itemListElement":[{"@type":"ListItem","position":1,"name":"Home","item":"https:\/\/www.ranciliogroup.com\/es\/"},{"@type":"ListItem","position":2,"name":"Rancilio Group asistir\u00e1 a la 31.\u00aa edici\u00f3n de Hotelex en Shangh\u00e1i"}]},{"@type":"WebSite","@id":"https:\/\/www.ranciliogroup.com\/es\/#website","url":"https:\/\/www.ranciliogroup.com\/es\/","name":"Rancilio Group","description":"L\u00edder en M\u00e1quinas de Caf\u00e9 Profesionales","publisher":{"@id":"https:\/\/www.ranciliogroup.com\/es\/#organization"},"potentialAction":[{"@type":"SearchAction","target":{"@type":"EntryPoint","urlTemplate":"https:\/\/www.ranciliogroup.com\/es\/?s={search_term_string}"},"query-input":"required name=search_term_string"}],"inLanguage":"es-ES"},{"@type":"Organization","@id":"https:\/\/www.ranciliogroup.com\/es\/#organization","name":"Rancilio Group","url":"https:\/\/www.ranciliogroup.com\/es\/","logo":{"@type":"ImageObject","inLanguage":"es-ES","@id":"https:\/\/www.ranciliogroup.com\/es\/#\/schema\/logo\/image\/","url":"https:\/\/www.ranciliogroup.com\/app\/uploads\/2019\/07\/rancilio_black_logo.png","contentUrl":"https:\/\/www.ranciliogroup.com\/app\/uploads\/2019\/07\/rancilio_black_logo.png","width":447,"height":57,"caption":"Rancilio Group"},"image":{"@id":"https:\/\/www.ranciliogroup.com\/es\/#\/schema\/logo\/image\/"},"sameAs":["https:\/\/www.facebook.com\/RancilioGroup","https:\/\/twitter.com\/ranciliogroup","https:\/\/www.instagram.com\/rancilio_official\/","https:\/\/www.linkedin.com\/company\/ranciliogroup\/","https:\/\/www.youtube.com\/user\/rancilioadmin"]},{"@type":"Person","@id":"https:\/\/www.ranciliogroup.com\/es\/#\/schema\/person\/d6bf0a7dfe74cded3d64da8b2c92814c","name":"temp circular","image":{"@type":"ImageObject","inLanguage":"es-ES","@id":"https:\/\/www.ranciliogroup.com\/es\/#\/schema\/person\/image\/","url":"https:\/\/secure.gravatar.com\/avatar\/569e71c3b97b8bcad1854d6579b35c5f?s=96&d=mm&r=g","contentUrl":"https:\/\/secure.gravatar.com\/avatar\/569e71c3b97b8bcad1854d6579b35c5f?s=96&d=mm&r=g","caption":"temp circular"}}]}},"_links":{"self":[{"href":"https:\/\/www.ranciliogroup.com\/es\/wp-json\/wp\/v2\/posts\/67167"}],"collection":[{"href":"https:\/\/www.ranciliogroup.com\/es\/wp-json\/wp\/v2\/posts"}],"about":[{"href":"https:\/\/www.ranciliogroup.com\/es\/wp-json\/wp\/v2\/types\/post"}],"author":[{"embeddable":true,"href":"https:\/\/www.ranciliogroup.com\/es\/wp-json\/wp\/v2\/users\/5"}],"replies":[{"embeddable":true,"href":"https:\/\/www.ranciliogroup.com\/es\/wp-json\/wp\/v2\/comments?post=67167"}],"version-history":[{"count":1,"href":"https:\/\/www.ranciliogroup.com\/es\/wp-json\/wp\/v2\/posts\/67167\/revisions"}],"predecessor-version":[{"id":67172,"href":"https:\/\/www.ranciliogroup.com\/es\/wp-json\/wp\/v2\/posts\/67167\/revisions\/67172"}],"wp:featuredmedia":[{"embeddable":true,"href":"https:\/\/www.ranciliogroup.com\/es\/wp-json\/wp\/v2\/media\/67153"}],"wp:attachment":[{"href":"https:\/\/www.ranciliogroup.com\/es\/wp-json\/wp\/v2\/media?parent=67167"}],"wp:term":[{"taxonomy":"category","embeddable":true,"href":"https:\/\/www.ranciliogroup.com\/es\/wp-json\/wp\/v2\/categories?post=67167"},{"taxonomy":"post_tag","embeddable":true,"href":"https:\/\/www.ranciliogroup.com\/es\/wp-json\/wp\/v2\/tags?post=67167"}],"curies":[{"name":"wp","href":"https:\/\/api.w.org\/{rel}","templated":true}]}}