{"id":68501,"date":"2023-06-06T12:20:59","date_gmt":"2023-06-06T10:20:59","guid":{"rendered":"https:\/\/www.ranciliogroup.com\/?p=68501"},"modified":"2023-06-06T12:20:59","modified_gmt":"2023-06-06T10:20:59","slug":"rancilio-group-en-el-world-of-coffee-atenas-de-2023","status":"publish","type":"post","link":"https:\/\/www.ranciliogroup.com\/es\/rancilio-group-en-el-world-of-coffee-atenas-de-2023\/","title":{"rendered":"Rancilio Group en el World of Coffee Atenas de 2023"},"content":{"rendered":"<p>Del 22 al 24 de junio, Rancilio Group viajar\u00e1 a la floreciente metr\u00f3polis de Atenas para asistir, junto a la activa comunidad del sector cafetero de Grecia, al esperado World of Coffee de 2023.<\/p>\n<p>En la cuna de la civilizaci\u00f3n occidental, Rancilio Group acoge a todos los profesionales y entusiastas del caf\u00e9 de especialidad en este evento organizado por la Specialty Coffee Association.<\/p>\n<p>Rancilio Specialty RS1 e Invicta van a acaparar toda la atenci\u00f3n con un nuevo dise\u00f1o especialmente pensado para rendir homenaje a la emblem\u00e1tica bandera de Grecia y a su magn\u00edfica capital. Como miembro del equipo de Rancilio Group para este evento, Andrea Guerra \u2013 formador experto de la Accademia Baristi la Tosteria de Florencia e instructor autorizado por la SCA \u2013 exhibir\u00e1 la tecnolog\u00eda de extracci\u00f3n de RS1 y el Advanced Temperature Profiling para ofrecer una degustaci\u00f3n especial a todo aquel que visite el stand.<\/p>\n<p>Para todos los aficionados a la L\u00ednea para el hogar de Rancilio, habr\u00e1 una interesante versi\u00f3n azul de la m\u00e1quina de caf\u00e9 <em>espresso<\/em> de doble caldera Silvia Pro X, que estar\u00e1 presente junto al nuevo molinillo de caf\u00e9 ultracompacto de uso dom\u00e9stico Stile.<\/p>\n<p>Egro Next NMS+ y Egro Touch Coffee tambi\u00e9n estar\u00e1n presentes para preparar una selecci\u00f3n de bebidas de alta calidad para todos los asistentes que est\u00e9n interesados en el mundo de las m\u00e1quinas de caf\u00e9 completamente autom\u00e1ticas. Con su vanguardista sistema de leche NMS+, Next ofrece una amplia selecci\u00f3n de caf\u00e9, leche y bebidas a base de polvo; mientras que Egro Touch Coffee es la elecci\u00f3n natural para todos los aficionados al caf\u00e9 de filtro.<\/p>\n<p>Entre concursos, conferencias, demostraciones en directo y talleres especializados en la calidad, la sostenibilidad y la equidad en el sector del caf\u00e9 de especialidad, los asistentes podr\u00e1n disfrutar de tres d\u00edas completos de inmersi\u00f3n en el din\u00e1mico mundo del caf\u00e9 de especialidad.<\/p>\n<p>&nbsp;<\/p>\n<p>&nbsp;<\/p>\n<p><strong>World of Coffee Atenas \/ Rancilio Group<\/strong><br \/>\nDel 22 al 24 de junio de 2023<br \/>\nDe 10:00 a 17:00 h<br \/>\nStand 3-F24<br \/>\n<a href=\"https:\/\/www.google.com\/maps\/place\/Metropolitan+Expo\/@37.9534414,23.9585232,15z\/data=!4m6!3m5!1s0x14a1901bb4ad1373:0x6774dd64b0abd049!8m2!3d37.9534414!4d23.9585232!16s%2Fg%2F1td3_4wr\">Athens Metropolitan Expo<\/a><br \/>\nAeropuerto Internacional de Atenas \u00abEleftherios Venizelos\u00bb<br \/>\nSpata 190 19, Grecia<\/p>\n<p>&nbsp;<\/p>\n<p><a href=\"https:\/\/www.linkedin.com\/company\/ranciliogroup\/posts\/\"><strong>Sigue el evento en LinkedIn<\/strong><\/a><\/p>\n<p>&nbsp;<\/p>\n<p><strong>Descubre el evento<\/strong><br \/>\n<a href=\"https:\/\/www.worldofcoffee.org\/\">https:\/\/www.worldofcoffee.org\/<\/a><\/p>\n","protected":false},"excerpt":{"rendered":"<p>Del 22 al 24 de junio, Rancilio Group viajar\u00e1 a la floreciente metr\u00f3polis de Atenas para asistir, junto a la&#8230;<\/p>\n","protected":false},"author":5,"featured_media":68477,"comment_status":"closed","ping_status":"closed","sticky":false,"template":"","format":"standard","meta":[],"categories":[862],"tags":[3040,2636,2692,2695,2589,3041,2747,2876,2941,2745],"acf":[],"yoast_head":"<!-- This site is optimized with the Yoast SEO plugin v21.5 - https:\/\/yoast.com\/wordpress\/plugins\/seo\/ -->\n<title>Latest update about Rancilio Group en el World of Coffee Atenas de 2023 - Rancilio Group<\/title>\n<meta name=\"description\" content=\"Read Rancilio Group&#039;s latest news about Rancilio Group en el World of Coffee Atenas de 2023\" \/>\n<meta name=\"robots\" content=\"index, follow, max-snippet:-1, max-image-preview:large, max-video-preview:-1\" \/>\n<link rel=\"canonical\" href=\"https:\/\/www.ranciliogroup.com\/es\/rancilio-group-en-el-world-of-coffee-atenas-de-2023\/\" \/>\n<meta property=\"og:locale\" content=\"es_ES\" \/>\n<meta property=\"og:type\" content=\"article\" \/>\n<meta property=\"og:title\" content=\"Latest update about Rancilio Group en el World of Coffee Atenas de 2023 - Rancilio Group\" \/>\n<meta property=\"og:description\" content=\"Read Rancilio Group&#039;s latest news about Rancilio Group en el World of Coffee Atenas de 2023\" \/>\n<meta property=\"og:url\" content=\"https:\/\/www.ranciliogroup.com\/es\/rancilio-group-en-el-world-of-coffee-atenas-de-2023\/\" \/>\n<meta property=\"og:site_name\" content=\"Rancilio Group\" \/>\n<meta property=\"article:publisher\" content=\"https:\/\/www.facebook.com\/RancilioGroup\" \/>\n<meta property=\"article:published_time\" content=\"2023-06-06T10:20:59+00:00\" \/>\n<meta property=\"og:image\" content=\"https:\/\/www.ranciliogroup.com\/app\/uploads\/2023\/06\/WOC-Athens-2023.jpg\" \/>\n\t<meta property=\"og:image:width\" content=\"1080\" \/>\n\t<meta property=\"og:image:height\" content=\"810\" \/>\n\t<meta property=\"og:image:type\" content=\"image\/jpeg\" \/>\n<meta name=\"author\" content=\"temp circular\" \/>\n<meta name=\"twitter:card\" content=\"summary_large_image\" \/>\n<meta name=\"twitter:creator\" content=\"@ranciliogroup\" \/>\n<meta name=\"twitter:site\" content=\"@ranciliogroup\" \/>\n<meta name=\"twitter:label1\" content=\"Written by\" \/>\n\t<meta name=\"twitter:data1\" content=\"temp circular\" \/>\n\t<meta name=\"twitter:label2\" content=\"Est. reading time\" \/>\n\t<meta name=\"twitter:data2\" content=\"2 minutes\" \/>\n<script type=\"application\/ld+json\" class=\"yoast-schema-graph\">{\"@context\":\"https:\/\/schema.org\",\"@graph\":[{\"@type\":\"Article\",\"@id\":\"https:\/\/www.ranciliogroup.com\/es\/rancilio-group-en-el-world-of-coffee-atenas-de-2023\/#article\",\"isPartOf\":{\"@id\":\"https:\/\/www.ranciliogroup.com\/es\/rancilio-group-en-el-world-of-coffee-atenas-de-2023\/\"},\"author\":{\"name\":\"temp circular\",\"@id\":\"https:\/\/www.ranciliogroup.com\/es\/#\/schema\/person\/d6bf0a7dfe74cded3d64da8b2c92814c\"},\"headline\":\"Rancilio Group en el World of Coffee Atenas de 2023\",\"datePublished\":\"2023-06-06T10:20:59+00:00\",\"dateModified\":\"2023-06-06T10:20:59+00:00\",\"mainEntityOfPage\":{\"@id\":\"https:\/\/www.ranciliogroup.com\/es\/rancilio-group-en-el-world-of-coffee-atenas-de-2023\/\"},\"wordCount\":379,\"publisher\":{\"@id\":\"https:\/\/www.ranciliogroup.com\/es\/#organization\"},\"keywords\":[\"Athens\",\"Invicta\",\"Next\",\"NMS+\",\"RS1\",\"SCA\",\"Silvia Pro X\",\"Stile\",\"Touch Coffee\",\"WOC\"],\"articleSection\":[\"Eventos\"],\"inLanguage\":\"es-ES\"},{\"@type\":\"WebPage\",\"@id\":\"https:\/\/www.ranciliogroup.com\/es\/rancilio-group-en-el-world-of-coffee-atenas-de-2023\/\",\"url\":\"https:\/\/www.ranciliogroup.com\/es\/rancilio-group-en-el-world-of-coffee-atenas-de-2023\/\",\"name\":\"Latest update about Rancilio Group en el World of Coffee Atenas de 2023 - Rancilio Group\",\"isPartOf\":{\"@id\":\"https:\/\/www.ranciliogroup.com\/es\/#website\"},\"datePublished\":\"2023-06-06T10:20:59+00:00\",\"dateModified\":\"2023-06-06T10:20:59+00:00\",\"description\":\"Read Rancilio Group's latest news about Rancilio Group en el World of Coffee Atenas de 2023\",\"breadcrumb\":{\"@id\":\"https:\/\/www.ranciliogroup.com\/es\/rancilio-group-en-el-world-of-coffee-atenas-de-2023\/#breadcrumb\"},\"inLanguage\":\"es-ES\",\"potentialAction\":[{\"@type\":\"ReadAction\",\"target\":[\"https:\/\/www.ranciliogroup.com\/es\/rancilio-group-en-el-world-of-coffee-atenas-de-2023\/\"]}]},{\"@type\":\"BreadcrumbList\",\"@id\":\"https:\/\/www.ranciliogroup.com\/es\/rancilio-group-en-el-world-of-coffee-atenas-de-2023\/#breadcrumb\",\"itemListElement\":[{\"@type\":\"ListItem\",\"position\":1,\"name\":\"Home\",\"item\":\"https:\/\/www.ranciliogroup.com\/es\/\"},{\"@type\":\"ListItem\",\"position\":2,\"name\":\"Rancilio Group en el World of Coffee Atenas de 2023\"}]},{\"@type\":\"WebSite\",\"@id\":\"https:\/\/www.ranciliogroup.com\/es\/#website\",\"url\":\"https:\/\/www.ranciliogroup.com\/es\/\",\"name\":\"Rancilio Group\",\"description\":\"L\u00edder en M\u00e1quinas de Caf\u00e9 Profesionales\",\"publisher\":{\"@id\":\"https:\/\/www.ranciliogroup.com\/es\/#organization\"},\"potentialAction\":[{\"@type\":\"SearchAction\",\"target\":{\"@type\":\"EntryPoint\",\"urlTemplate\":\"https:\/\/www.ranciliogroup.com\/es\/?s={search_term_string}\"},\"query-input\":\"required name=search_term_string\"}],\"inLanguage\":\"es-ES\"},{\"@type\":\"Organization\",\"@id\":\"https:\/\/www.ranciliogroup.com\/es\/#organization\",\"name\":\"Rancilio Group\",\"url\":\"https:\/\/www.ranciliogroup.com\/es\/\",\"logo\":{\"@type\":\"ImageObject\",\"inLanguage\":\"es-ES\",\"@id\":\"https:\/\/www.ranciliogroup.com\/es\/#\/schema\/logo\/image\/\",\"url\":\"https:\/\/www.ranciliogroup.com\/app\/uploads\/2019\/07\/rancilio_black_logo.png\",\"contentUrl\":\"https:\/\/www.ranciliogroup.com\/app\/uploads\/2019\/07\/rancilio_black_logo.png\",\"width\":447,\"height\":57,\"caption\":\"Rancilio Group\"},\"image\":{\"@id\":\"https:\/\/www.ranciliogroup.com\/es\/#\/schema\/logo\/image\/\"},\"sameAs\":[\"https:\/\/www.facebook.com\/RancilioGroup\",\"https:\/\/twitter.com\/ranciliogroup\",\"https:\/\/www.instagram.com\/rancilio_official\/\",\"https:\/\/www.linkedin.com\/company\/ranciliogroup\/\",\"https:\/\/www.youtube.com\/user\/rancilioadmin\"]},{\"@type\":\"Person\",\"@id\":\"https:\/\/www.ranciliogroup.com\/es\/#\/schema\/person\/d6bf0a7dfe74cded3d64da8b2c92814c\",\"name\":\"temp circular\",\"image\":{\"@type\":\"ImageObject\",\"inLanguage\":\"es-ES\",\"@id\":\"https:\/\/www.ranciliogroup.com\/es\/#\/schema\/person\/image\/\",\"url\":\"https:\/\/secure.gravatar.com\/avatar\/569e71c3b97b8bcad1854d6579b35c5f?s=96&d=mm&r=g\",\"contentUrl\":\"https:\/\/secure.gravatar.com\/avatar\/569e71c3b97b8bcad1854d6579b35c5f?s=96&d=mm&r=g\",\"caption\":\"temp circular\"}}]}<\/script>\n<!-- \/ Yoast SEO plugin. -->","yoast_head_json":{"title":"Latest update about Rancilio Group en el World of Coffee Atenas de 2023 - Rancilio Group","description":"Read Rancilio Group's latest news about Rancilio Group en el World of Coffee Atenas de 2023","robots":{"index":"index","follow":"follow","max-snippet":"max-snippet:-1","max-image-preview":"max-image-preview:large","max-video-preview":"max-video-preview:-1"},"canonical":"https:\/\/www.ranciliogroup.com\/es\/rancilio-group-en-el-world-of-coffee-atenas-de-2023\/","og_locale":"es_ES","og_type":"article","og_title":"Latest update about Rancilio Group en el World of Coffee Atenas de 2023 - Rancilio Group","og_description":"Read Rancilio Group's latest news about Rancilio Group en el World of Coffee Atenas de 2023","og_url":"https:\/\/www.ranciliogroup.com\/es\/rancilio-group-en-el-world-of-coffee-atenas-de-2023\/","og_site_name":"Rancilio Group","article_publisher":"https:\/\/www.facebook.com\/RancilioGroup","article_published_time":"2023-06-06T10:20:59+00:00","og_image":[{"width":1080,"height":810,"url":"https:\/\/www.ranciliogroup.com\/app\/uploads\/2023\/06\/WOC-Athens-2023.jpg","type":"image\/jpeg"}],"author":"temp circular","twitter_card":"summary_large_image","twitter_creator":"@ranciliogroup","twitter_site":"@ranciliogroup","twitter_misc":{"Written by":"temp circular","Est. reading time":"2 minutes"},"schema":{"@context":"https:\/\/schema.org","@graph":[{"@type":"Article","@id":"https:\/\/www.ranciliogroup.com\/es\/rancilio-group-en-el-world-of-coffee-atenas-de-2023\/#article","isPartOf":{"@id":"https:\/\/www.ranciliogroup.com\/es\/rancilio-group-en-el-world-of-coffee-atenas-de-2023\/"},"author":{"name":"temp circular","@id":"https:\/\/www.ranciliogroup.com\/es\/#\/schema\/person\/d6bf0a7dfe74cded3d64da8b2c92814c"},"headline":"Rancilio Group en el World of Coffee Atenas de 2023","datePublished":"2023-06-06T10:20:59+00:00","dateModified":"2023-06-06T10:20:59+00:00","mainEntityOfPage":{"@id":"https:\/\/www.ranciliogroup.com\/es\/rancilio-group-en-el-world-of-coffee-atenas-de-2023\/"},"wordCount":379,"publisher":{"@id":"https:\/\/www.ranciliogroup.com\/es\/#organization"},"keywords":["Athens","Invicta","Next","NMS+","RS1","SCA","Silvia Pro X","Stile","Touch Coffee","WOC"],"articleSection":["Eventos"],"inLanguage":"es-ES"},{"@type":"WebPage","@id":"https:\/\/www.ranciliogroup.com\/es\/rancilio-group-en-el-world-of-coffee-atenas-de-2023\/","url":"https:\/\/www.ranciliogroup.com\/es\/rancilio-group-en-el-world-of-coffee-atenas-de-2023\/","name":"Latest update about Rancilio Group en el World of Coffee Atenas de 2023 - Rancilio Group","isPartOf":{"@id":"https:\/\/www.ranciliogroup.com\/es\/#website"},"datePublished":"2023-06-06T10:20:59+00:00","dateModified":"2023-06-06T10:20:59+00:00","description":"Read Rancilio Group's latest news about Rancilio Group en el World of Coffee Atenas de 2023","breadcrumb":{"@id":"https:\/\/www.ranciliogroup.com\/es\/rancilio-group-en-el-world-of-coffee-atenas-de-2023\/#breadcrumb"},"inLanguage":"es-ES","potentialAction":[{"@type":"ReadAction","target":["https:\/\/www.ranciliogroup.com\/es\/rancilio-group-en-el-world-of-coffee-atenas-de-2023\/"]}]},{"@type":"BreadcrumbList","@id":"https:\/\/www.ranciliogroup.com\/es\/rancilio-group-en-el-world-of-coffee-atenas-de-2023\/#breadcrumb","itemListElement":[{"@type":"ListItem","position":1,"name":"Home","item":"https:\/\/www.ranciliogroup.com\/es\/"},{"@type":"ListItem","position":2,"name":"Rancilio Group en el World of Coffee Atenas de 2023"}]},{"@type":"WebSite","@id":"https:\/\/www.ranciliogroup.com\/es\/#website","url":"https:\/\/www.ranciliogroup.com\/es\/","name":"Rancilio Group","description":"L\u00edder en M\u00e1quinas de Caf\u00e9 Profesionales","publisher":{"@id":"https:\/\/www.ranciliogroup.com\/es\/#organization"},"potentialAction":[{"@type":"SearchAction","target":{"@type":"EntryPoint","urlTemplate":"https:\/\/www.ranciliogroup.com\/es\/?s={search_term_string}"},"query-input":"required name=search_term_string"}],"inLanguage":"es-ES"},{"@type":"Organization","@id":"https:\/\/www.ranciliogroup.com\/es\/#organization","name":"Rancilio Group","url":"https:\/\/www.ranciliogroup.com\/es\/","logo":{"@type":"ImageObject","inLanguage":"es-ES","@id":"https:\/\/www.ranciliogroup.com\/es\/#\/schema\/logo\/image\/","url":"https:\/\/www.ranciliogroup.com\/app\/uploads\/2019\/07\/rancilio_black_logo.png","contentUrl":"https:\/\/www.ranciliogroup.com\/app\/uploads\/2019\/07\/rancilio_black_logo.png","width":447,"height":57,"caption":"Rancilio Group"},"image":{"@id":"https:\/\/www.ranciliogroup.com\/es\/#\/schema\/logo\/image\/"},"sameAs":["https:\/\/www.facebook.com\/RancilioGroup","https:\/\/twitter.com\/ranciliogroup","https:\/\/www.instagram.com\/rancilio_official\/","https:\/\/www.linkedin.com\/company\/ranciliogroup\/","https:\/\/www.youtube.com\/user\/rancilioadmin"]},{"@type":"Person","@id":"https:\/\/www.ranciliogroup.com\/es\/#\/schema\/person\/d6bf0a7dfe74cded3d64da8b2c92814c","name":"temp circular","image":{"@type":"ImageObject","inLanguage":"es-ES","@id":"https:\/\/www.ranciliogroup.com\/es\/#\/schema\/person\/image\/","url":"https:\/\/secure.gravatar.com\/avatar\/569e71c3b97b8bcad1854d6579b35c5f?s=96&d=mm&r=g","contentUrl":"https:\/\/secure.gravatar.com\/avatar\/569e71c3b97b8bcad1854d6579b35c5f?s=96&d=mm&r=g","caption":"temp circular"}}]}},"_links":{"self":[{"href":"https:\/\/www.ranciliogroup.com\/es\/wp-json\/wp\/v2\/posts\/68501"}],"collection":[{"href":"https:\/\/www.ranciliogroup.com\/es\/wp-json\/wp\/v2\/posts"}],"about":[{"href":"https:\/\/www.ranciliogroup.com\/es\/wp-json\/wp\/v2\/types\/post"}],"author":[{"embeddable":true,"href":"https:\/\/www.ranciliogroup.com\/es\/wp-json\/wp\/v2\/users\/5"}],"replies":[{"embeddable":true,"href":"https:\/\/www.ranciliogroup.com\/es\/wp-json\/wp\/v2\/comments?post=68501"}],"version-history":[{"count":1,"href":"https:\/\/www.ranciliogroup.com\/es\/wp-json\/wp\/v2\/posts\/68501\/revisions"}],"predecessor-version":[{"id":68502,"href":"https:\/\/www.ranciliogroup.com\/es\/wp-json\/wp\/v2\/posts\/68501\/revisions\/68502"}],"wp:featuredmedia":[{"embeddable":true,"href":"https:\/\/www.ranciliogroup.com\/es\/wp-json\/wp\/v2\/media\/68477"}],"wp:attachment":[{"href":"https:\/\/www.ranciliogroup.com\/es\/wp-json\/wp\/v2\/media?parent=68501"}],"wp:term":[{"taxonomy":"category","embeddable":true,"href":"https:\/\/www.ranciliogroup.com\/es\/wp-json\/wp\/v2\/categories?post=68501"},{"taxonomy":"post_tag","embeddable":true,"href":"https:\/\/www.ranciliogroup.com\/es\/wp-json\/wp\/v2\/tags?post=68501"}],"curies":[{"name":"wp","href":"https:\/\/api.w.org\/{rel}","templated":true}]}}