{"id":71053,"date":"2023-09-21T16:40:48","date_gmt":"2023-09-21T14:40:48","guid":{"rendered":"https:\/\/www.ranciliogroup.com\/?p=71053"},"modified":"2023-09-21T16:40:48","modified_gmt":"2023-09-21T14:40:48","slug":"rancilio-specialty-llega-a-madrid-para-la-ultima-competicion-de-la-barista-league","status":"publish","type":"post","link":"https:\/\/www.ranciliogroup.com\/es\/rancilio-specialty-llega-a-madrid-para-la-ultima-competicion-de-la-barista-league\/","title":{"rendered":"Rancilio Specialty llega a Madrid para la \u00faltima competici\u00f3n de la Barista League"},"content":{"rendered":"<p>El 7 de octubre, Rancilio Specialty y The Barista League se unir\u00e1n en una emocionante serie de desaf\u00edos en la art\u00edstica y culturalmente rica ciudad de Madrid, Espa\u00f1a.<\/p>\n<p>Rancilio Specialty subir\u00e1 al escenario como patrocinador oficial del evento con la m\u00e1quina de caf\u00e9 multicaldera RS1. La RS1 proporcionar\u00e1 un apoyo vital a los concursantes con su tecnolog\u00eda Advanced Temperature Profiling, un instrumento de alta precisi\u00f3n que permite ajustar con exactitud el perfil de temperatura de cada extracci\u00f3n, elevando los aromas y sabores de cada mezcla o caf\u00e9 de origen \u00fanico.<\/p>\n<p>Los baristas demostrar\u00e1n su pericia ante un panel de expertos cafeteros \u2013 Mauricio De Luca, Ivette Vera, Carmen Callizo, Lance Hedrick, Javier Ghersi y Dara Santana \u2013 que evaluar\u00e1n sus conocimientos, ejecuci\u00f3n y creatividad en el mundo del caf\u00e9.<\/p>\n<p>Un incre\u00edble DJ pondr\u00e1 la nota musical, mientras los invitados disfrutan de la buena comida y el caf\u00e9 de los mejores tostadores locales de Madrid. \u00danete a Rancilio Specialty para descubrir al pr\u00f3ximo campe\u00f3n barista y vivir una velada inolvidable en Madrid.<\/p>\n<p>Las entradas est\u00e1n a la venta en <a href=\"https:\/\/www.tickettailor.com\/events\/thebaristaleague\/822532\">tickettailor.com<\/a><\/p>\n<p>&nbsp;<\/p>\n<p>&nbsp;<\/p>\n<p><strong>Barista League Madrid<\/strong><br \/>\nS\u00e1b 7 de octubre de 2023<br \/>\nDe 18:00 a 23:00 h<br \/>\n<a href=\"https:\/\/www.google.com\/maps\/place\/MEEU\/@40.4721242,-3.6833694,15z\/data=!4m2!3m1!1s0x0:0xf85b5992977d5fe0?sa=X&amp;ved=2ahUKEwjfm57a4syAAxVlVPEDHePtBGAQ_BJ6BAhGEAA&amp;ved=2ahUKEwjfm57a4syAAxVlVPEDHePtBGAQ_BJ6BAhgEAg\"><strong>MEEU<\/strong><\/a><br \/>\nEstaci\u00f3n de Chamart\u00edn, s\/n, Planta \u00c1tico<br \/>\n28036 Madrid, Espa\u00f1a<\/p>\n<p>&nbsp;<\/p>\n<p><strong>Sigue el evento a trav\u00e9s de nuestra p\u00e1gina oficial de Instagram<\/strong><br \/>\n@ranciliospecialty #ranciliospecialty<\/p>\n<p>&nbsp;<\/p>\n<p><a href=\"https:\/\/www.ranciliogroup.com\/es\/specialty\/RS1\/\"><strong>M\u00e1s informaci\u00f3n sobre la Rancilio Specialty RS1<\/strong><\/a><\/p>\n","protected":false},"excerpt":{"rendered":"<p>El 7 de octubre, Rancilio Specialty y The Barista League se unir\u00e1n en una emocionante serie de desaf\u00edos en la&#8230;<\/p>\n","protected":false},"author":5,"featured_media":71025,"comment_status":"closed","ping_status":"closed","sticky":false,"template":"","format":"standard","meta":[],"categories":[862],"tags":[2591,2589],"acf":[],"yoast_head":"<!-- This site is optimized with the Yoast SEO plugin v21.5 - https:\/\/yoast.com\/wordpress\/plugins\/seo\/ -->\n<title>Latest update about Rancilio Specialty llega a Madrid para la \u00faltima competici\u00f3n de la Barista League - Rancilio Group<\/title>\n<meta name=\"description\" content=\"Read Rancilio Group&#039;s latest news about Rancilio Specialty llega a Madrid para la \u00faltima competici\u00f3n de la Barista League\" \/>\n<meta name=\"robots\" content=\"index, follow, max-snippet:-1, max-image-preview:large, max-video-preview:-1\" \/>\n<link rel=\"canonical\" href=\"https:\/\/www.ranciliogroup.com\/es\/rancilio-specialty-llega-a-madrid-para-la-ultima-competicion-de-la-barista-league\/\" \/>\n<meta property=\"og:locale\" content=\"es_ES\" \/>\n<meta property=\"og:type\" content=\"article\" \/>\n<meta property=\"og:title\" content=\"Latest update about Rancilio Specialty llega a Madrid para la \u00faltima competici\u00f3n de la Barista League - Rancilio Group\" \/>\n<meta property=\"og:description\" content=\"Read Rancilio Group&#039;s latest news about Rancilio Specialty llega a Madrid para la \u00faltima competici\u00f3n de la Barista League\" \/>\n<meta property=\"og:url\" content=\"https:\/\/www.ranciliogroup.com\/es\/rancilio-specialty-llega-a-madrid-para-la-ultima-competicion-de-la-barista-league\/\" \/>\n<meta property=\"og:site_name\" content=\"Rancilio Group\" \/>\n<meta property=\"article:publisher\" content=\"https:\/\/www.facebook.com\/RancilioGroup\" \/>\n<meta property=\"article:published_time\" content=\"2023-09-21T14:40:48+00:00\" \/>\n<meta property=\"og:image\" content=\"https:\/\/www.ranciliogroup.com\/app\/uploads\/2023\/09\/the-barista-league-madrid-2023-web.jpg\" \/>\n\t<meta property=\"og:image:width\" content=\"1080\" \/>\n\t<meta property=\"og:image:height\" content=\"720\" \/>\n\t<meta property=\"og:image:type\" content=\"image\/jpeg\" \/>\n<meta name=\"author\" content=\"temp circular\" \/>\n<meta name=\"twitter:card\" content=\"summary_large_image\" \/>\n<meta name=\"twitter:creator\" content=\"@ranciliogroup\" \/>\n<meta name=\"twitter:site\" content=\"@ranciliogroup\" \/>\n<meta name=\"twitter:label1\" content=\"Written by\" \/>\n\t<meta name=\"twitter:data1\" content=\"temp circular\" \/>\n\t<meta name=\"twitter:label2\" content=\"Est. reading time\" \/>\n\t<meta name=\"twitter:data2\" content=\"1 minute\" \/>\n<script type=\"application\/ld+json\" class=\"yoast-schema-graph\">{\"@context\":\"https:\/\/schema.org\",\"@graph\":[{\"@type\":\"Article\",\"@id\":\"https:\/\/www.ranciliogroup.com\/es\/rancilio-specialty-llega-a-madrid-para-la-ultima-competicion-de-la-barista-league\/#article\",\"isPartOf\":{\"@id\":\"https:\/\/www.ranciliogroup.com\/es\/rancilio-specialty-llega-a-madrid-para-la-ultima-competicion-de-la-barista-league\/\"},\"author\":{\"name\":\"temp circular\",\"@id\":\"https:\/\/www.ranciliogroup.com\/es\/#\/schema\/person\/d6bf0a7dfe74cded3d64da8b2c92814c\"},\"headline\":\"Rancilio Specialty llega a Madrid para la \u00faltima competici\u00f3n de la Barista League\",\"datePublished\":\"2023-09-21T14:40:48+00:00\",\"dateModified\":\"2023-09-21T14:40:48+00:00\",\"mainEntityOfPage\":{\"@id\":\"https:\/\/www.ranciliogroup.com\/es\/rancilio-specialty-llega-a-madrid-para-la-ultima-competicion-de-la-barista-league\/\"},\"wordCount\":258,\"publisher\":{\"@id\":\"https:\/\/www.ranciliogroup.com\/es\/#organization\"},\"keywords\":[\"Barista League\",\"RS1\"],\"articleSection\":[\"Eventos\"],\"inLanguage\":\"es-ES\"},{\"@type\":\"WebPage\",\"@id\":\"https:\/\/www.ranciliogroup.com\/es\/rancilio-specialty-llega-a-madrid-para-la-ultima-competicion-de-la-barista-league\/\",\"url\":\"https:\/\/www.ranciliogroup.com\/es\/rancilio-specialty-llega-a-madrid-para-la-ultima-competicion-de-la-barista-league\/\",\"name\":\"Latest update about Rancilio Specialty llega a Madrid para la \u00faltima competici\u00f3n de la Barista League - Rancilio Group\",\"isPartOf\":{\"@id\":\"https:\/\/www.ranciliogroup.com\/es\/#website\"},\"datePublished\":\"2023-09-21T14:40:48+00:00\",\"dateModified\":\"2023-09-21T14:40:48+00:00\",\"description\":\"Read Rancilio Group's latest news about Rancilio Specialty llega a Madrid para la \u00faltima competici\u00f3n de la Barista League\",\"breadcrumb\":{\"@id\":\"https:\/\/www.ranciliogroup.com\/es\/rancilio-specialty-llega-a-madrid-para-la-ultima-competicion-de-la-barista-league\/#breadcrumb\"},\"inLanguage\":\"es-ES\",\"potentialAction\":[{\"@type\":\"ReadAction\",\"target\":[\"https:\/\/www.ranciliogroup.com\/es\/rancilio-specialty-llega-a-madrid-para-la-ultima-competicion-de-la-barista-league\/\"]}]},{\"@type\":\"BreadcrumbList\",\"@id\":\"https:\/\/www.ranciliogroup.com\/es\/rancilio-specialty-llega-a-madrid-para-la-ultima-competicion-de-la-barista-league\/#breadcrumb\",\"itemListElement\":[{\"@type\":\"ListItem\",\"position\":1,\"name\":\"Home\",\"item\":\"https:\/\/www.ranciliogroup.com\/es\/\"},{\"@type\":\"ListItem\",\"position\":2,\"name\":\"Rancilio Specialty llega a Madrid para la \u00faltima competici\u00f3n de la Barista League\"}]},{\"@type\":\"WebSite\",\"@id\":\"https:\/\/www.ranciliogroup.com\/es\/#website\",\"url\":\"https:\/\/www.ranciliogroup.com\/es\/\",\"name\":\"Rancilio Group\",\"description\":\"L\u00edder en M\u00e1quinas de Caf\u00e9 Profesionales\",\"publisher\":{\"@id\":\"https:\/\/www.ranciliogroup.com\/es\/#organization\"},\"potentialAction\":[{\"@type\":\"SearchAction\",\"target\":{\"@type\":\"EntryPoint\",\"urlTemplate\":\"https:\/\/www.ranciliogroup.com\/es\/?s={search_term_string}\"},\"query-input\":\"required name=search_term_string\"}],\"inLanguage\":\"es-ES\"},{\"@type\":\"Organization\",\"@id\":\"https:\/\/www.ranciliogroup.com\/es\/#organization\",\"name\":\"Rancilio Group\",\"url\":\"https:\/\/www.ranciliogroup.com\/es\/\",\"logo\":{\"@type\":\"ImageObject\",\"inLanguage\":\"es-ES\",\"@id\":\"https:\/\/www.ranciliogroup.com\/es\/#\/schema\/logo\/image\/\",\"url\":\"https:\/\/www.ranciliogroup.com\/app\/uploads\/2019\/07\/rancilio_black_logo.png\",\"contentUrl\":\"https:\/\/www.ranciliogroup.com\/app\/uploads\/2019\/07\/rancilio_black_logo.png\",\"width\":447,\"height\":57,\"caption\":\"Rancilio Group\"},\"image\":{\"@id\":\"https:\/\/www.ranciliogroup.com\/es\/#\/schema\/logo\/image\/\"},\"sameAs\":[\"https:\/\/www.facebook.com\/RancilioGroup\",\"https:\/\/twitter.com\/ranciliogroup\",\"https:\/\/www.instagram.com\/rancilio_official\/\",\"https:\/\/www.linkedin.com\/company\/ranciliogroup\/\",\"https:\/\/www.youtube.com\/user\/rancilioadmin\"]},{\"@type\":\"Person\",\"@id\":\"https:\/\/www.ranciliogroup.com\/es\/#\/schema\/person\/d6bf0a7dfe74cded3d64da8b2c92814c\",\"name\":\"temp circular\",\"image\":{\"@type\":\"ImageObject\",\"inLanguage\":\"es-ES\",\"@id\":\"https:\/\/www.ranciliogroup.com\/es\/#\/schema\/person\/image\/\",\"url\":\"https:\/\/secure.gravatar.com\/avatar\/569e71c3b97b8bcad1854d6579b35c5f?s=96&d=mm&r=g\",\"contentUrl\":\"https:\/\/secure.gravatar.com\/avatar\/569e71c3b97b8bcad1854d6579b35c5f?s=96&d=mm&r=g\",\"caption\":\"temp circular\"}}]}<\/script>\n<!-- \/ Yoast SEO plugin. -->","yoast_head_json":{"title":"Latest update about Rancilio Specialty llega a Madrid para la \u00faltima competici\u00f3n de la Barista League - Rancilio Group","description":"Read Rancilio Group's latest news about Rancilio Specialty llega a Madrid para la \u00faltima competici\u00f3n de la Barista League","robots":{"index":"index","follow":"follow","max-snippet":"max-snippet:-1","max-image-preview":"max-image-preview:large","max-video-preview":"max-video-preview:-1"},"canonical":"https:\/\/www.ranciliogroup.com\/es\/rancilio-specialty-llega-a-madrid-para-la-ultima-competicion-de-la-barista-league\/","og_locale":"es_ES","og_type":"article","og_title":"Latest update about Rancilio Specialty llega a Madrid para la \u00faltima competici\u00f3n de la Barista League - Rancilio Group","og_description":"Read Rancilio Group's latest news about Rancilio Specialty llega a Madrid para la \u00faltima competici\u00f3n de la Barista League","og_url":"https:\/\/www.ranciliogroup.com\/es\/rancilio-specialty-llega-a-madrid-para-la-ultima-competicion-de-la-barista-league\/","og_site_name":"Rancilio Group","article_publisher":"https:\/\/www.facebook.com\/RancilioGroup","article_published_time":"2023-09-21T14:40:48+00:00","og_image":[{"width":1080,"height":720,"url":"https:\/\/www.ranciliogroup.com\/app\/uploads\/2023\/09\/the-barista-league-madrid-2023-web.jpg","type":"image\/jpeg"}],"author":"temp circular","twitter_card":"summary_large_image","twitter_creator":"@ranciliogroup","twitter_site":"@ranciliogroup","twitter_misc":{"Written by":"temp circular","Est. reading time":"1 minute"},"schema":{"@context":"https:\/\/schema.org","@graph":[{"@type":"Article","@id":"https:\/\/www.ranciliogroup.com\/es\/rancilio-specialty-llega-a-madrid-para-la-ultima-competicion-de-la-barista-league\/#article","isPartOf":{"@id":"https:\/\/www.ranciliogroup.com\/es\/rancilio-specialty-llega-a-madrid-para-la-ultima-competicion-de-la-barista-league\/"},"author":{"name":"temp circular","@id":"https:\/\/www.ranciliogroup.com\/es\/#\/schema\/person\/d6bf0a7dfe74cded3d64da8b2c92814c"},"headline":"Rancilio Specialty llega a Madrid para la \u00faltima competici\u00f3n de la Barista League","datePublished":"2023-09-21T14:40:48+00:00","dateModified":"2023-09-21T14:40:48+00:00","mainEntityOfPage":{"@id":"https:\/\/www.ranciliogroup.com\/es\/rancilio-specialty-llega-a-madrid-para-la-ultima-competicion-de-la-barista-league\/"},"wordCount":258,"publisher":{"@id":"https:\/\/www.ranciliogroup.com\/es\/#organization"},"keywords":["Barista League","RS1"],"articleSection":["Eventos"],"inLanguage":"es-ES"},{"@type":"WebPage","@id":"https:\/\/www.ranciliogroup.com\/es\/rancilio-specialty-llega-a-madrid-para-la-ultima-competicion-de-la-barista-league\/","url":"https:\/\/www.ranciliogroup.com\/es\/rancilio-specialty-llega-a-madrid-para-la-ultima-competicion-de-la-barista-league\/","name":"Latest update about Rancilio Specialty llega a Madrid para la \u00faltima competici\u00f3n de la Barista League - Rancilio Group","isPartOf":{"@id":"https:\/\/www.ranciliogroup.com\/es\/#website"},"datePublished":"2023-09-21T14:40:48+00:00","dateModified":"2023-09-21T14:40:48+00:00","description":"Read Rancilio Group's latest news about Rancilio Specialty llega a Madrid para la \u00faltima competici\u00f3n de la Barista League","breadcrumb":{"@id":"https:\/\/www.ranciliogroup.com\/es\/rancilio-specialty-llega-a-madrid-para-la-ultima-competicion-de-la-barista-league\/#breadcrumb"},"inLanguage":"es-ES","potentialAction":[{"@type":"ReadAction","target":["https:\/\/www.ranciliogroup.com\/es\/rancilio-specialty-llega-a-madrid-para-la-ultima-competicion-de-la-barista-league\/"]}]},{"@type":"BreadcrumbList","@id":"https:\/\/www.ranciliogroup.com\/es\/rancilio-specialty-llega-a-madrid-para-la-ultima-competicion-de-la-barista-league\/#breadcrumb","itemListElement":[{"@type":"ListItem","position":1,"name":"Home","item":"https:\/\/www.ranciliogroup.com\/es\/"},{"@type":"ListItem","position":2,"name":"Rancilio Specialty llega a Madrid para la \u00faltima competici\u00f3n de la Barista League"}]},{"@type":"WebSite","@id":"https:\/\/www.ranciliogroup.com\/es\/#website","url":"https:\/\/www.ranciliogroup.com\/es\/","name":"Rancilio Group","description":"L\u00edder en M\u00e1quinas de Caf\u00e9 Profesionales","publisher":{"@id":"https:\/\/www.ranciliogroup.com\/es\/#organization"},"potentialAction":[{"@type":"SearchAction","target":{"@type":"EntryPoint","urlTemplate":"https:\/\/www.ranciliogroup.com\/es\/?s={search_term_string}"},"query-input":"required name=search_term_string"}],"inLanguage":"es-ES"},{"@type":"Organization","@id":"https:\/\/www.ranciliogroup.com\/es\/#organization","name":"Rancilio Group","url":"https:\/\/www.ranciliogroup.com\/es\/","logo":{"@type":"ImageObject","inLanguage":"es-ES","@id":"https:\/\/www.ranciliogroup.com\/es\/#\/schema\/logo\/image\/","url":"https:\/\/www.ranciliogroup.com\/app\/uploads\/2019\/07\/rancilio_black_logo.png","contentUrl":"https:\/\/www.ranciliogroup.com\/app\/uploads\/2019\/07\/rancilio_black_logo.png","width":447,"height":57,"caption":"Rancilio Group"},"image":{"@id":"https:\/\/www.ranciliogroup.com\/es\/#\/schema\/logo\/image\/"},"sameAs":["https:\/\/www.facebook.com\/RancilioGroup","https:\/\/twitter.com\/ranciliogroup","https:\/\/www.instagram.com\/rancilio_official\/","https:\/\/www.linkedin.com\/company\/ranciliogroup\/","https:\/\/www.youtube.com\/user\/rancilioadmin"]},{"@type":"Person","@id":"https:\/\/www.ranciliogroup.com\/es\/#\/schema\/person\/d6bf0a7dfe74cded3d64da8b2c92814c","name":"temp circular","image":{"@type":"ImageObject","inLanguage":"es-ES","@id":"https:\/\/www.ranciliogroup.com\/es\/#\/schema\/person\/image\/","url":"https:\/\/secure.gravatar.com\/avatar\/569e71c3b97b8bcad1854d6579b35c5f?s=96&d=mm&r=g","contentUrl":"https:\/\/secure.gravatar.com\/avatar\/569e71c3b97b8bcad1854d6579b35c5f?s=96&d=mm&r=g","caption":"temp circular"}}]}},"_links":{"self":[{"href":"https:\/\/www.ranciliogroup.com\/es\/wp-json\/wp\/v2\/posts\/71053"}],"collection":[{"href":"https:\/\/www.ranciliogroup.com\/es\/wp-json\/wp\/v2\/posts"}],"about":[{"href":"https:\/\/www.ranciliogroup.com\/es\/wp-json\/wp\/v2\/types\/post"}],"author":[{"embeddable":true,"href":"https:\/\/www.ranciliogroup.com\/es\/wp-json\/wp\/v2\/users\/5"}],"replies":[{"embeddable":true,"href":"https:\/\/www.ranciliogroup.com\/es\/wp-json\/wp\/v2\/comments?post=71053"}],"version-history":[{"count":1,"href":"https:\/\/www.ranciliogroup.com\/es\/wp-json\/wp\/v2\/posts\/71053\/revisions"}],"predecessor-version":[{"id":71054,"href":"https:\/\/www.ranciliogroup.com\/es\/wp-json\/wp\/v2\/posts\/71053\/revisions\/71054"}],"wp:featuredmedia":[{"embeddable":true,"href":"https:\/\/www.ranciliogroup.com\/es\/wp-json\/wp\/v2\/media\/71025"}],"wp:attachment":[{"href":"https:\/\/www.ranciliogroup.com\/es\/wp-json\/wp\/v2\/media?parent=71053"}],"wp:term":[{"taxonomy":"category","embeddable":true,"href":"https:\/\/www.ranciliogroup.com\/es\/wp-json\/wp\/v2\/categories?post=71053"},{"taxonomy":"post_tag","embeddable":true,"href":"https:\/\/www.ranciliogroup.com\/es\/wp-json\/wp\/v2\/tags?post=71053"}],"curies":[{"name":"wp","href":"https:\/\/api.w.org\/{rel}","templated":true}]}}