{"id":71129,"date":"2023-09-22T11:14:37","date_gmt":"2023-09-22T09:14:37","guid":{"rendered":"https:\/\/www.ranciliogroup.com\/?p=71129"},"modified":"2023-09-22T11:14:37","modified_gmt":"2023-09-22T09:14:37","slug":"rancilio-group-en-el-forum-coffee-festival","status":"publish","type":"post","link":"https:\/\/www.ranciliogroup.com\/es\/rancilio-group-en-el-forum-coffee-festival\/","title":{"rendered":"Rancilio Group en el F\u00f3rum Coffee Festival"},"content":{"rendered":"<p>Del 29 de septiembre al 1 de octubre, el F\u03ccrum Coffe Festival invadir\u00e1 La Farga de l&#8217;Hospitalet, Barcelona.<\/p>\n<p>El equipo de Rancilio Group Iberica est\u00e1 impaciente por recibir a los visitantes de la pr\u00f3xima feria, donde mostrar\u00e1 las \u00faltimas innovaciones de Rancilio. Esto incluye la flamante Classe 5 Eco, la m\u00e1quina de caf\u00e9 de bajo consumo, y el molinillo profesional Bond. Egro Next est\u00e1 igualmente entusiasmada por dar la bienvenida a todos los entusiastas del caf\u00e9 interesados en las m\u00e1quinas de caf\u00e9 totalmente autom\u00e1ticas y en su capacidad para ofrecer resultados de m\u00e1xima calidad para una amplia gama de bebidas a base de caf\u00e9, leche y polvos.<\/p>\n<p>En medio de esta vibrante atm\u00f3sfera, Carlos Gonz\u00e1lez, Director de Producto y Competencia Cafetera de Rancilio Group, se adentrar\u00e1 en el mundo de la extracci\u00f3n del espresso en un interesante taller titulado <strong>\u00abTemperature profiling\u00bb<\/strong>. En \u00e9l, los participantes ser\u00e1n guiados a trav\u00e9s de un viaje sensorial, en compa\u00f1\u00eda de la m\u00e1quina de caf\u00e9 profesional Rancilio Specialty RS1, con un enfoque espec\u00edfico en los perfiles de temperatura y su profundo impacto en la percepci\u00f3n sensorial.<\/p>\n<p>Adem\u00e1s, Carlos dirigir\u00e1 una sesi\u00f3n especial dedicada a dilucidar los par\u00e1metros clave que definen el espresso perfecto, todo ello de acuerdo con las directrices del IIAC. Estas sesiones formativas est\u00e1n programadas para el viernes 29 de septiembre.<\/p>\n<p>El Festival est\u00e1 dirigido tanto a los entusiastas del caf\u00e9 como a los profesionales del sector, y aspira a ser el punto de encuentro definitivo para todos los que intervienen en la cadena de valor del caf\u00e9, desde los esforzados caficultores hasta los m\u00e1s entendidos en este mundillo.<\/p>\n<p><strong>\u00a0<\/strong><\/p>\n<p><strong>F\u00f3rum Coffee Festival | Rancilio Group<\/strong><br \/>\nDel 29 de septiembre al 1 de octubre<br \/>\nStand Aa15\/17<br \/>\n<a href=\"https:\/\/www.google.com\/maps\/place\/La+Farga\/@41.3632779,2.1021954,17z\/data=!3m2!4b1!5s0x12a498df5f99fe85:0x196c88fc4c34f0f4!4m6!3m5!1s0x12a499202557756f:0x40eeb809de29a334!8m2!3d41.3632739!4d2.1047703!16s%2Fg%2F11dxc0gcv0?entry=ttu\">La Farga de l\u2019Hospitalet<\/a><br \/>\nCarrer de Barcelona n\u00fam.2<br \/>\n08901 L&#8217;Hospitalet de Llobregat<br \/>\nBarcelona, Espa\u00f1a<\/p>\n<p>&nbsp;<\/p>\n<p>&nbsp;<\/p>\n<p><strong><u>Taller \u00abEspresso IIAC\u00bb<\/u><\/strong><\/p>\n<p>Auditorio<br \/>\nViernes, 29 de septiembre<br \/>\nDe 11:00 a 11:45 h<\/p>\n<p>&nbsp;<\/p>\n<p><strong><u>Taller \u00abAdvanced Temperature Profiling\u00bb<\/u><\/strong><br \/>\nSala de talleres<br \/>\nViernes, 29 de septiembre<\/p>\n<p>De 13:00 a 15:00 h<\/p>\n","protected":false},"excerpt":{"rendered":"<p>Del 29 de septiembre al 1 de octubre, el F\u03ccrum Coffe Festival invadir\u00e1 La Farga de l&#8217;Hospitalet, Barcelona. El equipo&#8230;<\/p>\n","protected":false},"author":5,"featured_media":71098,"comment_status":"closed","ping_status":"closed","sticky":false,"template":"","format":"standard","meta":[],"categories":[862],"tags":[3176,2692,2589],"acf":[],"yoast_head":"<!-- This site is optimized with the Yoast SEO plugin v21.5 - https:\/\/yoast.com\/wordpress\/plugins\/seo\/ -->\n<title>Latest update about Rancilio Group en el F\u00f3rum Coffee Festival - Rancilio Group<\/title>\n<meta name=\"description\" content=\"Read Rancilio Group&#039;s latest news about Rancilio Group en el F\u00f3rum Coffee Festival\" \/>\n<meta name=\"robots\" content=\"index, follow, max-snippet:-1, max-image-preview:large, max-video-preview:-1\" \/>\n<link rel=\"canonical\" href=\"https:\/\/www.ranciliogroup.com\/es\/rancilio-group-en-el-forum-coffee-festival\/\" \/>\n<meta property=\"og:locale\" content=\"es_ES\" \/>\n<meta property=\"og:type\" content=\"article\" \/>\n<meta property=\"og:title\" content=\"Latest update about Rancilio Group en el F\u00f3rum Coffee Festival - Rancilio Group\" \/>\n<meta property=\"og:description\" content=\"Read Rancilio Group&#039;s latest news about Rancilio Group en el F\u00f3rum Coffee Festival\" \/>\n<meta property=\"og:url\" content=\"https:\/\/www.ranciliogroup.com\/es\/rancilio-group-en-el-forum-coffee-festival\/\" \/>\n<meta property=\"og:site_name\" content=\"Rancilio Group\" \/>\n<meta property=\"article:publisher\" content=\"https:\/\/www.facebook.com\/RancilioGroup\" \/>\n<meta property=\"article:published_time\" content=\"2023-09-22T09:14:37+00:00\" \/>\n<meta property=\"og:image\" content=\"https:\/\/www.ranciliogroup.com\/app\/uploads\/2023\/09\/rancilio-group-forum-coffee-festival.jpg\" \/>\n\t<meta property=\"og:image:width\" content=\"1080\" \/>\n\t<meta property=\"og:image:height\" content=\"720\" \/>\n\t<meta property=\"og:image:type\" content=\"image\/jpeg\" \/>\n<meta name=\"author\" content=\"temp circular\" \/>\n<meta name=\"twitter:card\" content=\"summary_large_image\" \/>\n<meta name=\"twitter:creator\" content=\"@ranciliogroup\" \/>\n<meta name=\"twitter:site\" content=\"@ranciliogroup\" \/>\n<meta name=\"twitter:label1\" content=\"Written by\" \/>\n\t<meta name=\"twitter:data1\" content=\"temp circular\" \/>\n\t<meta name=\"twitter:label2\" content=\"Est. reading time\" \/>\n\t<meta name=\"twitter:data2\" content=\"2 minutes\" \/>\n<script type=\"application\/ld+json\" class=\"yoast-schema-graph\">{\"@context\":\"https:\/\/schema.org\",\"@graph\":[{\"@type\":\"Article\",\"@id\":\"https:\/\/www.ranciliogroup.com\/es\/rancilio-group-en-el-forum-coffee-festival\/#article\",\"isPartOf\":{\"@id\":\"https:\/\/www.ranciliogroup.com\/es\/rancilio-group-en-el-forum-coffee-festival\/\"},\"author\":{\"name\":\"temp circular\",\"@id\":\"https:\/\/www.ranciliogroup.com\/es\/#\/schema\/person\/d6bf0a7dfe74cded3d64da8b2c92814c\"},\"headline\":\"Rancilio Group en el F\u00f3rum Coffee Festival\",\"datePublished\":\"2023-09-22T09:14:37+00:00\",\"dateModified\":\"2023-09-22T09:14:37+00:00\",\"mainEntityOfPage\":{\"@id\":\"https:\/\/www.ranciliogroup.com\/es\/rancilio-group-en-el-forum-coffee-festival\/\"},\"wordCount\":346,\"publisher\":{\"@id\":\"https:\/\/www.ranciliogroup.com\/es\/#organization\"},\"keywords\":[\"Bond\",\"Next\",\"RS1\"],\"articleSection\":[\"Eventos\"],\"inLanguage\":\"es-ES\"},{\"@type\":\"WebPage\",\"@id\":\"https:\/\/www.ranciliogroup.com\/es\/rancilio-group-en-el-forum-coffee-festival\/\",\"url\":\"https:\/\/www.ranciliogroup.com\/es\/rancilio-group-en-el-forum-coffee-festival\/\",\"name\":\"Latest update about Rancilio Group en el F\u00f3rum Coffee Festival - Rancilio Group\",\"isPartOf\":{\"@id\":\"https:\/\/www.ranciliogroup.com\/es\/#website\"},\"datePublished\":\"2023-09-22T09:14:37+00:00\",\"dateModified\":\"2023-09-22T09:14:37+00:00\",\"description\":\"Read Rancilio Group's latest news about Rancilio Group en el F\u00f3rum Coffee Festival\",\"breadcrumb\":{\"@id\":\"https:\/\/www.ranciliogroup.com\/es\/rancilio-group-en-el-forum-coffee-festival\/#breadcrumb\"},\"inLanguage\":\"es-ES\",\"potentialAction\":[{\"@type\":\"ReadAction\",\"target\":[\"https:\/\/www.ranciliogroup.com\/es\/rancilio-group-en-el-forum-coffee-festival\/\"]}]},{\"@type\":\"BreadcrumbList\",\"@id\":\"https:\/\/www.ranciliogroup.com\/es\/rancilio-group-en-el-forum-coffee-festival\/#breadcrumb\",\"itemListElement\":[{\"@type\":\"ListItem\",\"position\":1,\"name\":\"Home\",\"item\":\"https:\/\/www.ranciliogroup.com\/es\/\"},{\"@type\":\"ListItem\",\"position\":2,\"name\":\"Rancilio Group en el F\u00f3rum Coffee Festival\"}]},{\"@type\":\"WebSite\",\"@id\":\"https:\/\/www.ranciliogroup.com\/es\/#website\",\"url\":\"https:\/\/www.ranciliogroup.com\/es\/\",\"name\":\"Rancilio Group\",\"description\":\"L\u00edder en M\u00e1quinas de Caf\u00e9 Profesionales\",\"publisher\":{\"@id\":\"https:\/\/www.ranciliogroup.com\/es\/#organization\"},\"potentialAction\":[{\"@type\":\"SearchAction\",\"target\":{\"@type\":\"EntryPoint\",\"urlTemplate\":\"https:\/\/www.ranciliogroup.com\/es\/?s={search_term_string}\"},\"query-input\":\"required name=search_term_string\"}],\"inLanguage\":\"es-ES\"},{\"@type\":\"Organization\",\"@id\":\"https:\/\/www.ranciliogroup.com\/es\/#organization\",\"name\":\"Rancilio Group\",\"url\":\"https:\/\/www.ranciliogroup.com\/es\/\",\"logo\":{\"@type\":\"ImageObject\",\"inLanguage\":\"es-ES\",\"@id\":\"https:\/\/www.ranciliogroup.com\/es\/#\/schema\/logo\/image\/\",\"url\":\"https:\/\/www.ranciliogroup.com\/app\/uploads\/2019\/07\/rancilio_black_logo.png\",\"contentUrl\":\"https:\/\/www.ranciliogroup.com\/app\/uploads\/2019\/07\/rancilio_black_logo.png\",\"width\":447,\"height\":57,\"caption\":\"Rancilio Group\"},\"image\":{\"@id\":\"https:\/\/www.ranciliogroup.com\/es\/#\/schema\/logo\/image\/\"},\"sameAs\":[\"https:\/\/www.facebook.com\/RancilioGroup\",\"https:\/\/twitter.com\/ranciliogroup\",\"https:\/\/www.instagram.com\/rancilio_official\/\",\"https:\/\/www.linkedin.com\/company\/ranciliogroup\/\",\"https:\/\/www.youtube.com\/user\/rancilioadmin\"]},{\"@type\":\"Person\",\"@id\":\"https:\/\/www.ranciliogroup.com\/es\/#\/schema\/person\/d6bf0a7dfe74cded3d64da8b2c92814c\",\"name\":\"temp circular\",\"image\":{\"@type\":\"ImageObject\",\"inLanguage\":\"es-ES\",\"@id\":\"https:\/\/www.ranciliogroup.com\/es\/#\/schema\/person\/image\/\",\"url\":\"https:\/\/secure.gravatar.com\/avatar\/569e71c3b97b8bcad1854d6579b35c5f?s=96&d=mm&r=g\",\"contentUrl\":\"https:\/\/secure.gravatar.com\/avatar\/569e71c3b97b8bcad1854d6579b35c5f?s=96&d=mm&r=g\",\"caption\":\"temp circular\"}}]}<\/script>\n<!-- \/ Yoast SEO plugin. -->","yoast_head_json":{"title":"Latest update about Rancilio Group en el F\u00f3rum Coffee Festival - Rancilio Group","description":"Read Rancilio Group's latest news about Rancilio Group en el F\u00f3rum Coffee Festival","robots":{"index":"index","follow":"follow","max-snippet":"max-snippet:-1","max-image-preview":"max-image-preview:large","max-video-preview":"max-video-preview:-1"},"canonical":"https:\/\/www.ranciliogroup.com\/es\/rancilio-group-en-el-forum-coffee-festival\/","og_locale":"es_ES","og_type":"article","og_title":"Latest update about Rancilio Group en el F\u00f3rum Coffee Festival - Rancilio Group","og_description":"Read Rancilio Group's latest news about Rancilio Group en el F\u00f3rum Coffee Festival","og_url":"https:\/\/www.ranciliogroup.com\/es\/rancilio-group-en-el-forum-coffee-festival\/","og_site_name":"Rancilio Group","article_publisher":"https:\/\/www.facebook.com\/RancilioGroup","article_published_time":"2023-09-22T09:14:37+00:00","og_image":[{"width":1080,"height":720,"url":"https:\/\/www.ranciliogroup.com\/app\/uploads\/2023\/09\/rancilio-group-forum-coffee-festival.jpg","type":"image\/jpeg"}],"author":"temp circular","twitter_card":"summary_large_image","twitter_creator":"@ranciliogroup","twitter_site":"@ranciliogroup","twitter_misc":{"Written by":"temp circular","Est. reading time":"2 minutes"},"schema":{"@context":"https:\/\/schema.org","@graph":[{"@type":"Article","@id":"https:\/\/www.ranciliogroup.com\/es\/rancilio-group-en-el-forum-coffee-festival\/#article","isPartOf":{"@id":"https:\/\/www.ranciliogroup.com\/es\/rancilio-group-en-el-forum-coffee-festival\/"},"author":{"name":"temp circular","@id":"https:\/\/www.ranciliogroup.com\/es\/#\/schema\/person\/d6bf0a7dfe74cded3d64da8b2c92814c"},"headline":"Rancilio Group en el F\u00f3rum Coffee Festival","datePublished":"2023-09-22T09:14:37+00:00","dateModified":"2023-09-22T09:14:37+00:00","mainEntityOfPage":{"@id":"https:\/\/www.ranciliogroup.com\/es\/rancilio-group-en-el-forum-coffee-festival\/"},"wordCount":346,"publisher":{"@id":"https:\/\/www.ranciliogroup.com\/es\/#organization"},"keywords":["Bond","Next","RS1"],"articleSection":["Eventos"],"inLanguage":"es-ES"},{"@type":"WebPage","@id":"https:\/\/www.ranciliogroup.com\/es\/rancilio-group-en-el-forum-coffee-festival\/","url":"https:\/\/www.ranciliogroup.com\/es\/rancilio-group-en-el-forum-coffee-festival\/","name":"Latest update about Rancilio Group en el F\u00f3rum Coffee Festival - Rancilio Group","isPartOf":{"@id":"https:\/\/www.ranciliogroup.com\/es\/#website"},"datePublished":"2023-09-22T09:14:37+00:00","dateModified":"2023-09-22T09:14:37+00:00","description":"Read Rancilio Group's latest news about Rancilio Group en el F\u00f3rum Coffee Festival","breadcrumb":{"@id":"https:\/\/www.ranciliogroup.com\/es\/rancilio-group-en-el-forum-coffee-festival\/#breadcrumb"},"inLanguage":"es-ES","potentialAction":[{"@type":"ReadAction","target":["https:\/\/www.ranciliogroup.com\/es\/rancilio-group-en-el-forum-coffee-festival\/"]}]},{"@type":"BreadcrumbList","@id":"https:\/\/www.ranciliogroup.com\/es\/rancilio-group-en-el-forum-coffee-festival\/#breadcrumb","itemListElement":[{"@type":"ListItem","position":1,"name":"Home","item":"https:\/\/www.ranciliogroup.com\/es\/"},{"@type":"ListItem","position":2,"name":"Rancilio Group en el F\u00f3rum Coffee Festival"}]},{"@type":"WebSite","@id":"https:\/\/www.ranciliogroup.com\/es\/#website","url":"https:\/\/www.ranciliogroup.com\/es\/","name":"Rancilio Group","description":"L\u00edder en M\u00e1quinas de Caf\u00e9 Profesionales","publisher":{"@id":"https:\/\/www.ranciliogroup.com\/es\/#organization"},"potentialAction":[{"@type":"SearchAction","target":{"@type":"EntryPoint","urlTemplate":"https:\/\/www.ranciliogroup.com\/es\/?s={search_term_string}"},"query-input":"required name=search_term_string"}],"inLanguage":"es-ES"},{"@type":"Organization","@id":"https:\/\/www.ranciliogroup.com\/es\/#organization","name":"Rancilio Group","url":"https:\/\/www.ranciliogroup.com\/es\/","logo":{"@type":"ImageObject","inLanguage":"es-ES","@id":"https:\/\/www.ranciliogroup.com\/es\/#\/schema\/logo\/image\/","url":"https:\/\/www.ranciliogroup.com\/app\/uploads\/2019\/07\/rancilio_black_logo.png","contentUrl":"https:\/\/www.ranciliogroup.com\/app\/uploads\/2019\/07\/rancilio_black_logo.png","width":447,"height":57,"caption":"Rancilio Group"},"image":{"@id":"https:\/\/www.ranciliogroup.com\/es\/#\/schema\/logo\/image\/"},"sameAs":["https:\/\/www.facebook.com\/RancilioGroup","https:\/\/twitter.com\/ranciliogroup","https:\/\/www.instagram.com\/rancilio_official\/","https:\/\/www.linkedin.com\/company\/ranciliogroup\/","https:\/\/www.youtube.com\/user\/rancilioadmin"]},{"@type":"Person","@id":"https:\/\/www.ranciliogroup.com\/es\/#\/schema\/person\/d6bf0a7dfe74cded3d64da8b2c92814c","name":"temp circular","image":{"@type":"ImageObject","inLanguage":"es-ES","@id":"https:\/\/www.ranciliogroup.com\/es\/#\/schema\/person\/image\/","url":"https:\/\/secure.gravatar.com\/avatar\/569e71c3b97b8bcad1854d6579b35c5f?s=96&d=mm&r=g","contentUrl":"https:\/\/secure.gravatar.com\/avatar\/569e71c3b97b8bcad1854d6579b35c5f?s=96&d=mm&r=g","caption":"temp circular"}}]}},"_links":{"self":[{"href":"https:\/\/www.ranciliogroup.com\/es\/wp-json\/wp\/v2\/posts\/71129"}],"collection":[{"href":"https:\/\/www.ranciliogroup.com\/es\/wp-json\/wp\/v2\/posts"}],"about":[{"href":"https:\/\/www.ranciliogroup.com\/es\/wp-json\/wp\/v2\/types\/post"}],"author":[{"embeddable":true,"href":"https:\/\/www.ranciliogroup.com\/es\/wp-json\/wp\/v2\/users\/5"}],"replies":[{"embeddable":true,"href":"https:\/\/www.ranciliogroup.com\/es\/wp-json\/wp\/v2\/comments?post=71129"}],"version-history":[{"count":2,"href":"https:\/\/www.ranciliogroup.com\/es\/wp-json\/wp\/v2\/posts\/71129\/revisions"}],"predecessor-version":[{"id":71131,"href":"https:\/\/www.ranciliogroup.com\/es\/wp-json\/wp\/v2\/posts\/71129\/revisions\/71131"}],"wp:featuredmedia":[{"embeddable":true,"href":"https:\/\/www.ranciliogroup.com\/es\/wp-json\/wp\/v2\/media\/71098"}],"wp:attachment":[{"href":"https:\/\/www.ranciliogroup.com\/es\/wp-json\/wp\/v2\/media?parent=71129"}],"wp:term":[{"taxonomy":"category","embeddable":true,"href":"https:\/\/www.ranciliogroup.com\/es\/wp-json\/wp\/v2\/categories?post=71129"},{"taxonomy":"post_tag","embeddable":true,"href":"https:\/\/www.ranciliogroup.com\/es\/wp-json\/wp\/v2\/tags?post=71129"}],"curies":[{"name":"wp","href":"https:\/\/api.w.org\/{rel}","templated":true}]}}