{"id":72405,"date":"2023-10-18T11:34:11","date_gmt":"2023-10-18T09:34:11","guid":{"rendered":"https:\/\/www.ranciliogroup.com\/?p=72405"},"modified":"2025-02-13T12:53:23","modified_gmt":"2025-02-13T11:53:23","slug":"explora-el-mundo-de-egro-ahora-en-instagram","status":"publish","type":"post","link":"https:\/\/www.ranciliogroup.com\/es\/explora-el-mundo-de-egro-ahora-en-instagram\/","title":{"rendered":"Explora el mundo de Egro: ahora en Instagram"},"content":{"rendered":"<p><em>La hist\u00f3rica marca se estrena en las redes sociales durante HostMilano 2023<\/em><\/p>\n<p>&nbsp;<\/p>\n<p>Con ocasi\u00f3n de HostMilano 2023, una cita ineludible programada del 13 al 17 de octubre en Mil\u00e1n, la c\u00e9lebre marca de m\u00e1quinas de caf\u00e9 totalmente autom\u00e1ticas Egro inaugura un nuevo cap\u00edtulo estren\u00e1ndose en el mundo de las redes sociales con el lanzamiento del perfil de Instagram @egro_coffee .<\/p>\n<p>&nbsp;<\/p>\n<p>El perfil de Instagram, con el distintivo hashtag #egro, ofrece una oportunidad \u00fanica para sumergirse en el mundo de las m\u00e1quinas de caf\u00e9 de alta calidad y las innovaciones para el mundo de las m\u00e1quinas totalmente autom\u00e1ticas. Egro presentar\u00e1 su \u00faltimo producto, MoDe, una m\u00e1quina que presenta un rendimiento impecable y un dise\u00f1o vanguardista destinado a agilizar las operaciones de servicio para locales de consumo medio.<\/p>\n<p>&nbsp;<\/p>\n<p>Simona Sordelli, Directora de Marketing y Comunicaci\u00f3n de Rancilio Group, explica: \u00abEs una \u00e9poca de profundas transformaciones. Con Egro, hemos trazado un nuevo rumbo, y queremos compartir esta apasionante historia en Instagram. A trav\u00e9s de contenidos exclusivos, atractivas historias y una narrativa visual, pretendemos ilustrar las prestaciones, el dise\u00f1o y las caracter\u00edsticas t\u00e9cnicas que hacen que nuestro producto sea \u00fanico en el mercado\u00bb.<\/p>\n<p>&nbsp;<\/p>\n<p>Sigue a @egro_coffee para no perderte ni un momento de esta aventura.<\/p>\n<p>&nbsp;<\/p>\n<p><a href=\"https:\/\/www.instagram.com\/egro_coffee\/?igshid=MzRlODBiNWFlZA%3D%3D\">LINK<\/a><\/p>\n<p>&nbsp;<\/p>\n","protected":false},"excerpt":{"rendered":"<p>La hist\u00f3rica marca se estrena en las redes sociales durante HostMilano 2023 &nbsp; Con ocasi\u00f3n de HostMilano 2023, una cita&#8230;<\/p>\n","protected":false},"author":5,"featured_media":72387,"comment_status":"closed","ping_status":"closed","sticky":false,"template":"","format":"standard","meta":[],"categories":[879,887],"tags":[3219,2691],"acf":[],"yoast_head":"<!-- This site is optimized with the Yoast SEO plugin v21.5 - https:\/\/yoast.com\/wordpress\/plugins\/seo\/ -->\n<title>Latest update about Explora el mundo de Egro: ahora en Instagram - Rancilio Group<\/title>\n<meta name=\"description\" content=\"Read Rancilio Group&#039;s latest news about Explora el mundo de Egro: ahora en Instagram\" \/>\n<meta name=\"robots\" content=\"index, follow, max-snippet:-1, max-image-preview:large, max-video-preview:-1\" \/>\n<link rel=\"canonical\" href=\"https:\/\/www.ranciliogroup.com\/es\/explora-el-mundo-de-egro-ahora-en-instagram\/\" \/>\n<meta property=\"og:locale\" content=\"es_ES\" \/>\n<meta property=\"og:type\" content=\"article\" \/>\n<meta property=\"og:title\" content=\"Latest update about Explora el mundo de Egro: ahora en Instagram - Rancilio Group\" \/>\n<meta property=\"og:description\" content=\"Read Rancilio Group&#039;s latest news about Explora el mundo de Egro: ahora en Instagram\" \/>\n<meta property=\"og:url\" content=\"https:\/\/www.ranciliogroup.com\/es\/explora-el-mundo-de-egro-ahora-en-instagram\/\" \/>\n<meta property=\"og:site_name\" content=\"Rancilio Group\" \/>\n<meta property=\"article:publisher\" content=\"https:\/\/www.facebook.com\/RancilioGroup\" \/>\n<meta property=\"article:published_time\" content=\"2023-10-18T09:34:11+00:00\" \/>\n<meta property=\"article:modified_time\" content=\"2025-02-13T11:53:23+00:00\" \/>\n<meta property=\"og:image\" content=\"https:\/\/www.ranciliogroup.com\/app\/uploads\/2023\/10\/EGRO_Ig_feed_mockup_black_web.jpg\" \/>\n\t<meta property=\"og:image:width\" content=\"1311\" \/>\n\t<meta property=\"og:image:height\" content=\"720\" \/>\n\t<meta property=\"og:image:type\" content=\"image\/jpeg\" \/>\n<meta name=\"author\" content=\"temp circular\" \/>\n<meta name=\"twitter:card\" content=\"summary_large_image\" \/>\n<meta name=\"twitter:creator\" content=\"@ranciliogroup\" \/>\n<meta name=\"twitter:site\" content=\"@ranciliogroup\" \/>\n<meta name=\"twitter:label1\" content=\"Written by\" \/>\n\t<meta name=\"twitter:data1\" content=\"temp circular\" \/>\n\t<meta name=\"twitter:label2\" content=\"Est. reading time\" \/>\n\t<meta name=\"twitter:data2\" content=\"1 minute\" \/>\n<script type=\"application\/ld+json\" class=\"yoast-schema-graph\">{\"@context\":\"https:\/\/schema.org\",\"@graph\":[{\"@type\":\"Article\",\"@id\":\"https:\/\/www.ranciliogroup.com\/es\/explora-el-mundo-de-egro-ahora-en-instagram\/#article\",\"isPartOf\":{\"@id\":\"https:\/\/www.ranciliogroup.com\/es\/explora-el-mundo-de-egro-ahora-en-instagram\/\"},\"author\":{\"name\":\"temp circular\",\"@id\":\"https:\/\/www.ranciliogroup.com\/es\/#\/schema\/person\/d6bf0a7dfe74cded3d64da8b2c92814c\"},\"headline\":\"Explora el mundo de Egro: ahora en Instagram\",\"datePublished\":\"2023-10-18T09:34:11+00:00\",\"dateModified\":\"2025-02-13T11:53:23+00:00\",\"mainEntityOfPage\":{\"@id\":\"https:\/\/www.ranciliogroup.com\/es\/explora-el-mundo-de-egro-ahora-en-instagram\/\"},\"wordCount\":231,\"publisher\":{\"@id\":\"https:\/\/www.ranciliogroup.com\/es\/#organization\"},\"keywords\":[\"Instagram\",\"Egro\"],\"articleSection\":[\"Novedades\",\"Prensa\"],\"inLanguage\":\"es-ES\"},{\"@type\":\"WebPage\",\"@id\":\"https:\/\/www.ranciliogroup.com\/es\/explora-el-mundo-de-egro-ahora-en-instagram\/\",\"url\":\"https:\/\/www.ranciliogroup.com\/es\/explora-el-mundo-de-egro-ahora-en-instagram\/\",\"name\":\"Latest update about Explora el mundo de Egro: ahora en Instagram - Rancilio Group\",\"isPartOf\":{\"@id\":\"https:\/\/www.ranciliogroup.com\/es\/#website\"},\"datePublished\":\"2023-10-18T09:34:11+00:00\",\"dateModified\":\"2025-02-13T11:53:23+00:00\",\"description\":\"Read Rancilio Group's latest news about Explora el mundo de Egro: ahora en Instagram\",\"breadcrumb\":{\"@id\":\"https:\/\/www.ranciliogroup.com\/es\/explora-el-mundo-de-egro-ahora-en-instagram\/#breadcrumb\"},\"inLanguage\":\"es-ES\",\"potentialAction\":[{\"@type\":\"ReadAction\",\"target\":[\"https:\/\/www.ranciliogroup.com\/es\/explora-el-mundo-de-egro-ahora-en-instagram\/\"]}]},{\"@type\":\"BreadcrumbList\",\"@id\":\"https:\/\/www.ranciliogroup.com\/es\/explora-el-mundo-de-egro-ahora-en-instagram\/#breadcrumb\",\"itemListElement\":[{\"@type\":\"ListItem\",\"position\":1,\"name\":\"Home\",\"item\":\"https:\/\/www.ranciliogroup.com\/es\/\"},{\"@type\":\"ListItem\",\"position\":2,\"name\":\"Explora el mundo de Egro: ahora en Instagram\"}]},{\"@type\":\"WebSite\",\"@id\":\"https:\/\/www.ranciliogroup.com\/es\/#website\",\"url\":\"https:\/\/www.ranciliogroup.com\/es\/\",\"name\":\"Rancilio Group\",\"description\":\"L\u00edder en M\u00e1quinas de Caf\u00e9 Profesionales\",\"publisher\":{\"@id\":\"https:\/\/www.ranciliogroup.com\/es\/#organization\"},\"potentialAction\":[{\"@type\":\"SearchAction\",\"target\":{\"@type\":\"EntryPoint\",\"urlTemplate\":\"https:\/\/www.ranciliogroup.com\/es\/?s={search_term_string}\"},\"query-input\":\"required name=search_term_string\"}],\"inLanguage\":\"es-ES\"},{\"@type\":\"Organization\",\"@id\":\"https:\/\/www.ranciliogroup.com\/es\/#organization\",\"name\":\"Rancilio Group\",\"url\":\"https:\/\/www.ranciliogroup.com\/es\/\",\"logo\":{\"@type\":\"ImageObject\",\"inLanguage\":\"es-ES\",\"@id\":\"https:\/\/www.ranciliogroup.com\/es\/#\/schema\/logo\/image\/\",\"url\":\"https:\/\/www.ranciliogroup.com\/app\/uploads\/2019\/07\/rancilio_black_logo.png\",\"contentUrl\":\"https:\/\/www.ranciliogroup.com\/app\/uploads\/2019\/07\/rancilio_black_logo.png\",\"width\":447,\"height\":57,\"caption\":\"Rancilio Group\"},\"image\":{\"@id\":\"https:\/\/www.ranciliogroup.com\/es\/#\/schema\/logo\/image\/\"},\"sameAs\":[\"https:\/\/www.facebook.com\/RancilioGroup\",\"https:\/\/twitter.com\/ranciliogroup\",\"https:\/\/www.instagram.com\/rancilio_official\/\",\"https:\/\/www.linkedin.com\/company\/ranciliogroup\/\",\"https:\/\/www.youtube.com\/user\/rancilioadmin\"]},{\"@type\":\"Person\",\"@id\":\"https:\/\/www.ranciliogroup.com\/es\/#\/schema\/person\/d6bf0a7dfe74cded3d64da8b2c92814c\",\"name\":\"temp circular\",\"image\":{\"@type\":\"ImageObject\",\"inLanguage\":\"es-ES\",\"@id\":\"https:\/\/www.ranciliogroup.com\/es\/#\/schema\/person\/image\/\",\"url\":\"https:\/\/secure.gravatar.com\/avatar\/569e71c3b97b8bcad1854d6579b35c5f?s=96&d=mm&r=g\",\"contentUrl\":\"https:\/\/secure.gravatar.com\/avatar\/569e71c3b97b8bcad1854d6579b35c5f?s=96&d=mm&r=g\",\"caption\":\"temp circular\"}}]}<\/script>\n<!-- \/ Yoast SEO plugin. -->","yoast_head_json":{"title":"Latest update about Explora el mundo de Egro: ahora en Instagram - Rancilio Group","description":"Read Rancilio Group's latest news about Explora el mundo de Egro: ahora en Instagram","robots":{"index":"index","follow":"follow","max-snippet":"max-snippet:-1","max-image-preview":"max-image-preview:large","max-video-preview":"max-video-preview:-1"},"canonical":"https:\/\/www.ranciliogroup.com\/es\/explora-el-mundo-de-egro-ahora-en-instagram\/","og_locale":"es_ES","og_type":"article","og_title":"Latest update about Explora el mundo de Egro: ahora en Instagram - Rancilio Group","og_description":"Read Rancilio Group's latest news about Explora el mundo de Egro: ahora en Instagram","og_url":"https:\/\/www.ranciliogroup.com\/es\/explora-el-mundo-de-egro-ahora-en-instagram\/","og_site_name":"Rancilio Group","article_publisher":"https:\/\/www.facebook.com\/RancilioGroup","article_published_time":"2023-10-18T09:34:11+00:00","article_modified_time":"2025-02-13T11:53:23+00:00","og_image":[{"width":1311,"height":720,"url":"https:\/\/www.ranciliogroup.com\/app\/uploads\/2023\/10\/EGRO_Ig_feed_mockup_black_web.jpg","type":"image\/jpeg"}],"author":"temp circular","twitter_card":"summary_large_image","twitter_creator":"@ranciliogroup","twitter_site":"@ranciliogroup","twitter_misc":{"Written by":"temp circular","Est. reading time":"1 minute"},"schema":{"@context":"https:\/\/schema.org","@graph":[{"@type":"Article","@id":"https:\/\/www.ranciliogroup.com\/es\/explora-el-mundo-de-egro-ahora-en-instagram\/#article","isPartOf":{"@id":"https:\/\/www.ranciliogroup.com\/es\/explora-el-mundo-de-egro-ahora-en-instagram\/"},"author":{"name":"temp circular","@id":"https:\/\/www.ranciliogroup.com\/es\/#\/schema\/person\/d6bf0a7dfe74cded3d64da8b2c92814c"},"headline":"Explora el mundo de Egro: ahora en Instagram","datePublished":"2023-10-18T09:34:11+00:00","dateModified":"2025-02-13T11:53:23+00:00","mainEntityOfPage":{"@id":"https:\/\/www.ranciliogroup.com\/es\/explora-el-mundo-de-egro-ahora-en-instagram\/"},"wordCount":231,"publisher":{"@id":"https:\/\/www.ranciliogroup.com\/es\/#organization"},"keywords":["Instagram","Egro"],"articleSection":["Novedades","Prensa"],"inLanguage":"es-ES"},{"@type":"WebPage","@id":"https:\/\/www.ranciliogroup.com\/es\/explora-el-mundo-de-egro-ahora-en-instagram\/","url":"https:\/\/www.ranciliogroup.com\/es\/explora-el-mundo-de-egro-ahora-en-instagram\/","name":"Latest update about Explora el mundo de Egro: ahora en Instagram - Rancilio Group","isPartOf":{"@id":"https:\/\/www.ranciliogroup.com\/es\/#website"},"datePublished":"2023-10-18T09:34:11+00:00","dateModified":"2025-02-13T11:53:23+00:00","description":"Read Rancilio Group's latest news about Explora el mundo de Egro: ahora en Instagram","breadcrumb":{"@id":"https:\/\/www.ranciliogroup.com\/es\/explora-el-mundo-de-egro-ahora-en-instagram\/#breadcrumb"},"inLanguage":"es-ES","potentialAction":[{"@type":"ReadAction","target":["https:\/\/www.ranciliogroup.com\/es\/explora-el-mundo-de-egro-ahora-en-instagram\/"]}]},{"@type":"BreadcrumbList","@id":"https:\/\/www.ranciliogroup.com\/es\/explora-el-mundo-de-egro-ahora-en-instagram\/#breadcrumb","itemListElement":[{"@type":"ListItem","position":1,"name":"Home","item":"https:\/\/www.ranciliogroup.com\/es\/"},{"@type":"ListItem","position":2,"name":"Explora el mundo de Egro: ahora en Instagram"}]},{"@type":"WebSite","@id":"https:\/\/www.ranciliogroup.com\/es\/#website","url":"https:\/\/www.ranciliogroup.com\/es\/","name":"Rancilio Group","description":"L\u00edder en M\u00e1quinas de Caf\u00e9 Profesionales","publisher":{"@id":"https:\/\/www.ranciliogroup.com\/es\/#organization"},"potentialAction":[{"@type":"SearchAction","target":{"@type":"EntryPoint","urlTemplate":"https:\/\/www.ranciliogroup.com\/es\/?s={search_term_string}"},"query-input":"required name=search_term_string"}],"inLanguage":"es-ES"},{"@type":"Organization","@id":"https:\/\/www.ranciliogroup.com\/es\/#organization","name":"Rancilio Group","url":"https:\/\/www.ranciliogroup.com\/es\/","logo":{"@type":"ImageObject","inLanguage":"es-ES","@id":"https:\/\/www.ranciliogroup.com\/es\/#\/schema\/logo\/image\/","url":"https:\/\/www.ranciliogroup.com\/app\/uploads\/2019\/07\/rancilio_black_logo.png","contentUrl":"https:\/\/www.ranciliogroup.com\/app\/uploads\/2019\/07\/rancilio_black_logo.png","width":447,"height":57,"caption":"Rancilio Group"},"image":{"@id":"https:\/\/www.ranciliogroup.com\/es\/#\/schema\/logo\/image\/"},"sameAs":["https:\/\/www.facebook.com\/RancilioGroup","https:\/\/twitter.com\/ranciliogroup","https:\/\/www.instagram.com\/rancilio_official\/","https:\/\/www.linkedin.com\/company\/ranciliogroup\/","https:\/\/www.youtube.com\/user\/rancilioadmin"]},{"@type":"Person","@id":"https:\/\/www.ranciliogroup.com\/es\/#\/schema\/person\/d6bf0a7dfe74cded3d64da8b2c92814c","name":"temp circular","image":{"@type":"ImageObject","inLanguage":"es-ES","@id":"https:\/\/www.ranciliogroup.com\/es\/#\/schema\/person\/image\/","url":"https:\/\/secure.gravatar.com\/avatar\/569e71c3b97b8bcad1854d6579b35c5f?s=96&d=mm&r=g","contentUrl":"https:\/\/secure.gravatar.com\/avatar\/569e71c3b97b8bcad1854d6579b35c5f?s=96&d=mm&r=g","caption":"temp circular"}}]}},"_links":{"self":[{"href":"https:\/\/www.ranciliogroup.com\/es\/wp-json\/wp\/v2\/posts\/72405"}],"collection":[{"href":"https:\/\/www.ranciliogroup.com\/es\/wp-json\/wp\/v2\/posts"}],"about":[{"href":"https:\/\/www.ranciliogroup.com\/es\/wp-json\/wp\/v2\/types\/post"}],"author":[{"embeddable":true,"href":"https:\/\/www.ranciliogroup.com\/es\/wp-json\/wp\/v2\/users\/5"}],"replies":[{"embeddable":true,"href":"https:\/\/www.ranciliogroup.com\/es\/wp-json\/wp\/v2\/comments?post=72405"}],"version-history":[{"count":1,"href":"https:\/\/www.ranciliogroup.com\/es\/wp-json\/wp\/v2\/posts\/72405\/revisions"}],"predecessor-version":[{"id":72406,"href":"https:\/\/www.ranciliogroup.com\/es\/wp-json\/wp\/v2\/posts\/72405\/revisions\/72406"}],"wp:featuredmedia":[{"embeddable":true,"href":"https:\/\/www.ranciliogroup.com\/es\/wp-json\/wp\/v2\/media\/72387"}],"wp:attachment":[{"href":"https:\/\/www.ranciliogroup.com\/es\/wp-json\/wp\/v2\/media?parent=72405"}],"wp:term":[{"taxonomy":"category","embeddable":true,"href":"https:\/\/www.ranciliogroup.com\/es\/wp-json\/wp\/v2\/categories?post=72405"},{"taxonomy":"post_tag","embeddable":true,"href":"https:\/\/www.ranciliogroup.com\/es\/wp-json\/wp\/v2\/tags?post=72405"}],"curies":[{"name":"wp","href":"https:\/\/api.w.org\/{rel}","templated":true}]}}