{"id":72631,"date":"2023-11-15T17:01:28","date_gmt":"2023-11-15T16:01:28","guid":{"rendered":"https:\/\/www.ranciliogroup.com\/?p=72631"},"modified":"2023-11-15T17:01:28","modified_gmt":"2023-11-15T16:01:28","slug":"rancilio-group-en-el-edificio-de-la-secretaria-de-las-naciones-unidas-para-journey-in-italy","status":"publish","type":"post","link":"https:\/\/www.ranciliogroup.com\/es\/rancilio-group-en-el-edificio-de-la-secretaria-de-las-naciones-unidas-para-journey-in-italy\/","title":{"rendered":"Rancilio Group en el edificio de la Secretar\u00eda de las Naciones Unidas para Journey in Italy"},"content":{"rendered":"<p>El 16 de noviembre, Rancilio Group ser\u00e1 uno de los participantes en el simposio Journey in Italy, que se celebrar\u00e1 en la sede de las Naciones Unidas en Nueva York. El simposio, titulado \u00abEl sabor del bienestar sostenible: di\u00e1logo entre la dieta mediterr\u00e1nea y la cocina africana\u00bb, est\u00e1 patrocinado por las Naciones Unidas, el Ministerio de Asuntos Exteriores italiano y otras destacadas instituciones internacionales.<\/p>\n<p>La m\u00e1quina de caf\u00e9 espresso profesional multicaldera Rancilio Specialty RS1, equipada con la tecnolog\u00eda Advanced Temperature Profiling, el molinillo a la carta Rancilio Kryo Evo 65 OD y Lavazza ser\u00e1n los portavoces de los beneficios del caf\u00e9 preparado seg\u00fan la tradici\u00f3n italiana. Si se consume con moderaci\u00f3n y de forma regular, el caf\u00e9 es un elemento positivo dentro de la Dieta Mediterr\u00e1nea, contribuyendo a la reducci\u00f3n de los riesgos relacionados con la mortalidad y las enfermedades cardiovasculares.<\/p>\n<p>El simposio se centrar\u00e1 en la Dieta Mediterr\u00e1nea, hoy universalmente reconocida como un modelo de estilo de vida positivo para la salud f\u00edsica y mental. Los beneficios de este enfoque alimentario se extienden tambi\u00e9n a la sostenibilidad y la regeneraci\u00f3n, en l\u00ednea con los Objetivos de Desarrollo Sostenible de la ONU.<\/p>\n<p>El programa completo de Journey in Italy, dividido en doce convocatorias entre el 14 y el 18 de noviembre de 2023 en once ciudades de todo el mundo, pretende ser un lugar para el di\u00e1logo y el intercambio cultural sobre los principios de la Dieta Mediterr\u00e1nea, y c\u00f3mo esta puede reflejarse armoniosamente en las diferentes cocinas culturales del sur y del norte global.<\/p>\n<p>&nbsp;<\/p>\n<p><strong>Journey in Italy | Rancilio Group<\/strong><br \/>\n16 de noviembre de 2023<br \/>\n<a href=\"https:\/\/www.google.com\/maps\/place\/United+Nations+Headquarters\/@40.7493281,-73.9705044,17z\/data=!4m14!1m7!3m6!1s0x89c2591ce0874d11:0xc5fae28bdd3df635!2sUnited+Nations+Headquarters!8m2!3d40.7493281!4d-73.9679241!16zL20vMDE5dnNk!3m5!1s0x89c2591ce0874d11:0xc5fae28bdd3df635!8m2!3d40.7493281!4d-73.9679241!16zL20vMDE5dnNk?authuser=0&amp;entry=ttu\"><strong>Edificio de la Secretar\u00eda de las Naciones Unidas <\/strong><\/a><br \/>\nSede de la ONU<br \/>\n405 E 45th St, Nueva York<br \/>\nNY 10017, EE. UU.<\/p>\n<p>&nbsp;<\/p>\n<p><strong>M\u00e1s informaci\u00f3n sobre el evento:<\/strong><br \/>\n<a href=\"https:\/\/journeyinitaly.com\/\">https:\/\/journeyinitaly.com\/<\/a><\/p>\n","protected":false},"excerpt":{"rendered":"<p>El 16 de noviembre, Rancilio Group ser\u00e1 uno de los participantes en el simposio Journey in Italy, que se celebrar\u00e1&#8230;<\/p>\n","protected":false},"author":5,"featured_media":72593,"comment_status":"closed","ping_status":"closed","sticky":false,"template":"","format":"standard","meta":[],"categories":[862],"tags":[3295,3297,3296,2637,2589],"acf":[],"yoast_head":"<!-- This site is optimized with the Yoast SEO plugin v21.5 - https:\/\/yoast.com\/wordpress\/plugins\/seo\/ -->\n<title>Latest update about Rancilio Group en el edificio de la Secretar\u00eda de las Naciones Unidas para Journey in Italy - Rancilio Group<\/title>\n<meta name=\"description\" content=\"Read Rancilio Group&#039;s latest news about Rancilio Group en el edificio de la Secretar\u00eda de las Naciones Unidas para Journey in Italy\" \/>\n<meta name=\"robots\" content=\"index, follow, max-snippet:-1, max-image-preview:large, max-video-preview:-1\" \/>\n<link rel=\"canonical\" href=\"https:\/\/www.ranciliogroup.com\/es\/rancilio-group-en-el-edificio-de-la-secretaria-de-las-naciones-unidas-para-journey-in-italy\/\" \/>\n<meta property=\"og:locale\" content=\"es_ES\" \/>\n<meta property=\"og:type\" content=\"article\" \/>\n<meta property=\"og:title\" content=\"Latest update about Rancilio Group en el edificio de la Secretar\u00eda de las Naciones Unidas para Journey in Italy - Rancilio Group\" \/>\n<meta property=\"og:description\" content=\"Read Rancilio Group&#039;s latest news about Rancilio Group en el edificio de la Secretar\u00eda de las Naciones Unidas para Journey in Italy\" \/>\n<meta property=\"og:url\" content=\"https:\/\/www.ranciliogroup.com\/es\/rancilio-group-en-el-edificio-de-la-secretaria-de-las-naciones-unidas-para-journey-in-italy\/\" \/>\n<meta property=\"og:site_name\" content=\"Rancilio Group\" \/>\n<meta property=\"article:publisher\" content=\"https:\/\/www.facebook.com\/RancilioGroup\" \/>\n<meta property=\"article:published_time\" content=\"2023-11-15T16:01:28+00:00\" \/>\n<meta property=\"og:image\" content=\"https:\/\/www.ranciliogroup.com\/app\/uploads\/2023\/11\/rancilio-group-journey-in-italy-2023.jpg\" \/>\n\t<meta property=\"og:image:width\" content=\"1080\" \/>\n\t<meta property=\"og:image:height\" content=\"720\" \/>\n\t<meta property=\"og:image:type\" content=\"image\/jpeg\" \/>\n<meta name=\"author\" content=\"temp circular\" \/>\n<meta name=\"twitter:card\" content=\"summary_large_image\" \/>\n<meta name=\"twitter:creator\" content=\"@ranciliogroup\" \/>\n<meta name=\"twitter:site\" content=\"@ranciliogroup\" \/>\n<meta name=\"twitter:label1\" content=\"Written by\" \/>\n\t<meta name=\"twitter:data1\" content=\"temp circular\" \/>\n\t<meta name=\"twitter:label2\" content=\"Est. reading time\" \/>\n\t<meta name=\"twitter:data2\" content=\"2 minutes\" \/>\n<script type=\"application\/ld+json\" class=\"yoast-schema-graph\">{\"@context\":\"https:\/\/schema.org\",\"@graph\":[{\"@type\":\"Article\",\"@id\":\"https:\/\/www.ranciliogroup.com\/es\/rancilio-group-en-el-edificio-de-la-secretaria-de-las-naciones-unidas-para-journey-in-italy\/#article\",\"isPartOf\":{\"@id\":\"https:\/\/www.ranciliogroup.com\/es\/rancilio-group-en-el-edificio-de-la-secretaria-de-las-naciones-unidas-para-journey-in-italy\/\"},\"author\":{\"name\":\"temp circular\",\"@id\":\"https:\/\/www.ranciliogroup.com\/es\/#\/schema\/person\/d6bf0a7dfe74cded3d64da8b2c92814c\"},\"headline\":\"Rancilio Group en el edificio de la Secretar\u00eda de las Naciones Unidas para Journey in Italy\",\"datePublished\":\"2023-11-15T16:01:28+00:00\",\"dateModified\":\"2023-11-15T16:01:28+00:00\",\"mainEntityOfPage\":{\"@id\":\"https:\/\/www.ranciliogroup.com\/es\/rancilio-group-en-el-edificio-de-la-secretaria-de-las-naciones-unidas-para-journey-in-italy\/\"},\"wordCount\":326,\"publisher\":{\"@id\":\"https:\/\/www.ranciliogroup.com\/es\/#organization\"},\"keywords\":[\"Lavazza\",\"ONU\",\"Journey in Italy\",\"Kryo\",\"RS1\"],\"articleSection\":[\"Eventos\"],\"inLanguage\":\"es-ES\"},{\"@type\":\"WebPage\",\"@id\":\"https:\/\/www.ranciliogroup.com\/es\/rancilio-group-en-el-edificio-de-la-secretaria-de-las-naciones-unidas-para-journey-in-italy\/\",\"url\":\"https:\/\/www.ranciliogroup.com\/es\/rancilio-group-en-el-edificio-de-la-secretaria-de-las-naciones-unidas-para-journey-in-italy\/\",\"name\":\"Latest update about Rancilio Group en el edificio de la Secretar\u00eda de las Naciones Unidas para Journey in Italy - Rancilio Group\",\"isPartOf\":{\"@id\":\"https:\/\/www.ranciliogroup.com\/es\/#website\"},\"datePublished\":\"2023-11-15T16:01:28+00:00\",\"dateModified\":\"2023-11-15T16:01:28+00:00\",\"description\":\"Read Rancilio Group's latest news about Rancilio Group en el edificio de la Secretar\u00eda de las Naciones Unidas para Journey in Italy\",\"breadcrumb\":{\"@id\":\"https:\/\/www.ranciliogroup.com\/es\/rancilio-group-en-el-edificio-de-la-secretaria-de-las-naciones-unidas-para-journey-in-italy\/#breadcrumb\"},\"inLanguage\":\"es-ES\",\"potentialAction\":[{\"@type\":\"ReadAction\",\"target\":[\"https:\/\/www.ranciliogroup.com\/es\/rancilio-group-en-el-edificio-de-la-secretaria-de-las-naciones-unidas-para-journey-in-italy\/\"]}]},{\"@type\":\"BreadcrumbList\",\"@id\":\"https:\/\/www.ranciliogroup.com\/es\/rancilio-group-en-el-edificio-de-la-secretaria-de-las-naciones-unidas-para-journey-in-italy\/#breadcrumb\",\"itemListElement\":[{\"@type\":\"ListItem\",\"position\":1,\"name\":\"Home\",\"item\":\"https:\/\/www.ranciliogroup.com\/es\/\"},{\"@type\":\"ListItem\",\"position\":2,\"name\":\"Rancilio Group en el edificio de la Secretar\u00eda de las Naciones Unidas para Journey in Italy\"}]},{\"@type\":\"WebSite\",\"@id\":\"https:\/\/www.ranciliogroup.com\/es\/#website\",\"url\":\"https:\/\/www.ranciliogroup.com\/es\/\",\"name\":\"Rancilio Group\",\"description\":\"L\u00edder en M\u00e1quinas de Caf\u00e9 Profesionales\",\"publisher\":{\"@id\":\"https:\/\/www.ranciliogroup.com\/es\/#organization\"},\"potentialAction\":[{\"@type\":\"SearchAction\",\"target\":{\"@type\":\"EntryPoint\",\"urlTemplate\":\"https:\/\/www.ranciliogroup.com\/es\/?s={search_term_string}\"},\"query-input\":\"required name=search_term_string\"}],\"inLanguage\":\"es-ES\"},{\"@type\":\"Organization\",\"@id\":\"https:\/\/www.ranciliogroup.com\/es\/#organization\",\"name\":\"Rancilio Group\",\"url\":\"https:\/\/www.ranciliogroup.com\/es\/\",\"logo\":{\"@type\":\"ImageObject\",\"inLanguage\":\"es-ES\",\"@id\":\"https:\/\/www.ranciliogroup.com\/es\/#\/schema\/logo\/image\/\",\"url\":\"https:\/\/www.ranciliogroup.com\/app\/uploads\/2019\/07\/rancilio_black_logo.png\",\"contentUrl\":\"https:\/\/www.ranciliogroup.com\/app\/uploads\/2019\/07\/rancilio_black_logo.png\",\"width\":447,\"height\":57,\"caption\":\"Rancilio Group\"},\"image\":{\"@id\":\"https:\/\/www.ranciliogroup.com\/es\/#\/schema\/logo\/image\/\"},\"sameAs\":[\"https:\/\/www.facebook.com\/RancilioGroup\",\"https:\/\/twitter.com\/ranciliogroup\",\"https:\/\/www.instagram.com\/rancilio_official\/\",\"https:\/\/www.linkedin.com\/company\/ranciliogroup\/\",\"https:\/\/www.youtube.com\/user\/rancilioadmin\"]},{\"@type\":\"Person\",\"@id\":\"https:\/\/www.ranciliogroup.com\/es\/#\/schema\/person\/d6bf0a7dfe74cded3d64da8b2c92814c\",\"name\":\"temp circular\",\"image\":{\"@type\":\"ImageObject\",\"inLanguage\":\"es-ES\",\"@id\":\"https:\/\/www.ranciliogroup.com\/es\/#\/schema\/person\/image\/\",\"url\":\"https:\/\/secure.gravatar.com\/avatar\/569e71c3b97b8bcad1854d6579b35c5f?s=96&d=mm&r=g\",\"contentUrl\":\"https:\/\/secure.gravatar.com\/avatar\/569e71c3b97b8bcad1854d6579b35c5f?s=96&d=mm&r=g\",\"caption\":\"temp circular\"}}]}<\/script>\n<!-- \/ Yoast SEO plugin. -->","yoast_head_json":{"title":"Latest update about Rancilio Group en el edificio de la Secretar\u00eda de las Naciones Unidas para Journey in Italy - Rancilio Group","description":"Read Rancilio Group's latest news about Rancilio Group en el edificio de la Secretar\u00eda de las Naciones Unidas para Journey in Italy","robots":{"index":"index","follow":"follow","max-snippet":"max-snippet:-1","max-image-preview":"max-image-preview:large","max-video-preview":"max-video-preview:-1"},"canonical":"https:\/\/www.ranciliogroup.com\/es\/rancilio-group-en-el-edificio-de-la-secretaria-de-las-naciones-unidas-para-journey-in-italy\/","og_locale":"es_ES","og_type":"article","og_title":"Latest update about Rancilio Group en el edificio de la Secretar\u00eda de las Naciones Unidas para Journey in Italy - Rancilio Group","og_description":"Read Rancilio Group's latest news about Rancilio Group en el edificio de la Secretar\u00eda de las Naciones Unidas para Journey in Italy","og_url":"https:\/\/www.ranciliogroup.com\/es\/rancilio-group-en-el-edificio-de-la-secretaria-de-las-naciones-unidas-para-journey-in-italy\/","og_site_name":"Rancilio Group","article_publisher":"https:\/\/www.facebook.com\/RancilioGroup","article_published_time":"2023-11-15T16:01:28+00:00","og_image":[{"width":1080,"height":720,"url":"https:\/\/www.ranciliogroup.com\/app\/uploads\/2023\/11\/rancilio-group-journey-in-italy-2023.jpg","type":"image\/jpeg"}],"author":"temp circular","twitter_card":"summary_large_image","twitter_creator":"@ranciliogroup","twitter_site":"@ranciliogroup","twitter_misc":{"Written by":"temp circular","Est. reading time":"2 minutes"},"schema":{"@context":"https:\/\/schema.org","@graph":[{"@type":"Article","@id":"https:\/\/www.ranciliogroup.com\/es\/rancilio-group-en-el-edificio-de-la-secretaria-de-las-naciones-unidas-para-journey-in-italy\/#article","isPartOf":{"@id":"https:\/\/www.ranciliogroup.com\/es\/rancilio-group-en-el-edificio-de-la-secretaria-de-las-naciones-unidas-para-journey-in-italy\/"},"author":{"name":"temp circular","@id":"https:\/\/www.ranciliogroup.com\/es\/#\/schema\/person\/d6bf0a7dfe74cded3d64da8b2c92814c"},"headline":"Rancilio Group en el edificio de la Secretar\u00eda de las Naciones Unidas para Journey in Italy","datePublished":"2023-11-15T16:01:28+00:00","dateModified":"2023-11-15T16:01:28+00:00","mainEntityOfPage":{"@id":"https:\/\/www.ranciliogroup.com\/es\/rancilio-group-en-el-edificio-de-la-secretaria-de-las-naciones-unidas-para-journey-in-italy\/"},"wordCount":326,"publisher":{"@id":"https:\/\/www.ranciliogroup.com\/es\/#organization"},"keywords":["Lavazza","ONU","Journey in Italy","Kryo","RS1"],"articleSection":["Eventos"],"inLanguage":"es-ES"},{"@type":"WebPage","@id":"https:\/\/www.ranciliogroup.com\/es\/rancilio-group-en-el-edificio-de-la-secretaria-de-las-naciones-unidas-para-journey-in-italy\/","url":"https:\/\/www.ranciliogroup.com\/es\/rancilio-group-en-el-edificio-de-la-secretaria-de-las-naciones-unidas-para-journey-in-italy\/","name":"Latest update about Rancilio Group en el edificio de la Secretar\u00eda de las Naciones Unidas para Journey in Italy - Rancilio Group","isPartOf":{"@id":"https:\/\/www.ranciliogroup.com\/es\/#website"},"datePublished":"2023-11-15T16:01:28+00:00","dateModified":"2023-11-15T16:01:28+00:00","description":"Read Rancilio Group's latest news about Rancilio Group en el edificio de la Secretar\u00eda de las Naciones Unidas para Journey in Italy","breadcrumb":{"@id":"https:\/\/www.ranciliogroup.com\/es\/rancilio-group-en-el-edificio-de-la-secretaria-de-las-naciones-unidas-para-journey-in-italy\/#breadcrumb"},"inLanguage":"es-ES","potentialAction":[{"@type":"ReadAction","target":["https:\/\/www.ranciliogroup.com\/es\/rancilio-group-en-el-edificio-de-la-secretaria-de-las-naciones-unidas-para-journey-in-italy\/"]}]},{"@type":"BreadcrumbList","@id":"https:\/\/www.ranciliogroup.com\/es\/rancilio-group-en-el-edificio-de-la-secretaria-de-las-naciones-unidas-para-journey-in-italy\/#breadcrumb","itemListElement":[{"@type":"ListItem","position":1,"name":"Home","item":"https:\/\/www.ranciliogroup.com\/es\/"},{"@type":"ListItem","position":2,"name":"Rancilio Group en el edificio de la Secretar\u00eda de las Naciones Unidas para Journey in Italy"}]},{"@type":"WebSite","@id":"https:\/\/www.ranciliogroup.com\/es\/#website","url":"https:\/\/www.ranciliogroup.com\/es\/","name":"Rancilio Group","description":"L\u00edder en M\u00e1quinas de Caf\u00e9 Profesionales","publisher":{"@id":"https:\/\/www.ranciliogroup.com\/es\/#organization"},"potentialAction":[{"@type":"SearchAction","target":{"@type":"EntryPoint","urlTemplate":"https:\/\/www.ranciliogroup.com\/es\/?s={search_term_string}"},"query-input":"required name=search_term_string"}],"inLanguage":"es-ES"},{"@type":"Organization","@id":"https:\/\/www.ranciliogroup.com\/es\/#organization","name":"Rancilio Group","url":"https:\/\/www.ranciliogroup.com\/es\/","logo":{"@type":"ImageObject","inLanguage":"es-ES","@id":"https:\/\/www.ranciliogroup.com\/es\/#\/schema\/logo\/image\/","url":"https:\/\/www.ranciliogroup.com\/app\/uploads\/2019\/07\/rancilio_black_logo.png","contentUrl":"https:\/\/www.ranciliogroup.com\/app\/uploads\/2019\/07\/rancilio_black_logo.png","width":447,"height":57,"caption":"Rancilio Group"},"image":{"@id":"https:\/\/www.ranciliogroup.com\/es\/#\/schema\/logo\/image\/"},"sameAs":["https:\/\/www.facebook.com\/RancilioGroup","https:\/\/twitter.com\/ranciliogroup","https:\/\/www.instagram.com\/rancilio_official\/","https:\/\/www.linkedin.com\/company\/ranciliogroup\/","https:\/\/www.youtube.com\/user\/rancilioadmin"]},{"@type":"Person","@id":"https:\/\/www.ranciliogroup.com\/es\/#\/schema\/person\/d6bf0a7dfe74cded3d64da8b2c92814c","name":"temp circular","image":{"@type":"ImageObject","inLanguage":"es-ES","@id":"https:\/\/www.ranciliogroup.com\/es\/#\/schema\/person\/image\/","url":"https:\/\/secure.gravatar.com\/avatar\/569e71c3b97b8bcad1854d6579b35c5f?s=96&d=mm&r=g","contentUrl":"https:\/\/secure.gravatar.com\/avatar\/569e71c3b97b8bcad1854d6579b35c5f?s=96&d=mm&r=g","caption":"temp circular"}}]}},"_links":{"self":[{"href":"https:\/\/www.ranciliogroup.com\/es\/wp-json\/wp\/v2\/posts\/72631"}],"collection":[{"href":"https:\/\/www.ranciliogroup.com\/es\/wp-json\/wp\/v2\/posts"}],"about":[{"href":"https:\/\/www.ranciliogroup.com\/es\/wp-json\/wp\/v2\/types\/post"}],"author":[{"embeddable":true,"href":"https:\/\/www.ranciliogroup.com\/es\/wp-json\/wp\/v2\/users\/5"}],"replies":[{"embeddable":true,"href":"https:\/\/www.ranciliogroup.com\/es\/wp-json\/wp\/v2\/comments?post=72631"}],"version-history":[{"count":2,"href":"https:\/\/www.ranciliogroup.com\/es\/wp-json\/wp\/v2\/posts\/72631\/revisions"}],"predecessor-version":[{"id":72633,"href":"https:\/\/www.ranciliogroup.com\/es\/wp-json\/wp\/v2\/posts\/72631\/revisions\/72633"}],"wp:featuredmedia":[{"embeddable":true,"href":"https:\/\/www.ranciliogroup.com\/es\/wp-json\/wp\/v2\/media\/72593"}],"wp:attachment":[{"href":"https:\/\/www.ranciliogroup.com\/es\/wp-json\/wp\/v2\/media?parent=72631"}],"wp:term":[{"taxonomy":"category","embeddable":true,"href":"https:\/\/www.ranciliogroup.com\/es\/wp-json\/wp\/v2\/categories?post=72631"},{"taxonomy":"post_tag","embeddable":true,"href":"https:\/\/www.ranciliogroup.com\/es\/wp-json\/wp\/v2\/tags?post=72631"}],"curies":[{"name":"wp","href":"https:\/\/api.w.org\/{rel}","templated":true}]}}