{"id":72748,"date":"2023-12-15T12:25:58","date_gmt":"2023-12-15T11:25:58","guid":{"rendered":"https:\/\/www.ranciliogroup.com\/?p=72748"},"modified":"2023-12-15T12:25:58","modified_gmt":"2023-12-15T11:25:58","slug":"rancilio-specialty-vuela-a-dubai-para-la-ultima-competicion-de-la-barista-league","status":"publish","type":"post","link":"https:\/\/www.ranciliogroup.com\/es\/rancilio-specialty-vuela-a-dubai-para-la-ultima-competicion-de-la-barista-league\/","title":{"rendered":"Rancilio Specialty vuela a Dub\u00e1i para la \u00faltima competici\u00f3n de la Barista League"},"content":{"rendered":"<p>Rancilio Specialty RS1 es la patrocinadora oficial de la pr\u00f3xima competici\u00f3n Barista League, que se celebrar\u00e1 en el peculiar e industrial, pero chic, RAW Coffee Company de Dub\u00e1i el 23 de enero de 2024.<\/p>\n<p>Conocida por su tecnolog\u00eda de vanguardia Advanced Temperature Profiling, la cafetera multicaldera RS1 ayudar\u00e1 a 24 audaces baristas a demostrar su talento y perfeccionar sus recetas de caf\u00e9.<\/p>\n<p>En este din\u00e1mico evento, los baristas se enfrentar\u00e1n en tres emocionantes rondas de desaf\u00edos, cada una de ellas dise\u00f1ada para poner a prueba su creatividad, velocidad y destreza general en la preparaci\u00f3n de caf\u00e9. Un distinguido panel de expertos del mundo del caf\u00e9 conformar\u00e1 el jurado y exigir\u00e1 a los concursantes la m\u00e1xima excelencia.<\/p>\n<p>Como siempre, los participantes en el evento ya pueden prepararse para una noche llena de buen rollo, ricas bebidas y un DJ brutal. Ven con nosotros para descubrir al pr\u00f3ximo campe\u00f3n de la Barista League.<\/p>\n<p>Las entradas est\u00e1n a la venta en <a href=\"https:\/\/www.tickettailor.com\/events\/thebaristaleague\/822535\">tickettailor.com<\/a><\/p>\n<p>&nbsp;<\/p>\n<p>&nbsp;<\/p>\n<p><strong>Barista League Dubai<\/strong><br \/>\nMartes 23 de enero de 2024<br \/>\nDe 18:00 a 23:00 h<br \/>\n<a href=\"https:\/\/www.google.com\/maps\/place\/RAW+Coffee+Company\/@25.1508404,55.2271809,17z\/data=!4m6!3m5!1s0x3e5f6bcfbf26206d:0xdefae06fb4392e39!8m2!3d25.1508404!4d55.2271809!16s%2Fg%2F1tdl4m5l?entry=ttu\">RAW Coffee Company<\/a><br \/>\nAlmac\u00e9n junto al parking RTA WH10, Cnr 7A y 4A Street, Al Quoz, Al Manara<br \/>\nDub\u00e1i, Emiratos \u00c1rabes Unidos<\/p>\n<p>&nbsp;<\/p>\n<p><strong>Sigue el evento a trav\u00e9s de nuestra p\u00e1gina oficial de Instagram<\/strong><br \/>\n@ranciliospecialty #ranciliospecialty<\/p>\n<p>&nbsp;<\/p>\n<p><a href=\"https:\/\/www.ranciliogroup.com\/es\/specialty\/RS1\/\"><strong>M\u00e1s informaci\u00f3n sobre la Rancilio Specialty RS1<\/strong><\/a><\/p>\n","protected":false},"excerpt":{"rendered":"<p>Rancilio Specialty RS1 es la patrocinadora oficial de la pr\u00f3xima competici\u00f3n Barista League, que se celebrar\u00e1 en el peculiar e&#8230;<\/p>\n","protected":false},"author":5,"featured_media":72730,"comment_status":"closed","ping_status":"closed","sticky":false,"template":"","format":"standard","meta":[],"categories":[862],"tags":[2746,2591,2589],"acf":[],"yoast_head":"<!-- This site is optimized with the Yoast SEO plugin v21.5 - https:\/\/yoast.com\/wordpress\/plugins\/seo\/ -->\n<title>Latest update about Rancilio Specialty vuela a Dub\u00e1i para la \u00faltima competici\u00f3n de la Barista League - Rancilio Group<\/title>\n<meta name=\"description\" content=\"Read Rancilio Group&#039;s latest news about Rancilio Specialty vuela a Dub\u00e1i para la \u00faltima competici\u00f3n de la Barista League\" \/>\n<meta name=\"robots\" content=\"index, follow, max-snippet:-1, max-image-preview:large, max-video-preview:-1\" \/>\n<link rel=\"canonical\" href=\"https:\/\/www.ranciliogroup.com\/es\/rancilio-specialty-vuela-a-dubai-para-la-ultima-competicion-de-la-barista-league\/\" \/>\n<meta property=\"og:locale\" content=\"es_ES\" \/>\n<meta property=\"og:type\" content=\"article\" \/>\n<meta property=\"og:title\" content=\"Latest update about Rancilio Specialty vuela a Dub\u00e1i para la \u00faltima competici\u00f3n de la Barista League - Rancilio Group\" \/>\n<meta property=\"og:description\" content=\"Read Rancilio Group&#039;s latest news about Rancilio Specialty vuela a Dub\u00e1i para la \u00faltima competici\u00f3n de la Barista League\" \/>\n<meta property=\"og:url\" content=\"https:\/\/www.ranciliogroup.com\/es\/rancilio-specialty-vuela-a-dubai-para-la-ultima-competicion-de-la-barista-league\/\" \/>\n<meta property=\"og:site_name\" content=\"Rancilio Group\" \/>\n<meta property=\"article:publisher\" content=\"https:\/\/www.facebook.com\/RancilioGroup\" \/>\n<meta property=\"article:published_time\" content=\"2023-12-15T11:25:58+00:00\" \/>\n<meta property=\"og:image\" content=\"https:\/\/www.ranciliogroup.com\/app\/uploads\/2023\/12\/the-barista-league-madrid-rancilio-specialty.jpg\" \/>\n\t<meta property=\"og:image:width\" content=\"1080\" \/>\n\t<meta property=\"og:image:height\" content=\"720\" \/>\n\t<meta property=\"og:image:type\" content=\"image\/jpeg\" \/>\n<meta name=\"author\" content=\"temp circular\" \/>\n<meta name=\"twitter:card\" content=\"summary_large_image\" \/>\n<meta name=\"twitter:creator\" content=\"@ranciliogroup\" \/>\n<meta name=\"twitter:site\" content=\"@ranciliogroup\" \/>\n<meta name=\"twitter:label1\" content=\"Written by\" \/>\n\t<meta name=\"twitter:data1\" content=\"temp circular\" \/>\n\t<meta name=\"twitter:label2\" content=\"Est. reading time\" \/>\n\t<meta name=\"twitter:data2\" content=\"1 minute\" \/>\n<script type=\"application\/ld+json\" class=\"yoast-schema-graph\">{\"@context\":\"https:\/\/schema.org\",\"@graph\":[{\"@type\":\"Article\",\"@id\":\"https:\/\/www.ranciliogroup.com\/es\/rancilio-specialty-vuela-a-dubai-para-la-ultima-competicion-de-la-barista-league\/#article\",\"isPartOf\":{\"@id\":\"https:\/\/www.ranciliogroup.com\/es\/rancilio-specialty-vuela-a-dubai-para-la-ultima-competicion-de-la-barista-league\/\"},\"author\":{\"name\":\"temp circular\",\"@id\":\"https:\/\/www.ranciliogroup.com\/es\/#\/schema\/person\/d6bf0a7dfe74cded3d64da8b2c92814c\"},\"headline\":\"Rancilio Specialty vuela a Dub\u00e1i para la \u00faltima competici\u00f3n de la Barista League\",\"datePublished\":\"2023-12-15T11:25:58+00:00\",\"dateModified\":\"2023-12-15T11:25:58+00:00\",\"mainEntityOfPage\":{\"@id\":\"https:\/\/www.ranciliogroup.com\/es\/rancilio-specialty-vuela-a-dubai-para-la-ultima-competicion-de-la-barista-league\/\"},\"wordCount\":247,\"publisher\":{\"@id\":\"https:\/\/www.ranciliogroup.com\/es\/#organization\"},\"keywords\":[\"Dubai\",\"Barista League\",\"RS1\"],\"articleSection\":[\"Eventos\"],\"inLanguage\":\"es-ES\"},{\"@type\":\"WebPage\",\"@id\":\"https:\/\/www.ranciliogroup.com\/es\/rancilio-specialty-vuela-a-dubai-para-la-ultima-competicion-de-la-barista-league\/\",\"url\":\"https:\/\/www.ranciliogroup.com\/es\/rancilio-specialty-vuela-a-dubai-para-la-ultima-competicion-de-la-barista-league\/\",\"name\":\"Latest update about Rancilio Specialty vuela a Dub\u00e1i para la \u00faltima competici\u00f3n de la Barista League - Rancilio Group\",\"isPartOf\":{\"@id\":\"https:\/\/www.ranciliogroup.com\/es\/#website\"},\"datePublished\":\"2023-12-15T11:25:58+00:00\",\"dateModified\":\"2023-12-15T11:25:58+00:00\",\"description\":\"Read Rancilio Group's latest news about Rancilio Specialty vuela a Dub\u00e1i para la \u00faltima competici\u00f3n de la Barista League\",\"breadcrumb\":{\"@id\":\"https:\/\/www.ranciliogroup.com\/es\/rancilio-specialty-vuela-a-dubai-para-la-ultima-competicion-de-la-barista-league\/#breadcrumb\"},\"inLanguage\":\"es-ES\",\"potentialAction\":[{\"@type\":\"ReadAction\",\"target\":[\"https:\/\/www.ranciliogroup.com\/es\/rancilio-specialty-vuela-a-dubai-para-la-ultima-competicion-de-la-barista-league\/\"]}]},{\"@type\":\"BreadcrumbList\",\"@id\":\"https:\/\/www.ranciliogroup.com\/es\/rancilio-specialty-vuela-a-dubai-para-la-ultima-competicion-de-la-barista-league\/#breadcrumb\",\"itemListElement\":[{\"@type\":\"ListItem\",\"position\":1,\"name\":\"Home\",\"item\":\"https:\/\/www.ranciliogroup.com\/es\/\"},{\"@type\":\"ListItem\",\"position\":2,\"name\":\"Rancilio Specialty vuela a Dub\u00e1i para la \u00faltima competici\u00f3n de la Barista League\"}]},{\"@type\":\"WebSite\",\"@id\":\"https:\/\/www.ranciliogroup.com\/es\/#website\",\"url\":\"https:\/\/www.ranciliogroup.com\/es\/\",\"name\":\"Rancilio Group\",\"description\":\"L\u00edder en M\u00e1quinas de Caf\u00e9 Profesionales\",\"publisher\":{\"@id\":\"https:\/\/www.ranciliogroup.com\/es\/#organization\"},\"potentialAction\":[{\"@type\":\"SearchAction\",\"target\":{\"@type\":\"EntryPoint\",\"urlTemplate\":\"https:\/\/www.ranciliogroup.com\/es\/?s={search_term_string}\"},\"query-input\":\"required name=search_term_string\"}],\"inLanguage\":\"es-ES\"},{\"@type\":\"Organization\",\"@id\":\"https:\/\/www.ranciliogroup.com\/es\/#organization\",\"name\":\"Rancilio Group\",\"url\":\"https:\/\/www.ranciliogroup.com\/es\/\",\"logo\":{\"@type\":\"ImageObject\",\"inLanguage\":\"es-ES\",\"@id\":\"https:\/\/www.ranciliogroup.com\/es\/#\/schema\/logo\/image\/\",\"url\":\"https:\/\/www.ranciliogroup.com\/app\/uploads\/2019\/07\/rancilio_black_logo.png\",\"contentUrl\":\"https:\/\/www.ranciliogroup.com\/app\/uploads\/2019\/07\/rancilio_black_logo.png\",\"width\":447,\"height\":57,\"caption\":\"Rancilio Group\"},\"image\":{\"@id\":\"https:\/\/www.ranciliogroup.com\/es\/#\/schema\/logo\/image\/\"},\"sameAs\":[\"https:\/\/www.facebook.com\/RancilioGroup\",\"https:\/\/twitter.com\/ranciliogroup\",\"https:\/\/www.instagram.com\/rancilio_official\/\",\"https:\/\/www.linkedin.com\/company\/ranciliogroup\/\",\"https:\/\/www.youtube.com\/user\/rancilioadmin\"]},{\"@type\":\"Person\",\"@id\":\"https:\/\/www.ranciliogroup.com\/es\/#\/schema\/person\/d6bf0a7dfe74cded3d64da8b2c92814c\",\"name\":\"temp circular\",\"image\":{\"@type\":\"ImageObject\",\"inLanguage\":\"es-ES\",\"@id\":\"https:\/\/www.ranciliogroup.com\/es\/#\/schema\/person\/image\/\",\"url\":\"https:\/\/secure.gravatar.com\/avatar\/569e71c3b97b8bcad1854d6579b35c5f?s=96&d=mm&r=g\",\"contentUrl\":\"https:\/\/secure.gravatar.com\/avatar\/569e71c3b97b8bcad1854d6579b35c5f?s=96&d=mm&r=g\",\"caption\":\"temp circular\"}}]}<\/script>\n<!-- \/ Yoast SEO plugin. -->","yoast_head_json":{"title":"Latest update about Rancilio Specialty vuela a Dub\u00e1i para la \u00faltima competici\u00f3n de la Barista League - Rancilio Group","description":"Read Rancilio Group's latest news about Rancilio Specialty vuela a Dub\u00e1i para la \u00faltima competici\u00f3n de la Barista League","robots":{"index":"index","follow":"follow","max-snippet":"max-snippet:-1","max-image-preview":"max-image-preview:large","max-video-preview":"max-video-preview:-1"},"canonical":"https:\/\/www.ranciliogroup.com\/es\/rancilio-specialty-vuela-a-dubai-para-la-ultima-competicion-de-la-barista-league\/","og_locale":"es_ES","og_type":"article","og_title":"Latest update about Rancilio Specialty vuela a Dub\u00e1i para la \u00faltima competici\u00f3n de la Barista League - Rancilio Group","og_description":"Read Rancilio Group's latest news about Rancilio Specialty vuela a Dub\u00e1i para la \u00faltima competici\u00f3n de la Barista League","og_url":"https:\/\/www.ranciliogroup.com\/es\/rancilio-specialty-vuela-a-dubai-para-la-ultima-competicion-de-la-barista-league\/","og_site_name":"Rancilio Group","article_publisher":"https:\/\/www.facebook.com\/RancilioGroup","article_published_time":"2023-12-15T11:25:58+00:00","og_image":[{"width":1080,"height":720,"url":"https:\/\/www.ranciliogroup.com\/app\/uploads\/2023\/12\/the-barista-league-madrid-rancilio-specialty.jpg","type":"image\/jpeg"}],"author":"temp circular","twitter_card":"summary_large_image","twitter_creator":"@ranciliogroup","twitter_site":"@ranciliogroup","twitter_misc":{"Written by":"temp circular","Est. reading time":"1 minute"},"schema":{"@context":"https:\/\/schema.org","@graph":[{"@type":"Article","@id":"https:\/\/www.ranciliogroup.com\/es\/rancilio-specialty-vuela-a-dubai-para-la-ultima-competicion-de-la-barista-league\/#article","isPartOf":{"@id":"https:\/\/www.ranciliogroup.com\/es\/rancilio-specialty-vuela-a-dubai-para-la-ultima-competicion-de-la-barista-league\/"},"author":{"name":"temp circular","@id":"https:\/\/www.ranciliogroup.com\/es\/#\/schema\/person\/d6bf0a7dfe74cded3d64da8b2c92814c"},"headline":"Rancilio Specialty vuela a Dub\u00e1i para la \u00faltima competici\u00f3n de la Barista League","datePublished":"2023-12-15T11:25:58+00:00","dateModified":"2023-12-15T11:25:58+00:00","mainEntityOfPage":{"@id":"https:\/\/www.ranciliogroup.com\/es\/rancilio-specialty-vuela-a-dubai-para-la-ultima-competicion-de-la-barista-league\/"},"wordCount":247,"publisher":{"@id":"https:\/\/www.ranciliogroup.com\/es\/#organization"},"keywords":["Dubai","Barista League","RS1"],"articleSection":["Eventos"],"inLanguage":"es-ES"},{"@type":"WebPage","@id":"https:\/\/www.ranciliogroup.com\/es\/rancilio-specialty-vuela-a-dubai-para-la-ultima-competicion-de-la-barista-league\/","url":"https:\/\/www.ranciliogroup.com\/es\/rancilio-specialty-vuela-a-dubai-para-la-ultima-competicion-de-la-barista-league\/","name":"Latest update about Rancilio Specialty vuela a Dub\u00e1i para la \u00faltima competici\u00f3n de la Barista League - Rancilio Group","isPartOf":{"@id":"https:\/\/www.ranciliogroup.com\/es\/#website"},"datePublished":"2023-12-15T11:25:58+00:00","dateModified":"2023-12-15T11:25:58+00:00","description":"Read Rancilio Group's latest news about Rancilio Specialty vuela a Dub\u00e1i para la \u00faltima competici\u00f3n de la Barista League","breadcrumb":{"@id":"https:\/\/www.ranciliogroup.com\/es\/rancilio-specialty-vuela-a-dubai-para-la-ultima-competicion-de-la-barista-league\/#breadcrumb"},"inLanguage":"es-ES","potentialAction":[{"@type":"ReadAction","target":["https:\/\/www.ranciliogroup.com\/es\/rancilio-specialty-vuela-a-dubai-para-la-ultima-competicion-de-la-barista-league\/"]}]},{"@type":"BreadcrumbList","@id":"https:\/\/www.ranciliogroup.com\/es\/rancilio-specialty-vuela-a-dubai-para-la-ultima-competicion-de-la-barista-league\/#breadcrumb","itemListElement":[{"@type":"ListItem","position":1,"name":"Home","item":"https:\/\/www.ranciliogroup.com\/es\/"},{"@type":"ListItem","position":2,"name":"Rancilio Specialty vuela a Dub\u00e1i para la \u00faltima competici\u00f3n de la Barista League"}]},{"@type":"WebSite","@id":"https:\/\/www.ranciliogroup.com\/es\/#website","url":"https:\/\/www.ranciliogroup.com\/es\/","name":"Rancilio Group","description":"L\u00edder en M\u00e1quinas de Caf\u00e9 Profesionales","publisher":{"@id":"https:\/\/www.ranciliogroup.com\/es\/#organization"},"potentialAction":[{"@type":"SearchAction","target":{"@type":"EntryPoint","urlTemplate":"https:\/\/www.ranciliogroup.com\/es\/?s={search_term_string}"},"query-input":"required name=search_term_string"}],"inLanguage":"es-ES"},{"@type":"Organization","@id":"https:\/\/www.ranciliogroup.com\/es\/#organization","name":"Rancilio Group","url":"https:\/\/www.ranciliogroup.com\/es\/","logo":{"@type":"ImageObject","inLanguage":"es-ES","@id":"https:\/\/www.ranciliogroup.com\/es\/#\/schema\/logo\/image\/","url":"https:\/\/www.ranciliogroup.com\/app\/uploads\/2019\/07\/rancilio_black_logo.png","contentUrl":"https:\/\/www.ranciliogroup.com\/app\/uploads\/2019\/07\/rancilio_black_logo.png","width":447,"height":57,"caption":"Rancilio Group"},"image":{"@id":"https:\/\/www.ranciliogroup.com\/es\/#\/schema\/logo\/image\/"},"sameAs":["https:\/\/www.facebook.com\/RancilioGroup","https:\/\/twitter.com\/ranciliogroup","https:\/\/www.instagram.com\/rancilio_official\/","https:\/\/www.linkedin.com\/company\/ranciliogroup\/","https:\/\/www.youtube.com\/user\/rancilioadmin"]},{"@type":"Person","@id":"https:\/\/www.ranciliogroup.com\/es\/#\/schema\/person\/d6bf0a7dfe74cded3d64da8b2c92814c","name":"temp circular","image":{"@type":"ImageObject","inLanguage":"es-ES","@id":"https:\/\/www.ranciliogroup.com\/es\/#\/schema\/person\/image\/","url":"https:\/\/secure.gravatar.com\/avatar\/569e71c3b97b8bcad1854d6579b35c5f?s=96&d=mm&r=g","contentUrl":"https:\/\/secure.gravatar.com\/avatar\/569e71c3b97b8bcad1854d6579b35c5f?s=96&d=mm&r=g","caption":"temp circular"}}]}},"_links":{"self":[{"href":"https:\/\/www.ranciliogroup.com\/es\/wp-json\/wp\/v2\/posts\/72748"}],"collection":[{"href":"https:\/\/www.ranciliogroup.com\/es\/wp-json\/wp\/v2\/posts"}],"about":[{"href":"https:\/\/www.ranciliogroup.com\/es\/wp-json\/wp\/v2\/types\/post"}],"author":[{"embeddable":true,"href":"https:\/\/www.ranciliogroup.com\/es\/wp-json\/wp\/v2\/users\/5"}],"replies":[{"embeddable":true,"href":"https:\/\/www.ranciliogroup.com\/es\/wp-json\/wp\/v2\/comments?post=72748"}],"version-history":[{"count":3,"href":"https:\/\/www.ranciliogroup.com\/es\/wp-json\/wp\/v2\/posts\/72748\/revisions"}],"predecessor-version":[{"id":72751,"href":"https:\/\/www.ranciliogroup.com\/es\/wp-json\/wp\/v2\/posts\/72748\/revisions\/72751"}],"wp:featuredmedia":[{"embeddable":true,"href":"https:\/\/www.ranciliogroup.com\/es\/wp-json\/wp\/v2\/media\/72730"}],"wp:attachment":[{"href":"https:\/\/www.ranciliogroup.com\/es\/wp-json\/wp\/v2\/media?parent=72748"}],"wp:term":[{"taxonomy":"category","embeddable":true,"href":"https:\/\/www.ranciliogroup.com\/es\/wp-json\/wp\/v2\/categories?post=72748"},{"taxonomy":"post_tag","embeddable":true,"href":"https:\/\/www.ranciliogroup.com\/es\/wp-json\/wp\/v2\/tags?post=72748"}],"curies":[{"name":"wp","href":"https:\/\/api.w.org\/{rel}","templated":true}]}}