{"id":73257,"date":"2024-02-09T14:36:40","date_gmt":"2024-02-09T13:36:40","guid":{"rendered":"https:\/\/www.ranciliogroup.com\/?p=73257"},"modified":"2024-02-09T14:36:40","modified_gmt":"2024-02-09T13:36:40","slug":"the-barista-league-vuelve-a-casa-con-rancilio-specialty","status":"publish","type":"post","link":"https:\/\/www.ranciliogroup.com\/es\/the-barista-league-vuelve-a-casa-con-rancilio-specialty\/","title":{"rendered":"The Barista League vuelve a casa con Rancilio Specialty"},"content":{"rendered":"<p>Por primera vez desde 2019, The Barista League regresa a Suecia junto a Rancilio Specialty Invicta para un estimulante fin de semana repleto de caf\u00e9. El 24 de febrero, coincidiendo con la primera edici\u00f3n del Nordic Coffee Fest, 12 equipos de dos baristas cada uno se enfrentar\u00e1n en la pintoresca y vibrante ciudad de Gotemburgo.<\/p>\n<p>Los baristas se enfrentar\u00e1n al reto de preparar una serie de bebidas a base de caf\u00e9 para un jurado VIP \u2014 Matija Belcovic, Rob Stein y Kaisa Kokkonen \u2014 junto con dos invitados misteriosos muy especiales. Por su parte, la m\u00e1quina de caf\u00e9 de caldera \u00fanica Invicta est\u00e1 lista para ofrecer a los concursantes su tecnolog\u00eda de caf\u00e9 de vanguardia y su facilidad de uso. Adem\u00e1s, la tecnolog\u00eda de pre-infusi\u00f3n de Invicta ser\u00e1 una baza decisiva, ya que permitir\u00e1 a los participantes extraer los matices y sabores m\u00e1s sutiles de sus creaciones de caf\u00e9.<\/p>\n<p>Entre juegos, caf\u00e9 de origen local de los mejores tostadores de Suecia, bebidas de autor, m\u00fasica cautivadora y comida incre\u00edble, los invitados pueden anticipar otra noche inolvidable en The Barista League, que marca el emocionante inicio de la temporada de competici\u00f3n 2024.<\/p>\n<p>Las entradas est\u00e1n disponibles en <a href=\"https:\/\/www.tickettailor.com\/events\/thebaristaleague\/959446?\">www.tickettailor.com<\/a><\/p>\n<p><strong>\u00a0<\/strong><\/p>\n<p><strong>The Barista League Gothenburg<\/strong><br \/>\nS\u00e1bado, 24 de febrero de 2024<br \/>\nDe 18:00 a 23:00 h<br \/>\n<a href=\"https:\/\/www.google.com\/maps\/place\/Eriksbergshallen\/@57.7009851,11.9120382,17z\/data=!3m1!4b1!4m6!3m5!1s0x464f8d2a9c1112fd:0x867582da0264a1a3!8m2!3d57.7009823!4d11.9146131!16s%2Fg%2F11dyh_l44?entry=tts\">Eriksbergshallen<\/a><br \/>\nSj\u00f6portsgatan 5<br \/>\n417 64 Gotemburgo<\/p>\n<p>&nbsp;<\/p>\n<p><strong>Sigue el evento a trav\u00e9s de nuestra p\u00e1gina oficial de Instagram<\/strong><br \/>\n@ranciliospecialty #ranciliospecialty<\/p>\n<p>&nbsp;<\/p>\n<p><a href=\"https:\/\/www.ranciliogroup.com\/es\/specialty\/invicta\/\"><strong>Descubre Rancilio Specialty Invicta<\/strong><\/a><\/p>\n","protected":false},"excerpt":{"rendered":"<p>Por primera vez desde 2019, The Barista League regresa a Suecia junto a Rancilio Specialty Invicta para un estimulante fin&#8230;<\/p>\n","protected":false},"author":5,"featured_media":73241,"comment_status":"closed","ping_status":"closed","sticky":false,"template":"","format":"standard","meta":[],"categories":[862],"tags":[2591,2636],"acf":[],"yoast_head":"<!-- This site is optimized with the Yoast SEO plugin v21.5 - https:\/\/yoast.com\/wordpress\/plugins\/seo\/ -->\n<title>Latest update about The Barista League vuelve a casa con Rancilio Specialty - Rancilio Group<\/title>\n<meta name=\"description\" content=\"Read Rancilio Group&#039;s latest news about The Barista League vuelve a casa con Rancilio Specialty\" \/>\n<meta name=\"robots\" content=\"index, follow, max-snippet:-1, max-image-preview:large, max-video-preview:-1\" \/>\n<link rel=\"canonical\" href=\"https:\/\/www.ranciliogroup.com\/es\/the-barista-league-vuelve-a-casa-con-rancilio-specialty\/\" \/>\n<meta property=\"og:locale\" content=\"es_ES\" \/>\n<meta property=\"og:type\" content=\"article\" \/>\n<meta property=\"og:title\" content=\"Latest update about The Barista League vuelve a casa con Rancilio Specialty - Rancilio Group\" \/>\n<meta property=\"og:description\" content=\"Read Rancilio Group&#039;s latest news about The Barista League vuelve a casa con Rancilio Specialty\" \/>\n<meta property=\"og:url\" content=\"https:\/\/www.ranciliogroup.com\/es\/the-barista-league-vuelve-a-casa-con-rancilio-specialty\/\" \/>\n<meta property=\"og:site_name\" content=\"Rancilio Group\" \/>\n<meta property=\"article:publisher\" content=\"https:\/\/www.facebook.com\/RancilioGroup\" \/>\n<meta property=\"article:published_time\" content=\"2024-02-09T13:36:40+00:00\" \/>\n<meta property=\"og:image\" content=\"https:\/\/www.ranciliogroup.com\/app\/uploads\/2024\/02\/the-barista-league-dubai-rancilio-specialty-1.jpg\" \/>\n\t<meta property=\"og:image:width\" content=\"1080\" \/>\n\t<meta property=\"og:image:height\" content=\"720\" \/>\n\t<meta property=\"og:image:type\" content=\"image\/jpeg\" \/>\n<meta name=\"author\" content=\"temp circular\" \/>\n<meta name=\"twitter:card\" content=\"summary_large_image\" \/>\n<meta name=\"twitter:creator\" content=\"@ranciliogroup\" \/>\n<meta name=\"twitter:site\" content=\"@ranciliogroup\" \/>\n<meta name=\"twitter:label1\" content=\"Written by\" \/>\n\t<meta name=\"twitter:data1\" content=\"temp circular\" \/>\n\t<meta name=\"twitter:label2\" content=\"Est. reading time\" \/>\n\t<meta name=\"twitter:data2\" content=\"2 minutes\" \/>\n<script type=\"application\/ld+json\" class=\"yoast-schema-graph\">{\"@context\":\"https:\/\/schema.org\",\"@graph\":[{\"@type\":\"Article\",\"@id\":\"https:\/\/www.ranciliogroup.com\/es\/the-barista-league-vuelve-a-casa-con-rancilio-specialty\/#article\",\"isPartOf\":{\"@id\":\"https:\/\/www.ranciliogroup.com\/es\/the-barista-league-vuelve-a-casa-con-rancilio-specialty\/\"},\"author\":{\"name\":\"temp circular\",\"@id\":\"https:\/\/www.ranciliogroup.com\/es\/#\/schema\/person\/d6bf0a7dfe74cded3d64da8b2c92814c\"},\"headline\":\"The Barista League vuelve a casa con Rancilio Specialty\",\"datePublished\":\"2024-02-09T13:36:40+00:00\",\"dateModified\":\"2024-02-09T13:36:40+00:00\",\"mainEntityOfPage\":{\"@id\":\"https:\/\/www.ranciliogroup.com\/es\/the-barista-league-vuelve-a-casa-con-rancilio-specialty\/\"},\"wordCount\":252,\"publisher\":{\"@id\":\"https:\/\/www.ranciliogroup.com\/es\/#organization\"},\"keywords\":[\"Barista League\",\"Invicta\"],\"articleSection\":[\"Eventos\"],\"inLanguage\":\"es-ES\"},{\"@type\":\"WebPage\",\"@id\":\"https:\/\/www.ranciliogroup.com\/es\/the-barista-league-vuelve-a-casa-con-rancilio-specialty\/\",\"url\":\"https:\/\/www.ranciliogroup.com\/es\/the-barista-league-vuelve-a-casa-con-rancilio-specialty\/\",\"name\":\"Latest update about The Barista League vuelve a casa con Rancilio Specialty - Rancilio Group\",\"isPartOf\":{\"@id\":\"https:\/\/www.ranciliogroup.com\/es\/#website\"},\"datePublished\":\"2024-02-09T13:36:40+00:00\",\"dateModified\":\"2024-02-09T13:36:40+00:00\",\"description\":\"Read Rancilio Group's latest news about The Barista League vuelve a casa con Rancilio Specialty\",\"breadcrumb\":{\"@id\":\"https:\/\/www.ranciliogroup.com\/es\/the-barista-league-vuelve-a-casa-con-rancilio-specialty\/#breadcrumb\"},\"inLanguage\":\"es-ES\",\"potentialAction\":[{\"@type\":\"ReadAction\",\"target\":[\"https:\/\/www.ranciliogroup.com\/es\/the-barista-league-vuelve-a-casa-con-rancilio-specialty\/\"]}]},{\"@type\":\"BreadcrumbList\",\"@id\":\"https:\/\/www.ranciliogroup.com\/es\/the-barista-league-vuelve-a-casa-con-rancilio-specialty\/#breadcrumb\",\"itemListElement\":[{\"@type\":\"ListItem\",\"position\":1,\"name\":\"Home\",\"item\":\"https:\/\/www.ranciliogroup.com\/es\/\"},{\"@type\":\"ListItem\",\"position\":2,\"name\":\"The Barista League vuelve a casa con Rancilio Specialty\"}]},{\"@type\":\"WebSite\",\"@id\":\"https:\/\/www.ranciliogroup.com\/es\/#website\",\"url\":\"https:\/\/www.ranciliogroup.com\/es\/\",\"name\":\"Rancilio Group\",\"description\":\"L\u00edder en M\u00e1quinas de Caf\u00e9 Profesionales\",\"publisher\":{\"@id\":\"https:\/\/www.ranciliogroup.com\/es\/#organization\"},\"potentialAction\":[{\"@type\":\"SearchAction\",\"target\":{\"@type\":\"EntryPoint\",\"urlTemplate\":\"https:\/\/www.ranciliogroup.com\/es\/?s={search_term_string}\"},\"query-input\":\"required name=search_term_string\"}],\"inLanguage\":\"es-ES\"},{\"@type\":\"Organization\",\"@id\":\"https:\/\/www.ranciliogroup.com\/es\/#organization\",\"name\":\"Rancilio Group\",\"url\":\"https:\/\/www.ranciliogroup.com\/es\/\",\"logo\":{\"@type\":\"ImageObject\",\"inLanguage\":\"es-ES\",\"@id\":\"https:\/\/www.ranciliogroup.com\/es\/#\/schema\/logo\/image\/\",\"url\":\"https:\/\/www.ranciliogroup.com\/app\/uploads\/2019\/07\/rancilio_black_logo.png\",\"contentUrl\":\"https:\/\/www.ranciliogroup.com\/app\/uploads\/2019\/07\/rancilio_black_logo.png\",\"width\":447,\"height\":57,\"caption\":\"Rancilio Group\"},\"image\":{\"@id\":\"https:\/\/www.ranciliogroup.com\/es\/#\/schema\/logo\/image\/\"},\"sameAs\":[\"https:\/\/www.facebook.com\/RancilioGroup\",\"https:\/\/twitter.com\/ranciliogroup\",\"https:\/\/www.instagram.com\/rancilio_official\/\",\"https:\/\/www.linkedin.com\/company\/ranciliogroup\/\",\"https:\/\/www.youtube.com\/user\/rancilioadmin\"]},{\"@type\":\"Person\",\"@id\":\"https:\/\/www.ranciliogroup.com\/es\/#\/schema\/person\/d6bf0a7dfe74cded3d64da8b2c92814c\",\"name\":\"temp circular\",\"image\":{\"@type\":\"ImageObject\",\"inLanguage\":\"es-ES\",\"@id\":\"https:\/\/www.ranciliogroup.com\/es\/#\/schema\/person\/image\/\",\"url\":\"https:\/\/secure.gravatar.com\/avatar\/569e71c3b97b8bcad1854d6579b35c5f?s=96&d=mm&r=g\",\"contentUrl\":\"https:\/\/secure.gravatar.com\/avatar\/569e71c3b97b8bcad1854d6579b35c5f?s=96&d=mm&r=g\",\"caption\":\"temp circular\"}}]}<\/script>\n<!-- \/ Yoast SEO plugin. -->","yoast_head_json":{"title":"Latest update about The Barista League vuelve a casa con Rancilio Specialty - Rancilio Group","description":"Read Rancilio Group's latest news about The Barista League vuelve a casa con Rancilio Specialty","robots":{"index":"index","follow":"follow","max-snippet":"max-snippet:-1","max-image-preview":"max-image-preview:large","max-video-preview":"max-video-preview:-1"},"canonical":"https:\/\/www.ranciliogroup.com\/es\/the-barista-league-vuelve-a-casa-con-rancilio-specialty\/","og_locale":"es_ES","og_type":"article","og_title":"Latest update about The Barista League vuelve a casa con Rancilio Specialty - Rancilio Group","og_description":"Read Rancilio Group's latest news about The Barista League vuelve a casa con Rancilio Specialty","og_url":"https:\/\/www.ranciliogroup.com\/es\/the-barista-league-vuelve-a-casa-con-rancilio-specialty\/","og_site_name":"Rancilio Group","article_publisher":"https:\/\/www.facebook.com\/RancilioGroup","article_published_time":"2024-02-09T13:36:40+00:00","og_image":[{"width":1080,"height":720,"url":"https:\/\/www.ranciliogroup.com\/app\/uploads\/2024\/02\/the-barista-league-dubai-rancilio-specialty-1.jpg","type":"image\/jpeg"}],"author":"temp circular","twitter_card":"summary_large_image","twitter_creator":"@ranciliogroup","twitter_site":"@ranciliogroup","twitter_misc":{"Written by":"temp circular","Est. reading time":"2 minutes"},"schema":{"@context":"https:\/\/schema.org","@graph":[{"@type":"Article","@id":"https:\/\/www.ranciliogroup.com\/es\/the-barista-league-vuelve-a-casa-con-rancilio-specialty\/#article","isPartOf":{"@id":"https:\/\/www.ranciliogroup.com\/es\/the-barista-league-vuelve-a-casa-con-rancilio-specialty\/"},"author":{"name":"temp circular","@id":"https:\/\/www.ranciliogroup.com\/es\/#\/schema\/person\/d6bf0a7dfe74cded3d64da8b2c92814c"},"headline":"The Barista League vuelve a casa con Rancilio Specialty","datePublished":"2024-02-09T13:36:40+00:00","dateModified":"2024-02-09T13:36:40+00:00","mainEntityOfPage":{"@id":"https:\/\/www.ranciliogroup.com\/es\/the-barista-league-vuelve-a-casa-con-rancilio-specialty\/"},"wordCount":252,"publisher":{"@id":"https:\/\/www.ranciliogroup.com\/es\/#organization"},"keywords":["Barista League","Invicta"],"articleSection":["Eventos"],"inLanguage":"es-ES"},{"@type":"WebPage","@id":"https:\/\/www.ranciliogroup.com\/es\/the-barista-league-vuelve-a-casa-con-rancilio-specialty\/","url":"https:\/\/www.ranciliogroup.com\/es\/the-barista-league-vuelve-a-casa-con-rancilio-specialty\/","name":"Latest update about The Barista League vuelve a casa con Rancilio Specialty - Rancilio Group","isPartOf":{"@id":"https:\/\/www.ranciliogroup.com\/es\/#website"},"datePublished":"2024-02-09T13:36:40+00:00","dateModified":"2024-02-09T13:36:40+00:00","description":"Read Rancilio Group's latest news about The Barista League vuelve a casa con Rancilio Specialty","breadcrumb":{"@id":"https:\/\/www.ranciliogroup.com\/es\/the-barista-league-vuelve-a-casa-con-rancilio-specialty\/#breadcrumb"},"inLanguage":"es-ES","potentialAction":[{"@type":"ReadAction","target":["https:\/\/www.ranciliogroup.com\/es\/the-barista-league-vuelve-a-casa-con-rancilio-specialty\/"]}]},{"@type":"BreadcrumbList","@id":"https:\/\/www.ranciliogroup.com\/es\/the-barista-league-vuelve-a-casa-con-rancilio-specialty\/#breadcrumb","itemListElement":[{"@type":"ListItem","position":1,"name":"Home","item":"https:\/\/www.ranciliogroup.com\/es\/"},{"@type":"ListItem","position":2,"name":"The Barista League vuelve a casa con Rancilio Specialty"}]},{"@type":"WebSite","@id":"https:\/\/www.ranciliogroup.com\/es\/#website","url":"https:\/\/www.ranciliogroup.com\/es\/","name":"Rancilio Group","description":"L\u00edder en M\u00e1quinas de Caf\u00e9 Profesionales","publisher":{"@id":"https:\/\/www.ranciliogroup.com\/es\/#organization"},"potentialAction":[{"@type":"SearchAction","target":{"@type":"EntryPoint","urlTemplate":"https:\/\/www.ranciliogroup.com\/es\/?s={search_term_string}"},"query-input":"required name=search_term_string"}],"inLanguage":"es-ES"},{"@type":"Organization","@id":"https:\/\/www.ranciliogroup.com\/es\/#organization","name":"Rancilio Group","url":"https:\/\/www.ranciliogroup.com\/es\/","logo":{"@type":"ImageObject","inLanguage":"es-ES","@id":"https:\/\/www.ranciliogroup.com\/es\/#\/schema\/logo\/image\/","url":"https:\/\/www.ranciliogroup.com\/app\/uploads\/2019\/07\/rancilio_black_logo.png","contentUrl":"https:\/\/www.ranciliogroup.com\/app\/uploads\/2019\/07\/rancilio_black_logo.png","width":447,"height":57,"caption":"Rancilio Group"},"image":{"@id":"https:\/\/www.ranciliogroup.com\/es\/#\/schema\/logo\/image\/"},"sameAs":["https:\/\/www.facebook.com\/RancilioGroup","https:\/\/twitter.com\/ranciliogroup","https:\/\/www.instagram.com\/rancilio_official\/","https:\/\/www.linkedin.com\/company\/ranciliogroup\/","https:\/\/www.youtube.com\/user\/rancilioadmin"]},{"@type":"Person","@id":"https:\/\/www.ranciliogroup.com\/es\/#\/schema\/person\/d6bf0a7dfe74cded3d64da8b2c92814c","name":"temp circular","image":{"@type":"ImageObject","inLanguage":"es-ES","@id":"https:\/\/www.ranciliogroup.com\/es\/#\/schema\/person\/image\/","url":"https:\/\/secure.gravatar.com\/avatar\/569e71c3b97b8bcad1854d6579b35c5f?s=96&d=mm&r=g","contentUrl":"https:\/\/secure.gravatar.com\/avatar\/569e71c3b97b8bcad1854d6579b35c5f?s=96&d=mm&r=g","caption":"temp circular"}}]}},"_links":{"self":[{"href":"https:\/\/www.ranciliogroup.com\/es\/wp-json\/wp\/v2\/posts\/73257"}],"collection":[{"href":"https:\/\/www.ranciliogroup.com\/es\/wp-json\/wp\/v2\/posts"}],"about":[{"href":"https:\/\/www.ranciliogroup.com\/es\/wp-json\/wp\/v2\/types\/post"}],"author":[{"embeddable":true,"href":"https:\/\/www.ranciliogroup.com\/es\/wp-json\/wp\/v2\/users\/5"}],"replies":[{"embeddable":true,"href":"https:\/\/www.ranciliogroup.com\/es\/wp-json\/wp\/v2\/comments?post=73257"}],"version-history":[{"count":3,"href":"https:\/\/www.ranciliogroup.com\/es\/wp-json\/wp\/v2\/posts\/73257\/revisions"}],"predecessor-version":[{"id":73260,"href":"https:\/\/www.ranciliogroup.com\/es\/wp-json\/wp\/v2\/posts\/73257\/revisions\/73260"}],"wp:featuredmedia":[{"embeddable":true,"href":"https:\/\/www.ranciliogroup.com\/es\/wp-json\/wp\/v2\/media\/73241"}],"wp:attachment":[{"href":"https:\/\/www.ranciliogroup.com\/es\/wp-json\/wp\/v2\/media?parent=73257"}],"wp:term":[{"taxonomy":"category","embeddable":true,"href":"https:\/\/www.ranciliogroup.com\/es\/wp-json\/wp\/v2\/categories?post=73257"},{"taxonomy":"post_tag","embeddable":true,"href":"https:\/\/www.ranciliogroup.com\/es\/wp-json\/wp\/v2\/tags?post=73257"}],"curies":[{"name":"wp","href":"https:\/\/api.w.org\/{rel}","templated":true}]}}