{"id":73385,"date":"2024-02-21T15:31:12","date_gmt":"2024-02-21T14:31:12","guid":{"rendered":"https:\/\/www.ranciliogroup.com\/?p=73385"},"modified":"2024-02-21T15:31:12","modified_gmt":"2024-02-21T14:31:12","slug":"rancilio-group-acudira-al-coffee-fest-en-nueva-york","status":"publish","type":"post","link":"https:\/\/www.ranciliogroup.com\/es\/rancilio-group-acudira-al-coffee-fest-en-nueva-york\/","title":{"rendered":"Rancilio Group acudir\u00e1 al Coffee Fest en Nueva York"},"content":{"rendered":"<p>Del 3 al 5 de marzo de 2024, Rancilio Group te dar\u00e1 la bienvenida al Coffee Fest en el Javits Center de Nueva York, donde se presentar\u00e1n las \u00faltimas innovaciones de Rancilio, Rancilio Specialty, Rancilio Grindtec y Egro.<\/p>\n<p>En el stand de Rancilio Group, podr\u00e1s descubrir la m\u00e1quina de caf\u00e9 profesional tradicional Classe 5, reconocida por su tecnolog\u00eda de estabilidad t\u00e9rmica que garantiza la calidad en cada taza, su facilidad de uso y su fiabilidad. Los visitantes podr\u00e1n explorar el nuevo Kryo Elite de la l\u00ednea Grindtec de Rancilio, un molinillo profesional equipado con el Sistema de Ajuste Inteligente (SAS) que regula autom\u00e1ticamente el tiempo de molienda para garantizar una dosis homog\u00e9nea siempre.<\/p>\n<p>Con materiales de primera calidad y m\u00e1xima fiabilidad, la m\u00e1quina de caf\u00e9 de una sola caldera Rancilio Specialty Invicta dar\u00e1 la bienvenida a sus invitados con un caf\u00e9 especial de primera calidad servido con sus funciones avanzadas de caf\u00e9, agua y vapor.<\/p>\n<p>La nueva m\u00e1quina de caf\u00e9 super-autom\u00e1tica, MoDe, espera a todos los profesionales que buscan una m\u00e1quina de caf\u00e9 fiable con un alto rendimiento, fiabilidad y versatilidad para mejorar la eficiencia de los operadores y agilizar el servicio. Mode es la soluci\u00f3n ideal para quienes desean un men\u00fa de cafeter\u00eda de calidad con bebidas de caf\u00e9, leche fresca y productos instant\u00e1neos. Egro tambi\u00e9n est\u00e1 presente con Next, la m\u00e1quina de caf\u00e9 totalmente autom\u00e1tica que garantiza resultados superiores para cada tipo de bebidas, ya sea calientes o fr\u00edas, a base de caf\u00e9, leche fresca o productos instant\u00e1neos.<\/p>\n<p>El Coffee Fest atrae por igual a profesionales y aficionados a los caf\u00e9s de especialidad. El evento de Nueva York brindar\u00e1 una gran oportunidad para ampliar la propia red de proveedores, educadores y expertos mientras se disfruta del mejor caf\u00e9 de los mejores tostadores locales de la ciudad.<\/p>\n<p>&nbsp;<\/p>\n<p>&nbsp;<\/p>\n<p><strong>New York Coffe Fest<\/strong><br \/>\nDel 3 al 5 de marzo de 2024<br \/>\nDe 10:00 a 17:00 h<br \/>\nStand 2306<br \/>\n<a href=\"https:\/\/www.google.com\/maps\/place\/Jacob+Javits+Convention+Center\/@40.7575545,-74.0050494,17z\/data=!3m2!4b1!5s0x89c2584a54a8579d:0xc064d2a3ccac8fb0!4m6!3m5!1s0x89c2596b0b3394a7:0x8461e42130f7d0a6!8m2!3d40.7575505!4d-74.0024691!16zL20vMDdmbnJj?hl=en&amp;entry=ttu\">Centro de Convenciones Jacob Javits<\/a><br \/>\n429 11th Ave, Nueva York<br \/>\nNY 10001, EE. UU.<\/p>\n<p>&nbsp;<\/p>\n","protected":false},"excerpt":{"rendered":"<p>Del 3 al 5 de marzo de 2024, Rancilio Group te dar\u00e1 la bienvenida al Coffee Fest en el Javits&#8230;<\/p>\n","protected":false},"author":5,"featured_media":73369,"comment_status":"closed","ping_status":"closed","sticky":false,"template":"","format":"standard","meta":[],"categories":[862],"tags":[3430,3431,3177,2874,2692,2636,2637],"acf":[],"yoast_head":"<!-- This site is optimized with the Yoast SEO plugin v21.5 - https:\/\/yoast.com\/wordpress\/plugins\/seo\/ -->\n<title>Latest update about Rancilio Group acudir\u00e1 al Coffee Fest en Nueva York - Rancilio Group<\/title>\n<meta name=\"description\" content=\"Read Rancilio Group&#039;s latest news about Rancilio Group acudir\u00e1 al Coffee Fest en Nueva York\" \/>\n<meta name=\"robots\" content=\"index, follow, max-snippet:-1, max-image-preview:large, max-video-preview:-1\" \/>\n<link rel=\"canonical\" href=\"https:\/\/www.ranciliogroup.com\/es\/rancilio-group-acudira-al-coffee-fest-en-nueva-york\/\" \/>\n<meta property=\"og:locale\" content=\"es_ES\" \/>\n<meta property=\"og:type\" content=\"article\" \/>\n<meta property=\"og:title\" content=\"Latest update about Rancilio Group acudir\u00e1 al Coffee Fest en Nueva York - Rancilio Group\" \/>\n<meta property=\"og:description\" content=\"Read Rancilio Group&#039;s latest news about Rancilio Group acudir\u00e1 al Coffee Fest en Nueva York\" \/>\n<meta property=\"og:url\" content=\"https:\/\/www.ranciliogroup.com\/es\/rancilio-group-acudira-al-coffee-fest-en-nueva-york\/\" \/>\n<meta property=\"og:site_name\" content=\"Rancilio Group\" \/>\n<meta property=\"article:publisher\" content=\"https:\/\/www.facebook.com\/RancilioGroup\" \/>\n<meta property=\"article:published_time\" content=\"2024-02-21T14:31:12+00:00\" \/>\n<meta property=\"og:image\" content=\"https:\/\/www.ranciliogroup.com\/app\/uploads\/2024\/02\/banner_cfest.jpg\" \/>\n\t<meta property=\"og:image:width\" content=\"1080\" \/>\n\t<meta property=\"og:image:height\" content=\"617\" \/>\n\t<meta property=\"og:image:type\" content=\"image\/jpeg\" \/>\n<meta name=\"author\" content=\"temp circular\" \/>\n<meta name=\"twitter:card\" content=\"summary_large_image\" \/>\n<meta name=\"twitter:creator\" content=\"@ranciliogroup\" \/>\n<meta name=\"twitter:site\" content=\"@ranciliogroup\" \/>\n<meta name=\"twitter:label1\" content=\"Written by\" \/>\n\t<meta name=\"twitter:data1\" content=\"temp circular\" \/>\n\t<meta name=\"twitter:label2\" content=\"Est. reading time\" \/>\n\t<meta name=\"twitter:data2\" content=\"2 minutes\" \/>\n<script type=\"application\/ld+json\" class=\"yoast-schema-graph\">{\"@context\":\"https:\/\/schema.org\",\"@graph\":[{\"@type\":\"Article\",\"@id\":\"https:\/\/www.ranciliogroup.com\/es\/rancilio-group-acudira-al-coffee-fest-en-nueva-york\/#article\",\"isPartOf\":{\"@id\":\"https:\/\/www.ranciliogroup.com\/es\/rancilio-group-acudira-al-coffee-fest-en-nueva-york\/\"},\"author\":{\"name\":\"temp circular\",\"@id\":\"https:\/\/www.ranciliogroup.com\/es\/#\/schema\/person\/d6bf0a7dfe74cded3d64da8b2c92814c\"},\"headline\":\"Rancilio Group acudir\u00e1 al Coffee Fest en Nueva York\",\"datePublished\":\"2024-02-21T14:31:12+00:00\",\"dateModified\":\"2024-02-21T14:31:12+00:00\",\"mainEntityOfPage\":{\"@id\":\"https:\/\/www.ranciliogroup.com\/es\/rancilio-group-acudira-al-coffee-fest-en-nueva-york\/\"},\"wordCount\":354,\"publisher\":{\"@id\":\"https:\/\/www.ranciliogroup.com\/es\/#organization\"},\"keywords\":[\"Coffee Fest\",\"New York\",\"MoDe\",\"Classe 5\",\"Next\",\"Invicta\",\"Kryo\"],\"articleSection\":[\"Eventos\"],\"inLanguage\":\"es-ES\"},{\"@type\":\"WebPage\",\"@id\":\"https:\/\/www.ranciliogroup.com\/es\/rancilio-group-acudira-al-coffee-fest-en-nueva-york\/\",\"url\":\"https:\/\/www.ranciliogroup.com\/es\/rancilio-group-acudira-al-coffee-fest-en-nueva-york\/\",\"name\":\"Latest update about Rancilio Group acudir\u00e1 al Coffee Fest en Nueva York - Rancilio Group\",\"isPartOf\":{\"@id\":\"https:\/\/www.ranciliogroup.com\/es\/#website\"},\"datePublished\":\"2024-02-21T14:31:12+00:00\",\"dateModified\":\"2024-02-21T14:31:12+00:00\",\"description\":\"Read Rancilio Group's latest news about Rancilio Group acudir\u00e1 al Coffee Fest en Nueva York\",\"breadcrumb\":{\"@id\":\"https:\/\/www.ranciliogroup.com\/es\/rancilio-group-acudira-al-coffee-fest-en-nueva-york\/#breadcrumb\"},\"inLanguage\":\"es-ES\",\"potentialAction\":[{\"@type\":\"ReadAction\",\"target\":[\"https:\/\/www.ranciliogroup.com\/es\/rancilio-group-acudira-al-coffee-fest-en-nueva-york\/\"]}]},{\"@type\":\"BreadcrumbList\",\"@id\":\"https:\/\/www.ranciliogroup.com\/es\/rancilio-group-acudira-al-coffee-fest-en-nueva-york\/#breadcrumb\",\"itemListElement\":[{\"@type\":\"ListItem\",\"position\":1,\"name\":\"Home\",\"item\":\"https:\/\/www.ranciliogroup.com\/es\/\"},{\"@type\":\"ListItem\",\"position\":2,\"name\":\"Rancilio Group acudir\u00e1 al Coffee Fest en Nueva York\"}]},{\"@type\":\"WebSite\",\"@id\":\"https:\/\/www.ranciliogroup.com\/es\/#website\",\"url\":\"https:\/\/www.ranciliogroup.com\/es\/\",\"name\":\"Rancilio Group\",\"description\":\"L\u00edder en M\u00e1quinas de Caf\u00e9 Profesionales\",\"publisher\":{\"@id\":\"https:\/\/www.ranciliogroup.com\/es\/#organization\"},\"potentialAction\":[{\"@type\":\"SearchAction\",\"target\":{\"@type\":\"EntryPoint\",\"urlTemplate\":\"https:\/\/www.ranciliogroup.com\/es\/?s={search_term_string}\"},\"query-input\":\"required name=search_term_string\"}],\"inLanguage\":\"es-ES\"},{\"@type\":\"Organization\",\"@id\":\"https:\/\/www.ranciliogroup.com\/es\/#organization\",\"name\":\"Rancilio Group\",\"url\":\"https:\/\/www.ranciliogroup.com\/es\/\",\"logo\":{\"@type\":\"ImageObject\",\"inLanguage\":\"es-ES\",\"@id\":\"https:\/\/www.ranciliogroup.com\/es\/#\/schema\/logo\/image\/\",\"url\":\"https:\/\/www.ranciliogroup.com\/app\/uploads\/2019\/07\/rancilio_black_logo.png\",\"contentUrl\":\"https:\/\/www.ranciliogroup.com\/app\/uploads\/2019\/07\/rancilio_black_logo.png\",\"width\":447,\"height\":57,\"caption\":\"Rancilio Group\"},\"image\":{\"@id\":\"https:\/\/www.ranciliogroup.com\/es\/#\/schema\/logo\/image\/\"},\"sameAs\":[\"https:\/\/www.facebook.com\/RancilioGroup\",\"https:\/\/twitter.com\/ranciliogroup\",\"https:\/\/www.instagram.com\/rancilio_official\/\",\"https:\/\/www.linkedin.com\/company\/ranciliogroup\/\",\"https:\/\/www.youtube.com\/user\/rancilioadmin\"]},{\"@type\":\"Person\",\"@id\":\"https:\/\/www.ranciliogroup.com\/es\/#\/schema\/person\/d6bf0a7dfe74cded3d64da8b2c92814c\",\"name\":\"temp circular\",\"image\":{\"@type\":\"ImageObject\",\"inLanguage\":\"es-ES\",\"@id\":\"https:\/\/www.ranciliogroup.com\/es\/#\/schema\/person\/image\/\",\"url\":\"https:\/\/secure.gravatar.com\/avatar\/569e71c3b97b8bcad1854d6579b35c5f?s=96&d=mm&r=g\",\"contentUrl\":\"https:\/\/secure.gravatar.com\/avatar\/569e71c3b97b8bcad1854d6579b35c5f?s=96&d=mm&r=g\",\"caption\":\"temp circular\"}}]}<\/script>\n<!-- \/ Yoast SEO plugin. -->","yoast_head_json":{"title":"Latest update about Rancilio Group acudir\u00e1 al Coffee Fest en Nueva York - Rancilio Group","description":"Read Rancilio Group's latest news about Rancilio Group acudir\u00e1 al Coffee Fest en Nueva York","robots":{"index":"index","follow":"follow","max-snippet":"max-snippet:-1","max-image-preview":"max-image-preview:large","max-video-preview":"max-video-preview:-1"},"canonical":"https:\/\/www.ranciliogroup.com\/es\/rancilio-group-acudira-al-coffee-fest-en-nueva-york\/","og_locale":"es_ES","og_type":"article","og_title":"Latest update about Rancilio Group acudir\u00e1 al Coffee Fest en Nueva York - Rancilio Group","og_description":"Read Rancilio Group's latest news about Rancilio Group acudir\u00e1 al Coffee Fest en Nueva York","og_url":"https:\/\/www.ranciliogroup.com\/es\/rancilio-group-acudira-al-coffee-fest-en-nueva-york\/","og_site_name":"Rancilio Group","article_publisher":"https:\/\/www.facebook.com\/RancilioGroup","article_published_time":"2024-02-21T14:31:12+00:00","og_image":[{"width":1080,"height":617,"url":"https:\/\/www.ranciliogroup.com\/app\/uploads\/2024\/02\/banner_cfest.jpg","type":"image\/jpeg"}],"author":"temp circular","twitter_card":"summary_large_image","twitter_creator":"@ranciliogroup","twitter_site":"@ranciliogroup","twitter_misc":{"Written by":"temp circular","Est. reading time":"2 minutes"},"schema":{"@context":"https:\/\/schema.org","@graph":[{"@type":"Article","@id":"https:\/\/www.ranciliogroup.com\/es\/rancilio-group-acudira-al-coffee-fest-en-nueva-york\/#article","isPartOf":{"@id":"https:\/\/www.ranciliogroup.com\/es\/rancilio-group-acudira-al-coffee-fest-en-nueva-york\/"},"author":{"name":"temp circular","@id":"https:\/\/www.ranciliogroup.com\/es\/#\/schema\/person\/d6bf0a7dfe74cded3d64da8b2c92814c"},"headline":"Rancilio Group acudir\u00e1 al Coffee Fest en Nueva York","datePublished":"2024-02-21T14:31:12+00:00","dateModified":"2024-02-21T14:31:12+00:00","mainEntityOfPage":{"@id":"https:\/\/www.ranciliogroup.com\/es\/rancilio-group-acudira-al-coffee-fest-en-nueva-york\/"},"wordCount":354,"publisher":{"@id":"https:\/\/www.ranciliogroup.com\/es\/#organization"},"keywords":["Coffee Fest","New York","MoDe","Classe 5","Next","Invicta","Kryo"],"articleSection":["Eventos"],"inLanguage":"es-ES"},{"@type":"WebPage","@id":"https:\/\/www.ranciliogroup.com\/es\/rancilio-group-acudira-al-coffee-fest-en-nueva-york\/","url":"https:\/\/www.ranciliogroup.com\/es\/rancilio-group-acudira-al-coffee-fest-en-nueva-york\/","name":"Latest update about Rancilio Group acudir\u00e1 al Coffee Fest en Nueva York - Rancilio Group","isPartOf":{"@id":"https:\/\/www.ranciliogroup.com\/es\/#website"},"datePublished":"2024-02-21T14:31:12+00:00","dateModified":"2024-02-21T14:31:12+00:00","description":"Read Rancilio Group's latest news about Rancilio Group acudir\u00e1 al Coffee Fest en Nueva York","breadcrumb":{"@id":"https:\/\/www.ranciliogroup.com\/es\/rancilio-group-acudira-al-coffee-fest-en-nueva-york\/#breadcrumb"},"inLanguage":"es-ES","potentialAction":[{"@type":"ReadAction","target":["https:\/\/www.ranciliogroup.com\/es\/rancilio-group-acudira-al-coffee-fest-en-nueva-york\/"]}]},{"@type":"BreadcrumbList","@id":"https:\/\/www.ranciliogroup.com\/es\/rancilio-group-acudira-al-coffee-fest-en-nueva-york\/#breadcrumb","itemListElement":[{"@type":"ListItem","position":1,"name":"Home","item":"https:\/\/www.ranciliogroup.com\/es\/"},{"@type":"ListItem","position":2,"name":"Rancilio Group acudir\u00e1 al Coffee Fest en Nueva York"}]},{"@type":"WebSite","@id":"https:\/\/www.ranciliogroup.com\/es\/#website","url":"https:\/\/www.ranciliogroup.com\/es\/","name":"Rancilio Group","description":"L\u00edder en M\u00e1quinas de Caf\u00e9 Profesionales","publisher":{"@id":"https:\/\/www.ranciliogroup.com\/es\/#organization"},"potentialAction":[{"@type":"SearchAction","target":{"@type":"EntryPoint","urlTemplate":"https:\/\/www.ranciliogroup.com\/es\/?s={search_term_string}"},"query-input":"required name=search_term_string"}],"inLanguage":"es-ES"},{"@type":"Organization","@id":"https:\/\/www.ranciliogroup.com\/es\/#organization","name":"Rancilio Group","url":"https:\/\/www.ranciliogroup.com\/es\/","logo":{"@type":"ImageObject","inLanguage":"es-ES","@id":"https:\/\/www.ranciliogroup.com\/es\/#\/schema\/logo\/image\/","url":"https:\/\/www.ranciliogroup.com\/app\/uploads\/2019\/07\/rancilio_black_logo.png","contentUrl":"https:\/\/www.ranciliogroup.com\/app\/uploads\/2019\/07\/rancilio_black_logo.png","width":447,"height":57,"caption":"Rancilio Group"},"image":{"@id":"https:\/\/www.ranciliogroup.com\/es\/#\/schema\/logo\/image\/"},"sameAs":["https:\/\/www.facebook.com\/RancilioGroup","https:\/\/twitter.com\/ranciliogroup","https:\/\/www.instagram.com\/rancilio_official\/","https:\/\/www.linkedin.com\/company\/ranciliogroup\/","https:\/\/www.youtube.com\/user\/rancilioadmin"]},{"@type":"Person","@id":"https:\/\/www.ranciliogroup.com\/es\/#\/schema\/person\/d6bf0a7dfe74cded3d64da8b2c92814c","name":"temp circular","image":{"@type":"ImageObject","inLanguage":"es-ES","@id":"https:\/\/www.ranciliogroup.com\/es\/#\/schema\/person\/image\/","url":"https:\/\/secure.gravatar.com\/avatar\/569e71c3b97b8bcad1854d6579b35c5f?s=96&d=mm&r=g","contentUrl":"https:\/\/secure.gravatar.com\/avatar\/569e71c3b97b8bcad1854d6579b35c5f?s=96&d=mm&r=g","caption":"temp circular"}}]}},"_links":{"self":[{"href":"https:\/\/www.ranciliogroup.com\/es\/wp-json\/wp\/v2\/posts\/73385"}],"collection":[{"href":"https:\/\/www.ranciliogroup.com\/es\/wp-json\/wp\/v2\/posts"}],"about":[{"href":"https:\/\/www.ranciliogroup.com\/es\/wp-json\/wp\/v2\/types\/post"}],"author":[{"embeddable":true,"href":"https:\/\/www.ranciliogroup.com\/es\/wp-json\/wp\/v2\/users\/5"}],"replies":[{"embeddable":true,"href":"https:\/\/www.ranciliogroup.com\/es\/wp-json\/wp\/v2\/comments?post=73385"}],"version-history":[{"count":2,"href":"https:\/\/www.ranciliogroup.com\/es\/wp-json\/wp\/v2\/posts\/73385\/revisions"}],"predecessor-version":[{"id":73387,"href":"https:\/\/www.ranciliogroup.com\/es\/wp-json\/wp\/v2\/posts\/73385\/revisions\/73387"}],"wp:featuredmedia":[{"embeddable":true,"href":"https:\/\/www.ranciliogroup.com\/es\/wp-json\/wp\/v2\/media\/73369"}],"wp:attachment":[{"href":"https:\/\/www.ranciliogroup.com\/es\/wp-json\/wp\/v2\/media?parent=73385"}],"wp:term":[{"taxonomy":"category","embeddable":true,"href":"https:\/\/www.ranciliogroup.com\/es\/wp-json\/wp\/v2\/categories?post=73385"},{"taxonomy":"post_tag","embeddable":true,"href":"https:\/\/www.ranciliogroup.com\/es\/wp-json\/wp\/v2\/tags?post=73385"}],"curies":[{"name":"wp","href":"https:\/\/api.w.org\/{rel}","templated":true}]}}